{"id":32594,"date":"2025-06-06T10:50:48","date_gmt":"2025-06-06T10:50:48","guid":{"rendered":"https:\/\/www.aguarda.es\/?p=32594"},"modified":"2025-06-06T10:50:48","modified_gmt":"2025-06-06T10:50:48","slug":"a-guarda-arrancara-o-veran-co-ii-trail-camposancos-o-solpor-2","status":"publish","type":"post","link":"https:\/\/www.aguarda.es\/en\/a-guarda-arrancara-o-veran-co-ii-trail-camposancos-o-solpor-2\/","title":{"rendered":"A Guarda arrancar\u00e1 o ver\u00e1n co II Trail Camposancos \u00f3 solpor"},"content":{"rendered":"<p class=\"western\" align=\"left\"><span style=\"color: #000000;\"><span style=\"font-family: Arial, serif;\"><span style=\"font-size: medium;\"><span lang=\"gl-ES\"><img decoding=\"async\" loading=\"lazy\" class=\" wp-image-32597 alignleft\" src=\"https:\/\/www.aguarda.es\/wp-content\/uploads\/2025\/06\/Camposancos-solpor.jpg\" alt=\"\" width=\"336\" height=\"475\" srcset=\"https:\/\/www.aguarda.es\/wp-content\/uploads\/2025\/06\/Camposancos-solpor.jpg 1587w, https:\/\/www.aguarda.es\/wp-content\/uploads\/2025\/06\/Camposancos-solpor-212x300.jpg 212w, https:\/\/www.aguarda.es\/wp-content\/uploads\/2025\/06\/Camposancos-solpor-724x1024.jpg 724w, https:\/\/www.aguarda.es\/wp-content\/uploads\/2025\/06\/Camposancos-solpor-768x1086.jpg 768w, https:\/\/www.aguarda.es\/wp-content\/uploads\/2025\/06\/Camposancos-solpor-1086x1536.jpg 1086w, https:\/\/www.aguarda.es\/wp-content\/uploads\/2025\/06\/Camposancos-solpor-1448x2048.jpg 1448w\" sizes=\"(max-width: 336px) 100vw, 336px\" \/>Este ver\u00e1n 2025 arranca na Guarda co <strong>II Trail Camposancos \u00f3 solpor,<\/strong> o pr\u00f3ximo <strong>s\u00e1bado 21 de xu\u00f1o<\/strong>. O Concello da Guarda colabora na organizaci\u00f3n desta proba para comezar un ver\u00e1n impulsando o deporte.<\/span><\/span><\/span><\/span><\/p>\n<p class=\"western\" align=\"left\"><span style=\"color: #000000;\"><span style=\"font-family: Arial, serif;\"><span style=\"font-size: medium;\"><span lang=\"gl-ES\">Hoxe <strong>David Posada, o delegado da Federaci\u00f3n Galega de Atletismo (FGA)<\/strong> en Vigo, <strong>Iv\u00e1n Sangiao, responsable t\u00e9cnico de trailrunning<\/strong> da FGA, e <strong>Jos\u00e9 Antonio V\u00e1zquez,<\/strong> coordinador e presidente da organizaci\u00f3n, acheg\u00e1ronse ao Concello da Guarda a presentar esta proba oficial que dar\u00e1 a s\u00faa sa\u00edda ao car\u00f3n do Campo Multiusos Codesal para despois percorrer as impresionantes paisaxes de Camposancos.<\/span><\/span><\/span><\/span><\/p>\n<p class=\"western\" align=\"left\"><span style=\"color: #000000;\"><span style=\"font-family: Arial, serif;\"><span style=\"font-size: medium;\"><span lang=\"gl-ES\">Este ano a proba puntuar\u00e1 tanto na distancia curta de 9 km con 450 metros de ascenso, como na distancia longa de 21 km con m\u00e1is de mil positivos, para o ranking individual da Federaci\u00f3n Galega, o que sup\u00f3n poder contar cos mellores atletas da especialidade.<\/span><\/span><\/span><\/span><\/p>\n<p class=\"western\" align=\"left\"><span style=\"color: #000000;\"><span style=\"font-family: Arial, serif;\"><span style=\"font-size: medium;\"><span lang=\"gl-ES\">O alcalde da Guarda, Roberto Carrero, resaltou que \u201cacoller probas deportivas deste calibre, dentro dun circu\u00edto oficial de carreiras \u00e9 unha mostra do esp\u00edrito deportivo da Guarda\u201d e engadiu \u201ca Federaci\u00f3n creo que non atopar\u00e1 mellor entorno que o que pode ofrecer A Guarda aos corredores durante a proba\u201d.<\/span><\/span><\/span><\/span><\/p>\n<p class=\"western\" align=\"left\"><span style=\"color: #000000;\"><span style=\"font-family: Arial, serif;\"><span style=\"font-size: medium;\"><span lang=\"gl-ES\">Posada indicou que \u201cestas probas est\u00e1n tendo moito pulo en Galicia, cun crecemento espectacular nos \u00faltimos tempos\u201d. Pola s\u00faa banda, Sangiao fixo referencia ao circu\u00edto que revisaron xusto antes e que \u201cser\u00e1 moi atractivo para todos os participantes que alternar\u00e1n zonas r\u00e1pidas e t\u00e9cnicas con vistas tanto \u00e1 desembocadura do Mi\u00f1o cono \u00e1s saias do Atl\u00e1ntico\u201d.<\/span><\/span><\/span><\/span><\/p>\n<p class=\"western\" align=\"left\"><span style=\"color: #000000;\"><span style=\"font-family: Arial, serif;\"><span style=\"font-size: medium;\"><span lang=\"gl-ES\">Tam\u00e9n haber\u00e1 andaina que far\u00e1 un percorrido de 8km cun desnivel acumulado de 400m. Haber\u00e1 un m\u00e1ximo de participantes nas probas, ata chegar aos 250 en cada unha das carreiras, e aos 150 na andaina. As inscrici\u00f3ns para todas as probas estar\u00e1n<strong> abertas ata o d\u00eda 16 de xu\u00f1o. <\/strong><\/span><\/span><\/span><\/span><\/p>\n<p class=\"western\" align=\"left\"><span style=\"color: #000000;\"><span style=\"font-family: Arial, serif;\"><span style=\"font-size: medium;\"><span lang=\"gl-ES\">As carreiras longa e curta ter\u00e1n un prezo de inscrici\u00f3n de 18\u20ac e 10\u20ac, respectivamente; mais na \u00faltima semana de inscrici\u00f3n o prezo subir\u00e1 aos 20\u20ac e 12\u20ac. Pola s\u00faa banda, o prezo da andaina manterase sempre igual nos 6\u20ac.<\/span><\/span><\/span><\/span><\/p>\n<p class=\"western\" align=\"left\"><span style=\"color: #000000;\"><span style=\"font-family: Arial, serif;\"><span style=\"font-size: medium;\"><span lang=\"gl-ES\">Toda a informaci\u00f3n e as inscrici\u00f3ns est\u00e1n dispo\u00f1ibles en: <\/span><\/span><\/span><\/span><span style=\"color: #000080;\"><span lang=\"zxx\"><u><a href=\"https:\/\/www.carreirasgalegas.com\/events\/ii-trail-camposancos-solpor-2025\/Maj4Xpj4\"><span style=\"color: #000000;\"><span style=\"font-family: Arial, serif;\"><span style=\"font-size: medium;\"><span lang=\"gl-ES\">https:\/\/www.carreirasgalegas.com\/events\/ii-trail-camposancos-solpor-2025\/Maj4Xpj4<\/span><\/span><\/span><\/span><\/a><\/u><\/span><\/span><\/p>\n","protected":false},"excerpt":{"rendered":"<p>Este ver\u00e1n 2025 arranca na Guarda co II Trail Camposancos \u00f3 solpor, o pr\u00f3ximo s\u00e1bado 21 de xu\u00f1o. O Concello da Guarda colabora na organizaci\u00f3n desta proba para comezar un ver\u00e1n impulsando o deporte. Hoxe David Posada, o delegado da &hellip; <\/p>\n","protected":false},"author":2,"featured_media":32595,"comment_status":"closed","ping_status":"closed","sticky":false,"template":"","format":"standard","meta":[],"categories":[35,363],"tags":[],"yoast_head":"<!-- This site is optimized with the Yoast SEO plugin v21.1 - https:\/\/yoast.com\/wordpress\/plugins\/seo\/ -->\n<title>A Guarda arrancar\u00e1 o ver\u00e1n co II Trail Camposancos \u00f3 solpor - Concello da Guarda<\/title>\n<meta name=\"description\" content=\"Este ver\u00e1n 2025 arranca na Guarda co II Trail Camposancos \u00f3 solpor, o pr\u00f3ximo s\u00e1bado 21 de xu\u00f1o. O Concello da Guarda colabora na organizaci\u00f3n\" \/>\n<meta name=\"robots\" content=\"index, follow, max-snippet:-1, max-image-preview:large, max-video-preview:-1\" \/>\n<link rel=\"canonical\" href=\"https:\/\/www.aguarda.es\/en\/a-guarda-arrancara-o-veran-co-ii-trail-camposancos-o-solpor-2\/\" \/>\n<meta property=\"og:locale\" content=\"en_US\" \/>\n<meta property=\"og:type\" content=\"article\" \/>\n<meta property=\"og:title\" content=\"A Guarda arrancar\u00e1 o ver\u00e1n co II Trail Camposancos \u00f3 solpor - Concello da Guarda\" \/>\n<meta property=\"og:description\" content=\"Este ver\u00e1n 2025 arranca na Guarda co II Trail Camposancos \u00f3 solpor, o pr\u00f3ximo s\u00e1bado 21 de xu\u00f1o. O Concello da Guarda colabora na organizaci\u00f3n\" \/>\n<meta property=\"og:url\" content=\"https:\/\/www.aguarda.es\/en\/a-guarda-arrancara-o-veran-co-ii-trail-camposancos-o-solpor-2\/\" \/>\n<meta property=\"og:site_name\" content=\"Concello da Guarda\" \/>\n<meta property=\"article:publisher\" content=\"https:\/\/www.facebook.com\/ConcellodaGuarda\" \/>\n<meta property=\"article:published_time\" content=\"2025-06-06T10:50:48+00:00\" \/>\n<meta property=\"og:image\" content=\"https:\/\/www.aguarda.es\/wp-content\/uploads\/2025\/06\/presentacion-II-Trail-Camposancos-o-solpor.jpeg?_t=1749207049\" \/>\n\t<meta property=\"og:image:width\" content=\"2048\" \/>\n\t<meta property=\"og:image:height\" content=\"1638\" \/>\n\t<meta property=\"og:image:type\" content=\"image\/jpeg\" \/>\n<meta name=\"author\" content=\"prensa\" \/>\n<meta name=\"twitter:card\" content=\"summary_large_image\" \/>\n<meta name=\"twitter:creator\" content=\"@AGuarda_es\" \/>\n<meta name=\"twitter:site\" content=\"@AGuarda_es\" \/>\n<meta name=\"twitter:label1\" content=\"Written by\" \/>\n\t<meta name=\"twitter:data1\" content=\"prensa\" \/>\n\t<meta name=\"twitter:label2\" content=\"Est. reading time\" \/>\n\t<meta name=\"twitter:data2\" content=\"3 minutes\" \/>\n<script type=\"application\/ld+json\" class=\"yoast-schema-graph\">{\"@context\":\"https:\/\/schema.org\",\"@graph\":[{\"@type\":\"WebPage\",\"@id\":\"https:\/\/www.aguarda.es\/en\/a-guarda-arrancara-o-veran-co-ii-trail-camposancos-o-solpor-2\/\",\"url\":\"https:\/\/www.aguarda.es\/en\/a-guarda-arrancara-o-veran-co-ii-trail-camposancos-o-solpor-2\/\",\"name\":\"A Guarda arrancar\u00e1 o ver\u00e1n co II Trail Camposancos \u00f3 solpor - Concello da Guarda\",\"isPartOf\":{\"@id\":\"https:\/\/www.aguarda.es\/en\/#website\"},\"datePublished\":\"2025-06-06T10:50:48+00:00\",\"dateModified\":\"2025-06-06T10:50:48+00:00\",\"author\":{\"@id\":\"https:\/\/www.aguarda.es\/en\/#\/schema\/person\/c463ca3006858ffb349d11179d044f21\"},\"description\":\"Este ver\u00e1n 2025 arranca na Guarda co II Trail Camposancos \u00f3 solpor, o pr\u00f3ximo s\u00e1bado 21 de xu\u00f1o. O Concello da Guarda colabora na organizaci\u00f3n\",\"breadcrumb\":{\"@id\":\"https:\/\/www.aguarda.es\/en\/a-guarda-arrancara-o-veran-co-ii-trail-camposancos-o-solpor-2\/#breadcrumb\"},\"inLanguage\":\"en-US\",\"potentialAction\":[{\"@type\":\"ReadAction\",\"target\":[\"https:\/\/www.aguarda.es\/en\/a-guarda-arrancara-o-veran-co-ii-trail-camposancos-o-solpor-2\/\"]}]},{\"@type\":\"BreadcrumbList\",\"@id\":\"https:\/\/www.aguarda.es\/en\/a-guarda-arrancara-o-veran-co-ii-trail-camposancos-o-solpor-2\/#breadcrumb\",\"itemListElement\":[{\"@type\":\"ListItem\",\"position\":1,\"name\":\"Portada\",\"item\":\"https:\/\/www.aguarda.es\/en\/\"},{\"@type\":\"ListItem\",\"position\":2,\"name\":\"A Guarda arrancar\u00e1 o ver\u00e1n co II Trail Camposancos \u00f3 solpor\"}]},{\"@type\":\"WebSite\",\"@id\":\"https:\/\/www.aguarda.es\/en\/#website\",\"url\":\"https:\/\/www.aguarda.es\/en\/\",\"name\":\"Concello da Guarda\",\"description\":\"P\u00e1xina web do concello da Guarda\",\"potentialAction\":[{\"@type\":\"SearchAction\",\"target\":{\"@type\":\"EntryPoint\",\"urlTemplate\":\"https:\/\/www.aguarda.es\/en\/?s={search_term_string}\"},\"query-input\":\"required name=search_term_string\"}],\"inLanguage\":\"en-US\"},{\"@type\":\"Person\",\"@id\":\"https:\/\/www.aguarda.es\/en\/#\/schema\/person\/c463ca3006858ffb349d11179d044f21\",\"name\":\"prensa\",\"image\":{\"@type\":\"ImageObject\",\"inLanguage\":\"en-US\",\"@id\":\"https:\/\/www.aguarda.es\/en\/#\/schema\/person\/image\/\",\"url\":\"https:\/\/secure.gravatar.com\/avatar\/5f90ef536b0f98306edf5c7a1135ffa1?s=96&d=mm&r=g\",\"contentUrl\":\"https:\/\/secure.gravatar.com\/avatar\/5f90ef536b0f98306edf5c7a1135ffa1?s=96&d=mm&r=g\",\"caption\":\"prensa\"},\"url\":\"https:\/\/www.aguarda.es\/en\/author\/prensa\/\"}]}<\/script>\n<!-- \/ Yoast SEO plugin. -->","yoast_head_json":{"title":"A Guarda arrancar\u00e1 o ver\u00e1n co II Trail Camposancos \u00f3 solpor - Concello da Guarda","description":"Este ver\u00e1n 2025 arranca na Guarda co II Trail Camposancos \u00f3 solpor, o pr\u00f3ximo s\u00e1bado 21 de xu\u00f1o. O Concello da Guarda colabora na organizaci\u00f3n","robots":{"index":"index","follow":"follow","max-snippet":"max-snippet:-1","max-image-preview":"max-image-preview:large","max-video-preview":"max-video-preview:-1"},"canonical":"https:\/\/www.aguarda.es\/en\/a-guarda-arrancara-o-veran-co-ii-trail-camposancos-o-solpor-2\/","og_locale":"en_US","og_type":"article","og_title":"A Guarda arrancar\u00e1 o ver\u00e1n co II Trail Camposancos \u00f3 solpor - Concello da Guarda","og_description":"Este ver\u00e1n 2025 arranca na Guarda co II Trail Camposancos \u00f3 solpor, o pr\u00f3ximo s\u00e1bado 21 de xu\u00f1o. O Concello da Guarda colabora na organizaci\u00f3n","og_url":"https:\/\/www.aguarda.es\/en\/a-guarda-arrancara-o-veran-co-ii-trail-camposancos-o-solpor-2\/","og_site_name":"Concello da Guarda","article_publisher":"https:\/\/www.facebook.com\/ConcellodaGuarda","article_published_time":"2025-06-06T10:50:48+00:00","og_image":[{"width":2048,"height":1638,"url":"https:\/\/www.aguarda.es\/wp-content\/uploads\/2025\/06\/presentacion-II-Trail-Camposancos-o-solpor.jpeg?_t=1749207049","type":"image\/jpeg"}],"author":"prensa","twitter_card":"summary_large_image","twitter_creator":"@AGuarda_es","twitter_site":"@AGuarda_es","twitter_misc":{"Written by":"prensa","Est. reading time":"3 minutes"},"schema":{"@context":"https:\/\/schema.org","@graph":[{"@type":"WebPage","@id":"https:\/\/www.aguarda.es\/en\/a-guarda-arrancara-o-veran-co-ii-trail-camposancos-o-solpor-2\/","url":"https:\/\/www.aguarda.es\/en\/a-guarda-arrancara-o-veran-co-ii-trail-camposancos-o-solpor-2\/","name":"A Guarda arrancar\u00e1 o ver\u00e1n co II Trail Camposancos \u00f3 solpor - Concello da Guarda","isPartOf":{"@id":"https:\/\/www.aguarda.es\/en\/#website"},"datePublished":"2025-06-06T10:50:48+00:00","dateModified":"2025-06-06T10:50:48+00:00","author":{"@id":"https:\/\/www.aguarda.es\/en\/#\/schema\/person\/c463ca3006858ffb349d11179d044f21"},"description":"Este ver\u00e1n 2025 arranca na Guarda co II Trail Camposancos \u00f3 solpor, o pr\u00f3ximo s\u00e1bado 21 de xu\u00f1o. O Concello da Guarda colabora na organizaci\u00f3n","breadcrumb":{"@id":"https:\/\/www.aguarda.es\/en\/a-guarda-arrancara-o-veran-co-ii-trail-camposancos-o-solpor-2\/#breadcrumb"},"inLanguage":"en-US","potentialAction":[{"@type":"ReadAction","target":["https:\/\/www.aguarda.es\/en\/a-guarda-arrancara-o-veran-co-ii-trail-camposancos-o-solpor-2\/"]}]},{"@type":"BreadcrumbList","@id":"https:\/\/www.aguarda.es\/en\/a-guarda-arrancara-o-veran-co-ii-trail-camposancos-o-solpor-2\/#breadcrumb","itemListElement":[{"@type":"ListItem","position":1,"name":"Portada","item":"https:\/\/www.aguarda.es\/en\/"},{"@type":"ListItem","position":2,"name":"A Guarda arrancar\u00e1 o ver\u00e1n co II Trail Camposancos \u00f3 solpor"}]},{"@type":"WebSite","@id":"https:\/\/www.aguarda.es\/en\/#website","url":"https:\/\/www.aguarda.es\/en\/","name":"Concello da Guarda","description":"P\u00e1xina web do concello da Guarda","potentialAction":[{"@type":"SearchAction","target":{"@type":"EntryPoint","urlTemplate":"https:\/\/www.aguarda.es\/en\/?s={search_term_string}"},"query-input":"required name=search_term_string"}],"inLanguage":"en-US"},{"@type":"Person","@id":"https:\/\/www.aguarda.es\/en\/#\/schema\/person\/c463ca3006858ffb349d11179d044f21","name":"prensa","image":{"@type":"ImageObject","inLanguage":"en-US","@id":"https:\/\/www.aguarda.es\/en\/#\/schema\/person\/image\/","url":"https:\/\/secure.gravatar.com\/avatar\/5f90ef536b0f98306edf5c7a1135ffa1?s=96&d=mm&r=g","contentUrl":"https:\/\/secure.gravatar.com\/avatar\/5f90ef536b0f98306edf5c7a1135ffa1?s=96&d=mm&r=g","caption":"prensa"},"url":"https:\/\/www.aguarda.es\/en\/author\/prensa\/"}]}},"_links":{"self":[{"href":"https:\/\/www.aguarda.es\/en\/wp-json\/wp\/v2\/posts\/32594"}],"collection":[{"href":"https:\/\/www.aguarda.es\/en\/wp-json\/wp\/v2\/posts"}],"about":[{"href":"https:\/\/www.aguarda.es\/en\/wp-json\/wp\/v2\/types\/post"}],"author":[{"embeddable":true,"href":"https:\/\/www.aguarda.es\/en\/wp-json\/wp\/v2\/users\/2"}],"replies":[{"embeddable":true,"href":"https:\/\/www.aguarda.es\/en\/wp-json\/wp\/v2\/comments?post=32594"}],"version-history":[{"count":1,"href":"https:\/\/www.aguarda.es\/en\/wp-json\/wp\/v2\/posts\/32594\/revisions"}],"predecessor-version":[{"id":32599,"href":"https:\/\/www.aguarda.es\/en\/wp-json\/wp\/v2\/posts\/32594\/revisions\/32599"}],"wp:featuredmedia":[{"embeddable":true,"href":"https:\/\/www.aguarda.es\/en\/wp-json\/wp\/v2\/media\/32595"}],"wp:attachment":[{"href":"https:\/\/www.aguarda.es\/en\/wp-json\/wp\/v2\/media?parent=32594"}],"wp:term":[{"taxonomy":"category","embeddable":true,"href":"https:\/\/www.aguarda.es\/en\/wp-json\/wp\/v2\/categories?post=32594"},{"taxonomy":"post_tag","embeddable":true,"href":"https:\/\/www.aguarda.es\/en\/wp-json\/wp\/v2\/tags?post=32594"}],"curies":[{"name":"wp","href":"https:\/\/api.w.org\/{rel}","templated":true}]}}