{"id":32604,"date":"2025-06-09T08:38:34","date_gmt":"2025-06-09T08:38:34","guid":{"rendered":"https:\/\/www.aguarda.es\/?p=32604"},"modified":"2025-06-09T08:38:34","modified_gmt":"2025-06-09T08:38:34","slug":"convocase-un-pleno-extraordinario-urxente-para-este-martes","status":"publish","type":"post","link":"https:\/\/www.aguarda.es\/en\/convocase-un-pleno-extraordinario-urxente-para-este-martes\/","title":{"rendered":"Conv\u00f3case un pleno extraordinario urxente para este martes"},"content":{"rendered":"<p>Conv\u00f3case un pleno extraordinario de car\u00e1cter urxente extraordinario para este martes 10 de xu\u00f1o \u00e1s 8:30h no Sal\u00f3n de Plenos do Concello da Guarda.<\/p>\n<p>Puntos da orde do d\u00eda:<\/p>\n<ol>\n<li>Xustificaci\u00f3n da urxencia.<\/li>\n<li>Proposta alcald\u00eda aprobaci\u00f3n expediente licitaci\u00f3n obra reforma piscina.<\/li>\n<\/ol>\n","protected":false},"excerpt":{"rendered":"<p>Conv\u00f3case un pleno extraordinario de car\u00e1cter urxente extraordinario para este martes 10 de xu\u00f1o \u00e1s 8:30h no Sal\u00f3n de Plenos do Concello da Guarda. Puntos da orde do d\u00eda: Xustificaci\u00f3n da urxencia. Proposta alcald\u00eda aprobaci\u00f3n expediente licitaci\u00f3n obra reforma piscina.<\/p>\n","protected":false},"author":2,"featured_media":32605,"comment_status":"closed","ping_status":"closed","sticky":false,"template":"","format":"standard","meta":[],"categories":[33,363],"tags":[],"yoast_head":"<!-- This site is optimized with the Yoast SEO plugin v21.1 - https:\/\/yoast.com\/wordpress\/plugins\/seo\/ -->\n<title>Conv\u00f3case un pleno extraordinario urxente para este martes - Concello da Guarda<\/title>\n<meta name=\"description\" content=\"Conv\u00f3case un pleno extraordinario de car\u00e1cter urxente extraordinario para este martes 10 de xu\u00f1o \u00e1s 8:30h no Sal\u00f3n de Plenos do Concello da\" \/>\n<meta name=\"robots\" content=\"index, follow, max-snippet:-1, max-image-preview:large, max-video-preview:-1\" \/>\n<link rel=\"canonical\" href=\"https:\/\/www.aguarda.es\/en\/convocase-un-pleno-extraordinario-urxente-para-este-martes\/\" \/>\n<meta property=\"og:locale\" content=\"en_US\" \/>\n<meta property=\"og:type\" content=\"article\" \/>\n<meta property=\"og:title\" content=\"Conv\u00f3case un pleno extraordinario urxente para este martes - Concello da Guarda\" \/>\n<meta property=\"og:description\" content=\"Conv\u00f3case un pleno extraordinario de car\u00e1cter urxente extraordinario para este martes 10 de xu\u00f1o \u00e1s 8:30h no Sal\u00f3n de Plenos do Concello da\" \/>\n<meta property=\"og:url\" content=\"https:\/\/www.aguarda.es\/en\/convocase-un-pleno-extraordinario-urxente-para-este-martes\/\" \/>\n<meta property=\"og:site_name\" content=\"Concello da Guarda\" \/>\n<meta property=\"article:publisher\" content=\"https:\/\/www.facebook.com\/ConcellodaGuarda\" \/>\n<meta property=\"article:published_time\" content=\"2025-06-09T08:38:34+00:00\" \/>\n<meta property=\"og:image\" content=\"https:\/\/www.aguarda.es\/wp-content\/uploads\/2025\/06\/pleno-extraordinario-urxente-1.jpg?_t=1749458315\" \/>\n\t<meta property=\"og:image:width\" content=\"1080\" \/>\n\t<meta property=\"og:image:height\" content=\"1080\" \/>\n\t<meta property=\"og:image:type\" content=\"image\/jpeg\" \/>\n<meta name=\"author\" content=\"prensa\" \/>\n<meta name=\"twitter:card\" content=\"summary_large_image\" \/>\n<meta name=\"twitter:creator\" content=\"@AGuarda_es\" \/>\n<meta name=\"twitter:site\" content=\"@AGuarda_es\" \/>\n<meta name=\"twitter:label1\" content=\"Written by\" \/>\n\t<meta name=\"twitter:data1\" content=\"prensa\" \/>\n\t<meta name=\"twitter:label2\" content=\"Est. reading time\" \/>\n\t<meta name=\"twitter:data2\" content=\"1 minute\" \/>\n<script type=\"application\/ld+json\" class=\"yoast-schema-graph\">{\"@context\":\"https:\/\/schema.org\",\"@graph\":[{\"@type\":\"WebPage\",\"@id\":\"https:\/\/www.aguarda.es\/en\/convocase-un-pleno-extraordinario-urxente-para-este-martes\/\",\"url\":\"https:\/\/www.aguarda.es\/en\/convocase-un-pleno-extraordinario-urxente-para-este-martes\/\",\"name\":\"Conv\u00f3case un pleno extraordinario urxente para este martes - Concello da Guarda\",\"isPartOf\":{\"@id\":\"https:\/\/www.aguarda.es\/en\/#website\"},\"datePublished\":\"2025-06-09T08:38:34+00:00\",\"dateModified\":\"2025-06-09T08:38:34+00:00\",\"author\":{\"@id\":\"https:\/\/www.aguarda.es\/en\/#\/schema\/person\/c463ca3006858ffb349d11179d044f21\"},\"description\":\"Conv\u00f3case un pleno extraordinario de car\u00e1cter urxente extraordinario para este martes 10 de xu\u00f1o \u00e1s 8:30h no Sal\u00f3n de Plenos do Concello da\",\"breadcrumb\":{\"@id\":\"https:\/\/www.aguarda.es\/en\/convocase-un-pleno-extraordinario-urxente-para-este-martes\/#breadcrumb\"},\"inLanguage\":\"en-US\",\"potentialAction\":[{\"@type\":\"ReadAction\",\"target\":[\"https:\/\/www.aguarda.es\/en\/convocase-un-pleno-extraordinario-urxente-para-este-martes\/\"]}]},{\"@type\":\"BreadcrumbList\",\"@id\":\"https:\/\/www.aguarda.es\/en\/convocase-un-pleno-extraordinario-urxente-para-este-martes\/#breadcrumb\",\"itemListElement\":[{\"@type\":\"ListItem\",\"position\":1,\"name\":\"Portada\",\"item\":\"https:\/\/www.aguarda.es\/en\/\"},{\"@type\":\"ListItem\",\"position\":2,\"name\":\"Conv\u00f3case un pleno extraordinario urxente para este martes\"}]},{\"@type\":\"WebSite\",\"@id\":\"https:\/\/www.aguarda.es\/en\/#website\",\"url\":\"https:\/\/www.aguarda.es\/en\/\",\"name\":\"Concello da Guarda\",\"description\":\"P\u00e1xina web do concello da Guarda\",\"potentialAction\":[{\"@type\":\"SearchAction\",\"target\":{\"@type\":\"EntryPoint\",\"urlTemplate\":\"https:\/\/www.aguarda.es\/en\/?s={search_term_string}\"},\"query-input\":\"required name=search_term_string\"}],\"inLanguage\":\"en-US\"},{\"@type\":\"Person\",\"@id\":\"https:\/\/www.aguarda.es\/en\/#\/schema\/person\/c463ca3006858ffb349d11179d044f21\",\"name\":\"prensa\",\"image\":{\"@type\":\"ImageObject\",\"inLanguage\":\"en-US\",\"@id\":\"https:\/\/www.aguarda.es\/en\/#\/schema\/person\/image\/\",\"url\":\"https:\/\/secure.gravatar.com\/avatar\/5f90ef536b0f98306edf5c7a1135ffa1?s=96&d=mm&r=g\",\"contentUrl\":\"https:\/\/secure.gravatar.com\/avatar\/5f90ef536b0f98306edf5c7a1135ffa1?s=96&d=mm&r=g\",\"caption\":\"prensa\"},\"url\":\"https:\/\/www.aguarda.es\/en\/author\/prensa\/\"}]}<\/script>\n<!-- \/ Yoast SEO plugin. -->","yoast_head_json":{"title":"Conv\u00f3case un pleno extraordinario urxente para este martes - Concello da Guarda","description":"Conv\u00f3case un pleno extraordinario de car\u00e1cter urxente extraordinario para este martes 10 de xu\u00f1o \u00e1s 8:30h no Sal\u00f3n de Plenos do Concello da","robots":{"index":"index","follow":"follow","max-snippet":"max-snippet:-1","max-image-preview":"max-image-preview:large","max-video-preview":"max-video-preview:-1"},"canonical":"https:\/\/www.aguarda.es\/en\/convocase-un-pleno-extraordinario-urxente-para-este-martes\/","og_locale":"en_US","og_type":"article","og_title":"Conv\u00f3case un pleno extraordinario urxente para este martes - Concello da Guarda","og_description":"Conv\u00f3case un pleno extraordinario de car\u00e1cter urxente extraordinario para este martes 10 de xu\u00f1o \u00e1s 8:30h no Sal\u00f3n de Plenos do Concello da","og_url":"https:\/\/www.aguarda.es\/en\/convocase-un-pleno-extraordinario-urxente-para-este-martes\/","og_site_name":"Concello da Guarda","article_publisher":"https:\/\/www.facebook.com\/ConcellodaGuarda","article_published_time":"2025-06-09T08:38:34+00:00","og_image":[{"width":1080,"height":1080,"url":"https:\/\/www.aguarda.es\/wp-content\/uploads\/2025\/06\/pleno-extraordinario-urxente-1.jpg?_t=1749458315","type":"image\/jpeg"}],"author":"prensa","twitter_card":"summary_large_image","twitter_creator":"@AGuarda_es","twitter_site":"@AGuarda_es","twitter_misc":{"Written by":"prensa","Est. reading time":"1 minute"},"schema":{"@context":"https:\/\/schema.org","@graph":[{"@type":"WebPage","@id":"https:\/\/www.aguarda.es\/en\/convocase-un-pleno-extraordinario-urxente-para-este-martes\/","url":"https:\/\/www.aguarda.es\/en\/convocase-un-pleno-extraordinario-urxente-para-este-martes\/","name":"Conv\u00f3case un pleno extraordinario urxente para este martes - Concello da Guarda","isPartOf":{"@id":"https:\/\/www.aguarda.es\/en\/#website"},"datePublished":"2025-06-09T08:38:34+00:00","dateModified":"2025-06-09T08:38:34+00:00","author":{"@id":"https:\/\/www.aguarda.es\/en\/#\/schema\/person\/c463ca3006858ffb349d11179d044f21"},"description":"Conv\u00f3case un pleno extraordinario de car\u00e1cter urxente extraordinario para este martes 10 de xu\u00f1o \u00e1s 8:30h no Sal\u00f3n de Plenos do Concello da","breadcrumb":{"@id":"https:\/\/www.aguarda.es\/en\/convocase-un-pleno-extraordinario-urxente-para-este-martes\/#breadcrumb"},"inLanguage":"en-US","potentialAction":[{"@type":"ReadAction","target":["https:\/\/www.aguarda.es\/en\/convocase-un-pleno-extraordinario-urxente-para-este-martes\/"]}]},{"@type":"BreadcrumbList","@id":"https:\/\/www.aguarda.es\/en\/convocase-un-pleno-extraordinario-urxente-para-este-martes\/#breadcrumb","itemListElement":[{"@type":"ListItem","position":1,"name":"Portada","item":"https:\/\/www.aguarda.es\/en\/"},{"@type":"ListItem","position":2,"name":"Conv\u00f3case un pleno extraordinario urxente para este martes"}]},{"@type":"WebSite","@id":"https:\/\/www.aguarda.es\/en\/#website","url":"https:\/\/www.aguarda.es\/en\/","name":"Concello da Guarda","description":"P\u00e1xina web do concello da Guarda","potentialAction":[{"@type":"SearchAction","target":{"@type":"EntryPoint","urlTemplate":"https:\/\/www.aguarda.es\/en\/?s={search_term_string}"},"query-input":"required name=search_term_string"}],"inLanguage":"en-US"},{"@type":"Person","@id":"https:\/\/www.aguarda.es\/en\/#\/schema\/person\/c463ca3006858ffb349d11179d044f21","name":"prensa","image":{"@type":"ImageObject","inLanguage":"en-US","@id":"https:\/\/www.aguarda.es\/en\/#\/schema\/person\/image\/","url":"https:\/\/secure.gravatar.com\/avatar\/5f90ef536b0f98306edf5c7a1135ffa1?s=96&d=mm&r=g","contentUrl":"https:\/\/secure.gravatar.com\/avatar\/5f90ef536b0f98306edf5c7a1135ffa1?s=96&d=mm&r=g","caption":"prensa"},"url":"https:\/\/www.aguarda.es\/en\/author\/prensa\/"}]}},"_links":{"self":[{"href":"https:\/\/www.aguarda.es\/en\/wp-json\/wp\/v2\/posts\/32604"}],"collection":[{"href":"https:\/\/www.aguarda.es\/en\/wp-json\/wp\/v2\/posts"}],"about":[{"href":"https:\/\/www.aguarda.es\/en\/wp-json\/wp\/v2\/types\/post"}],"author":[{"embeddable":true,"href":"https:\/\/www.aguarda.es\/en\/wp-json\/wp\/v2\/users\/2"}],"replies":[{"embeddable":true,"href":"https:\/\/www.aguarda.es\/en\/wp-json\/wp\/v2\/comments?post=32604"}],"version-history":[{"count":1,"href":"https:\/\/www.aguarda.es\/en\/wp-json\/wp\/v2\/posts\/32604\/revisions"}],"predecessor-version":[{"id":32607,"href":"https:\/\/www.aguarda.es\/en\/wp-json\/wp\/v2\/posts\/32604\/revisions\/32607"}],"wp:featuredmedia":[{"embeddable":true,"href":"https:\/\/www.aguarda.es\/en\/wp-json\/wp\/v2\/media\/32605"}],"wp:attachment":[{"href":"https:\/\/www.aguarda.es\/en\/wp-json\/wp\/v2\/media?parent=32604"}],"wp:term":[{"taxonomy":"category","embeddable":true,"href":"https:\/\/www.aguarda.es\/en\/wp-json\/wp\/v2\/categories?post=32604"},{"taxonomy":"post_tag","embeddable":true,"href":"https:\/\/www.aguarda.es\/en\/wp-json\/wp\/v2\/tags?post=32604"}],"curies":[{"name":"wp","href":"https:\/\/api.w.org\/{rel}","templated":true}]}}