{"id":32608,"date":"2025-06-09T09:19:34","date_gmt":"2025-06-09T09:19:34","guid":{"rendered":"https:\/\/www.aguarda.es\/?p=32608"},"modified":"2025-06-09T09:19:34","modified_gmt":"2025-06-09T09:19:34","slug":"nova-estrea-teatral-na-guarda-da-man-do-colectivo-foco","status":"publish","type":"post","link":"https:\/\/www.aguarda.es\/en\/nova-estrea-teatral-na-guarda-da-man-do-colectivo-foco\/","title":{"rendered":"Nova estrea teatral na Guarda da  man do colectivo FOCO"},"content":{"rendered":"<p class=\"western\" align=\"left\"><span style=\"color: #000000;\"><span style=\"font-family: Arial, serif;\"><span lang=\"gl-ES\">Est<\/span><\/span><span style=\"font-family: Arial, serif;\"><span lang=\"gl-ES\">a semana volvemos ter unha nova estrea teatral. Desta volta v\u00e9n da man da asociaci\u00f3n local FOCO, que estrean este s\u00e1bado 14 \u201cInanici\u00f3n. A historia dunha lingua esfomeada\u201d.<\/span><\/span><\/span><\/p>\n<p class=\"western\" align=\"left\"><span style=\"font-family: Arial, serif; color: #000000;\"><span lang=\"gl-ES\">Esta obra nace deste grupo de mozos e mozas da Guarda que decidiron co-crear esta obra tras unha visita inspiradora do autor Carlos Call\u00f3n presentando o seu Libro Negro da Lingua Galega.<\/span><\/span><\/p>\n<p class=\"western\" align=\"left\"><span style=\"color: #000000;\">\u201c<span style=\"font-family: Arial, serif;\"><span lang=\"gl-ES\">Inanici\u00f3n\u201d enc\u00e1ixase no marco do proxecto europeo de FOCO, Linguas Novas. Os integrantes de FOCO din que \u201co proceso creativo inclu\u00edu investigaci\u00f3n, lectura, entrevistas \u00e1 veci\u00f1anza, improvisaci\u00f3n e dese\u00f1o esc\u00e9nico e colaborativo\u201d.<\/span><\/span><\/span><\/p>\n<p class=\"western\" align=\"left\"><span style=\"color: #000000;\"><span style=\"font-family: Arial, serif;\"><span lang=\"gl-ES\">Todo un traballo cuxo resultado poderemos desfrutar por primeira vez este <\/span><\/span><span style=\"font-family: Arial, serif;\"><span lang=\"gl-ES\">s\u00e1bado 14 de xu\u00f1o \u00e1s 19:00h no Centro Cultural da Guarda.<\/span><\/span><\/span><\/p>\n<p class=\"western\" align=\"left\"><span style=\"color: #000000;\"><span style=\"font-family: Arial, serif;\"><span lang=\"gl-ES\">FOCO reflexiona desde o escenario sobre a situaci\u00f3n da lingua galega na nosa contorna con esta peza colectiva. O alcalde da Guarda, Roberto Carrero, convida a todos e todas a acudir a esta estrea, <\/span><\/span><span style=\"font-family: Arial, serif;\"><span style=\"font-size: medium;\"><span lang=\"gl-ES\">xa que <\/span><\/span><\/span><span style=\"font-family: Arial, serif;\"><span lang=\"gl-ES\">\u201cFOCO destaca pola s\u00faa orixinalidade, pois a hai meses presentaba na praza do Rel\u00f3 unha obra interactiva moi diferente e que mostra a creatividade destes mozos e mozas da Guarda\u201d.<\/span><\/span><\/span><\/p>\n<p class=\"western\" align=\"left\"><span style=\"color: #000000;\"><strong><span style=\"font-family: Arial, serif;\">S<\/span><\/strong><strong><span style=\"font-family: Arial, serif;\"><span style=\"font-size: medium;\"><span lang=\"gl-ES\">obre FOCO<\/span><\/span><\/span><\/strong><\/span><\/p>\n<p class=\"western\" align=\"left\"><span style=\"font-family: Arial, serif; color: #000000;\">FOCO \u00e9 unha asociaci\u00f3n con sede na Guarda (Pontevedra) fundada por persoas procedentes de diferentes \u00e1mbitos que pretende facer avanzar o campo da educaci\u00f3n non formal mediante proxectos formativos e creativos e iniciativas innovadoras.<\/span><\/p>\n<p class=\"western\" align=\"left\"><span style=\"font-family: Arial, serif; color: #000000;\"><span lang=\"gl-ES\">Con actividades relacionadas co teatro e a representaci\u00f3n teatral tentan facer chegar \u00e1 xente nova os valores democr\u00e1ticos, mais tam\u00e9n medioambientais, de cooperaci\u00f3n e convivencia&#8230;<\/span><\/span><\/p>\n","protected":false},"excerpt":{"rendered":"<p>Esta semana volvemos ter unha nova estrea teatral. Desta volta v\u00e9n da man da asociaci\u00f3n local FOCO, que estrean este s\u00e1bado 14 \u201cInanici\u00f3n. A historia dunha lingua esfomeada\u201d. Esta obra nace deste grupo de mozos e mozas da Guarda que &hellip; <\/p>\n","protected":false},"author":2,"featured_media":32609,"comment_status":"closed","ping_status":"closed","sticky":false,"template":"","format":"standard","meta":[],"categories":[34,363],"tags":[],"yoast_head":"<!-- This site is optimized with the Yoast SEO plugin v21.1 - https:\/\/yoast.com\/wordpress\/plugins\/seo\/ -->\n<title>Nova estrea teatral na Guarda da man do colectivo FOCO - Concello da Guarda<\/title>\n<meta name=\"description\" content=\"Esta semana volvemos ter unha nova estrea teatral. Desta volta v\u00e9n da man da asociaci\u00f3n local FOCO, que estrean este s\u00e1bado 14 \u201cInanici\u00f3n. A\" \/>\n<meta name=\"robots\" content=\"index, follow, max-snippet:-1, max-image-preview:large, max-video-preview:-1\" \/>\n<link rel=\"canonical\" href=\"https:\/\/www.aguarda.es\/en\/nova-estrea-teatral-na-guarda-da-man-do-colectivo-foco\/\" \/>\n<meta property=\"og:locale\" content=\"en_US\" \/>\n<meta property=\"og:type\" content=\"article\" \/>\n<meta property=\"og:title\" content=\"Nova estrea teatral na Guarda da man do colectivo FOCO - Concello da Guarda\" \/>\n<meta property=\"og:description\" content=\"Esta semana volvemos ter unha nova estrea teatral. Desta volta v\u00e9n da man da asociaci\u00f3n local FOCO, que estrean este s\u00e1bado 14 \u201cInanici\u00f3n. A\" \/>\n<meta property=\"og:url\" content=\"https:\/\/www.aguarda.es\/en\/nova-estrea-teatral-na-guarda-da-man-do-colectivo-foco\/\" \/>\n<meta property=\"og:site_name\" content=\"Concello da Guarda\" \/>\n<meta property=\"article:publisher\" content=\"https:\/\/www.facebook.com\/ConcellodaGuarda\" \/>\n<meta property=\"article:published_time\" content=\"2025-06-09T09:19:34+00:00\" \/>\n<meta property=\"og:image\" content=\"https:\/\/www.aguarda.es\/wp-content\/uploads\/2025\/06\/Inanicion_Post.png?_t=1749460775\" \/>\n\t<meta property=\"og:image:width\" content=\"1080\" \/>\n\t<meta property=\"og:image:height\" content=\"1080\" \/>\n\t<meta property=\"og:image:type\" content=\"image\/png\" \/>\n<meta name=\"author\" content=\"prensa\" \/>\n<meta name=\"twitter:card\" content=\"summary_large_image\" \/>\n<meta name=\"twitter:creator\" content=\"@AGuarda_es\" \/>\n<meta name=\"twitter:site\" content=\"@AGuarda_es\" \/>\n<meta name=\"twitter:label1\" content=\"Written by\" \/>\n\t<meta name=\"twitter:data1\" content=\"prensa\" \/>\n\t<meta name=\"twitter:label2\" content=\"Est. reading time\" \/>\n\t<meta name=\"twitter:data2\" content=\"2 minutes\" \/>\n<script type=\"application\/ld+json\" class=\"yoast-schema-graph\">{\"@context\":\"https:\/\/schema.org\",\"@graph\":[{\"@type\":\"WebPage\",\"@id\":\"https:\/\/www.aguarda.es\/en\/nova-estrea-teatral-na-guarda-da-man-do-colectivo-foco\/\",\"url\":\"https:\/\/www.aguarda.es\/en\/nova-estrea-teatral-na-guarda-da-man-do-colectivo-foco\/\",\"name\":\"Nova estrea teatral na Guarda da man do colectivo FOCO - Concello da Guarda\",\"isPartOf\":{\"@id\":\"https:\/\/www.aguarda.es\/en\/#website\"},\"datePublished\":\"2025-06-09T09:19:34+00:00\",\"dateModified\":\"2025-06-09T09:19:34+00:00\",\"author\":{\"@id\":\"https:\/\/www.aguarda.es\/en\/#\/schema\/person\/c463ca3006858ffb349d11179d044f21\"},\"description\":\"Esta semana volvemos ter unha nova estrea teatral. Desta volta v\u00e9n da man da asociaci\u00f3n local FOCO, que estrean este s\u00e1bado 14 \u201cInanici\u00f3n. A\",\"breadcrumb\":{\"@id\":\"https:\/\/www.aguarda.es\/en\/nova-estrea-teatral-na-guarda-da-man-do-colectivo-foco\/#breadcrumb\"},\"inLanguage\":\"en-US\",\"potentialAction\":[{\"@type\":\"ReadAction\",\"target\":[\"https:\/\/www.aguarda.es\/en\/nova-estrea-teatral-na-guarda-da-man-do-colectivo-foco\/\"]}]},{\"@type\":\"BreadcrumbList\",\"@id\":\"https:\/\/www.aguarda.es\/en\/nova-estrea-teatral-na-guarda-da-man-do-colectivo-foco\/#breadcrumb\",\"itemListElement\":[{\"@type\":\"ListItem\",\"position\":1,\"name\":\"Portada\",\"item\":\"https:\/\/www.aguarda.es\/en\/\"},{\"@type\":\"ListItem\",\"position\":2,\"name\":\"Nova estrea teatral na Guarda da man do colectivo FOCO\"}]},{\"@type\":\"WebSite\",\"@id\":\"https:\/\/www.aguarda.es\/en\/#website\",\"url\":\"https:\/\/www.aguarda.es\/en\/\",\"name\":\"Concello da Guarda\",\"description\":\"P\u00e1xina web do concello da Guarda\",\"potentialAction\":[{\"@type\":\"SearchAction\",\"target\":{\"@type\":\"EntryPoint\",\"urlTemplate\":\"https:\/\/www.aguarda.es\/en\/?s={search_term_string}\"},\"query-input\":\"required name=search_term_string\"}],\"inLanguage\":\"en-US\"},{\"@type\":\"Person\",\"@id\":\"https:\/\/www.aguarda.es\/en\/#\/schema\/person\/c463ca3006858ffb349d11179d044f21\",\"name\":\"prensa\",\"image\":{\"@type\":\"ImageObject\",\"inLanguage\":\"en-US\",\"@id\":\"https:\/\/www.aguarda.es\/en\/#\/schema\/person\/image\/\",\"url\":\"https:\/\/secure.gravatar.com\/avatar\/5f90ef536b0f98306edf5c7a1135ffa1?s=96&d=mm&r=g\",\"contentUrl\":\"https:\/\/secure.gravatar.com\/avatar\/5f90ef536b0f98306edf5c7a1135ffa1?s=96&d=mm&r=g\",\"caption\":\"prensa\"},\"url\":\"https:\/\/www.aguarda.es\/en\/author\/prensa\/\"}]}<\/script>\n<!-- \/ Yoast SEO plugin. -->","yoast_head_json":{"title":"Nova estrea teatral na Guarda da man do colectivo FOCO - Concello da Guarda","description":"Esta semana volvemos ter unha nova estrea teatral. Desta volta v\u00e9n da man da asociaci\u00f3n local FOCO, que estrean este s\u00e1bado 14 \u201cInanici\u00f3n. A","robots":{"index":"index","follow":"follow","max-snippet":"max-snippet:-1","max-image-preview":"max-image-preview:large","max-video-preview":"max-video-preview:-1"},"canonical":"https:\/\/www.aguarda.es\/en\/nova-estrea-teatral-na-guarda-da-man-do-colectivo-foco\/","og_locale":"en_US","og_type":"article","og_title":"Nova estrea teatral na Guarda da man do colectivo FOCO - Concello da Guarda","og_description":"Esta semana volvemos ter unha nova estrea teatral. Desta volta v\u00e9n da man da asociaci\u00f3n local FOCO, que estrean este s\u00e1bado 14 \u201cInanici\u00f3n. A","og_url":"https:\/\/www.aguarda.es\/en\/nova-estrea-teatral-na-guarda-da-man-do-colectivo-foco\/","og_site_name":"Concello da Guarda","article_publisher":"https:\/\/www.facebook.com\/ConcellodaGuarda","article_published_time":"2025-06-09T09:19:34+00:00","og_image":[{"width":1080,"height":1080,"url":"https:\/\/www.aguarda.es\/wp-content\/uploads\/2025\/06\/Inanicion_Post.png?_t=1749460775","type":"image\/png"}],"author":"prensa","twitter_card":"summary_large_image","twitter_creator":"@AGuarda_es","twitter_site":"@AGuarda_es","twitter_misc":{"Written by":"prensa","Est. reading time":"2 minutes"},"schema":{"@context":"https:\/\/schema.org","@graph":[{"@type":"WebPage","@id":"https:\/\/www.aguarda.es\/en\/nova-estrea-teatral-na-guarda-da-man-do-colectivo-foco\/","url":"https:\/\/www.aguarda.es\/en\/nova-estrea-teatral-na-guarda-da-man-do-colectivo-foco\/","name":"Nova estrea teatral na Guarda da man do colectivo FOCO - Concello da Guarda","isPartOf":{"@id":"https:\/\/www.aguarda.es\/en\/#website"},"datePublished":"2025-06-09T09:19:34+00:00","dateModified":"2025-06-09T09:19:34+00:00","author":{"@id":"https:\/\/www.aguarda.es\/en\/#\/schema\/person\/c463ca3006858ffb349d11179d044f21"},"description":"Esta semana volvemos ter unha nova estrea teatral. Desta volta v\u00e9n da man da asociaci\u00f3n local FOCO, que estrean este s\u00e1bado 14 \u201cInanici\u00f3n. A","breadcrumb":{"@id":"https:\/\/www.aguarda.es\/en\/nova-estrea-teatral-na-guarda-da-man-do-colectivo-foco\/#breadcrumb"},"inLanguage":"en-US","potentialAction":[{"@type":"ReadAction","target":["https:\/\/www.aguarda.es\/en\/nova-estrea-teatral-na-guarda-da-man-do-colectivo-foco\/"]}]},{"@type":"BreadcrumbList","@id":"https:\/\/www.aguarda.es\/en\/nova-estrea-teatral-na-guarda-da-man-do-colectivo-foco\/#breadcrumb","itemListElement":[{"@type":"ListItem","position":1,"name":"Portada","item":"https:\/\/www.aguarda.es\/en\/"},{"@type":"ListItem","position":2,"name":"Nova estrea teatral na Guarda da man do colectivo FOCO"}]},{"@type":"WebSite","@id":"https:\/\/www.aguarda.es\/en\/#website","url":"https:\/\/www.aguarda.es\/en\/","name":"Concello da Guarda","description":"P\u00e1xina web do concello da Guarda","potentialAction":[{"@type":"SearchAction","target":{"@type":"EntryPoint","urlTemplate":"https:\/\/www.aguarda.es\/en\/?s={search_term_string}"},"query-input":"required name=search_term_string"}],"inLanguage":"en-US"},{"@type":"Person","@id":"https:\/\/www.aguarda.es\/en\/#\/schema\/person\/c463ca3006858ffb349d11179d044f21","name":"prensa","image":{"@type":"ImageObject","inLanguage":"en-US","@id":"https:\/\/www.aguarda.es\/en\/#\/schema\/person\/image\/","url":"https:\/\/secure.gravatar.com\/avatar\/5f90ef536b0f98306edf5c7a1135ffa1?s=96&d=mm&r=g","contentUrl":"https:\/\/secure.gravatar.com\/avatar\/5f90ef536b0f98306edf5c7a1135ffa1?s=96&d=mm&r=g","caption":"prensa"},"url":"https:\/\/www.aguarda.es\/en\/author\/prensa\/"}]}},"_links":{"self":[{"href":"https:\/\/www.aguarda.es\/en\/wp-json\/wp\/v2\/posts\/32608"}],"collection":[{"href":"https:\/\/www.aguarda.es\/en\/wp-json\/wp\/v2\/posts"}],"about":[{"href":"https:\/\/www.aguarda.es\/en\/wp-json\/wp\/v2\/types\/post"}],"author":[{"embeddable":true,"href":"https:\/\/www.aguarda.es\/en\/wp-json\/wp\/v2\/users\/2"}],"replies":[{"embeddable":true,"href":"https:\/\/www.aguarda.es\/en\/wp-json\/wp\/v2\/comments?post=32608"}],"version-history":[{"count":1,"href":"https:\/\/www.aguarda.es\/en\/wp-json\/wp\/v2\/posts\/32608\/revisions"}],"predecessor-version":[{"id":32611,"href":"https:\/\/www.aguarda.es\/en\/wp-json\/wp\/v2\/posts\/32608\/revisions\/32611"}],"wp:featuredmedia":[{"embeddable":true,"href":"https:\/\/www.aguarda.es\/en\/wp-json\/wp\/v2\/media\/32609"}],"wp:attachment":[{"href":"https:\/\/www.aguarda.es\/en\/wp-json\/wp\/v2\/media?parent=32608"}],"wp:term":[{"taxonomy":"category","embeddable":true,"href":"https:\/\/www.aguarda.es\/en\/wp-json\/wp\/v2\/categories?post=32608"},{"taxonomy":"post_tag","embeddable":true,"href":"https:\/\/www.aguarda.es\/en\/wp-json\/wp\/v2\/tags?post=32608"}],"curies":[{"name":"wp","href":"https:\/\/api.w.org\/{rel}","templated":true}]}}