{"id":32628,"date":"2025-06-11T09:41:21","date_gmt":"2025-06-11T09:41:21","guid":{"rendered":"https:\/\/www.aguarda.es\/?p=32628"},"modified":"2025-06-11T09:41:21","modified_gmt":"2025-06-11T09:41:21","slug":"victor-rey-expon-na-guarda-pinturas-sobre-paisaxes-da-nosa-costa","status":"publish","type":"post","link":"https:\/\/www.aguarda.es\/en\/victor-rey-expon-na-guarda-pinturas-sobre-paisaxes-da-nosa-costa\/","title":{"rendered":"V\u00edctor Rey exp\u00f3n na Guarda pinturas  sobre paisaxes da nosa costa"},"content":{"rendered":"<p class=\"western\" align=\"left\"><span style=\"color: #000000;\"><span style=\"font-family: Arial, serif;\"><span lang=\"gl-ES\">A Casa dos Alonso acolle a exposici\u00f3n<strong> \u201cAs cores do Cami\u00f1o\u201d de V\u00edctor Rey.<\/strong> Desde o venres <strong>13 de xu\u00f1o ata o luns 30<\/strong> poderemos desfrutar das pinturas coas paisaxes abertas que se desfrutan no percorrido do Cami\u00f1o de Santiago <\/span><\/span><span style=\"font-family: Arial, serif;\"><span style=\"font-size: medium;\"><span lang=\"gl-ES\">Portugu\u00e9s<\/span><\/span><\/span><span style=\"font-family: Arial, serif;\"><span lang=\"gl-ES\"> pola costa.<\/span><\/span><\/span><\/p>\n<p class=\"western\" align=\"left\"><span style=\"color: #000000;\"><span style=\"font-family: Arial, serif;\"><span lang=\"gl-ES\">Estas paisaxes van desde os \u00faltimos remansos do Cami\u00f1o polo r\u00edo Mi\u00f1o, <\/span><\/span><span style=\"font-family: Arial, serif;\"><span style=\"font-size: medium;\"><span lang=\"gl-ES\">ata o <\/span><\/span><\/span><span style=\"font-family: Arial, serif;\"><span lang=\"gl-ES\">seu paso pola vila da Guarda e a car\u00f3n do Atl\u00e1ntico, onde se divisan atardeceres e postas de sol inesquecibles.<\/span><\/span><\/span><\/p>\n<p class=\"western\" align=\"left\"><span style=\"color: #000000;\"><span style=\"font-family: Arial, serif;\"><span lang=\"gl-ES\">O autor das pinturas, V\u00edctor Rey, mostra nos seus cadros, postas de sol, e amenceres, a trav\u00e9s dunha coidade t\u00e9cnica e matrices crom\u00e1ticos. Ademais, <\/span><\/span><span style=\"font-family: Arial, serif;\"><span style=\"font-size: medium;\"><span lang=\"gl-ES\">o autor<\/span><\/span><\/span><span style=\"font-family: Arial, serif;\"><span lang=\"gl-ES\"> xa leva tras as costas moitas exposici\u00f3ns tanto en concellos pr\u00f3ximos, como Baiona, O Rosal ou Tui. <\/span><\/span><\/span><\/p>\n<p class=\"western\" align=\"left\"><span style=\"font-family: Arial, serif; color: #000000;\"><span lang=\"gl-ES\">A s\u00faa formaci\u00f3n autodidacta, non foi impedimento para percibir unha t\u00e9cnica espectacular da cor e da luz para transportarnos a esas paisaxes en directo. A exposici\u00f3n poder\u00e1 visitarse de luns a venres de<strong> 9 a 14h na Casa dos Alonso.<\/strong><\/span><\/span><\/p>\n","protected":false},"excerpt":{"rendered":"<p>A Casa dos Alonso acolle a exposici\u00f3n \u201cAs cores do Cami\u00f1o\u201d de V\u00edctor Rey. Desde o venres 13 de xu\u00f1o ata o luns 30 poderemos desfrutar das pinturas coas paisaxes abertas que se desfrutan no percorrido do Cami\u00f1o de Santiago &hellip; <\/p>\n","protected":false},"author":2,"featured_media":32629,"comment_status":"closed","ping_status":"closed","sticky":false,"template":"","format":"standard","meta":[],"categories":[34,363],"tags":[],"yoast_head":"<!-- This site is optimized with the Yoast SEO plugin v21.1 - https:\/\/yoast.com\/wordpress\/plugins\/seo\/ -->\n<title>V\u00edctor Rey exp\u00f3n na Guarda pinturas sobre paisaxes da nosa costa - Concello da Guarda<\/title>\n<meta name=\"description\" content=\"A Casa dos Alonso acolle a exposici\u00f3n \u201cAs cores do Cami\u00f1o\u201d de V\u00edctor Rey. Desde o venres 13 de xu\u00f1o ata o luns 30 poderemos desfrutar das\" \/>\n<meta name=\"robots\" content=\"index, follow, max-snippet:-1, max-image-preview:large, max-video-preview:-1\" \/>\n<link rel=\"canonical\" href=\"https:\/\/www.aguarda.es\/en\/victor-rey-expon-na-guarda-pinturas-sobre-paisaxes-da-nosa-costa\/\" \/>\n<meta property=\"og:locale\" content=\"en_US\" \/>\n<meta property=\"og:type\" content=\"article\" \/>\n<meta property=\"og:title\" content=\"V\u00edctor Rey exp\u00f3n na Guarda pinturas sobre paisaxes da nosa costa - Concello da Guarda\" \/>\n<meta property=\"og:description\" content=\"A Casa dos Alonso acolle a exposici\u00f3n \u201cAs cores do Cami\u00f1o\u201d de V\u00edctor Rey. Desde o venres 13 de xu\u00f1o ata o luns 30 poderemos desfrutar das\" \/>\n<meta property=\"og:url\" content=\"https:\/\/www.aguarda.es\/en\/victor-rey-expon-na-guarda-pinturas-sobre-paisaxes-da-nosa-costa\/\" \/>\n<meta property=\"og:site_name\" content=\"Concello da Guarda\" \/>\n<meta property=\"article:publisher\" content=\"https:\/\/www.facebook.com\/ConcellodaGuarda\" \/>\n<meta property=\"article:published_time\" content=\"2025-06-11T09:41:21+00:00\" \/>\n<meta property=\"og:image\" content=\"https:\/\/www.aguarda.es\/wp-content\/uploads\/2025\/06\/Exposicion-Victor-Rey.jpg?_t=1749634882\" \/>\n\t<meta property=\"og:image:width\" content=\"1587\" \/>\n\t<meta property=\"og:image:height\" content=\"2245\" \/>\n\t<meta property=\"og:image:type\" content=\"image\/jpeg\" \/>\n<meta name=\"author\" content=\"prensa\" \/>\n<meta name=\"twitter:card\" content=\"summary_large_image\" \/>\n<meta name=\"twitter:creator\" content=\"@AGuarda_es\" \/>\n<meta name=\"twitter:site\" content=\"@AGuarda_es\" \/>\n<meta name=\"twitter:label1\" content=\"Written by\" \/>\n\t<meta name=\"twitter:data1\" content=\"prensa\" \/>\n\t<meta name=\"twitter:label2\" content=\"Est. reading time\" \/>\n\t<meta name=\"twitter:data2\" content=\"1 minute\" \/>\n<script type=\"application\/ld+json\" class=\"yoast-schema-graph\">{\"@context\":\"https:\/\/schema.org\",\"@graph\":[{\"@type\":\"WebPage\",\"@id\":\"https:\/\/www.aguarda.es\/en\/victor-rey-expon-na-guarda-pinturas-sobre-paisaxes-da-nosa-costa\/\",\"url\":\"https:\/\/www.aguarda.es\/en\/victor-rey-expon-na-guarda-pinturas-sobre-paisaxes-da-nosa-costa\/\",\"name\":\"V\u00edctor Rey exp\u00f3n na Guarda pinturas sobre paisaxes da nosa costa - Concello da Guarda\",\"isPartOf\":{\"@id\":\"https:\/\/www.aguarda.es\/en\/#website\"},\"datePublished\":\"2025-06-11T09:41:21+00:00\",\"dateModified\":\"2025-06-11T09:41:21+00:00\",\"author\":{\"@id\":\"https:\/\/www.aguarda.es\/en\/#\/schema\/person\/c463ca3006858ffb349d11179d044f21\"},\"description\":\"A Casa dos Alonso acolle a exposici\u00f3n \u201cAs cores do Cami\u00f1o\u201d de V\u00edctor Rey. Desde o venres 13 de xu\u00f1o ata o luns 30 poderemos desfrutar das\",\"breadcrumb\":{\"@id\":\"https:\/\/www.aguarda.es\/en\/victor-rey-expon-na-guarda-pinturas-sobre-paisaxes-da-nosa-costa\/#breadcrumb\"},\"inLanguage\":\"en-US\",\"potentialAction\":[{\"@type\":\"ReadAction\",\"target\":[\"https:\/\/www.aguarda.es\/en\/victor-rey-expon-na-guarda-pinturas-sobre-paisaxes-da-nosa-costa\/\"]}]},{\"@type\":\"BreadcrumbList\",\"@id\":\"https:\/\/www.aguarda.es\/en\/victor-rey-expon-na-guarda-pinturas-sobre-paisaxes-da-nosa-costa\/#breadcrumb\",\"itemListElement\":[{\"@type\":\"ListItem\",\"position\":1,\"name\":\"Portada\",\"item\":\"https:\/\/www.aguarda.es\/en\/\"},{\"@type\":\"ListItem\",\"position\":2,\"name\":\"V\u00edctor Rey exp\u00f3n na Guarda pinturas sobre paisaxes da nosa costa\"}]},{\"@type\":\"WebSite\",\"@id\":\"https:\/\/www.aguarda.es\/en\/#website\",\"url\":\"https:\/\/www.aguarda.es\/en\/\",\"name\":\"Concello da Guarda\",\"description\":\"P\u00e1xina web do concello da Guarda\",\"potentialAction\":[{\"@type\":\"SearchAction\",\"target\":{\"@type\":\"EntryPoint\",\"urlTemplate\":\"https:\/\/www.aguarda.es\/en\/?s={search_term_string}\"},\"query-input\":\"required name=search_term_string\"}],\"inLanguage\":\"en-US\"},{\"@type\":\"Person\",\"@id\":\"https:\/\/www.aguarda.es\/en\/#\/schema\/person\/c463ca3006858ffb349d11179d044f21\",\"name\":\"prensa\",\"image\":{\"@type\":\"ImageObject\",\"inLanguage\":\"en-US\",\"@id\":\"https:\/\/www.aguarda.es\/en\/#\/schema\/person\/image\/\",\"url\":\"https:\/\/secure.gravatar.com\/avatar\/5f90ef536b0f98306edf5c7a1135ffa1?s=96&d=mm&r=g\",\"contentUrl\":\"https:\/\/secure.gravatar.com\/avatar\/5f90ef536b0f98306edf5c7a1135ffa1?s=96&d=mm&r=g\",\"caption\":\"prensa\"},\"url\":\"https:\/\/www.aguarda.es\/en\/author\/prensa\/\"}]}<\/script>\n<!-- \/ Yoast SEO plugin. -->","yoast_head_json":{"title":"V\u00edctor Rey exp\u00f3n na Guarda pinturas sobre paisaxes da nosa costa - Concello da Guarda","description":"A Casa dos Alonso acolle a exposici\u00f3n \u201cAs cores do Cami\u00f1o\u201d de V\u00edctor Rey. Desde o venres 13 de xu\u00f1o ata o luns 30 poderemos desfrutar das","robots":{"index":"index","follow":"follow","max-snippet":"max-snippet:-1","max-image-preview":"max-image-preview:large","max-video-preview":"max-video-preview:-1"},"canonical":"https:\/\/www.aguarda.es\/en\/victor-rey-expon-na-guarda-pinturas-sobre-paisaxes-da-nosa-costa\/","og_locale":"en_US","og_type":"article","og_title":"V\u00edctor Rey exp\u00f3n na Guarda pinturas sobre paisaxes da nosa costa - Concello da Guarda","og_description":"A Casa dos Alonso acolle a exposici\u00f3n \u201cAs cores do Cami\u00f1o\u201d de V\u00edctor Rey. Desde o venres 13 de xu\u00f1o ata o luns 30 poderemos desfrutar das","og_url":"https:\/\/www.aguarda.es\/en\/victor-rey-expon-na-guarda-pinturas-sobre-paisaxes-da-nosa-costa\/","og_site_name":"Concello da Guarda","article_publisher":"https:\/\/www.facebook.com\/ConcellodaGuarda","article_published_time":"2025-06-11T09:41:21+00:00","og_image":[{"width":1587,"height":2245,"url":"https:\/\/www.aguarda.es\/wp-content\/uploads\/2025\/06\/Exposicion-Victor-Rey.jpg?_t=1749634882","type":"image\/jpeg"}],"author":"prensa","twitter_card":"summary_large_image","twitter_creator":"@AGuarda_es","twitter_site":"@AGuarda_es","twitter_misc":{"Written by":"prensa","Est. reading time":"1 minute"},"schema":{"@context":"https:\/\/schema.org","@graph":[{"@type":"WebPage","@id":"https:\/\/www.aguarda.es\/en\/victor-rey-expon-na-guarda-pinturas-sobre-paisaxes-da-nosa-costa\/","url":"https:\/\/www.aguarda.es\/en\/victor-rey-expon-na-guarda-pinturas-sobre-paisaxes-da-nosa-costa\/","name":"V\u00edctor Rey exp\u00f3n na Guarda pinturas sobre paisaxes da nosa costa - Concello da Guarda","isPartOf":{"@id":"https:\/\/www.aguarda.es\/en\/#website"},"datePublished":"2025-06-11T09:41:21+00:00","dateModified":"2025-06-11T09:41:21+00:00","author":{"@id":"https:\/\/www.aguarda.es\/en\/#\/schema\/person\/c463ca3006858ffb349d11179d044f21"},"description":"A Casa dos Alonso acolle a exposici\u00f3n \u201cAs cores do Cami\u00f1o\u201d de V\u00edctor Rey. Desde o venres 13 de xu\u00f1o ata o luns 30 poderemos desfrutar das","breadcrumb":{"@id":"https:\/\/www.aguarda.es\/en\/victor-rey-expon-na-guarda-pinturas-sobre-paisaxes-da-nosa-costa\/#breadcrumb"},"inLanguage":"en-US","potentialAction":[{"@type":"ReadAction","target":["https:\/\/www.aguarda.es\/en\/victor-rey-expon-na-guarda-pinturas-sobre-paisaxes-da-nosa-costa\/"]}]},{"@type":"BreadcrumbList","@id":"https:\/\/www.aguarda.es\/en\/victor-rey-expon-na-guarda-pinturas-sobre-paisaxes-da-nosa-costa\/#breadcrumb","itemListElement":[{"@type":"ListItem","position":1,"name":"Portada","item":"https:\/\/www.aguarda.es\/en\/"},{"@type":"ListItem","position":2,"name":"V\u00edctor Rey exp\u00f3n na Guarda pinturas sobre paisaxes da nosa costa"}]},{"@type":"WebSite","@id":"https:\/\/www.aguarda.es\/en\/#website","url":"https:\/\/www.aguarda.es\/en\/","name":"Concello da Guarda","description":"P\u00e1xina web do concello da Guarda","potentialAction":[{"@type":"SearchAction","target":{"@type":"EntryPoint","urlTemplate":"https:\/\/www.aguarda.es\/en\/?s={search_term_string}"},"query-input":"required name=search_term_string"}],"inLanguage":"en-US"},{"@type":"Person","@id":"https:\/\/www.aguarda.es\/en\/#\/schema\/person\/c463ca3006858ffb349d11179d044f21","name":"prensa","image":{"@type":"ImageObject","inLanguage":"en-US","@id":"https:\/\/www.aguarda.es\/en\/#\/schema\/person\/image\/","url":"https:\/\/secure.gravatar.com\/avatar\/5f90ef536b0f98306edf5c7a1135ffa1?s=96&d=mm&r=g","contentUrl":"https:\/\/secure.gravatar.com\/avatar\/5f90ef536b0f98306edf5c7a1135ffa1?s=96&d=mm&r=g","caption":"prensa"},"url":"https:\/\/www.aguarda.es\/en\/author\/prensa\/"}]}},"_links":{"self":[{"href":"https:\/\/www.aguarda.es\/en\/wp-json\/wp\/v2\/posts\/32628"}],"collection":[{"href":"https:\/\/www.aguarda.es\/en\/wp-json\/wp\/v2\/posts"}],"about":[{"href":"https:\/\/www.aguarda.es\/en\/wp-json\/wp\/v2\/types\/post"}],"author":[{"embeddable":true,"href":"https:\/\/www.aguarda.es\/en\/wp-json\/wp\/v2\/users\/2"}],"replies":[{"embeddable":true,"href":"https:\/\/www.aguarda.es\/en\/wp-json\/wp\/v2\/comments?post=32628"}],"version-history":[{"count":1,"href":"https:\/\/www.aguarda.es\/en\/wp-json\/wp\/v2\/posts\/32628\/revisions"}],"predecessor-version":[{"id":32631,"href":"https:\/\/www.aguarda.es\/en\/wp-json\/wp\/v2\/posts\/32628\/revisions\/32631"}],"wp:featuredmedia":[{"embeddable":true,"href":"https:\/\/www.aguarda.es\/en\/wp-json\/wp\/v2\/media\/32629"}],"wp:attachment":[{"href":"https:\/\/www.aguarda.es\/en\/wp-json\/wp\/v2\/media?parent=32628"}],"wp:term":[{"taxonomy":"category","embeddable":true,"href":"https:\/\/www.aguarda.es\/en\/wp-json\/wp\/v2\/categories?post=32628"},{"taxonomy":"post_tag","embeddable":true,"href":"https:\/\/www.aguarda.es\/en\/wp-json\/wp\/v2\/tags?post=32628"}],"curies":[{"name":"wp","href":"https:\/\/api.w.org\/{rel}","templated":true}]}}