{"id":32632,"date":"2025-06-11T11:22:23","date_gmt":"2025-06-11T11:22:23","guid":{"rendered":"https:\/\/www.aguarda.es\/?p=32632"},"modified":"2025-06-11T11:22:23","modified_gmt":"2025-06-11T11:22:23","slug":"rafa-duran-sera-o-pregoeiro-da-xxxiii-festa-da-langosta-da-guarda","status":"publish","type":"post","link":"https:\/\/www.aguarda.es\/en\/rafa-duran-sera-o-pregoeiro-da-xxxiii-festa-da-langosta-da-guarda\/","title":{"rendered":"Rafa Dur\u00e1n ser\u00e1 o pregoeiro da XXXIII Festa da Langosta da Guarda"},"content":{"rendered":"<p class=\"western\" align=\"left\"><span style=\"color: #000000;\"><span style=\"font-family: Arial, serif;\"><span style=\"font-size: medium;\"><span lang=\"gl-ES\">A<\/span><\/span><\/span><strong><span style=\"font-family: Arial, serif;\"><span lang=\"gl-ES\"> XXXIII Festa <\/span><\/span><span style=\"font-family: Arial, serif;\"><span lang=\"gl-ES\">d<\/span><\/span><\/strong><span style=\"font-family: Arial, serif;\"><span lang=\"gl-ES\"><strong>a Langosta e da Coci\u00f1a Mari\u00f1eira<\/strong> da Guarda <\/span><\/span><span style=\"font-family: Arial, serif;\"><span lang=\"gl-ES\">arranca este ano coa apertura da carpa o <strong>venres 4 de xullo <\/strong>\u00e1s 12:00h, mais non ser\u00e1 ata esa tarde<strong> \u00e1s 20:30h<\/strong> cando escoitemos o preg\u00f3n.<\/span><\/span><\/span><\/p>\n<p class=\"western\" align=\"left\"><span style=\"color: #000000;\"><span style=\"font-family: Arial, serif;\"><span lang=\"gl-ES\">O<\/span><\/span><span style=\"font-family: Arial, serif;\"><span lang=\"gl-ES\"> preg\u00f3n desta 33\u00aa edici\u00f3n volve ao <strong>porto da Guarda<\/strong> e conta cun persoeiro de luxo, <strong>Rafa Dur\u00e1n.<\/strong> O presentador<\/span><\/span><span style=\"font-family: Arial, serif;\"><span lang=\"gl-ES\">,<\/span><\/span><span style=\"font-family: Arial, serif;\"><span lang=\"gl-ES\"> c\u00f3mico e actor de Baiona encargarase este ano do preg\u00f3n da Festa da Langosta e da Coci\u00f1a Mari\u00f1eira. <\/span><\/span><span style=\"font-family: Arial, serif;\"><span lang=\"gl-ES\">Rafa Dur\u00e1n \u00e9 co\u00f1ecido polas s\u00faas m\u00faltiples facetas relacionadas co humor e a televisi\u00f3n, como presentado<\/span><\/span><span style=\"font-family: Arial, serif;\"><span lang=\"gl-ES\">r<\/span><\/span><span style=\"font-family: Arial, serif;\"><span lang=\"gl-ES\"> de programas e concursos da TVG como \u201cHit list\u201d, \u201cAqu\u00ed Galicia\u201d ou \u201cImos de feria\u201d. <\/span><\/span><\/span><\/p>\n<p class=\"western\" align=\"left\"><span style=\"color: #000000;\"><span style=\"font-family: Arial, serif;\"><span lang=\"gl-ES\">No eido humor\u00edstico, Rafa<\/span><\/span><span style=\"font-family: Arial, serif;\"><span lang=\"gl-ES\"> Dur\u00e1n \u00e9 membro do d\u00fao c\u00f3mico de improvisaci\u00f3n teatral \u201cCoaches de Choque\u201d xunto Oswaldo Dig\u00f3n. Ademais, \u00e9 moi co\u00f1ecido en redes sociais como Instagram e Tiktok<\/span><\/span> <span style=\"font-family: Arial, serif;\"><span lang=\"gl-ES\">polos seus sketches de humor, as #Duranadas.<\/span><\/span><\/span><\/p>\n<p class=\"western\" align=\"left\"><span style=\"color: #000000;\">\u201c<span style=\"font-family: Arial, serif;\"><span style=\"font-size: medium;\"><span lang=\"gl-ES\">Invito a todos e a todas<\/span><\/span><\/span><span style=\"font-family: Arial, serif;\"><span lang=\"gl-ES\"> a vir ao preg\u00f3n desta Festa da Langosta, xa que contamos cun pregoeiro espectacular<\/span><\/span><span style=\"font-family: Arial, serif;\"><span lang=\"gl-ES\">\u201d, <\/span><\/span><span style=\"font-family: Arial, serif;\"><span style=\"font-size: medium;\"><span lang=\"gl-ES\">pensa<\/span><\/span><\/span><span style=\"font-family: Arial, serif;\"><span lang=\"gl-ES\"> o alcalde, Roberto Carrero, \u201c<\/span><\/span><span style=\"font-family: Arial, serif;\"><span style=\"font-size: medium;\"><span lang=\"gl-ES\">que desde logo, ser\u00e1 o arranque para outra Festa da Langosta de r\u00e9cord<\/span><\/span><\/span><span style=\"font-family: Arial, serif;\"><span lang=\"gl-ES\">\u201d.<\/span><\/span><\/span><\/p>\n<p class=\"western\" align=\"left\"><span style=\"color: #000000;\"><span style=\"font-family: Arial, serif;\"><span lang=\"gl-ES\">Despois do preg\u00f3n, os asistentes poder\u00e1n continuar a degustar os pratos que <\/span><\/span><span style=\"font-family: Arial, serif;\"><span lang=\"gl-ES\">se ofertan dentro da carpa. Unha carpa que este ano aumenta a s\u00faa capacidade ata os 600 comensais grazas aos seus 1.200 metros cadrados. Ademais de langosta e produtos mari\u00f1eiros, a rosca de xema, a sobremesa t\u00edpica guardesa desde hai m\u00e1is de 70 anos, ser\u00e1 protagonista.<\/span><\/span><\/span><\/p>\n","protected":false},"excerpt":{"rendered":"<p>A XXXIII Festa da Langosta e da Coci\u00f1a Mari\u00f1eira da Guarda arranca este ano coa apertura da carpa o venres 4 de xullo \u00e1s 12:00h, mais non ser\u00e1 ata esa tarde \u00e1s 20:30h cando escoitemos o preg\u00f3n. O preg\u00f3n desta &hellip; <\/p>\n","protected":false},"author":2,"featured_media":32633,"comment_status":"closed","ping_status":"closed","sticky":false,"template":"","format":"standard","meta":[],"categories":[56,363],"tags":[],"yoast_head":"<!-- This site is optimized with the Yoast SEO plugin v21.1 - https:\/\/yoast.com\/wordpress\/plugins\/seo\/ -->\n<title>Rafa Dur\u00e1n ser\u00e1 o pregoeiro da XXXIII Festa da Langosta da Guarda - Concello da Guarda<\/title>\n<meta name=\"description\" content=\"A XXXIII Festa da Langosta e da Coci\u00f1a Mari\u00f1eira da Guarda arranca este ano coa apertura da carpa o venres 4 de xullo \u00e1s 12:00h, mais non\" \/>\n<meta name=\"robots\" content=\"index, follow, max-snippet:-1, max-image-preview:large, max-video-preview:-1\" \/>\n<link rel=\"canonical\" href=\"https:\/\/www.aguarda.es\/en\/rafa-duran-sera-o-pregoeiro-da-xxxiii-festa-da-langosta-da-guarda\/\" \/>\n<meta property=\"og:locale\" content=\"en_US\" \/>\n<meta property=\"og:type\" content=\"article\" \/>\n<meta property=\"og:title\" content=\"Rafa Dur\u00e1n ser\u00e1 o pregoeiro da XXXIII Festa da Langosta da Guarda - Concello da Guarda\" \/>\n<meta property=\"og:description\" content=\"A XXXIII Festa da Langosta e da Coci\u00f1a Mari\u00f1eira da Guarda arranca este ano coa apertura da carpa o venres 4 de xullo \u00e1s 12:00h, mais non\" \/>\n<meta property=\"og:url\" content=\"https:\/\/www.aguarda.es\/en\/rafa-duran-sera-o-pregoeiro-da-xxxiii-festa-da-langosta-da-guarda\/\" \/>\n<meta property=\"og:site_name\" content=\"Concello da Guarda\" \/>\n<meta property=\"article:publisher\" content=\"https:\/\/www.facebook.com\/ConcellodaGuarda\" \/>\n<meta property=\"article:published_time\" content=\"2025-06-11T11:22:23+00:00\" \/>\n<meta property=\"og:image\" content=\"https:\/\/www.aguarda.es\/wp-content\/uploads\/2025\/06\/tn_rafa-duran.jpg?_t=1749640944\" \/>\n\t<meta property=\"og:image:width\" content=\"500\" \/>\n\t<meta property=\"og:image:height\" content=\"333\" \/>\n\t<meta property=\"og:image:type\" content=\"image\/jpeg\" \/>\n<meta name=\"author\" content=\"prensa\" \/>\n<meta name=\"twitter:card\" content=\"summary_large_image\" \/>\n<meta name=\"twitter:creator\" content=\"@AGuarda_es\" \/>\n<meta name=\"twitter:site\" content=\"@AGuarda_es\" \/>\n<meta name=\"twitter:label1\" content=\"Written by\" \/>\n\t<meta name=\"twitter:data1\" content=\"prensa\" \/>\n\t<meta name=\"twitter:label2\" content=\"Est. reading time\" \/>\n\t<meta name=\"twitter:data2\" content=\"2 minutes\" \/>\n<script type=\"application\/ld+json\" class=\"yoast-schema-graph\">{\"@context\":\"https:\/\/schema.org\",\"@graph\":[{\"@type\":\"WebPage\",\"@id\":\"https:\/\/www.aguarda.es\/en\/rafa-duran-sera-o-pregoeiro-da-xxxiii-festa-da-langosta-da-guarda\/\",\"url\":\"https:\/\/www.aguarda.es\/en\/rafa-duran-sera-o-pregoeiro-da-xxxiii-festa-da-langosta-da-guarda\/\",\"name\":\"Rafa Dur\u00e1n ser\u00e1 o pregoeiro da XXXIII Festa da Langosta da Guarda - Concello da Guarda\",\"isPartOf\":{\"@id\":\"https:\/\/www.aguarda.es\/en\/#website\"},\"datePublished\":\"2025-06-11T11:22:23+00:00\",\"dateModified\":\"2025-06-11T11:22:23+00:00\",\"author\":{\"@id\":\"https:\/\/www.aguarda.es\/en\/#\/schema\/person\/c463ca3006858ffb349d11179d044f21\"},\"description\":\"A XXXIII Festa da Langosta e da Coci\u00f1a Mari\u00f1eira da Guarda arranca este ano coa apertura da carpa o venres 4 de xullo \u00e1s 12:00h, mais non\",\"breadcrumb\":{\"@id\":\"https:\/\/www.aguarda.es\/en\/rafa-duran-sera-o-pregoeiro-da-xxxiii-festa-da-langosta-da-guarda\/#breadcrumb\"},\"inLanguage\":\"en-US\",\"potentialAction\":[{\"@type\":\"ReadAction\",\"target\":[\"https:\/\/www.aguarda.es\/en\/rafa-duran-sera-o-pregoeiro-da-xxxiii-festa-da-langosta-da-guarda\/\"]}]},{\"@type\":\"BreadcrumbList\",\"@id\":\"https:\/\/www.aguarda.es\/en\/rafa-duran-sera-o-pregoeiro-da-xxxiii-festa-da-langosta-da-guarda\/#breadcrumb\",\"itemListElement\":[{\"@type\":\"ListItem\",\"position\":1,\"name\":\"Portada\",\"item\":\"https:\/\/www.aguarda.es\/en\/\"},{\"@type\":\"ListItem\",\"position\":2,\"name\":\"Rafa Dur\u00e1n ser\u00e1 o pregoeiro da XXXIII Festa da Langosta da Guarda\"}]},{\"@type\":\"WebSite\",\"@id\":\"https:\/\/www.aguarda.es\/en\/#website\",\"url\":\"https:\/\/www.aguarda.es\/en\/\",\"name\":\"Concello da Guarda\",\"description\":\"P\u00e1xina web do concello da Guarda\",\"potentialAction\":[{\"@type\":\"SearchAction\",\"target\":{\"@type\":\"EntryPoint\",\"urlTemplate\":\"https:\/\/www.aguarda.es\/en\/?s={search_term_string}\"},\"query-input\":\"required name=search_term_string\"}],\"inLanguage\":\"en-US\"},{\"@type\":\"Person\",\"@id\":\"https:\/\/www.aguarda.es\/en\/#\/schema\/person\/c463ca3006858ffb349d11179d044f21\",\"name\":\"prensa\",\"image\":{\"@type\":\"ImageObject\",\"inLanguage\":\"en-US\",\"@id\":\"https:\/\/www.aguarda.es\/en\/#\/schema\/person\/image\/\",\"url\":\"https:\/\/secure.gravatar.com\/avatar\/5f90ef536b0f98306edf5c7a1135ffa1?s=96&d=mm&r=g\",\"contentUrl\":\"https:\/\/secure.gravatar.com\/avatar\/5f90ef536b0f98306edf5c7a1135ffa1?s=96&d=mm&r=g\",\"caption\":\"prensa\"},\"url\":\"https:\/\/www.aguarda.es\/en\/author\/prensa\/\"}]}<\/script>\n<!-- \/ Yoast SEO plugin. -->","yoast_head_json":{"title":"Rafa Dur\u00e1n ser\u00e1 o pregoeiro da XXXIII Festa da Langosta da Guarda - Concello da Guarda","description":"A XXXIII Festa da Langosta e da Coci\u00f1a Mari\u00f1eira da Guarda arranca este ano coa apertura da carpa o venres 4 de xullo \u00e1s 12:00h, mais non","robots":{"index":"index","follow":"follow","max-snippet":"max-snippet:-1","max-image-preview":"max-image-preview:large","max-video-preview":"max-video-preview:-1"},"canonical":"https:\/\/www.aguarda.es\/en\/rafa-duran-sera-o-pregoeiro-da-xxxiii-festa-da-langosta-da-guarda\/","og_locale":"en_US","og_type":"article","og_title":"Rafa Dur\u00e1n ser\u00e1 o pregoeiro da XXXIII Festa da Langosta da Guarda - Concello da Guarda","og_description":"A XXXIII Festa da Langosta e da Coci\u00f1a Mari\u00f1eira da Guarda arranca este ano coa apertura da carpa o venres 4 de xullo \u00e1s 12:00h, mais non","og_url":"https:\/\/www.aguarda.es\/en\/rafa-duran-sera-o-pregoeiro-da-xxxiii-festa-da-langosta-da-guarda\/","og_site_name":"Concello da Guarda","article_publisher":"https:\/\/www.facebook.com\/ConcellodaGuarda","article_published_time":"2025-06-11T11:22:23+00:00","og_image":[{"width":500,"height":333,"url":"https:\/\/www.aguarda.es\/wp-content\/uploads\/2025\/06\/tn_rafa-duran.jpg?_t=1749640944","type":"image\/jpeg"}],"author":"prensa","twitter_card":"summary_large_image","twitter_creator":"@AGuarda_es","twitter_site":"@AGuarda_es","twitter_misc":{"Written by":"prensa","Est. reading time":"2 minutes"},"schema":{"@context":"https:\/\/schema.org","@graph":[{"@type":"WebPage","@id":"https:\/\/www.aguarda.es\/en\/rafa-duran-sera-o-pregoeiro-da-xxxiii-festa-da-langosta-da-guarda\/","url":"https:\/\/www.aguarda.es\/en\/rafa-duran-sera-o-pregoeiro-da-xxxiii-festa-da-langosta-da-guarda\/","name":"Rafa Dur\u00e1n ser\u00e1 o pregoeiro da XXXIII Festa da Langosta da Guarda - Concello da Guarda","isPartOf":{"@id":"https:\/\/www.aguarda.es\/en\/#website"},"datePublished":"2025-06-11T11:22:23+00:00","dateModified":"2025-06-11T11:22:23+00:00","author":{"@id":"https:\/\/www.aguarda.es\/en\/#\/schema\/person\/c463ca3006858ffb349d11179d044f21"},"description":"A XXXIII Festa da Langosta e da Coci\u00f1a Mari\u00f1eira da Guarda arranca este ano coa apertura da carpa o venres 4 de xullo \u00e1s 12:00h, mais non","breadcrumb":{"@id":"https:\/\/www.aguarda.es\/en\/rafa-duran-sera-o-pregoeiro-da-xxxiii-festa-da-langosta-da-guarda\/#breadcrumb"},"inLanguage":"en-US","potentialAction":[{"@type":"ReadAction","target":["https:\/\/www.aguarda.es\/en\/rafa-duran-sera-o-pregoeiro-da-xxxiii-festa-da-langosta-da-guarda\/"]}]},{"@type":"BreadcrumbList","@id":"https:\/\/www.aguarda.es\/en\/rafa-duran-sera-o-pregoeiro-da-xxxiii-festa-da-langosta-da-guarda\/#breadcrumb","itemListElement":[{"@type":"ListItem","position":1,"name":"Portada","item":"https:\/\/www.aguarda.es\/en\/"},{"@type":"ListItem","position":2,"name":"Rafa Dur\u00e1n ser\u00e1 o pregoeiro da XXXIII Festa da Langosta da Guarda"}]},{"@type":"WebSite","@id":"https:\/\/www.aguarda.es\/en\/#website","url":"https:\/\/www.aguarda.es\/en\/","name":"Concello da Guarda","description":"P\u00e1xina web do concello da Guarda","potentialAction":[{"@type":"SearchAction","target":{"@type":"EntryPoint","urlTemplate":"https:\/\/www.aguarda.es\/en\/?s={search_term_string}"},"query-input":"required name=search_term_string"}],"inLanguage":"en-US"},{"@type":"Person","@id":"https:\/\/www.aguarda.es\/en\/#\/schema\/person\/c463ca3006858ffb349d11179d044f21","name":"prensa","image":{"@type":"ImageObject","inLanguage":"en-US","@id":"https:\/\/www.aguarda.es\/en\/#\/schema\/person\/image\/","url":"https:\/\/secure.gravatar.com\/avatar\/5f90ef536b0f98306edf5c7a1135ffa1?s=96&d=mm&r=g","contentUrl":"https:\/\/secure.gravatar.com\/avatar\/5f90ef536b0f98306edf5c7a1135ffa1?s=96&d=mm&r=g","caption":"prensa"},"url":"https:\/\/www.aguarda.es\/en\/author\/prensa\/"}]}},"_links":{"self":[{"href":"https:\/\/www.aguarda.es\/en\/wp-json\/wp\/v2\/posts\/32632"}],"collection":[{"href":"https:\/\/www.aguarda.es\/en\/wp-json\/wp\/v2\/posts"}],"about":[{"href":"https:\/\/www.aguarda.es\/en\/wp-json\/wp\/v2\/types\/post"}],"author":[{"embeddable":true,"href":"https:\/\/www.aguarda.es\/en\/wp-json\/wp\/v2\/users\/2"}],"replies":[{"embeddable":true,"href":"https:\/\/www.aguarda.es\/en\/wp-json\/wp\/v2\/comments?post=32632"}],"version-history":[{"count":1,"href":"https:\/\/www.aguarda.es\/en\/wp-json\/wp\/v2\/posts\/32632\/revisions"}],"predecessor-version":[{"id":32635,"href":"https:\/\/www.aguarda.es\/en\/wp-json\/wp\/v2\/posts\/32632\/revisions\/32635"}],"wp:featuredmedia":[{"embeddable":true,"href":"https:\/\/www.aguarda.es\/en\/wp-json\/wp\/v2\/media\/32633"}],"wp:attachment":[{"href":"https:\/\/www.aguarda.es\/en\/wp-json\/wp\/v2\/media?parent=32632"}],"wp:term":[{"taxonomy":"category","embeddable":true,"href":"https:\/\/www.aguarda.es\/en\/wp-json\/wp\/v2\/categories?post=32632"},{"taxonomy":"post_tag","embeddable":true,"href":"https:\/\/www.aguarda.es\/en\/wp-json\/wp\/v2\/tags?post=32632"}],"curies":[{"name":"wp","href":"https:\/\/api.w.org\/{rel}","templated":true}]}}