{"id":32679,"date":"2025-06-16T12:02:46","date_gmt":"2025-06-16T12:02:46","guid":{"rendered":"https:\/\/www.aguarda.es\/?p=32679"},"modified":"2025-06-16T12:02:46","modified_gmt":"2025-06-16T12:02:46","slug":"a-festa-do-santisimo-deste-domingo-enchera-as-ruas-da-guarda-de-alfombras-florais","status":"publish","type":"post","link":"https:\/\/www.aguarda.es\/en\/a-festa-do-santisimo-deste-domingo-enchera-as-ruas-da-guarda-de-alfombras-florais\/","title":{"rendered":"A Festa do Sant\u00edsimo deste domingo encher\u00e1 as r\u00faas da Guarda de alfombras florais"},"content":{"rendered":"<p class=\"western\" align=\"left\"><span style=\"color: #000000;\"><span style=\"font-family: Arial, serif;\"><span lang=\"gl-ES\"><img decoding=\"async\" loading=\"lazy\" class=\"wp-image-32680 alignleft\" src=\"https:\/\/www.aguarda.es\/wp-content\/uploads\/2025\/06\/cartel-Alfombras.jpg\" alt=\"\" width=\"353\" height=\"500\" srcset=\"https:\/\/www.aguarda.es\/wp-content\/uploads\/2025\/06\/cartel-Alfombras.jpg 1587w, https:\/\/www.aguarda.es\/wp-content\/uploads\/2025\/06\/cartel-Alfombras-212x300.jpg 212w, https:\/\/www.aguarda.es\/wp-content\/uploads\/2025\/06\/cartel-Alfombras-724x1024.jpg 724w, https:\/\/www.aguarda.es\/wp-content\/uploads\/2025\/06\/cartel-Alfombras-768x1086.jpg 768w, https:\/\/www.aguarda.es\/wp-content\/uploads\/2025\/06\/cartel-Alfombras-1086x1536.jpg 1086w, https:\/\/www.aguarda.es\/wp-content\/uploads\/2025\/06\/cartel-Alfombras-1448x2048.jpg 1448w\" sizes=\"(max-width: 353px) 100vw, 353px\" \/>Este domingo A Guarda vivir\u00e1 un d\u00eda no <\/span><\/span><span style=\"font-family: Arial, serif;\"><span style=\"font-size: medium;\"><span lang=\"gl-ES\">cal<\/span><\/span><\/span><span style=\"font-family: Arial, serif;\"><span lang=\"gl-ES\"> as s\u00faas r\u00faas encheranse de cor e de beleza grazas \u00e1s alfombras florais. Desde hai semanas, parte da veci\u00f1anza e asociaci\u00f3ns est\u00e1n traballando en preparativos para as<strong> alfombras florais.<\/strong><\/span><\/span><\/span><\/p>\n<p class=\"western\" align=\"left\"><span style=\"color: #000000;\"><span style=\"font-family: Arial, serif;\"><span lang=\"gl-ES\">Este s\u00e1bado \u00e1 noite, a partir d<strong>as <\/strong><\/span><\/span><span style=\"font-family: Arial, serif;\"><span lang=\"gl-ES\"><strong>5:00h<\/strong> comezar\u00e1 a elaboraci\u00f3n das alfombras florais que se prolongar\u00e1n ata primeiras horas do domingo pola ma\u00f1\u00e1. Ag\u00e1rdase que <strong>\u00e1s 12:00h da ma\u00f1\u00e1<\/strong> todas as alfombras estean listas para ser visitadas.<\/span><\/span><\/span><\/p>\n<p class=\"western\" align=\"left\"><span style=\"color: #000000;\"><span style=\"font-family: Arial, serif;\"><span lang=\"gl-ES\">Para poder desfrutar m\u00e1is da s\u00faa beleza, a misa e posterior procesi\u00f3n celebraranse pola tarde, \u00e1s 17:30h a misa e ao rematar, sobre as 18:30h arrancar\u00e1 a procesi\u00f3n desde a praza da igrexa. <\/span><\/span><span style=\"font-family: Arial, serif;\"><span lang=\"gl-ES\">Est\u00edmanse que uns<strong> 700m das r\u00faas<\/strong> da Guarda estar\u00e1n cubertas por estas alfombras florais tan especiais.<\/span><\/span><\/span><\/p>\n<p class=\"western\" align=\"left\"><span style=\"color: #000000;\"><span style=\"font-family: Arial, serif;\"><span lang=\"gl-ES\">Cada ano, os dese\u00f1os das alfombras sorprenden a veci\u00f1os e visitantes, con tem\u00e1ticas diversas: socias, relixiosas ou ornamentais. O traballo comeza \u00e1 noite con moitos nenos debuxando as figuras que logo encher\u00e1n de p\u00e9talos, <\/span><\/span><span style=\"font-family: Arial, serif;\"><span lang=\"gl-ES\">flores ou caf\u00e9. Grazas \u00e1 Asociaci\u00f3n Cultural de Alfombras esta tradici\u00f3n contin\u00faa e mantense.<\/span><\/span><\/span><\/p>\n<p class=\"western\" align=\"left\"><span style=\"color: #000000;\"><span style=\"font-family: Arial, serif;\"><span style=\"font-size: medium;\"><span lang=\"gl-ES\">Unha das alfombras que m\u00e1is chama sempre a atenci\u00f3n \u00e9 a tradicional alfombra de sal tinguida de cores, que sobre desde a r\u00faa Malteses \u00e1 r\u00faa Concepci\u00f3n Arenal, desfrutando dunha vista inigualable do porto da Guarda.<\/span><\/span><\/span><\/span><\/p>\n<p class=\"western\" align=\"left\"><span style=\"color: #000000;\"><span style=\"font-family: Arial, serif;\"><span style=\"font-size: medium;\"><span lang=\"gl-ES\">A <\/span><\/span><\/span><span style=\"font-family: Arial, serif;\"><span style=\"font-size: medium;\"><span lang=\"gl-ES\">procesi\u00f3n dirixirase da igrexa parroquial \u00e1 praza Praza do Rel\u00f3, para pasar pola r\u00faa Ignacio Sobrino e r\u00faa Oliva e seguir por Hern\u00e1n Cort\u00e9s. Al\u00ed baixar\u00e1n polas escaleiras da praza Jos\u00e9 Mar\u00eda Lomba para continuar pola r\u00faa Malteses e Concepci\u00f3n Arenal ata a r\u00faa Brasilino \u00c1lvarez Sobrino e as\u00ed rematar de novo na igrexa parroquial pola r\u00faa Antonio Alonso.<\/span><\/span><\/span><\/span><\/p>\n<p class=\"western\" align=\"left\"><span style=\"color: #000000;\"><span style=\"font-family: Arial, serif;\"><span style=\"font-size: medium;\"><span lang=\"gl-ES\">Para a elaboraci\u00f3n das alfombras florais as r\u00faas da Guarda sufrir\u00e1n <strong>cortes de tr\u00e1fico<\/strong> a partir da noite do s\u00e1bado 21 ata a tardi\u00f1a do domingo 22, polo que pregamos \u00e1 veci\u00f1anza colaboraci\u00f3n e comprensi\u00f3n.<\/span><\/span><\/span><\/span><\/p>\n","protected":false},"excerpt":{"rendered":"<p>Este domingo A Guarda vivir\u00e1 un d\u00eda no cal as s\u00faas r\u00faas encheranse de cor e de beleza grazas \u00e1s alfombras florais. Desde hai semanas, parte da veci\u00f1anza e asociaci\u00f3ns est\u00e1n traballando en preparativos para as alfombras florais. Este s\u00e1bado &hellip; <\/p>\n","protected":false},"author":2,"featured_media":32682,"comment_status":"closed","ping_status":"closed","sticky":false,"template":"","format":"standard","meta":[],"categories":[34,44,363],"tags":[],"yoast_head":"<!-- This site is optimized with the Yoast SEO plugin v21.1 - https:\/\/yoast.com\/wordpress\/plugins\/seo\/ -->\n<title>A Festa do Sant\u00edsimo deste domingo encher\u00e1 as r\u00faas da Guarda de alfombras florais - Concello da Guarda<\/title>\n<meta name=\"description\" content=\"Este domingo A Guarda vivir\u00e1 un d\u00eda no cal as s\u00faas r\u00faas encheranse de cor e de beleza grazas \u00e1s alfombras florais. Desde hai semanas, parte\" \/>\n<meta name=\"robots\" content=\"index, follow, max-snippet:-1, max-image-preview:large, max-video-preview:-1\" \/>\n<link rel=\"canonical\" href=\"https:\/\/www.aguarda.es\/en\/a-festa-do-santisimo-deste-domingo-enchera-as-ruas-da-guarda-de-alfombras-florais\/\" \/>\n<meta property=\"og:locale\" content=\"en_US\" \/>\n<meta property=\"og:type\" content=\"article\" \/>\n<meta property=\"og:title\" content=\"A Festa do Sant\u00edsimo deste domingo encher\u00e1 as r\u00faas da Guarda de alfombras florais - Concello da Guarda\" \/>\n<meta property=\"og:description\" content=\"Este domingo A Guarda vivir\u00e1 un d\u00eda no cal as s\u00faas r\u00faas encheranse de cor e de beleza grazas \u00e1s alfombras florais. Desde hai semanas, parte\" \/>\n<meta property=\"og:url\" content=\"https:\/\/www.aguarda.es\/en\/a-festa-do-santisimo-deste-domingo-enchera-as-ruas-da-guarda-de-alfombras-florais\/\" \/>\n<meta property=\"og:site_name\" content=\"Concello da Guarda\" \/>\n<meta property=\"article:publisher\" content=\"https:\/\/www.facebook.com\/ConcellodaGuarda\" \/>\n<meta property=\"article:published_time\" content=\"2025-06-16T12:02:46+00:00\" \/>\n<meta property=\"og:image\" content=\"https:\/\/www.aguarda.es\/wp-content\/uploads\/2025\/06\/WhatsApp-Image-2025-06-16-at-13.14.40.jpeg?_t=1750075367\" \/>\n\t<meta property=\"og:image:width\" content=\"2048\" \/>\n\t<meta property=\"og:image:height\" content=\"1463\" \/>\n\t<meta property=\"og:image:type\" content=\"image\/jpeg\" \/>\n<meta name=\"author\" content=\"prensa\" \/>\n<meta name=\"twitter:card\" content=\"summary_large_image\" \/>\n<meta name=\"twitter:creator\" content=\"@AGuarda_es\" \/>\n<meta name=\"twitter:site\" content=\"@AGuarda_es\" \/>\n<meta name=\"twitter:label1\" content=\"Written by\" \/>\n\t<meta name=\"twitter:data1\" content=\"prensa\" \/>\n\t<meta name=\"twitter:label2\" content=\"Est. reading time\" \/>\n\t<meta name=\"twitter:data2\" content=\"2 minutes\" \/>\n<script type=\"application\/ld+json\" class=\"yoast-schema-graph\">{\"@context\":\"https:\/\/schema.org\",\"@graph\":[{\"@type\":\"WebPage\",\"@id\":\"https:\/\/www.aguarda.es\/en\/a-festa-do-santisimo-deste-domingo-enchera-as-ruas-da-guarda-de-alfombras-florais\/\",\"url\":\"https:\/\/www.aguarda.es\/en\/a-festa-do-santisimo-deste-domingo-enchera-as-ruas-da-guarda-de-alfombras-florais\/\",\"name\":\"A Festa do Sant\u00edsimo deste domingo encher\u00e1 as r\u00faas da Guarda de alfombras florais - Concello da Guarda\",\"isPartOf\":{\"@id\":\"https:\/\/www.aguarda.es\/en\/#website\"},\"datePublished\":\"2025-06-16T12:02:46+00:00\",\"dateModified\":\"2025-06-16T12:02:46+00:00\",\"author\":{\"@id\":\"https:\/\/www.aguarda.es\/en\/#\/schema\/person\/c463ca3006858ffb349d11179d044f21\"},\"description\":\"Este domingo A Guarda vivir\u00e1 un d\u00eda no cal as s\u00faas r\u00faas encheranse de cor e de beleza grazas \u00e1s alfombras florais. Desde hai semanas, parte\",\"breadcrumb\":{\"@id\":\"https:\/\/www.aguarda.es\/en\/a-festa-do-santisimo-deste-domingo-enchera-as-ruas-da-guarda-de-alfombras-florais\/#breadcrumb\"},\"inLanguage\":\"en-US\",\"potentialAction\":[{\"@type\":\"ReadAction\",\"target\":[\"https:\/\/www.aguarda.es\/en\/a-festa-do-santisimo-deste-domingo-enchera-as-ruas-da-guarda-de-alfombras-florais\/\"]}]},{\"@type\":\"BreadcrumbList\",\"@id\":\"https:\/\/www.aguarda.es\/en\/a-festa-do-santisimo-deste-domingo-enchera-as-ruas-da-guarda-de-alfombras-florais\/#breadcrumb\",\"itemListElement\":[{\"@type\":\"ListItem\",\"position\":1,\"name\":\"Portada\",\"item\":\"https:\/\/www.aguarda.es\/en\/\"},{\"@type\":\"ListItem\",\"position\":2,\"name\":\"A Festa do Sant\u00edsimo deste domingo encher\u00e1 as r\u00faas da Guarda de alfombras florais\"}]},{\"@type\":\"WebSite\",\"@id\":\"https:\/\/www.aguarda.es\/en\/#website\",\"url\":\"https:\/\/www.aguarda.es\/en\/\",\"name\":\"Concello da Guarda\",\"description\":\"P\u00e1xina web do concello da Guarda\",\"potentialAction\":[{\"@type\":\"SearchAction\",\"target\":{\"@type\":\"EntryPoint\",\"urlTemplate\":\"https:\/\/www.aguarda.es\/en\/?s={search_term_string}\"},\"query-input\":\"required name=search_term_string\"}],\"inLanguage\":\"en-US\"},{\"@type\":\"Person\",\"@id\":\"https:\/\/www.aguarda.es\/en\/#\/schema\/person\/c463ca3006858ffb349d11179d044f21\",\"name\":\"prensa\",\"image\":{\"@type\":\"ImageObject\",\"inLanguage\":\"en-US\",\"@id\":\"https:\/\/www.aguarda.es\/en\/#\/schema\/person\/image\/\",\"url\":\"https:\/\/secure.gravatar.com\/avatar\/5f90ef536b0f98306edf5c7a1135ffa1?s=96&d=mm&r=g\",\"contentUrl\":\"https:\/\/secure.gravatar.com\/avatar\/5f90ef536b0f98306edf5c7a1135ffa1?s=96&d=mm&r=g\",\"caption\":\"prensa\"},\"url\":\"https:\/\/www.aguarda.es\/en\/author\/prensa\/\"}]}<\/script>\n<!-- \/ Yoast SEO plugin. -->","yoast_head_json":{"title":"A Festa do Sant\u00edsimo deste domingo encher\u00e1 as r\u00faas da Guarda de alfombras florais - Concello da Guarda","description":"Este domingo A Guarda vivir\u00e1 un d\u00eda no cal as s\u00faas r\u00faas encheranse de cor e de beleza grazas \u00e1s alfombras florais. Desde hai semanas, parte","robots":{"index":"index","follow":"follow","max-snippet":"max-snippet:-1","max-image-preview":"max-image-preview:large","max-video-preview":"max-video-preview:-1"},"canonical":"https:\/\/www.aguarda.es\/en\/a-festa-do-santisimo-deste-domingo-enchera-as-ruas-da-guarda-de-alfombras-florais\/","og_locale":"en_US","og_type":"article","og_title":"A Festa do Sant\u00edsimo deste domingo encher\u00e1 as r\u00faas da Guarda de alfombras florais - Concello da Guarda","og_description":"Este domingo A Guarda vivir\u00e1 un d\u00eda no cal as s\u00faas r\u00faas encheranse de cor e de beleza grazas \u00e1s alfombras florais. Desde hai semanas, parte","og_url":"https:\/\/www.aguarda.es\/en\/a-festa-do-santisimo-deste-domingo-enchera-as-ruas-da-guarda-de-alfombras-florais\/","og_site_name":"Concello da Guarda","article_publisher":"https:\/\/www.facebook.com\/ConcellodaGuarda","article_published_time":"2025-06-16T12:02:46+00:00","og_image":[{"width":2048,"height":1463,"url":"https:\/\/www.aguarda.es\/wp-content\/uploads\/2025\/06\/WhatsApp-Image-2025-06-16-at-13.14.40.jpeg?_t=1750075367","type":"image\/jpeg"}],"author":"prensa","twitter_card":"summary_large_image","twitter_creator":"@AGuarda_es","twitter_site":"@AGuarda_es","twitter_misc":{"Written by":"prensa","Est. reading time":"2 minutes"},"schema":{"@context":"https:\/\/schema.org","@graph":[{"@type":"WebPage","@id":"https:\/\/www.aguarda.es\/en\/a-festa-do-santisimo-deste-domingo-enchera-as-ruas-da-guarda-de-alfombras-florais\/","url":"https:\/\/www.aguarda.es\/en\/a-festa-do-santisimo-deste-domingo-enchera-as-ruas-da-guarda-de-alfombras-florais\/","name":"A Festa do Sant\u00edsimo deste domingo encher\u00e1 as r\u00faas da Guarda de alfombras florais - Concello da Guarda","isPartOf":{"@id":"https:\/\/www.aguarda.es\/en\/#website"},"datePublished":"2025-06-16T12:02:46+00:00","dateModified":"2025-06-16T12:02:46+00:00","author":{"@id":"https:\/\/www.aguarda.es\/en\/#\/schema\/person\/c463ca3006858ffb349d11179d044f21"},"description":"Este domingo A Guarda vivir\u00e1 un d\u00eda no cal as s\u00faas r\u00faas encheranse de cor e de beleza grazas \u00e1s alfombras florais. Desde hai semanas, parte","breadcrumb":{"@id":"https:\/\/www.aguarda.es\/en\/a-festa-do-santisimo-deste-domingo-enchera-as-ruas-da-guarda-de-alfombras-florais\/#breadcrumb"},"inLanguage":"en-US","potentialAction":[{"@type":"ReadAction","target":["https:\/\/www.aguarda.es\/en\/a-festa-do-santisimo-deste-domingo-enchera-as-ruas-da-guarda-de-alfombras-florais\/"]}]},{"@type":"BreadcrumbList","@id":"https:\/\/www.aguarda.es\/en\/a-festa-do-santisimo-deste-domingo-enchera-as-ruas-da-guarda-de-alfombras-florais\/#breadcrumb","itemListElement":[{"@type":"ListItem","position":1,"name":"Portada","item":"https:\/\/www.aguarda.es\/en\/"},{"@type":"ListItem","position":2,"name":"A Festa do Sant\u00edsimo deste domingo encher\u00e1 as r\u00faas da Guarda de alfombras florais"}]},{"@type":"WebSite","@id":"https:\/\/www.aguarda.es\/en\/#website","url":"https:\/\/www.aguarda.es\/en\/","name":"Concello da Guarda","description":"P\u00e1xina web do concello da Guarda","potentialAction":[{"@type":"SearchAction","target":{"@type":"EntryPoint","urlTemplate":"https:\/\/www.aguarda.es\/en\/?s={search_term_string}"},"query-input":"required name=search_term_string"}],"inLanguage":"en-US"},{"@type":"Person","@id":"https:\/\/www.aguarda.es\/en\/#\/schema\/person\/c463ca3006858ffb349d11179d044f21","name":"prensa","image":{"@type":"ImageObject","inLanguage":"en-US","@id":"https:\/\/www.aguarda.es\/en\/#\/schema\/person\/image\/","url":"https:\/\/secure.gravatar.com\/avatar\/5f90ef536b0f98306edf5c7a1135ffa1?s=96&d=mm&r=g","contentUrl":"https:\/\/secure.gravatar.com\/avatar\/5f90ef536b0f98306edf5c7a1135ffa1?s=96&d=mm&r=g","caption":"prensa"},"url":"https:\/\/www.aguarda.es\/en\/author\/prensa\/"}]}},"_links":{"self":[{"href":"https:\/\/www.aguarda.es\/en\/wp-json\/wp\/v2\/posts\/32679"}],"collection":[{"href":"https:\/\/www.aguarda.es\/en\/wp-json\/wp\/v2\/posts"}],"about":[{"href":"https:\/\/www.aguarda.es\/en\/wp-json\/wp\/v2\/types\/post"}],"author":[{"embeddable":true,"href":"https:\/\/www.aguarda.es\/en\/wp-json\/wp\/v2\/users\/2"}],"replies":[{"embeddable":true,"href":"https:\/\/www.aguarda.es\/en\/wp-json\/wp\/v2\/comments?post=32679"}],"version-history":[{"count":1,"href":"https:\/\/www.aguarda.es\/en\/wp-json\/wp\/v2\/posts\/32679\/revisions"}],"predecessor-version":[{"id":32684,"href":"https:\/\/www.aguarda.es\/en\/wp-json\/wp\/v2\/posts\/32679\/revisions\/32684"}],"wp:featuredmedia":[{"embeddable":true,"href":"https:\/\/www.aguarda.es\/en\/wp-json\/wp\/v2\/media\/32682"}],"wp:attachment":[{"href":"https:\/\/www.aguarda.es\/en\/wp-json\/wp\/v2\/media?parent=32679"}],"wp:term":[{"taxonomy":"category","embeddable":true,"href":"https:\/\/www.aguarda.es\/en\/wp-json\/wp\/v2\/categories?post=32679"},{"taxonomy":"post_tag","embeddable":true,"href":"https:\/\/www.aguarda.es\/en\/wp-json\/wp\/v2\/tags?post=32679"}],"curies":[{"name":"wp","href":"https:\/\/api.w.org\/{rel}","templated":true}]}}