{"id":32691,"date":"2025-06-17T11:39:13","date_gmt":"2025-06-17T11:39:13","guid":{"rendered":"https:\/\/www.aguarda.es\/?p=32691"},"modified":"2025-06-17T11:39:13","modified_gmt":"2025-06-17T11:39:13","slug":"o-colexio-san-jose-da-guarda-recibe-o-2o-premio-nacional-de-endesa-educa","status":"publish","type":"post","link":"https:\/\/www.aguarda.es\/en\/o-colexio-san-jose-da-guarda-recibe-o-2o-premio-nacional-de-endesa-educa\/","title":{"rendered":"O Colexio San Jos\u00e9 da Guarda recibe o 2\u00ba Premio Nacional de Endesa Educa"},"content":{"rendered":"<p class=\"western\" align=\"left\"><span style=\"color: #000000;\"><span style=\"font-family: Arial, serif;\"><span style=\"font-size: medium;\"><span lang=\"gl-ES\">O colexio San Jos\u00e9 <\/span><\/span><\/span><span style=\"font-family: Arial, serif;\"><span style=\"font-size: medium;\"><span lang=\"gl-ES\">recibiu esta ma\u00f1\u00e1<\/span><\/span><\/span><span style=\"font-family: Arial, serif;\"><span style=\"font-size: medium;\"><span lang=\"gl-ES\"> o 2\u00ba Premio Nacional de Endesa Educa polo seu proxecto \u201cSalvar o mundo\u201d, realizado polo alumnado de 3\u00ba e 4\u00ba de Educaci\u00f3n Primaria.<\/span><\/span><\/span><\/span><\/p>\n<p class=\"western\" align=\"left\"><span style=\"color: #000000;\">\u201c<span style=\"font-family: Arial, serif;\"><span style=\"font-size: medium;\"><span lang=\"gl-ES\">\u00c9 para sentirnos orgullosos da educaci\u00f3n que reciben estes nenos e nenas, con valores pensando nun futuro sostible e con proxecci\u00f3n laboral\u201d, destacou o alcalde, Roberto Carrero. Ademais, tam\u00e9n recordou a implicaci\u00f3n de profesores e titores neste proxecto.<\/span><\/span><\/span><\/span><\/p>\n<p class=\"western\" align=\"left\"><span style=\"color: #000000;\"><span style=\"font-family: Arial, serif;\"><span style=\"font-size: medium;\"><span lang=\"gl-ES\">Neste programa participaron <\/span><\/span><\/span><span style=\"font-family: Arial, serif;\"><span style=\"font-size: medium;\"><span lang=\"gl-ES\">m\u00e1is de <\/span><\/span><\/span><span style=\"font-family: Arial, serif;\"><span style=\"font-size: medium;\"><span lang=\"gl-ES\">mil colexios de toda Espa\u00f1a para traballar sobre a enerx\u00eda. O alumnado do colexio San Jos\u00e9, reali<\/span><\/span><\/span><span style=\"font-family: Arial, serif;\"><span style=\"font-size: medium;\"><span lang=\"gl-ES\">zou<\/span><\/span><\/span><span style=\"font-family: Arial, serif;\"><span style=\"font-size: medium;\"><span lang=\"gl-ES\"> investigaci\u00f3ns e de<\/span><\/span><\/span><span style=\"font-family: Arial, serif;\"><span style=\"font-size: medium;\"><span lang=\"gl-ES\">u<\/span><\/span><\/span><span style=\"font-family: Arial, serif;\"><span style=\"font-size: medium;\"><span lang=\"gl-ES\"> divulgaci\u00f3n a estes resultados nunha exposici\u00f3n na Casa do Concello do 22 ao 25 de abril, <\/span><\/span><\/span><span style=\"font-family: Arial, serif;\"><span style=\"font-size: medium;\"><span lang=\"gl-ES\">experiencia que lles permitiu p\u00f3r en pr\u00e1ctica as s\u00faas habilidades comunicativas.<\/span><\/span><\/span><\/span><\/p>\n<p class=\"western\" align=\"left\"><span style=\"color: #000000;\"><span style=\"font-family: Arial, serif;\"><span lang=\"gl-ES\">Os alumnos e alumnas encarg\u00e1ronse de explicar o concepto de enerx\u00eda e os seus tipos, a s\u00faa transformaci\u00f3n e expuxeron de maneira pr\u00e1ctica e interactiva os seus proxectos, prototipos, etc&#8230;, <\/span><\/span><span style=\"font-family: Arial, serif;\"><span lang=\"gl-ES\">deixando sorprendidos a todos os visitantes (colexios, corporaci\u00f3n municipal&#8230;).<\/span><\/span><\/span><\/p>\n<p class=\"western\" align=\"left\"><span style=\"color: #000000;\"><span style=\"font-family: Arial, serif;\"><span lang=\"gl-ES\">Esta ma\u00f1\u00e1, os alumnos de 3\u00ba e 4\u00ba de Educaci\u00f3n Primaria recibiron, da man de divulgadores cient\u00edficos d<\/span><\/span><span style=\"font-family: Arial, serif;\"><span lang=\"gl-ES\">e<\/span><\/span><span style=\"font-family: Arial, serif;\"><span lang=\"gl-ES\"> Endesa Educa, un diploma acreditativo deste premio. <\/span><\/span><span style=\"font-family: Arial, serif;\"><span lang=\"gl-ES\">O profesorado tam\u00e9n recibiu un p<\/span><\/span><span style=\"font-family: Arial, serif;\"><span lang=\"gl-ES\">or guiar aos alumnos e alumnas neste proxecto. Pais e nais acudiron tam\u00e9n a esta entrega para acompa\u00f1ar aos seus fillos e fillas a recibir este premo tan especial.<\/span><\/span><\/span><\/p>\n<p class=\"western\" align=\"left\"><span style=\"font-family: Arial, serif; color: #000000;\"><span lang=\"gl-ES\">Durante o resto da ma\u00f1\u00e1, o alumnado desfrutou duns obradoiros de ciencia preparados pola Fundaci\u00f3n Endesa nos que seguiron aprendendo sobre a enerx\u00eda.<\/span><\/span><\/p>\n<p align=\"left\"><img decoding=\"async\" loading=\"lazy\" class=\"aligncenter  wp-image-32694\" src=\"https:\/\/www.aguarda.es\/wp-content\/uploads\/2025\/06\/entrega-premio-ENDESA-colexio-san-jose-2.jpeg\" alt=\"\" width=\"584\" height=\"438\" srcset=\"https:\/\/www.aguarda.es\/wp-content\/uploads\/2025\/06\/entrega-premio-ENDESA-colexio-san-jose-2.jpeg 2048w, https:\/\/www.aguarda.es\/wp-content\/uploads\/2025\/06\/entrega-premio-ENDESA-colexio-san-jose-2-300x225.jpeg 300w, https:\/\/www.aguarda.es\/wp-content\/uploads\/2025\/06\/entrega-premio-ENDESA-colexio-san-jose-2-1024x768.jpeg 1024w, https:\/\/www.aguarda.es\/wp-content\/uploads\/2025\/06\/entrega-premio-ENDESA-colexio-san-jose-2-768x576.jpeg 768w, https:\/\/www.aguarda.es\/wp-content\/uploads\/2025\/06\/entrega-premio-ENDESA-colexio-san-jose-2-1536x1152.jpeg 1536w\" sizes=\"(max-width: 584px) 100vw, 584px\" \/><\/p>\n","protected":false},"excerpt":{"rendered":"<p>O colexio San Jos\u00e9 recibiu esta ma\u00f1\u00e1 o 2\u00ba Premio Nacional de Endesa Educa polo seu proxecto \u201cSalvar o mundo\u201d, realizado polo alumnado de 3\u00ba e 4\u00ba de Educaci\u00f3n Primaria. \u201c\u00c9 para sentirnos orgullosos da educaci\u00f3n que reciben estes nenos &hellip; <\/p>\n","protected":false},"author":2,"featured_media":32692,"comment_status":"closed","ping_status":"closed","sticky":false,"template":"","format":"standard","meta":[],"categories":[37,363],"tags":[],"yoast_head":"<!-- This site is optimized with the Yoast SEO plugin v21.1 - https:\/\/yoast.com\/wordpress\/plugins\/seo\/ -->\n<title>O Colexio San Jos\u00e9 da Guarda recibe o 2\u00ba Premio Nacional de Endesa Educa - Concello da Guarda<\/title>\n<meta name=\"description\" content=\"O colexio San Jos\u00e9 recibiu esta ma\u00f1\u00e1 o 2\u00ba Premio Nacional de Endesa Educa polo seu proxecto \u201cSalvar o mundo\u201d, realizado polo alumnado de 3.\" \/>\n<meta name=\"robots\" content=\"index, follow, max-snippet:-1, max-image-preview:large, max-video-preview:-1\" \/>\n<link rel=\"canonical\" href=\"https:\/\/www.aguarda.es\/en\/o-colexio-san-jose-da-guarda-recibe-o-2o-premio-nacional-de-endesa-educa\/\" \/>\n<meta property=\"og:locale\" content=\"en_US\" \/>\n<meta property=\"og:type\" content=\"article\" \/>\n<meta property=\"og:title\" content=\"O Colexio San Jos\u00e9 da Guarda recibe o 2\u00ba Premio Nacional de Endesa Educa - Concello da Guarda\" \/>\n<meta property=\"og:description\" content=\"O colexio San Jos\u00e9 recibiu esta ma\u00f1\u00e1 o 2\u00ba Premio Nacional de Endesa Educa polo seu proxecto \u201cSalvar o mundo\u201d, realizado polo alumnado de 3.\" \/>\n<meta property=\"og:url\" content=\"https:\/\/www.aguarda.es\/en\/o-colexio-san-jose-da-guarda-recibe-o-2o-premio-nacional-de-endesa-educa\/\" \/>\n<meta property=\"og:site_name\" content=\"Concello da Guarda\" \/>\n<meta property=\"article:publisher\" content=\"https:\/\/www.facebook.com\/ConcellodaGuarda\" \/>\n<meta property=\"article:published_time\" content=\"2025-06-17T11:39:13+00:00\" \/>\n<meta property=\"og:image\" content=\"https:\/\/www.aguarda.es\/wp-content\/uploads\/2025\/06\/entrega-premio-ENDESA-colexio-san-jose-3.jpeg?_t=1750160354\" \/>\n\t<meta property=\"og:image:width\" content=\"2048\" \/>\n\t<meta property=\"og:image:height\" content=\"1536\" \/>\n\t<meta property=\"og:image:type\" content=\"image\/jpeg\" \/>\n<meta name=\"author\" content=\"prensa\" \/>\n<meta name=\"twitter:card\" content=\"summary_large_image\" \/>\n<meta name=\"twitter:creator\" content=\"@AGuarda_es\" \/>\n<meta name=\"twitter:site\" content=\"@AGuarda_es\" \/>\n<meta name=\"twitter:label1\" content=\"Written by\" \/>\n\t<meta name=\"twitter:data1\" content=\"prensa\" \/>\n\t<meta name=\"twitter:label2\" content=\"Est. reading time\" \/>\n\t<meta name=\"twitter:data2\" content=\"2 minutes\" \/>\n<script type=\"application\/ld+json\" class=\"yoast-schema-graph\">{\"@context\":\"https:\/\/schema.org\",\"@graph\":[{\"@type\":\"WebPage\",\"@id\":\"https:\/\/www.aguarda.es\/en\/o-colexio-san-jose-da-guarda-recibe-o-2o-premio-nacional-de-endesa-educa\/\",\"url\":\"https:\/\/www.aguarda.es\/en\/o-colexio-san-jose-da-guarda-recibe-o-2o-premio-nacional-de-endesa-educa\/\",\"name\":\"O Colexio San Jos\u00e9 da Guarda recibe o 2\u00ba Premio Nacional de Endesa Educa - Concello da Guarda\",\"isPartOf\":{\"@id\":\"https:\/\/www.aguarda.es\/en\/#website\"},\"datePublished\":\"2025-06-17T11:39:13+00:00\",\"dateModified\":\"2025-06-17T11:39:13+00:00\",\"author\":{\"@id\":\"https:\/\/www.aguarda.es\/en\/#\/schema\/person\/c463ca3006858ffb349d11179d044f21\"},\"description\":\"O colexio San Jos\u00e9 recibiu esta ma\u00f1\u00e1 o 2\u00ba Premio Nacional de Endesa Educa polo seu proxecto \u201cSalvar o mundo\u201d, realizado polo alumnado de 3.\",\"breadcrumb\":{\"@id\":\"https:\/\/www.aguarda.es\/en\/o-colexio-san-jose-da-guarda-recibe-o-2o-premio-nacional-de-endesa-educa\/#breadcrumb\"},\"inLanguage\":\"en-US\",\"potentialAction\":[{\"@type\":\"ReadAction\",\"target\":[\"https:\/\/www.aguarda.es\/en\/o-colexio-san-jose-da-guarda-recibe-o-2o-premio-nacional-de-endesa-educa\/\"]}]},{\"@type\":\"BreadcrumbList\",\"@id\":\"https:\/\/www.aguarda.es\/en\/o-colexio-san-jose-da-guarda-recibe-o-2o-premio-nacional-de-endesa-educa\/#breadcrumb\",\"itemListElement\":[{\"@type\":\"ListItem\",\"position\":1,\"name\":\"Portada\",\"item\":\"https:\/\/www.aguarda.es\/en\/\"},{\"@type\":\"ListItem\",\"position\":2,\"name\":\"O Colexio San Jos\u00e9 da Guarda recibe o 2\u00ba Premio Nacional de Endesa Educa\"}]},{\"@type\":\"WebSite\",\"@id\":\"https:\/\/www.aguarda.es\/en\/#website\",\"url\":\"https:\/\/www.aguarda.es\/en\/\",\"name\":\"Concello da Guarda\",\"description\":\"P\u00e1xina web do concello da Guarda\",\"potentialAction\":[{\"@type\":\"SearchAction\",\"target\":{\"@type\":\"EntryPoint\",\"urlTemplate\":\"https:\/\/www.aguarda.es\/en\/?s={search_term_string}\"},\"query-input\":\"required name=search_term_string\"}],\"inLanguage\":\"en-US\"},{\"@type\":\"Person\",\"@id\":\"https:\/\/www.aguarda.es\/en\/#\/schema\/person\/c463ca3006858ffb349d11179d044f21\",\"name\":\"prensa\",\"image\":{\"@type\":\"ImageObject\",\"inLanguage\":\"en-US\",\"@id\":\"https:\/\/www.aguarda.es\/en\/#\/schema\/person\/image\/\",\"url\":\"https:\/\/secure.gravatar.com\/avatar\/5f90ef536b0f98306edf5c7a1135ffa1?s=96&d=mm&r=g\",\"contentUrl\":\"https:\/\/secure.gravatar.com\/avatar\/5f90ef536b0f98306edf5c7a1135ffa1?s=96&d=mm&r=g\",\"caption\":\"prensa\"},\"url\":\"https:\/\/www.aguarda.es\/en\/author\/prensa\/\"}]}<\/script>\n<!-- \/ Yoast SEO plugin. -->","yoast_head_json":{"title":"O Colexio San Jos\u00e9 da Guarda recibe o 2\u00ba Premio Nacional de Endesa Educa - Concello da Guarda","description":"O colexio San Jos\u00e9 recibiu esta ma\u00f1\u00e1 o 2\u00ba Premio Nacional de Endesa Educa polo seu proxecto \u201cSalvar o mundo\u201d, realizado polo alumnado de 3.","robots":{"index":"index","follow":"follow","max-snippet":"max-snippet:-1","max-image-preview":"max-image-preview:large","max-video-preview":"max-video-preview:-1"},"canonical":"https:\/\/www.aguarda.es\/en\/o-colexio-san-jose-da-guarda-recibe-o-2o-premio-nacional-de-endesa-educa\/","og_locale":"en_US","og_type":"article","og_title":"O Colexio San Jos\u00e9 da Guarda recibe o 2\u00ba Premio Nacional de Endesa Educa - Concello da Guarda","og_description":"O colexio San Jos\u00e9 recibiu esta ma\u00f1\u00e1 o 2\u00ba Premio Nacional de Endesa Educa polo seu proxecto \u201cSalvar o mundo\u201d, realizado polo alumnado de 3.","og_url":"https:\/\/www.aguarda.es\/en\/o-colexio-san-jose-da-guarda-recibe-o-2o-premio-nacional-de-endesa-educa\/","og_site_name":"Concello da Guarda","article_publisher":"https:\/\/www.facebook.com\/ConcellodaGuarda","article_published_time":"2025-06-17T11:39:13+00:00","og_image":[{"width":2048,"height":1536,"url":"https:\/\/www.aguarda.es\/wp-content\/uploads\/2025\/06\/entrega-premio-ENDESA-colexio-san-jose-3.jpeg?_t=1750160354","type":"image\/jpeg"}],"author":"prensa","twitter_card":"summary_large_image","twitter_creator":"@AGuarda_es","twitter_site":"@AGuarda_es","twitter_misc":{"Written by":"prensa","Est. reading time":"2 minutes"},"schema":{"@context":"https:\/\/schema.org","@graph":[{"@type":"WebPage","@id":"https:\/\/www.aguarda.es\/en\/o-colexio-san-jose-da-guarda-recibe-o-2o-premio-nacional-de-endesa-educa\/","url":"https:\/\/www.aguarda.es\/en\/o-colexio-san-jose-da-guarda-recibe-o-2o-premio-nacional-de-endesa-educa\/","name":"O Colexio San Jos\u00e9 da Guarda recibe o 2\u00ba Premio Nacional de Endesa Educa - Concello da Guarda","isPartOf":{"@id":"https:\/\/www.aguarda.es\/en\/#website"},"datePublished":"2025-06-17T11:39:13+00:00","dateModified":"2025-06-17T11:39:13+00:00","author":{"@id":"https:\/\/www.aguarda.es\/en\/#\/schema\/person\/c463ca3006858ffb349d11179d044f21"},"description":"O colexio San Jos\u00e9 recibiu esta ma\u00f1\u00e1 o 2\u00ba Premio Nacional de Endesa Educa polo seu proxecto \u201cSalvar o mundo\u201d, realizado polo alumnado de 3.","breadcrumb":{"@id":"https:\/\/www.aguarda.es\/en\/o-colexio-san-jose-da-guarda-recibe-o-2o-premio-nacional-de-endesa-educa\/#breadcrumb"},"inLanguage":"en-US","potentialAction":[{"@type":"ReadAction","target":["https:\/\/www.aguarda.es\/en\/o-colexio-san-jose-da-guarda-recibe-o-2o-premio-nacional-de-endesa-educa\/"]}]},{"@type":"BreadcrumbList","@id":"https:\/\/www.aguarda.es\/en\/o-colexio-san-jose-da-guarda-recibe-o-2o-premio-nacional-de-endesa-educa\/#breadcrumb","itemListElement":[{"@type":"ListItem","position":1,"name":"Portada","item":"https:\/\/www.aguarda.es\/en\/"},{"@type":"ListItem","position":2,"name":"O Colexio San Jos\u00e9 da Guarda recibe o 2\u00ba Premio Nacional de Endesa Educa"}]},{"@type":"WebSite","@id":"https:\/\/www.aguarda.es\/en\/#website","url":"https:\/\/www.aguarda.es\/en\/","name":"Concello da Guarda","description":"P\u00e1xina web do concello da Guarda","potentialAction":[{"@type":"SearchAction","target":{"@type":"EntryPoint","urlTemplate":"https:\/\/www.aguarda.es\/en\/?s={search_term_string}"},"query-input":"required name=search_term_string"}],"inLanguage":"en-US"},{"@type":"Person","@id":"https:\/\/www.aguarda.es\/en\/#\/schema\/person\/c463ca3006858ffb349d11179d044f21","name":"prensa","image":{"@type":"ImageObject","inLanguage":"en-US","@id":"https:\/\/www.aguarda.es\/en\/#\/schema\/person\/image\/","url":"https:\/\/secure.gravatar.com\/avatar\/5f90ef536b0f98306edf5c7a1135ffa1?s=96&d=mm&r=g","contentUrl":"https:\/\/secure.gravatar.com\/avatar\/5f90ef536b0f98306edf5c7a1135ffa1?s=96&d=mm&r=g","caption":"prensa"},"url":"https:\/\/www.aguarda.es\/en\/author\/prensa\/"}]}},"_links":{"self":[{"href":"https:\/\/www.aguarda.es\/en\/wp-json\/wp\/v2\/posts\/32691"}],"collection":[{"href":"https:\/\/www.aguarda.es\/en\/wp-json\/wp\/v2\/posts"}],"about":[{"href":"https:\/\/www.aguarda.es\/en\/wp-json\/wp\/v2\/types\/post"}],"author":[{"embeddable":true,"href":"https:\/\/www.aguarda.es\/en\/wp-json\/wp\/v2\/users\/2"}],"replies":[{"embeddable":true,"href":"https:\/\/www.aguarda.es\/en\/wp-json\/wp\/v2\/comments?post=32691"}],"version-history":[{"count":2,"href":"https:\/\/www.aguarda.es\/en\/wp-json\/wp\/v2\/posts\/32691\/revisions"}],"predecessor-version":[{"id":32697,"href":"https:\/\/www.aguarda.es\/en\/wp-json\/wp\/v2\/posts\/32691\/revisions\/32697"}],"wp:featuredmedia":[{"embeddable":true,"href":"https:\/\/www.aguarda.es\/en\/wp-json\/wp\/v2\/media\/32692"}],"wp:attachment":[{"href":"https:\/\/www.aguarda.es\/en\/wp-json\/wp\/v2\/media?parent=32691"}],"wp:term":[{"taxonomy":"category","embeddable":true,"href":"https:\/\/www.aguarda.es\/en\/wp-json\/wp\/v2\/categories?post=32691"},{"taxonomy":"post_tag","embeddable":true,"href":"https:\/\/www.aguarda.es\/en\/wp-json\/wp\/v2\/tags?post=32691"}],"curies":[{"name":"wp","href":"https:\/\/api.w.org\/{rel}","templated":true}]}}