{"id":32702,"date":"2025-06-18T11:50:02","date_gmt":"2025-06-18T11:50:02","guid":{"rendered":"https:\/\/www.aguarda.es\/?p=32702"},"modified":"2025-06-18T11:50:02","modified_gmt":"2025-06-18T11:50:02","slug":"musica-e-espectaculos-para-desfrutar-a-festa-da-langosta-en-familia","status":"publish","type":"post","link":"https:\/\/www.aguarda.es\/en\/musica-e-espectaculos-para-desfrutar-a-festa-da-langosta-en-familia\/","title":{"rendered":"M\u00fasica e espect\u00e1culos para desfrutar a Festa da Langosta en familia"},"content":{"rendered":"<p class=\"western\" align=\"left\"><span style=\"color: #000000;\"><span style=\"font-family: Arial, serif;\"><span lang=\"gl-ES\">A <\/span><\/span><span style=\"font-family: Arial, serif;\"><span lang=\"gl-ES\">XXXIII <\/span><\/span><span style=\"font-family: Arial, serif;\"><span lang=\"gl-ES\">Festa da Langosta <\/span><\/span><span style=\"font-family: Arial, serif;\"><span lang=\"gl-ES\">e da Coci\u00f1a Mari\u00f1eira <\/span><\/span><span style=\"font-family: Arial, serif;\"><span lang=\"gl-ES\">traspasa o eido gastron\u00f3mico e ter\u00e1 unha proposta musical e l\u00fadica para achegarse a todos os p\u00fablicos. Haber\u00e1 pasarr\u00faas durante as tres ma\u00f1\u00e1s da festa co<strong> Grupo de Gaitas de Pensionistas e da 3\u00aa Idade, o Treb\u00f3n dos Xidos e A Boalleira<\/strong>, respectivamente.<\/span><\/span><\/span><\/p>\n<p class=\"western\" align=\"left\"><span style=\"color: #000000;\"><span style=\"font-family: Arial, serif;\"><span lang=\"gl-ES\">A m\u00fasica non remata a\u00ed, pois <\/span><\/span><span style=\"font-family: Arial, serif;\"><span lang=\"gl-ES\">o exterior da carpa do porto converterase en escenario de <\/span><\/span><span style=\"font-family: Arial, serif;\"><span lang=\"gl-ES\">tres concertos m\u00e1is. O <strong>venres \u00e1s 22:30h act\u00faa Meigalho<\/strong>, banda do bater\u00eda guard\u00e9s Stewart cunha proposta de tradici\u00f3n galega con elementos da m\u00fasica jazz e rock. Xa o s\u00e1bado, \u00e1s <strong>23:00h a Agrupaci\u00f3n Musical da Guarda<\/strong> ofrecer\u00e1 un concerto moi especial de bandas sonoras polo seu XX aniversario. E para rematar a festa, o domingo \u00e1s<strong> 20:00h o grupo O Sonoro Max\u00edn<\/strong> <\/span><\/span><span style=\"font-family: Arial, serif;\"><span style=\"font-size: medium;\"><span lang=\"gl-ES\">por\u00e1<\/span><\/span><\/span><span style=\"font-family: Arial, serif;\"><span lang=\"gl-ES\"> ritmo de cumbia galega para bailar.<\/span><\/span><\/span><\/p>\n<p class=\"western\" align=\"left\"><span style=\"color: #000000;\"><span style=\"font-family: Arial, serif;\"><span lang=\"gl-ES\">Ademais este ano contamos cun espect\u00e1culo moi diferente e dirixido ao p\u00fablico familiar. Tr\u00e1tase do espect\u00e1culo <strong>\u201cVolando vengo!\u201d de Kanbahiota,<\/strong> catro trapecistas que mesturan humor e acrobacias.<\/span><\/span><span style=\"font-family: Arial, serif;\"><span lang=\"gl-ES\"> Todos e todas poder\u00e1n desfrutar deste espect\u00e1culo no exterior da carpa o <strong>s\u00e1bado \u00e1s 20:00h.<\/strong><\/span><\/span><\/span><\/p>\n<p class=\"western\" align=\"left\"><span style=\"color: #000000;\">\u201c<span style=\"font-family: Arial, serif;\"><span lang=\"gl-ES\">A Festa da Langosta xa vai m\u00e1is al\u00e1 dunha carpa onde comer<\/span><\/span><span style=\"font-family: Arial, serif;\"><span lang=\"gl-ES\">\u201d, manifestaba o alcalde, Roberto Carrero, \u201c<\/span><\/span><span style=\"font-family: Arial, serif;\"><span lang=\"gl-ES\">este ano contamos con moita m\u00fasica, ademais gran parte dela de orixe local, e con espect\u00e1culo para desfrutar en familia dunha fin de semana espectacular<\/span><\/span><span style=\"font-family: Arial, serif;\"><span lang=\"gl-ES\">\u201d.<\/span><\/span><\/span><\/p>\n<p class=\"western\" align=\"left\"><span style=\"color: #000000;\"><span style=\"font-family: Arial, serif;\"><span lang=\"gl-ES\">Durante o s\u00e1bado e domingo haber\u00e1 sa\u00eddas de navegaci\u00f3n co <strong>vol<\/strong><\/span><\/span><strong><span style=\"font-family: Arial, serif;\"><span style=\"font-size: medium;\"><span lang=\"gl-ES\">an<\/span><\/span><\/span><span style=\"font-family: Arial, serif;\"><span lang=\"gl-ES\">teiro Piueiro <\/span><\/span><\/strong><span style=\"font-family: Arial, serif;\"><span lang=\"gl-ES\">tanto pola ma\u00f1\u00e1 (11:00 e 12:00h) como pola tarde (17:00 e 18:00h). A informaci\u00f3n e as reservas estar\u00e1n dispo\u00f1ibles no punto de informaci\u00f3n do interior da carpa. <\/span><\/span><\/span><\/p>\n<p class=\"western\" align=\"left\"><span style=\"color: #000000;\"><span style=\"font-family: Arial, serif;\"><span lang=\"gl-ES\">Como sempre, celebrarase na primeira fin de semana de xullo, os d\u00edas 4, 5 e 6 de xullo, mais trae unha novidade: a festa adi\u00e1ntase ao venres \u00e1s 12:00h da ma\u00f1\u00e1.<\/span><\/span><span style=\"font-family: Arial, serif;\"><span lang=\"gl-ES\"> A\u00ednda que a carpa abrir\u00e1 pola ma\u00f1\u00e1, a inauguraci\u00f3n oficial da festa co preg\u00f3n ser\u00e1 \u00e1s 20:30h.<\/span><\/span> <span style=\"font-family: Arial, serif;\"><span lang=\"gl-ES\">O<\/span><\/span><span style=\"font-family: Arial, serif;\"><span lang=\"gl-ES\"> preg\u00f3n desta 33\u00aa edici\u00f3n volve ao porto da Guarda e conta cun persoeiro de luxo, Rafa Dur\u00e1n. <\/span><\/span><\/span><\/p>\n<p class=\"western\" align=\"left\"><span style=\"color: #000000;\"><span style=\"font-family: Arial, serif;\"><span lang=\"gl-ES\">Nesta edici\u00f3n, o Concello da Guarda ap<\/span><\/span><span style=\"font-family: Arial, serif;\"><span style=\"font-size: medium;\"><span lang=\"gl-ES\">os<\/span><\/span><\/span><span style=\"font-family: Arial, serif;\"><span lang=\"gl-ES\">ta por ampliar a festa tras os excelentes datos de asistencia o ano pasado, cando se venderon m\u00e1is de 700kg de langosta (270kg s\u00f3 o s\u00e1bado ao mediod\u00eda). Deste xeito, ademais do horario, tam\u00e9n se ampl\u00eda a capacidade da carpa ata os 600 comensais para que veci\u00f1os e visitantes, poidan gozar comodamente desta festa.<\/span><\/span><\/span><\/p>\n<p class=\"western\" align=\"left\"><span style=\"color: #000000;\"><span style=\"font-family: Arial, serif;\"><span lang=\"gl-ES\">Polo tanto, unha carpa de 1.200 metros cadrados estar\u00e1 aberta durante os tres d\u00edas da fin de semana no <\/span><\/span><span style=\"font-family: Arial, serif;\"><span style=\"font-size: medium;\"><span lang=\"gl-ES\">p<\/span><\/span><\/span><span style=\"font-family: Arial, serif;\"><span lang=\"gl-ES\">orto da Guarda para desfrutar <\/span><\/span><span style=\"font-family: Arial, serif;\"><span style=\"font-size: medium;\"><span lang=\"gl-ES\">dunha comida excepcional<\/span><\/span><\/span><span style=\"font-family: Arial, serif;\"><span lang=\"gl-ES\">. Entre os m\u00e1is de 20 produtos e pratos mari\u00f1eiros, a langosta segue ser a protagonista e os restaurantes ofrecen a langosta cocida e \u00e1 prancha. Dende a primeira edici\u00f3n a sobremesa estrela que acompa\u00f1a a langosta \u00e9 o rosc\u00f3n de xema, sobremesa t\u00edpica guardesa <\/span><\/span><span style=\"font-family: Arial, serif;\"><span style=\"font-size: medium;\"><span lang=\"gl-ES\">desde hai m\u00e1is de 70 anos<\/span><\/span><\/span><span style=\"font-family: Arial, serif;\"><span lang=\"gl-ES\">.<\/span><\/span><\/span><\/p>\n<p align=\"left\"><img decoding=\"async\" loading=\"lazy\" class=\"aligncenter size-full wp-image-32705\" src=\"https:\/\/www.aguarda.es\/wp-content\/uploads\/2025\/06\/tn_programa-festa-da-langosta-2025_page-0002.jpg\" alt=\"\" width=\"500\" height=\"179\" srcset=\"https:\/\/www.aguarda.es\/wp-content\/uploads\/2025\/06\/tn_programa-festa-da-langosta-2025_page-0002.jpg 500w, https:\/\/www.aguarda.es\/wp-content\/uploads\/2025\/06\/tn_programa-festa-da-langosta-2025_page-0002-300x107.jpg 300w\" sizes=\"(max-width: 500px) 100vw, 500px\" \/><img decoding=\"async\" loading=\"lazy\" class=\"aligncenter  wp-image-32707\" src=\"https:\/\/www.aguarda.es\/wp-content\/uploads\/2025\/06\/tn_programa-festa-da-langosta-2025_page-0001.jpg\" alt=\"\" width=\"489\" height=\"175\" srcset=\"https:\/\/www.aguarda.es\/wp-content\/uploads\/2025\/06\/tn_programa-festa-da-langosta-2025_page-0001.jpg 500w, https:\/\/www.aguarda.es\/wp-content\/uploads\/2025\/06\/tn_programa-festa-da-langosta-2025_page-0001-300x107.jpg 300w\" sizes=\"(max-width: 489px) 100vw, 489px\" \/><\/p>\n","protected":false},"excerpt":{"rendered":"<p>A XXXIII Festa da Langosta e da Coci\u00f1a Mari\u00f1eira traspasa o eido gastron\u00f3mico e ter\u00e1 unha proposta musical e l\u00fadica para achegarse a todos os p\u00fablicos. Haber\u00e1 pasarr\u00faas durante as tres ma\u00f1\u00e1s da festa co Grupo de Gaitas de Pensionistas &hellip; <\/p>\n","protected":false},"author":2,"featured_media":32703,"comment_status":"closed","ping_status":"closed","sticky":false,"template":"","format":"standard","meta":[],"categories":[56,363],"tags":[],"yoast_head":"<!-- This site is optimized with the Yoast SEO plugin v21.1 - https:\/\/yoast.com\/wordpress\/plugins\/seo\/ -->\n<title>M\u00fasica e espect\u00e1culos para desfrutar a Festa da Langosta en familia - Concello da Guarda<\/title>\n<meta name=\"description\" content=\"A XXXIII Festa da Langosta e da Coci\u00f1a Mari\u00f1eira traspasa o eido gastron\u00f3mico e ter\u00e1 unha proposta musical e l\u00fadica para achegarse a todos\" \/>\n<meta name=\"robots\" content=\"index, follow, max-snippet:-1, max-image-preview:large, max-video-preview:-1\" \/>\n<link rel=\"canonical\" href=\"https:\/\/www.aguarda.es\/en\/musica-e-espectaculos-para-desfrutar-a-festa-da-langosta-en-familia\/\" \/>\n<meta property=\"og:locale\" content=\"en_US\" \/>\n<meta property=\"og:type\" content=\"article\" \/>\n<meta property=\"og:title\" content=\"M\u00fasica e espect\u00e1culos para desfrutar a Festa da Langosta en familia - Concello da Guarda\" \/>\n<meta property=\"og:description\" content=\"A XXXIII Festa da Langosta e da Coci\u00f1a Mari\u00f1eira traspasa o eido gastron\u00f3mico e ter\u00e1 unha proposta musical e l\u00fadica para achegarse a todos\" \/>\n<meta property=\"og:url\" content=\"https:\/\/www.aguarda.es\/en\/musica-e-espectaculos-para-desfrutar-a-festa-da-langosta-en-familia\/\" \/>\n<meta property=\"og:site_name\" content=\"Concello da Guarda\" \/>\n<meta property=\"article:publisher\" content=\"https:\/\/www.facebook.com\/ConcellodaGuarda\" \/>\n<meta property=\"article:published_time\" content=\"2025-06-18T11:50:02+00:00\" \/>\n<meta property=\"og:image\" content=\"https:\/\/www.aguarda.es\/wp-content\/uploads\/2025\/06\/PRESENTACION-PROGRAMA-LANGOSTA-2.jpeg?_t=1750247403\" \/>\n\t<meta property=\"og:image:width\" content=\"2040\" \/>\n\t<meta property=\"og:image:height\" content=\"1148\" \/>\n\t<meta property=\"og:image:type\" content=\"image\/jpeg\" \/>\n<meta name=\"author\" content=\"prensa\" \/>\n<meta name=\"twitter:card\" content=\"summary_large_image\" \/>\n<meta name=\"twitter:creator\" content=\"@AGuarda_es\" \/>\n<meta name=\"twitter:site\" content=\"@AGuarda_es\" \/>\n<meta name=\"twitter:label1\" content=\"Written by\" \/>\n\t<meta name=\"twitter:data1\" content=\"prensa\" \/>\n\t<meta name=\"twitter:label2\" content=\"Est. reading time\" \/>\n\t<meta name=\"twitter:data2\" content=\"3 minutes\" \/>\n<script type=\"application\/ld+json\" class=\"yoast-schema-graph\">{\"@context\":\"https:\/\/schema.org\",\"@graph\":[{\"@type\":\"WebPage\",\"@id\":\"https:\/\/www.aguarda.es\/en\/musica-e-espectaculos-para-desfrutar-a-festa-da-langosta-en-familia\/\",\"url\":\"https:\/\/www.aguarda.es\/en\/musica-e-espectaculos-para-desfrutar-a-festa-da-langosta-en-familia\/\",\"name\":\"M\u00fasica e espect\u00e1culos para desfrutar a Festa da Langosta en familia - Concello da Guarda\",\"isPartOf\":{\"@id\":\"https:\/\/www.aguarda.es\/en\/#website\"},\"datePublished\":\"2025-06-18T11:50:02+00:00\",\"dateModified\":\"2025-06-18T11:50:02+00:00\",\"author\":{\"@id\":\"https:\/\/www.aguarda.es\/en\/#\/schema\/person\/c463ca3006858ffb349d11179d044f21\"},\"description\":\"A XXXIII Festa da Langosta e da Coci\u00f1a Mari\u00f1eira traspasa o eido gastron\u00f3mico e ter\u00e1 unha proposta musical e l\u00fadica para achegarse a todos\",\"breadcrumb\":{\"@id\":\"https:\/\/www.aguarda.es\/en\/musica-e-espectaculos-para-desfrutar-a-festa-da-langosta-en-familia\/#breadcrumb\"},\"inLanguage\":\"en-US\",\"potentialAction\":[{\"@type\":\"ReadAction\",\"target\":[\"https:\/\/www.aguarda.es\/en\/musica-e-espectaculos-para-desfrutar-a-festa-da-langosta-en-familia\/\"]}]},{\"@type\":\"BreadcrumbList\",\"@id\":\"https:\/\/www.aguarda.es\/en\/musica-e-espectaculos-para-desfrutar-a-festa-da-langosta-en-familia\/#breadcrumb\",\"itemListElement\":[{\"@type\":\"ListItem\",\"position\":1,\"name\":\"Portada\",\"item\":\"https:\/\/www.aguarda.es\/en\/\"},{\"@type\":\"ListItem\",\"position\":2,\"name\":\"M\u00fasica e espect\u00e1culos para desfrutar a Festa da Langosta en familia\"}]},{\"@type\":\"WebSite\",\"@id\":\"https:\/\/www.aguarda.es\/en\/#website\",\"url\":\"https:\/\/www.aguarda.es\/en\/\",\"name\":\"Concello da Guarda\",\"description\":\"P\u00e1xina web do concello da Guarda\",\"potentialAction\":[{\"@type\":\"SearchAction\",\"target\":{\"@type\":\"EntryPoint\",\"urlTemplate\":\"https:\/\/www.aguarda.es\/en\/?s={search_term_string}\"},\"query-input\":\"required name=search_term_string\"}],\"inLanguage\":\"en-US\"},{\"@type\":\"Person\",\"@id\":\"https:\/\/www.aguarda.es\/en\/#\/schema\/person\/c463ca3006858ffb349d11179d044f21\",\"name\":\"prensa\",\"image\":{\"@type\":\"ImageObject\",\"inLanguage\":\"en-US\",\"@id\":\"https:\/\/www.aguarda.es\/en\/#\/schema\/person\/image\/\",\"url\":\"https:\/\/secure.gravatar.com\/avatar\/5f90ef536b0f98306edf5c7a1135ffa1?s=96&d=mm&r=g\",\"contentUrl\":\"https:\/\/secure.gravatar.com\/avatar\/5f90ef536b0f98306edf5c7a1135ffa1?s=96&d=mm&r=g\",\"caption\":\"prensa\"},\"url\":\"https:\/\/www.aguarda.es\/en\/author\/prensa\/\"}]}<\/script>\n<!-- \/ Yoast SEO plugin. -->","yoast_head_json":{"title":"M\u00fasica e espect\u00e1culos para desfrutar a Festa da Langosta en familia - Concello da Guarda","description":"A XXXIII Festa da Langosta e da Coci\u00f1a Mari\u00f1eira traspasa o eido gastron\u00f3mico e ter\u00e1 unha proposta musical e l\u00fadica para achegarse a todos","robots":{"index":"index","follow":"follow","max-snippet":"max-snippet:-1","max-image-preview":"max-image-preview:large","max-video-preview":"max-video-preview:-1"},"canonical":"https:\/\/www.aguarda.es\/en\/musica-e-espectaculos-para-desfrutar-a-festa-da-langosta-en-familia\/","og_locale":"en_US","og_type":"article","og_title":"M\u00fasica e espect\u00e1culos para desfrutar a Festa da Langosta en familia - Concello da Guarda","og_description":"A XXXIII Festa da Langosta e da Coci\u00f1a Mari\u00f1eira traspasa o eido gastron\u00f3mico e ter\u00e1 unha proposta musical e l\u00fadica para achegarse a todos","og_url":"https:\/\/www.aguarda.es\/en\/musica-e-espectaculos-para-desfrutar-a-festa-da-langosta-en-familia\/","og_site_name":"Concello da Guarda","article_publisher":"https:\/\/www.facebook.com\/ConcellodaGuarda","article_published_time":"2025-06-18T11:50:02+00:00","og_image":[{"width":2040,"height":1148,"url":"https:\/\/www.aguarda.es\/wp-content\/uploads\/2025\/06\/PRESENTACION-PROGRAMA-LANGOSTA-2.jpeg?_t=1750247403","type":"image\/jpeg"}],"author":"prensa","twitter_card":"summary_large_image","twitter_creator":"@AGuarda_es","twitter_site":"@AGuarda_es","twitter_misc":{"Written by":"prensa","Est. reading time":"3 minutes"},"schema":{"@context":"https:\/\/schema.org","@graph":[{"@type":"WebPage","@id":"https:\/\/www.aguarda.es\/en\/musica-e-espectaculos-para-desfrutar-a-festa-da-langosta-en-familia\/","url":"https:\/\/www.aguarda.es\/en\/musica-e-espectaculos-para-desfrutar-a-festa-da-langosta-en-familia\/","name":"M\u00fasica e espect\u00e1culos para desfrutar a Festa da Langosta en familia - Concello da Guarda","isPartOf":{"@id":"https:\/\/www.aguarda.es\/en\/#website"},"datePublished":"2025-06-18T11:50:02+00:00","dateModified":"2025-06-18T11:50:02+00:00","author":{"@id":"https:\/\/www.aguarda.es\/en\/#\/schema\/person\/c463ca3006858ffb349d11179d044f21"},"description":"A XXXIII Festa da Langosta e da Coci\u00f1a Mari\u00f1eira traspasa o eido gastron\u00f3mico e ter\u00e1 unha proposta musical e l\u00fadica para achegarse a todos","breadcrumb":{"@id":"https:\/\/www.aguarda.es\/en\/musica-e-espectaculos-para-desfrutar-a-festa-da-langosta-en-familia\/#breadcrumb"},"inLanguage":"en-US","potentialAction":[{"@type":"ReadAction","target":["https:\/\/www.aguarda.es\/en\/musica-e-espectaculos-para-desfrutar-a-festa-da-langosta-en-familia\/"]}]},{"@type":"BreadcrumbList","@id":"https:\/\/www.aguarda.es\/en\/musica-e-espectaculos-para-desfrutar-a-festa-da-langosta-en-familia\/#breadcrumb","itemListElement":[{"@type":"ListItem","position":1,"name":"Portada","item":"https:\/\/www.aguarda.es\/en\/"},{"@type":"ListItem","position":2,"name":"M\u00fasica e espect\u00e1culos para desfrutar a Festa da Langosta en familia"}]},{"@type":"WebSite","@id":"https:\/\/www.aguarda.es\/en\/#website","url":"https:\/\/www.aguarda.es\/en\/","name":"Concello da Guarda","description":"P\u00e1xina web do concello da Guarda","potentialAction":[{"@type":"SearchAction","target":{"@type":"EntryPoint","urlTemplate":"https:\/\/www.aguarda.es\/en\/?s={search_term_string}"},"query-input":"required name=search_term_string"}],"inLanguage":"en-US"},{"@type":"Person","@id":"https:\/\/www.aguarda.es\/en\/#\/schema\/person\/c463ca3006858ffb349d11179d044f21","name":"prensa","image":{"@type":"ImageObject","inLanguage":"en-US","@id":"https:\/\/www.aguarda.es\/en\/#\/schema\/person\/image\/","url":"https:\/\/secure.gravatar.com\/avatar\/5f90ef536b0f98306edf5c7a1135ffa1?s=96&d=mm&r=g","contentUrl":"https:\/\/secure.gravatar.com\/avatar\/5f90ef536b0f98306edf5c7a1135ffa1?s=96&d=mm&r=g","caption":"prensa"},"url":"https:\/\/www.aguarda.es\/en\/author\/prensa\/"}]}},"_links":{"self":[{"href":"https:\/\/www.aguarda.es\/en\/wp-json\/wp\/v2\/posts\/32702"}],"collection":[{"href":"https:\/\/www.aguarda.es\/en\/wp-json\/wp\/v2\/posts"}],"about":[{"href":"https:\/\/www.aguarda.es\/en\/wp-json\/wp\/v2\/types\/post"}],"author":[{"embeddable":true,"href":"https:\/\/www.aguarda.es\/en\/wp-json\/wp\/v2\/users\/2"}],"replies":[{"embeddable":true,"href":"https:\/\/www.aguarda.es\/en\/wp-json\/wp\/v2\/comments?post=32702"}],"version-history":[{"count":1,"href":"https:\/\/www.aguarda.es\/en\/wp-json\/wp\/v2\/posts\/32702\/revisions"}],"predecessor-version":[{"id":32709,"href":"https:\/\/www.aguarda.es\/en\/wp-json\/wp\/v2\/posts\/32702\/revisions\/32709"}],"wp:featuredmedia":[{"embeddable":true,"href":"https:\/\/www.aguarda.es\/en\/wp-json\/wp\/v2\/media\/32703"}],"wp:attachment":[{"href":"https:\/\/www.aguarda.es\/en\/wp-json\/wp\/v2\/media?parent=32702"}],"wp:term":[{"taxonomy":"category","embeddable":true,"href":"https:\/\/www.aguarda.es\/en\/wp-json\/wp\/v2\/categories?post=32702"},{"taxonomy":"post_tag","embeddable":true,"href":"https:\/\/www.aguarda.es\/en\/wp-json\/wp\/v2\/tags?post=32702"}],"curies":[{"name":"wp","href":"https:\/\/api.w.org\/{rel}","templated":true}]}}