{"id":32714,"date":"2025-06-23T08:12:36","date_gmt":"2025-06-23T08:12:36","guid":{"rendered":"https:\/\/www.aguarda.es\/?p=32714"},"modified":"2025-06-19T14:13:11","modified_gmt":"2025-06-19T14:13:11","slug":"o-coro-kaleetan-kantuz-de-eibar-percorrera-as-ruas-guardesas-este-venres","status":"publish","type":"post","link":"https:\/\/www.aguarda.es\/en\/o-coro-kaleetan-kantuz-de-eibar-percorrera-as-ruas-guardesas-este-venres\/","title":{"rendered":"O coro Kaleetan Kantuz de Eibar percorrer\u00e1 as r\u00faas guardesas este venres"},"content":{"rendered":"<p class=\"western\" align=\"left\"><span style=\"color: #000000;\"><span style=\"font-family: Arial, serif;\"><span style=\"font-size: medium;\"><span lang=\"gl-ES\">Este venres temos unha visita moi especial: o coro Kaleetan Kantuz (Eibar, Gipuzkoa), que percorrer\u00e1 as r\u00faas da Guarda. <\/span><\/span><\/span><\/span><\/p>\n<p class=\"western\" align=\"left\"><span style=\"color: #000000;\"><span style=\"font-family: Arial, serif;\"><span style=\"font-size: medium;\"><span lang=\"gl-ES\">Ir\u00e1n enchendo coa s\u00faa m\u00fasica as r\u00faas polas que pasar\u00e1n, desde a praza do Rel\u00f3 e de Avelino Vicente, ata chegar ao porto. Este coro ten como obxectivo recuperar a tradici\u00f3n eibarresa de cantar na r\u00faa ou nos bares, tam\u00e9n co\u00f1ecido como txikiteo ou en Galicia, cantos de taberna.<\/span><\/span><\/span><\/span><\/p>\n<p>Esta agrupaci\u00f3n est\u00e1 formada por uns 40 integrantes interpretando repertorio maioritariamente en euskera e castel\u00e1n, a\u00ednda que durante este curso tam\u00e9n traballaron con canci\u00f3ns galegas e portuguesas.<\/p>\n<p>A s\u00faa directora Iria Mu\u00f1oz de Santiago, incorporase ao frente desta agrupaci\u00f3n en outubro de 2024. Contan cun gran percorrido ao redor do mundo visitando lugares como Estambul, New York, Patagonia arxentina, Alema\u00f1a, e tamen a nivel nacional como o Teatro de Barakaldo ou o Coliseo de Eibar.<\/p>\n<p>Kaleetan Kantuz (en galego, Cantando nas r\u00faas) visitarannos este venres 27 de xu\u00f1o a partir das 19:30h.<\/p>\n","protected":false},"excerpt":{"rendered":"<p>Este venres temos unha visita moi especial: o coro Kaleetan Kantuz (Eibar, Gipuzkoa), que percorrer\u00e1 as r\u00faas da Guarda. Ir\u00e1n enchendo coa s\u00faa m\u00fasica as r\u00faas polas que pasar\u00e1n, desde a praza do Rel\u00f3 e de Avelino Vicente, ata chegar &hellip; <\/p>\n","protected":false},"author":2,"featured_media":32715,"comment_status":"closed","ping_status":"closed","sticky":false,"template":"","format":"standard","meta":[],"categories":[34,363],"tags":[],"yoast_head":"<!-- This site is optimized with the Yoast SEO plugin v21.1 - https:\/\/yoast.com\/wordpress\/plugins\/seo\/ -->\n<title>O coro Kaleetan Kantuz de Eibar percorrer\u00e1 as r\u00faas guardesas este venres - Concello da Guarda<\/title>\n<meta name=\"description\" content=\"Este venres temos unha visita moi especial: o coro Kaleetan Kantuz (Eibar, Gipuzkoa), que percorrer\u00e1 as r\u00faas da Guarda.\" \/>\n<meta name=\"robots\" content=\"index, follow, max-snippet:-1, max-image-preview:large, max-video-preview:-1\" \/>\n<link rel=\"canonical\" href=\"https:\/\/www.aguarda.es\/en\/o-coro-kaleetan-kantuz-de-eibar-percorrera-as-ruas-guardesas-este-venres\/\" \/>\n<meta property=\"og:locale\" content=\"en_US\" \/>\n<meta property=\"og:type\" content=\"article\" \/>\n<meta property=\"og:title\" content=\"O coro Kaleetan Kantuz de Eibar percorrer\u00e1 as r\u00faas guardesas este venres - Concello da Guarda\" \/>\n<meta property=\"og:description\" content=\"Este venres temos unha visita moi especial: o coro Kaleetan Kantuz (Eibar, Gipuzkoa), que percorrer\u00e1 as r\u00faas da Guarda.\" \/>\n<meta property=\"og:url\" content=\"https:\/\/www.aguarda.es\/en\/o-coro-kaleetan-kantuz-de-eibar-percorrera-as-ruas-guardesas-este-venres\/\" \/>\n<meta property=\"og:site_name\" content=\"Concello da Guarda\" \/>\n<meta property=\"article:publisher\" content=\"https:\/\/www.facebook.com\/ConcellodaGuarda\" \/>\n<meta property=\"article:published_time\" content=\"2025-06-23T08:12:36+00:00\" \/>\n<meta property=\"article:modified_time\" content=\"2025-06-19T14:13:11+00:00\" \/>\n<meta property=\"og:image\" content=\"https:\/\/www.aguarda.es\/wp-content\/uploads\/2025\/06\/coro-eibar-redes.jpg\" \/>\n\t<meta property=\"og:image:width\" content=\"1080\" \/>\n\t<meta property=\"og:image:height\" content=\"1350\" \/>\n\t<meta property=\"og:image:type\" content=\"image\/jpeg\" \/>\n<meta name=\"author\" content=\"prensa\" \/>\n<meta name=\"twitter:card\" content=\"summary_large_image\" \/>\n<meta name=\"twitter:creator\" content=\"@AGuarda_es\" \/>\n<meta name=\"twitter:site\" content=\"@AGuarda_es\" \/>\n<meta name=\"twitter:label1\" content=\"Written by\" \/>\n\t<meta name=\"twitter:data1\" content=\"prensa\" \/>\n\t<meta name=\"twitter:label2\" content=\"Est. reading time\" \/>\n\t<meta name=\"twitter:data2\" content=\"1 minute\" \/>\n<script type=\"application\/ld+json\" class=\"yoast-schema-graph\">{\"@context\":\"https:\/\/schema.org\",\"@graph\":[{\"@type\":\"WebPage\",\"@id\":\"https:\/\/www.aguarda.es\/en\/o-coro-kaleetan-kantuz-de-eibar-percorrera-as-ruas-guardesas-este-venres\/\",\"url\":\"https:\/\/www.aguarda.es\/en\/o-coro-kaleetan-kantuz-de-eibar-percorrera-as-ruas-guardesas-este-venres\/\",\"name\":\"O coro Kaleetan Kantuz de Eibar percorrer\u00e1 as r\u00faas guardesas este venres - Concello da Guarda\",\"isPartOf\":{\"@id\":\"https:\/\/www.aguarda.es\/en\/#website\"},\"datePublished\":\"2025-06-23T08:12:36+00:00\",\"dateModified\":\"2025-06-19T14:13:11+00:00\",\"author\":{\"@id\":\"https:\/\/www.aguarda.es\/en\/#\/schema\/person\/c463ca3006858ffb349d11179d044f21\"},\"description\":\"Este venres temos unha visita moi especial: o coro Kaleetan Kantuz (Eibar, Gipuzkoa), que percorrer\u00e1 as r\u00faas da Guarda.\",\"breadcrumb\":{\"@id\":\"https:\/\/www.aguarda.es\/en\/o-coro-kaleetan-kantuz-de-eibar-percorrera-as-ruas-guardesas-este-venres\/#breadcrumb\"},\"inLanguage\":\"en-US\",\"potentialAction\":[{\"@type\":\"ReadAction\",\"target\":[\"https:\/\/www.aguarda.es\/en\/o-coro-kaleetan-kantuz-de-eibar-percorrera-as-ruas-guardesas-este-venres\/\"]}]},{\"@type\":\"BreadcrumbList\",\"@id\":\"https:\/\/www.aguarda.es\/en\/o-coro-kaleetan-kantuz-de-eibar-percorrera-as-ruas-guardesas-este-venres\/#breadcrumb\",\"itemListElement\":[{\"@type\":\"ListItem\",\"position\":1,\"name\":\"Portada\",\"item\":\"https:\/\/www.aguarda.es\/en\/\"},{\"@type\":\"ListItem\",\"position\":2,\"name\":\"O coro Kaleetan Kantuz de Eibar percorrer\u00e1 as r\u00faas guardesas este venres\"}]},{\"@type\":\"WebSite\",\"@id\":\"https:\/\/www.aguarda.es\/en\/#website\",\"url\":\"https:\/\/www.aguarda.es\/en\/\",\"name\":\"Concello da Guarda\",\"description\":\"P\u00e1xina web do concello da Guarda\",\"potentialAction\":[{\"@type\":\"SearchAction\",\"target\":{\"@type\":\"EntryPoint\",\"urlTemplate\":\"https:\/\/www.aguarda.es\/en\/?s={search_term_string}\"},\"query-input\":\"required name=search_term_string\"}],\"inLanguage\":\"en-US\"},{\"@type\":\"Person\",\"@id\":\"https:\/\/www.aguarda.es\/en\/#\/schema\/person\/c463ca3006858ffb349d11179d044f21\",\"name\":\"prensa\",\"image\":{\"@type\":\"ImageObject\",\"inLanguage\":\"en-US\",\"@id\":\"https:\/\/www.aguarda.es\/en\/#\/schema\/person\/image\/\",\"url\":\"https:\/\/secure.gravatar.com\/avatar\/5f90ef536b0f98306edf5c7a1135ffa1?s=96&d=mm&r=g\",\"contentUrl\":\"https:\/\/secure.gravatar.com\/avatar\/5f90ef536b0f98306edf5c7a1135ffa1?s=96&d=mm&r=g\",\"caption\":\"prensa\"},\"url\":\"https:\/\/www.aguarda.es\/en\/author\/prensa\/\"}]}<\/script>\n<!-- \/ Yoast SEO plugin. -->","yoast_head_json":{"title":"O coro Kaleetan Kantuz de Eibar percorrer\u00e1 as r\u00faas guardesas este venres - Concello da Guarda","description":"Este venres temos unha visita moi especial: o coro Kaleetan Kantuz (Eibar, Gipuzkoa), que percorrer\u00e1 as r\u00faas da Guarda.","robots":{"index":"index","follow":"follow","max-snippet":"max-snippet:-1","max-image-preview":"max-image-preview:large","max-video-preview":"max-video-preview:-1"},"canonical":"https:\/\/www.aguarda.es\/en\/o-coro-kaleetan-kantuz-de-eibar-percorrera-as-ruas-guardesas-este-venres\/","og_locale":"en_US","og_type":"article","og_title":"O coro Kaleetan Kantuz de Eibar percorrer\u00e1 as r\u00faas guardesas este venres - Concello da Guarda","og_description":"Este venres temos unha visita moi especial: o coro Kaleetan Kantuz (Eibar, Gipuzkoa), que percorrer\u00e1 as r\u00faas da Guarda.","og_url":"https:\/\/www.aguarda.es\/en\/o-coro-kaleetan-kantuz-de-eibar-percorrera-as-ruas-guardesas-este-venres\/","og_site_name":"Concello da Guarda","article_publisher":"https:\/\/www.facebook.com\/ConcellodaGuarda","article_published_time":"2025-06-23T08:12:36+00:00","article_modified_time":"2025-06-19T14:13:11+00:00","og_image":[{"width":1080,"height":1350,"url":"https:\/\/www.aguarda.es\/wp-content\/uploads\/2025\/06\/coro-eibar-redes.jpg","type":"image\/jpeg"}],"author":"prensa","twitter_card":"summary_large_image","twitter_creator":"@AGuarda_es","twitter_site":"@AGuarda_es","twitter_misc":{"Written by":"prensa","Est. reading time":"1 minute"},"schema":{"@context":"https:\/\/schema.org","@graph":[{"@type":"WebPage","@id":"https:\/\/www.aguarda.es\/en\/o-coro-kaleetan-kantuz-de-eibar-percorrera-as-ruas-guardesas-este-venres\/","url":"https:\/\/www.aguarda.es\/en\/o-coro-kaleetan-kantuz-de-eibar-percorrera-as-ruas-guardesas-este-venres\/","name":"O coro Kaleetan Kantuz de Eibar percorrer\u00e1 as r\u00faas guardesas este venres - Concello da Guarda","isPartOf":{"@id":"https:\/\/www.aguarda.es\/en\/#website"},"datePublished":"2025-06-23T08:12:36+00:00","dateModified":"2025-06-19T14:13:11+00:00","author":{"@id":"https:\/\/www.aguarda.es\/en\/#\/schema\/person\/c463ca3006858ffb349d11179d044f21"},"description":"Este venres temos unha visita moi especial: o coro Kaleetan Kantuz (Eibar, Gipuzkoa), que percorrer\u00e1 as r\u00faas da Guarda.","breadcrumb":{"@id":"https:\/\/www.aguarda.es\/en\/o-coro-kaleetan-kantuz-de-eibar-percorrera-as-ruas-guardesas-este-venres\/#breadcrumb"},"inLanguage":"en-US","potentialAction":[{"@type":"ReadAction","target":["https:\/\/www.aguarda.es\/en\/o-coro-kaleetan-kantuz-de-eibar-percorrera-as-ruas-guardesas-este-venres\/"]}]},{"@type":"BreadcrumbList","@id":"https:\/\/www.aguarda.es\/en\/o-coro-kaleetan-kantuz-de-eibar-percorrera-as-ruas-guardesas-este-venres\/#breadcrumb","itemListElement":[{"@type":"ListItem","position":1,"name":"Portada","item":"https:\/\/www.aguarda.es\/en\/"},{"@type":"ListItem","position":2,"name":"O coro Kaleetan Kantuz de Eibar percorrer\u00e1 as r\u00faas guardesas este venres"}]},{"@type":"WebSite","@id":"https:\/\/www.aguarda.es\/en\/#website","url":"https:\/\/www.aguarda.es\/en\/","name":"Concello da Guarda","description":"P\u00e1xina web do concello da Guarda","potentialAction":[{"@type":"SearchAction","target":{"@type":"EntryPoint","urlTemplate":"https:\/\/www.aguarda.es\/en\/?s={search_term_string}"},"query-input":"required name=search_term_string"}],"inLanguage":"en-US"},{"@type":"Person","@id":"https:\/\/www.aguarda.es\/en\/#\/schema\/person\/c463ca3006858ffb349d11179d044f21","name":"prensa","image":{"@type":"ImageObject","inLanguage":"en-US","@id":"https:\/\/www.aguarda.es\/en\/#\/schema\/person\/image\/","url":"https:\/\/secure.gravatar.com\/avatar\/5f90ef536b0f98306edf5c7a1135ffa1?s=96&d=mm&r=g","contentUrl":"https:\/\/secure.gravatar.com\/avatar\/5f90ef536b0f98306edf5c7a1135ffa1?s=96&d=mm&r=g","caption":"prensa"},"url":"https:\/\/www.aguarda.es\/en\/author\/prensa\/"}]}},"_links":{"self":[{"href":"https:\/\/www.aguarda.es\/en\/wp-json\/wp\/v2\/posts\/32714"}],"collection":[{"href":"https:\/\/www.aguarda.es\/en\/wp-json\/wp\/v2\/posts"}],"about":[{"href":"https:\/\/www.aguarda.es\/en\/wp-json\/wp\/v2\/types\/post"}],"author":[{"embeddable":true,"href":"https:\/\/www.aguarda.es\/en\/wp-json\/wp\/v2\/users\/2"}],"replies":[{"embeddable":true,"href":"https:\/\/www.aguarda.es\/en\/wp-json\/wp\/v2\/comments?post=32714"}],"version-history":[{"count":3,"href":"https:\/\/www.aguarda.es\/en\/wp-json\/wp\/v2\/posts\/32714\/revisions"}],"predecessor-version":[{"id":32746,"href":"https:\/\/www.aguarda.es\/en\/wp-json\/wp\/v2\/posts\/32714\/revisions\/32746"}],"wp:featuredmedia":[{"embeddable":true,"href":"https:\/\/www.aguarda.es\/en\/wp-json\/wp\/v2\/media\/32715"}],"wp:attachment":[{"href":"https:\/\/www.aguarda.es\/en\/wp-json\/wp\/v2\/media?parent=32714"}],"wp:term":[{"taxonomy":"category","embeddable":true,"href":"https:\/\/www.aguarda.es\/en\/wp-json\/wp\/v2\/categories?post=32714"},{"taxonomy":"post_tag","embeddable":true,"href":"https:\/\/www.aguarda.es\/en\/wp-json\/wp\/v2\/tags?post=32714"}],"curies":[{"name":"wp","href":"https:\/\/api.w.org\/{rel}","templated":true}]}}