{"id":32727,"date":"2025-06-20T08:21:05","date_gmt":"2025-06-20T08:21:05","guid":{"rendered":"https:\/\/www.aguarda.es\/?p=32727"},"modified":"2025-06-19T14:25:42","modified_gmt":"2025-06-19T14:25:42","slug":"a-guarda-presenta-un-veran-cheo-de-plans","status":"publish","type":"post","link":"https:\/\/www.aguarda.es\/en\/a-guarda-presenta-un-veran-cheo-de-plans\/","title":{"rendered":"A Guarda presenta un ver\u00e1n cheo de plans"},"content":{"rendered":"<p class=\"western\" align=\"left\"><span style=\"color: #000000;\"><span style=\"font-family: Arial, serif;\"><span style=\"font-size: medium;\"><span lang=\"gl-ES\">Este s\u00e1bado comeza oficialmente o ver\u00e1n e, con el, toda a programaci\u00f3n para a \u00e9poca estival ponse en marcha.<\/span><\/span><\/span><\/span><\/p>\n<p class=\"western\" align=\"left\"><span style=\"color: #000000;\"><span style=\"font-family: Arial, serif;\"><span style=\"font-size: medium;\"><span lang=\"gl-ES\">O Concello da Guarda presenta este ano unha axenda de ver\u00e1n chea de plans para desfrutar con amizades, en familia, de tarde, pola noite&#8230;plans para todos os gustos e idades.<\/span><\/span><\/span><\/span><\/p>\n<p class=\"western\" align=\"left\"><span style=\"color: #000000;\"><span style=\"font-family: Arial, serif;\"><span style=\"font-size: medium;\"><span lang=\"gl-ES\">Durante estes tres meses desfrutaremos de eventos e competici\u00f3ns deportivas de todo tipo, desde o arranque co II Trail Camposancos \u00f3 solpor ata torneos de baloncesto e premios ciclistas. Tam\u00e9n teremos as festas que marcan cada ver\u00e1n dos guardeses e guardesas, como a festa da Virxe do Carme, a Festa do Monte ou a Romer\u00eda de Santa Trega, entre outras.<\/span><\/span><\/span><\/span><\/p>\n<p class=\"western\" align=\"left\"><span style=\"color: #000000;\"><span style=\"font-family: Arial, serif;\"><span style=\"font-size: medium;\"><span lang=\"gl-ES\">A m\u00fasica estar\u00e1 presente todo o ver\u00e1n co programa TocaM\u00fasica, cos ser\u00e1ns e con outros concertos e actuaci\u00f3ns, como o de Roi Casal en agosto. Case sen descanso a Casa dos Alonso acoller\u00e1 diversas exposici\u00f3ns: pinturas, figuras met\u00e1licas, maquetas, \u00f3leos&#8230;<\/span><\/span><\/span><\/span><\/p>\n<p class=\"western\" align=\"left\"><span style=\"color: #000000;\"><span style=\"font-family: Arial, serif;\"><span style=\"font-size: medium;\"><span lang=\"gl-ES\">Xa tedes plans para elixir A Guarda este ver\u00e1n!<\/span><\/span><\/span><\/span><\/p>\n<p align=\"left\"><img decoding=\"async\" loading=\"lazy\" class=\"aligncenter size-full wp-image-32732\" src=\"https:\/\/www.aguarda.es\/wp-content\/uploads\/2025\/06\/AXENDA-1.jpg\" alt=\"\" width=\"634\" height=\"631\" srcset=\"https:\/\/www.aguarda.es\/wp-content\/uploads\/2025\/06\/AXENDA-1.jpg 634w, https:\/\/www.aguarda.es\/wp-content\/uploads\/2025\/06\/AXENDA-1-300x300.jpg 300w, https:\/\/www.aguarda.es\/wp-content\/uploads\/2025\/06\/AXENDA-1-150x150.jpg 150w, https:\/\/www.aguarda.es\/wp-content\/uploads\/2025\/06\/AXENDA-1-100x100.jpg 100w\" sizes=\"(max-width: 634px) 100vw, 634px\" \/><img decoding=\"async\" loading=\"lazy\" class=\"aligncenter size-full wp-image-32734\" src=\"https:\/\/www.aguarda.es\/wp-content\/uploads\/2025\/06\/AXENDA-2.jpg\" alt=\"\" width=\"637\" height=\"633\" srcset=\"https:\/\/www.aguarda.es\/wp-content\/uploads\/2025\/06\/AXENDA-2.jpg 637w, https:\/\/www.aguarda.es\/wp-content\/uploads\/2025\/06\/AXENDA-2-300x298.jpg 300w, https:\/\/www.aguarda.es\/wp-content\/uploads\/2025\/06\/AXENDA-2-150x150.jpg 150w, https:\/\/www.aguarda.es\/wp-content\/uploads\/2025\/06\/AXENDA-2-100x100.jpg 100w\" sizes=\"(max-width: 637px) 100vw, 637px\" \/><img decoding=\"async\" loading=\"lazy\" class=\"aligncenter size-full wp-image-32730\" src=\"https:\/\/www.aguarda.es\/wp-content\/uploads\/2025\/06\/AXENDA-3.jpg\" alt=\"\" width=\"638\" height=\"633\" srcset=\"https:\/\/www.aguarda.es\/wp-content\/uploads\/2025\/06\/AXENDA-3.jpg 638w, https:\/\/www.aguarda.es\/wp-content\/uploads\/2025\/06\/AXENDA-3-300x298.jpg 300w, https:\/\/www.aguarda.es\/wp-content\/uploads\/2025\/06\/AXENDA-3-150x150.jpg 150w, https:\/\/www.aguarda.es\/wp-content\/uploads\/2025\/06\/AXENDA-3-100x100.jpg 100w\" sizes=\"(max-width: 638px) 100vw, 638px\" \/><img decoding=\"async\" loading=\"lazy\" class=\"aligncenter size-full wp-image-32738\" src=\"https:\/\/www.aguarda.es\/wp-content\/uploads\/2025\/06\/AXENDA-4.jpg\" alt=\"\" width=\"630\" height=\"631\" srcset=\"https:\/\/www.aguarda.es\/wp-content\/uploads\/2025\/06\/AXENDA-4.jpg 630w, https:\/\/www.aguarda.es\/wp-content\/uploads\/2025\/06\/AXENDA-4-300x300.jpg 300w, https:\/\/www.aguarda.es\/wp-content\/uploads\/2025\/06\/AXENDA-4-150x150.jpg 150w, https:\/\/www.aguarda.es\/wp-content\/uploads\/2025\/06\/AXENDA-4-100x100.jpg 100w\" sizes=\"(max-width: 630px) 100vw, 630px\" \/><img decoding=\"async\" loading=\"lazy\" class=\"aligncenter size-full wp-image-32740\" src=\"https:\/\/www.aguarda.es\/wp-content\/uploads\/2025\/06\/AXENDA-5.jpg\" alt=\"\" width=\"623\" height=\"632\" srcset=\"https:\/\/www.aguarda.es\/wp-content\/uploads\/2025\/06\/AXENDA-5.jpg 623w, https:\/\/www.aguarda.es\/wp-content\/uploads\/2025\/06\/AXENDA-5-296x300.jpg 296w, https:\/\/www.aguarda.es\/wp-content\/uploads\/2025\/06\/AXENDA-5-100x100.jpg 100w\" sizes=\"(max-width: 623px) 100vw, 623px\" \/><img decoding=\"async\" loading=\"lazy\" class=\"aligncenter size-full wp-image-32736\" src=\"https:\/\/www.aguarda.es\/wp-content\/uploads\/2025\/06\/AXENDA-6.jpg\" alt=\"\" width=\"635\" height=\"635\" srcset=\"https:\/\/www.aguarda.es\/wp-content\/uploads\/2025\/06\/AXENDA-6.jpg 635w, https:\/\/www.aguarda.es\/wp-content\/uploads\/2025\/06\/AXENDA-6-300x300.jpg 300w, https:\/\/www.aguarda.es\/wp-content\/uploads\/2025\/06\/AXENDA-6-150x150.jpg 150w, https:\/\/www.aguarda.es\/wp-content\/uploads\/2025\/06\/AXENDA-6-100x100.jpg 100w\" sizes=\"(max-width: 635px) 100vw, 635px\" \/><\/p>\n","protected":false},"excerpt":{"rendered":"<p>Este s\u00e1bado comeza oficialmente o ver\u00e1n e, con el, toda a programaci\u00f3n para a \u00e9poca estival ponse en marcha. O Concello da Guarda presenta este ano unha axenda de ver\u00e1n chea de plans para desfrutar con amizades, en familia, de &hellip; <\/p>\n","protected":false},"author":2,"featured_media":32728,"comment_status":"closed","ping_status":"closed","sticky":false,"template":"","format":"standard","meta":[],"categories":[34,35,40,41,56,48,363],"tags":[],"yoast_head":"<!-- This site is optimized with the Yoast SEO plugin v21.1 - https:\/\/yoast.com\/wordpress\/plugins\/seo\/ -->\n<title>A Guarda presenta un ver\u00e1n cheo de plans - Concello da Guarda<\/title>\n<meta name=\"description\" content=\"Este s\u00e1bado comeza oficialmente o ver\u00e1n e, con el, toda a programaci\u00f3n para a \u00e9poca estival ponse en marcha.\" \/>\n<meta name=\"robots\" content=\"index, follow, max-snippet:-1, max-image-preview:large, max-video-preview:-1\" \/>\n<link rel=\"canonical\" href=\"https:\/\/www.aguarda.es\/en\/a-guarda-presenta-un-veran-cheo-de-plans\/\" \/>\n<meta property=\"og:locale\" content=\"en_US\" \/>\n<meta property=\"og:type\" content=\"article\" \/>\n<meta property=\"og:title\" content=\"A Guarda presenta un ver\u00e1n cheo de plans - Concello da Guarda\" \/>\n<meta property=\"og:description\" content=\"Este s\u00e1bado comeza oficialmente o ver\u00e1n e, con el, toda a programaci\u00f3n para a \u00e9poca estival ponse en marcha.\" \/>\n<meta property=\"og:url\" content=\"https:\/\/www.aguarda.es\/en\/a-guarda-presenta-un-veran-cheo-de-plans\/\" \/>\n<meta property=\"og:site_name\" content=\"Concello da Guarda\" \/>\n<meta property=\"article:publisher\" content=\"https:\/\/www.facebook.com\/ConcellodaGuarda\" \/>\n<meta property=\"article:published_time\" content=\"2025-06-20T08:21:05+00:00\" \/>\n<meta property=\"article:modified_time\" content=\"2025-06-19T14:25:42+00:00\" \/>\n<meta property=\"og:image\" content=\"https:\/\/www.aguarda.es\/wp-content\/uploads\/2025\/06\/presentacion-axenda-veran.jpeg\" \/>\n\t<meta property=\"og:image:width\" content=\"2034\" \/>\n\t<meta property=\"og:image:height\" content=\"2034\" \/>\n\t<meta property=\"og:image:type\" content=\"image\/jpeg\" \/>\n<meta name=\"author\" content=\"prensa\" \/>\n<meta name=\"twitter:card\" content=\"summary_large_image\" \/>\n<meta name=\"twitter:creator\" content=\"@AGuarda_es\" \/>\n<meta name=\"twitter:site\" content=\"@AGuarda_es\" \/>\n<meta name=\"twitter:label1\" content=\"Written by\" \/>\n\t<meta name=\"twitter:data1\" content=\"prensa\" \/>\n\t<meta name=\"twitter:label2\" content=\"Est. reading time\" \/>\n\t<meta name=\"twitter:data2\" content=\"3 minutes\" \/>\n<script type=\"application\/ld+json\" class=\"yoast-schema-graph\">{\"@context\":\"https:\/\/schema.org\",\"@graph\":[{\"@type\":\"WebPage\",\"@id\":\"https:\/\/www.aguarda.es\/en\/a-guarda-presenta-un-veran-cheo-de-plans\/\",\"url\":\"https:\/\/www.aguarda.es\/en\/a-guarda-presenta-un-veran-cheo-de-plans\/\",\"name\":\"A Guarda presenta un ver\u00e1n cheo de plans - Concello da Guarda\",\"isPartOf\":{\"@id\":\"https:\/\/www.aguarda.es\/en\/#website\"},\"datePublished\":\"2025-06-20T08:21:05+00:00\",\"dateModified\":\"2025-06-19T14:25:42+00:00\",\"author\":{\"@id\":\"https:\/\/www.aguarda.es\/en\/#\/schema\/person\/c463ca3006858ffb349d11179d044f21\"},\"description\":\"Este s\u00e1bado comeza oficialmente o ver\u00e1n e, con el, toda a programaci\u00f3n para a \u00e9poca estival ponse en marcha.\",\"breadcrumb\":{\"@id\":\"https:\/\/www.aguarda.es\/en\/a-guarda-presenta-un-veran-cheo-de-plans\/#breadcrumb\"},\"inLanguage\":\"en-US\",\"potentialAction\":[{\"@type\":\"ReadAction\",\"target\":[\"https:\/\/www.aguarda.es\/en\/a-guarda-presenta-un-veran-cheo-de-plans\/\"]}]},{\"@type\":\"BreadcrumbList\",\"@id\":\"https:\/\/www.aguarda.es\/en\/a-guarda-presenta-un-veran-cheo-de-plans\/#breadcrumb\",\"itemListElement\":[{\"@type\":\"ListItem\",\"position\":1,\"name\":\"Portada\",\"item\":\"https:\/\/www.aguarda.es\/en\/\"},{\"@type\":\"ListItem\",\"position\":2,\"name\":\"A Guarda presenta un ver\u00e1n cheo de plans\"}]},{\"@type\":\"WebSite\",\"@id\":\"https:\/\/www.aguarda.es\/en\/#website\",\"url\":\"https:\/\/www.aguarda.es\/en\/\",\"name\":\"Concello da Guarda\",\"description\":\"P\u00e1xina web do concello da Guarda\",\"potentialAction\":[{\"@type\":\"SearchAction\",\"target\":{\"@type\":\"EntryPoint\",\"urlTemplate\":\"https:\/\/www.aguarda.es\/en\/?s={search_term_string}\"},\"query-input\":\"required name=search_term_string\"}],\"inLanguage\":\"en-US\"},{\"@type\":\"Person\",\"@id\":\"https:\/\/www.aguarda.es\/en\/#\/schema\/person\/c463ca3006858ffb349d11179d044f21\",\"name\":\"prensa\",\"image\":{\"@type\":\"ImageObject\",\"inLanguage\":\"en-US\",\"@id\":\"https:\/\/www.aguarda.es\/en\/#\/schema\/person\/image\/\",\"url\":\"https:\/\/secure.gravatar.com\/avatar\/5f90ef536b0f98306edf5c7a1135ffa1?s=96&d=mm&r=g\",\"contentUrl\":\"https:\/\/secure.gravatar.com\/avatar\/5f90ef536b0f98306edf5c7a1135ffa1?s=96&d=mm&r=g\",\"caption\":\"prensa\"},\"url\":\"https:\/\/www.aguarda.es\/en\/author\/prensa\/\"}]}<\/script>\n<!-- \/ Yoast SEO plugin. -->","yoast_head_json":{"title":"A Guarda presenta un ver\u00e1n cheo de plans - Concello da Guarda","description":"Este s\u00e1bado comeza oficialmente o ver\u00e1n e, con el, toda a programaci\u00f3n para a \u00e9poca estival ponse en marcha.","robots":{"index":"index","follow":"follow","max-snippet":"max-snippet:-1","max-image-preview":"max-image-preview:large","max-video-preview":"max-video-preview:-1"},"canonical":"https:\/\/www.aguarda.es\/en\/a-guarda-presenta-un-veran-cheo-de-plans\/","og_locale":"en_US","og_type":"article","og_title":"A Guarda presenta un ver\u00e1n cheo de plans - Concello da Guarda","og_description":"Este s\u00e1bado comeza oficialmente o ver\u00e1n e, con el, toda a programaci\u00f3n para a \u00e9poca estival ponse en marcha.","og_url":"https:\/\/www.aguarda.es\/en\/a-guarda-presenta-un-veran-cheo-de-plans\/","og_site_name":"Concello da Guarda","article_publisher":"https:\/\/www.facebook.com\/ConcellodaGuarda","article_published_time":"2025-06-20T08:21:05+00:00","article_modified_time":"2025-06-19T14:25:42+00:00","og_image":[{"width":2034,"height":2034,"url":"https:\/\/www.aguarda.es\/wp-content\/uploads\/2025\/06\/presentacion-axenda-veran.jpeg","type":"image\/jpeg"}],"author":"prensa","twitter_card":"summary_large_image","twitter_creator":"@AGuarda_es","twitter_site":"@AGuarda_es","twitter_misc":{"Written by":"prensa","Est. reading time":"3 minutes"},"schema":{"@context":"https:\/\/schema.org","@graph":[{"@type":"WebPage","@id":"https:\/\/www.aguarda.es\/en\/a-guarda-presenta-un-veran-cheo-de-plans\/","url":"https:\/\/www.aguarda.es\/en\/a-guarda-presenta-un-veran-cheo-de-plans\/","name":"A Guarda presenta un ver\u00e1n cheo de plans - Concello da Guarda","isPartOf":{"@id":"https:\/\/www.aguarda.es\/en\/#website"},"datePublished":"2025-06-20T08:21:05+00:00","dateModified":"2025-06-19T14:25:42+00:00","author":{"@id":"https:\/\/www.aguarda.es\/en\/#\/schema\/person\/c463ca3006858ffb349d11179d044f21"},"description":"Este s\u00e1bado comeza oficialmente o ver\u00e1n e, con el, toda a programaci\u00f3n para a \u00e9poca estival ponse en marcha.","breadcrumb":{"@id":"https:\/\/www.aguarda.es\/en\/a-guarda-presenta-un-veran-cheo-de-plans\/#breadcrumb"},"inLanguage":"en-US","potentialAction":[{"@type":"ReadAction","target":["https:\/\/www.aguarda.es\/en\/a-guarda-presenta-un-veran-cheo-de-plans\/"]}]},{"@type":"BreadcrumbList","@id":"https:\/\/www.aguarda.es\/en\/a-guarda-presenta-un-veran-cheo-de-plans\/#breadcrumb","itemListElement":[{"@type":"ListItem","position":1,"name":"Portada","item":"https:\/\/www.aguarda.es\/en\/"},{"@type":"ListItem","position":2,"name":"A Guarda presenta un ver\u00e1n cheo de plans"}]},{"@type":"WebSite","@id":"https:\/\/www.aguarda.es\/en\/#website","url":"https:\/\/www.aguarda.es\/en\/","name":"Concello da Guarda","description":"P\u00e1xina web do concello da Guarda","potentialAction":[{"@type":"SearchAction","target":{"@type":"EntryPoint","urlTemplate":"https:\/\/www.aguarda.es\/en\/?s={search_term_string}"},"query-input":"required name=search_term_string"}],"inLanguage":"en-US"},{"@type":"Person","@id":"https:\/\/www.aguarda.es\/en\/#\/schema\/person\/c463ca3006858ffb349d11179d044f21","name":"prensa","image":{"@type":"ImageObject","inLanguage":"en-US","@id":"https:\/\/www.aguarda.es\/en\/#\/schema\/person\/image\/","url":"https:\/\/secure.gravatar.com\/avatar\/5f90ef536b0f98306edf5c7a1135ffa1?s=96&d=mm&r=g","contentUrl":"https:\/\/secure.gravatar.com\/avatar\/5f90ef536b0f98306edf5c7a1135ffa1?s=96&d=mm&r=g","caption":"prensa"},"url":"https:\/\/www.aguarda.es\/en\/author\/prensa\/"}]}},"_links":{"self":[{"href":"https:\/\/www.aguarda.es\/en\/wp-json\/wp\/v2\/posts\/32727"}],"collection":[{"href":"https:\/\/www.aguarda.es\/en\/wp-json\/wp\/v2\/posts"}],"about":[{"href":"https:\/\/www.aguarda.es\/en\/wp-json\/wp\/v2\/types\/post"}],"author":[{"embeddable":true,"href":"https:\/\/www.aguarda.es\/en\/wp-json\/wp\/v2\/users\/2"}],"replies":[{"embeddable":true,"href":"https:\/\/www.aguarda.es\/en\/wp-json\/wp\/v2\/comments?post=32727"}],"version-history":[{"count":1,"href":"https:\/\/www.aguarda.es\/en\/wp-json\/wp\/v2\/posts\/32727\/revisions"}],"predecessor-version":[{"id":32742,"href":"https:\/\/www.aguarda.es\/en\/wp-json\/wp\/v2\/posts\/32727\/revisions\/32742"}],"wp:featuredmedia":[{"embeddable":true,"href":"https:\/\/www.aguarda.es\/en\/wp-json\/wp\/v2\/media\/32728"}],"wp:attachment":[{"href":"https:\/\/www.aguarda.es\/en\/wp-json\/wp\/v2\/media?parent=32727"}],"wp:term":[{"taxonomy":"category","embeddable":true,"href":"https:\/\/www.aguarda.es\/en\/wp-json\/wp\/v2\/categories?post=32727"},{"taxonomy":"post_tag","embeddable":true,"href":"https:\/\/www.aguarda.es\/en\/wp-json\/wp\/v2\/tags?post=32727"}],"curies":[{"name":"wp","href":"https:\/\/api.w.org\/{rel}","templated":true}]}}