{"id":32754,"date":"2025-06-26T07:42:42","date_gmt":"2025-06-26T07:42:42","guid":{"rendered":"https:\/\/www.aguarda.es\/?p=32754"},"modified":"2025-06-26T08:56:29","modified_gmt":"2025-06-26T08:56:29","slug":"o-martes-abrense-as-citas-para-renovar-pasaporte-e-dni-na-guarda-2","status":"publish","type":"post","link":"https:\/\/www.aguarda.es\/en\/o-martes-abrense-as-citas-para-renovar-pasaporte-e-dni-na-guarda-2\/","title":{"rendered":"O martes \u00e1brense as citas para renovar pasaporte e DNI na Guarda"},"content":{"rendered":"<p class=\"western\" align=\"left\"><span style=\"color: #000000;\"><span style=\"font-family: Arial, serif;\"><span style=\"font-size: medium;\"><span lang=\"gl-ES\">A partir do<\/span><\/span><\/span> <strong><span style=\"font-family: Arial, serif;\"><span style=\"font-size: medium;\"><span lang=\"gl-ES\">martes <\/span><\/span><\/span><span style=\"font-family: Arial, serif;\"><span style=\"font-size: medium;\"><span lang=\"gl-ES\">1 de xullo<\/span><\/span><\/span><\/strong> <span style=\"font-family: Arial, serif;\"><span lang=\"gl-ES\">p\u00f3dese pedir cita para a renovaci\u00f3n na Guarda do Documento Nacional Identidade (DNI) e do pasaporte.<\/span><\/span><\/span><\/p>\n<p class=\"western\" align=\"left\"><span style=\"color: #000000;\"><span style=\"font-family: Arial, serif;\"><span style=\"font-size: medium;\"><span lang=\"gl-ES\">Recordamos que c<\/span><\/span><\/span><span style=\"font-family: Arial, serif;\"><span lang=\"gl-ES\">o servizo do Veh\u00edculo Integral de Documentaci\u00f3n (VIDOC) da Polic\u00eda Nacional s\u00f3 \u00e9 preciso acudir un d\u00eda a facer o tr\u00e1mite. <\/span><\/span><span style=\"font-family: Arial, serif;\"><span style=\"font-size: medium;\"><span lang=\"gl-ES\">O<\/span><\/span><\/span><span style=\"font-family: Arial, serif;\"><span lang=\"gl-ES\"> VIDOC instalarase na Praza do Rel\u00f3, o <\/span><\/span><strong><span style=\"font-family: Arial, serif;\"><span style=\"font-size: medium;\"><span lang=\"gl-ES\">luns 7 <\/span><\/span><\/span><span style=\"font-family: Arial, serif;\"><span lang=\"gl-ES\">e o <\/span><\/span><span style=\"font-family: Arial, serif;\"><span lang=\"gl-ES\">m\u00e9rcores 23 de xull<\/span><\/span><span style=\"font-family: Arial, serif;\"><span style=\"font-size: medium;\"><span lang=\"gl-ES\">o<\/span><\/span><\/span><\/strong><span style=\"font-family: Arial, serif;\"><span lang=\"gl-ES\">. Atenderase de 9:30 a 12:30h, s\u00f3 con cita previa. <\/span><\/span><\/span><\/p>\n<p class=\"western\" align=\"left\"><span style=\"color: #000000;\"><span style=\"font-family: Arial, serif;\"><span style=\"font-size: medium;\"><span lang=\"gl-ES\">O<\/span><\/span><\/span> <span style=\"font-family: Arial, serif;\"><span style=\"font-size: medium;\"><span lang=\"gl-ES\">mart<\/span><\/span><\/span><span style=\"font-family: Arial, serif;\"><span lang=\"gl-ES\">es <\/span><\/span><span style=\"font-family: Arial, serif;\"><span style=\"font-size: medium;\"><span lang=\"gl-ES\">1 de xullo<\/span><\/span><\/span><span style=\"font-family: Arial, serif;\"><span lang=\"gl-ES\"> p\u00f3dese pedir cita de forma presencial no mostrador de informaci\u00f3n da planta baixa do Concello ou chamando ao 986 61 00 00. Por primeira vez tam\u00e9n haber\u00e1 servizo de renovaci\u00f3n durante todo o ver\u00e1n, os meses de xullo e agosto.<\/span><\/span><\/span><\/p>\n","protected":false},"excerpt":{"rendered":"<p>A partir do martes 1 de xullo p\u00f3dese pedir cita para a renovaci\u00f3n na Guarda do Documento Nacional Identidade (DNI) e do pasaporte. Recordamos que co servizo do Veh\u00edculo Integral de Documentaci\u00f3n (VIDOC) da Polic\u00eda Nacional s\u00f3 \u00e9 preciso acudir &hellip; <\/p>\n","protected":false},"author":2,"featured_media":32755,"comment_status":"closed","ping_status":"closed","sticky":false,"template":"","format":"standard","meta":[],"categories":[1,363],"tags":[],"yoast_head":"<!-- This site is optimized with the Yoast SEO plugin v21.1 - https:\/\/yoast.com\/wordpress\/plugins\/seo\/ -->\n<title>O martes \u00e1brense as citas para renovar pasaporte e DNI na Guarda - Concello da Guarda<\/title>\n<meta name=\"description\" content=\"A partir do martes 1 de xullo p\u00f3dese pedir cita para a renovaci\u00f3n na Guarda do Documento Nacional Identidade (DNI) e do pasaporte.\" \/>\n<meta name=\"robots\" content=\"index, follow, max-snippet:-1, max-image-preview:large, max-video-preview:-1\" \/>\n<link rel=\"canonical\" href=\"https:\/\/www.aguarda.es\/en\/o-martes-abrense-as-citas-para-renovar-pasaporte-e-dni-na-guarda-2\/\" \/>\n<meta property=\"og:locale\" content=\"en_US\" \/>\n<meta property=\"og:type\" content=\"article\" \/>\n<meta property=\"og:title\" content=\"O martes \u00e1brense as citas para renovar pasaporte e DNI na Guarda - Concello da Guarda\" \/>\n<meta property=\"og:description\" content=\"A partir do martes 1 de xullo p\u00f3dese pedir cita para a renovaci\u00f3n na Guarda do Documento Nacional Identidade (DNI) e do pasaporte.\" \/>\n<meta property=\"og:url\" content=\"https:\/\/www.aguarda.es\/en\/o-martes-abrense-as-citas-para-renovar-pasaporte-e-dni-na-guarda-2\/\" \/>\n<meta property=\"og:site_name\" content=\"Concello da Guarda\" \/>\n<meta property=\"article:publisher\" content=\"https:\/\/www.facebook.com\/ConcellodaGuarda\" \/>\n<meta property=\"article:published_time\" content=\"2025-06-26T07:42:42+00:00\" \/>\n<meta property=\"article:modified_time\" content=\"2025-06-26T08:56:29+00:00\" \/>\n<meta property=\"og:image\" content=\"https:\/\/www.aguarda.es\/wp-content\/uploads\/2025\/06\/DNI.jpg?_t=1750928189\" \/>\n\t<meta property=\"og:image:width\" content=\"1080\" \/>\n\t<meta property=\"og:image:height\" content=\"1080\" \/>\n\t<meta property=\"og:image:type\" content=\"image\/jpeg\" \/>\n<meta name=\"author\" content=\"prensa\" \/>\n<meta name=\"twitter:card\" content=\"summary_large_image\" \/>\n<meta name=\"twitter:creator\" content=\"@AGuarda_es\" \/>\n<meta name=\"twitter:site\" content=\"@AGuarda_es\" \/>\n<meta name=\"twitter:label1\" content=\"Written by\" \/>\n\t<meta name=\"twitter:data1\" content=\"prensa\" \/>\n\t<meta name=\"twitter:label2\" content=\"Est. reading time\" \/>\n\t<meta name=\"twitter:data2\" content=\"1 minute\" \/>\n<script type=\"application\/ld+json\" class=\"yoast-schema-graph\">{\"@context\":\"https:\/\/schema.org\",\"@graph\":[{\"@type\":\"WebPage\",\"@id\":\"https:\/\/www.aguarda.es\/en\/o-martes-abrense-as-citas-para-renovar-pasaporte-e-dni-na-guarda-2\/\",\"url\":\"https:\/\/www.aguarda.es\/en\/o-martes-abrense-as-citas-para-renovar-pasaporte-e-dni-na-guarda-2\/\",\"name\":\"O martes \u00e1brense as citas para renovar pasaporte e DNI na Guarda - Concello da Guarda\",\"isPartOf\":{\"@id\":\"https:\/\/www.aguarda.es\/en\/#website\"},\"datePublished\":\"2025-06-26T07:42:42+00:00\",\"dateModified\":\"2025-06-26T08:56:29+00:00\",\"author\":{\"@id\":\"https:\/\/www.aguarda.es\/en\/#\/schema\/person\/c463ca3006858ffb349d11179d044f21\"},\"description\":\"A partir do martes 1 de xullo p\u00f3dese pedir cita para a renovaci\u00f3n na Guarda do Documento Nacional Identidade (DNI) e do pasaporte.\",\"breadcrumb\":{\"@id\":\"https:\/\/www.aguarda.es\/en\/o-martes-abrense-as-citas-para-renovar-pasaporte-e-dni-na-guarda-2\/#breadcrumb\"},\"inLanguage\":\"en-US\",\"potentialAction\":[{\"@type\":\"ReadAction\",\"target\":[\"https:\/\/www.aguarda.es\/en\/o-martes-abrense-as-citas-para-renovar-pasaporte-e-dni-na-guarda-2\/\"]}]},{\"@type\":\"BreadcrumbList\",\"@id\":\"https:\/\/www.aguarda.es\/en\/o-martes-abrense-as-citas-para-renovar-pasaporte-e-dni-na-guarda-2\/#breadcrumb\",\"itemListElement\":[{\"@type\":\"ListItem\",\"position\":1,\"name\":\"Portada\",\"item\":\"https:\/\/www.aguarda.es\/en\/\"},{\"@type\":\"ListItem\",\"position\":2,\"name\":\"O martes \u00e1brense as citas para renovar pasaporte e DNI na Guarda\"}]},{\"@type\":\"WebSite\",\"@id\":\"https:\/\/www.aguarda.es\/en\/#website\",\"url\":\"https:\/\/www.aguarda.es\/en\/\",\"name\":\"Concello da Guarda\",\"description\":\"P\u00e1xina web do concello da Guarda\",\"potentialAction\":[{\"@type\":\"SearchAction\",\"target\":{\"@type\":\"EntryPoint\",\"urlTemplate\":\"https:\/\/www.aguarda.es\/en\/?s={search_term_string}\"},\"query-input\":\"required name=search_term_string\"}],\"inLanguage\":\"en-US\"},{\"@type\":\"Person\",\"@id\":\"https:\/\/www.aguarda.es\/en\/#\/schema\/person\/c463ca3006858ffb349d11179d044f21\",\"name\":\"prensa\",\"image\":{\"@type\":\"ImageObject\",\"inLanguage\":\"en-US\",\"@id\":\"https:\/\/www.aguarda.es\/en\/#\/schema\/person\/image\/\",\"url\":\"https:\/\/secure.gravatar.com\/avatar\/5f90ef536b0f98306edf5c7a1135ffa1?s=96&d=mm&r=g\",\"contentUrl\":\"https:\/\/secure.gravatar.com\/avatar\/5f90ef536b0f98306edf5c7a1135ffa1?s=96&d=mm&r=g\",\"caption\":\"prensa\"},\"url\":\"https:\/\/www.aguarda.es\/en\/author\/prensa\/\"}]}<\/script>\n<!-- \/ Yoast SEO plugin. -->","yoast_head_json":{"title":"O martes \u00e1brense as citas para renovar pasaporte e DNI na Guarda - Concello da Guarda","description":"A partir do martes 1 de xullo p\u00f3dese pedir cita para a renovaci\u00f3n na Guarda do Documento Nacional Identidade (DNI) e do pasaporte.","robots":{"index":"index","follow":"follow","max-snippet":"max-snippet:-1","max-image-preview":"max-image-preview:large","max-video-preview":"max-video-preview:-1"},"canonical":"https:\/\/www.aguarda.es\/en\/o-martes-abrense-as-citas-para-renovar-pasaporte-e-dni-na-guarda-2\/","og_locale":"en_US","og_type":"article","og_title":"O martes \u00e1brense as citas para renovar pasaporte e DNI na Guarda - Concello da Guarda","og_description":"A partir do martes 1 de xullo p\u00f3dese pedir cita para a renovaci\u00f3n na Guarda do Documento Nacional Identidade (DNI) e do pasaporte.","og_url":"https:\/\/www.aguarda.es\/en\/o-martes-abrense-as-citas-para-renovar-pasaporte-e-dni-na-guarda-2\/","og_site_name":"Concello da Guarda","article_publisher":"https:\/\/www.facebook.com\/ConcellodaGuarda","article_published_time":"2025-06-26T07:42:42+00:00","article_modified_time":"2025-06-26T08:56:29+00:00","og_image":[{"width":1080,"height":1080,"url":"https:\/\/www.aguarda.es\/wp-content\/uploads\/2025\/06\/DNI.jpg?_t=1750928189","type":"image\/jpeg"}],"author":"prensa","twitter_card":"summary_large_image","twitter_creator":"@AGuarda_es","twitter_site":"@AGuarda_es","twitter_misc":{"Written by":"prensa","Est. reading time":"1 minute"},"schema":{"@context":"https:\/\/schema.org","@graph":[{"@type":"WebPage","@id":"https:\/\/www.aguarda.es\/en\/o-martes-abrense-as-citas-para-renovar-pasaporte-e-dni-na-guarda-2\/","url":"https:\/\/www.aguarda.es\/en\/o-martes-abrense-as-citas-para-renovar-pasaporte-e-dni-na-guarda-2\/","name":"O martes \u00e1brense as citas para renovar pasaporte e DNI na Guarda - Concello da Guarda","isPartOf":{"@id":"https:\/\/www.aguarda.es\/en\/#website"},"datePublished":"2025-06-26T07:42:42+00:00","dateModified":"2025-06-26T08:56:29+00:00","author":{"@id":"https:\/\/www.aguarda.es\/en\/#\/schema\/person\/c463ca3006858ffb349d11179d044f21"},"description":"A partir do martes 1 de xullo p\u00f3dese pedir cita para a renovaci\u00f3n na Guarda do Documento Nacional Identidade (DNI) e do pasaporte.","breadcrumb":{"@id":"https:\/\/www.aguarda.es\/en\/o-martes-abrense-as-citas-para-renovar-pasaporte-e-dni-na-guarda-2\/#breadcrumb"},"inLanguage":"en-US","potentialAction":[{"@type":"ReadAction","target":["https:\/\/www.aguarda.es\/en\/o-martes-abrense-as-citas-para-renovar-pasaporte-e-dni-na-guarda-2\/"]}]},{"@type":"BreadcrumbList","@id":"https:\/\/www.aguarda.es\/en\/o-martes-abrense-as-citas-para-renovar-pasaporte-e-dni-na-guarda-2\/#breadcrumb","itemListElement":[{"@type":"ListItem","position":1,"name":"Portada","item":"https:\/\/www.aguarda.es\/en\/"},{"@type":"ListItem","position":2,"name":"O martes \u00e1brense as citas para renovar pasaporte e DNI na Guarda"}]},{"@type":"WebSite","@id":"https:\/\/www.aguarda.es\/en\/#website","url":"https:\/\/www.aguarda.es\/en\/","name":"Concello da Guarda","description":"P\u00e1xina web do concello da Guarda","potentialAction":[{"@type":"SearchAction","target":{"@type":"EntryPoint","urlTemplate":"https:\/\/www.aguarda.es\/en\/?s={search_term_string}"},"query-input":"required name=search_term_string"}],"inLanguage":"en-US"},{"@type":"Person","@id":"https:\/\/www.aguarda.es\/en\/#\/schema\/person\/c463ca3006858ffb349d11179d044f21","name":"prensa","image":{"@type":"ImageObject","inLanguage":"en-US","@id":"https:\/\/www.aguarda.es\/en\/#\/schema\/person\/image\/","url":"https:\/\/secure.gravatar.com\/avatar\/5f90ef536b0f98306edf5c7a1135ffa1?s=96&d=mm&r=g","contentUrl":"https:\/\/secure.gravatar.com\/avatar\/5f90ef536b0f98306edf5c7a1135ffa1?s=96&d=mm&r=g","caption":"prensa"},"url":"https:\/\/www.aguarda.es\/en\/author\/prensa\/"}]}},"_links":{"self":[{"href":"https:\/\/www.aguarda.es\/en\/wp-json\/wp\/v2\/posts\/32754"}],"collection":[{"href":"https:\/\/www.aguarda.es\/en\/wp-json\/wp\/v2\/posts"}],"about":[{"href":"https:\/\/www.aguarda.es\/en\/wp-json\/wp\/v2\/types\/post"}],"author":[{"embeddable":true,"href":"https:\/\/www.aguarda.es\/en\/wp-json\/wp\/v2\/users\/2"}],"replies":[{"embeddable":true,"href":"https:\/\/www.aguarda.es\/en\/wp-json\/wp\/v2\/comments?post=32754"}],"version-history":[{"count":3,"href":"https:\/\/www.aguarda.es\/en\/wp-json\/wp\/v2\/posts\/32754\/revisions"}],"predecessor-version":[{"id":32759,"href":"https:\/\/www.aguarda.es\/en\/wp-json\/wp\/v2\/posts\/32754\/revisions\/32759"}],"wp:featuredmedia":[{"embeddable":true,"href":"https:\/\/www.aguarda.es\/en\/wp-json\/wp\/v2\/media\/32755"}],"wp:attachment":[{"href":"https:\/\/www.aguarda.es\/en\/wp-json\/wp\/v2\/media?parent=32754"}],"wp:term":[{"taxonomy":"category","embeddable":true,"href":"https:\/\/www.aguarda.es\/en\/wp-json\/wp\/v2\/categories?post=32754"},{"taxonomy":"post_tag","embeddable":true,"href":"https:\/\/www.aguarda.es\/en\/wp-json\/wp\/v2\/tags?post=32754"}],"curies":[{"name":"wp","href":"https:\/\/api.w.org\/{rel}","templated":true}]}}