{"id":32760,"date":"2025-06-26T11:49:46","date_gmt":"2025-06-26T11:49:46","guid":{"rendered":"https:\/\/www.aguarda.es\/?p=32760"},"modified":"2025-06-26T11:49:46","modified_gmt":"2025-06-26T11:49:46","slug":"a-guarda-ofrece-un-obradoiro-para-aproveitar-os-ingredientes-da-horta-ao-maximo","status":"publish","type":"post","link":"https:\/\/www.aguarda.es\/en\/a-guarda-ofrece-un-obradoiro-para-aproveitar-os-ingredientes-da-horta-ao-maximo\/","title":{"rendered":"A Guarda ofrece un obradoiro para aproveitar os ingredientes da horta ao m\u00e1ximo"},"content":{"rendered":"<p class=\"western\" align=\"left\"><span style=\"color: #000000;\"><span style=\"font-family: Arial, serif;\"><span style=\"font-size: medium;\"><span lang=\"gl-ES\">O Concello da Guarda contin\u00faa co seu V Ciclo Medioambiental Sostendo o Futuro. <\/span><\/span><\/span><\/span><span style=\"color: #000000;\"><span style=\"font-family: Arial, serif;\"><span style=\"font-size: medium;\"><span lang=\"gl-ES\">Esta segunda actividade tr\u00e1tase dun obradoiro de coci\u00f1a consciente.<\/span><\/span><\/span><\/span><\/p>\n<p class=\"western\" align=\"left\"><span style=\"color: #000000;\"><span style=\"font-family: Arial, serif;\"><span style=\"font-size: medium;\"><span lang=\"gl-ES\">Nesta sesi\u00f3n ensinarase aos participantes a aproveitar ao m\u00e1ximo os ingrediente e evitar botar comida ou alimentos f\u00f3ra. Deste xeito, qu\u00e9rese<\/span><\/span><\/span><\/span><span style=\"color: #000000;\"><span style=\"font-family: Arial, serif;\"><span style=\"font-size: medium;\"><span lang=\"gl-ES\">lle<\/span><\/span><\/span><\/span><span style=\"color: #000000;\"><span style=\"font-family: Arial, serif;\"><span style=\"font-size: medium;\"><span lang=\"gl-ES\"> sacar todo o proveito aos produtos da horta, sobre todo, agora, coa chegada d<\/span><\/span><\/span><\/span><span style=\"color: #000000;\"><span style=\"font-family: Arial, serif;\"><span style=\"font-size: medium;\"><span lang=\"gl-ES\">e gran cantidade de froitas e verduras.<\/span><\/span><\/span><\/span><\/p>\n<p class=\"western\" align=\"left\"><span style=\"color: #000000;\"><span style=\"font-family: Arial, serif;\"><span style=\"font-size: medium;\"><span lang=\"gl-ES\">O obradoiro ser\u00e1 de balde e realizarase o pr\u00f3ximo s\u00e1bado 12 de xullo no Centro Cultural da Guarda. Para m\u00e1is informaci\u00f3n o inscribirse, hai que enviar un correo electr\u00f3nico a <a href=\"mailto:medioambiente@aguarda.es\">medioambiente@aguarda.es<\/a> .<\/span><\/span><\/span><\/span><\/p>\n<p class=\"western\" align=\"justify\">\n","protected":false},"excerpt":{"rendered":"<p>O Concello da Guarda contin\u00faa co seu V Ciclo Medioambiental Sostendo o Futuro. Esta segunda actividade tr\u00e1tase dun obradoiro de coci\u00f1a consciente. Nesta sesi\u00f3n ensinarase aos participantes a aproveitar ao m\u00e1ximo os ingrediente e evitar botar comida ou alimentos f\u00f3ra. &hellip; <\/p>\n","protected":false},"author":2,"featured_media":32761,"comment_status":"closed","ping_status":"closed","sticky":false,"template":"","format":"standard","meta":[],"categories":[40,363],"tags":[],"yoast_head":"<!-- This site is optimized with the Yoast SEO plugin v21.1 - https:\/\/yoast.com\/wordpress\/plugins\/seo\/ -->\n<title>A Guarda ofrece un obradoiro para aproveitar os ingredientes da horta ao m\u00e1ximo - Concello da Guarda<\/title>\n<meta name=\"description\" content=\"O Concello da Guarda contin\u00faa co seu V Ciclo Medioambiental Sostendo o Futuro. Esta segunda actividade tr\u00e1tase dun obradoiro de coci\u00f1a\" \/>\n<meta name=\"robots\" content=\"index, follow, max-snippet:-1, max-image-preview:large, max-video-preview:-1\" \/>\n<link rel=\"canonical\" href=\"https:\/\/www.aguarda.es\/en\/a-guarda-ofrece-un-obradoiro-para-aproveitar-os-ingredientes-da-horta-ao-maximo\/\" \/>\n<meta property=\"og:locale\" content=\"en_US\" \/>\n<meta property=\"og:type\" content=\"article\" \/>\n<meta property=\"og:title\" content=\"A Guarda ofrece un obradoiro para aproveitar os ingredientes da horta ao m\u00e1ximo - Concello da Guarda\" \/>\n<meta property=\"og:description\" content=\"O Concello da Guarda contin\u00faa co seu V Ciclo Medioambiental Sostendo o Futuro. Esta segunda actividade tr\u00e1tase dun obradoiro de coci\u00f1a\" \/>\n<meta property=\"og:url\" content=\"https:\/\/www.aguarda.es\/en\/a-guarda-ofrece-un-obradoiro-para-aproveitar-os-ingredientes-da-horta-ao-maximo\/\" \/>\n<meta property=\"og:site_name\" content=\"Concello da Guarda\" \/>\n<meta property=\"article:publisher\" content=\"https:\/\/www.facebook.com\/ConcellodaGuarda\" \/>\n<meta property=\"article:published_time\" content=\"2025-06-26T11:49:46+00:00\" \/>\n<meta property=\"og:image\" content=\"https:\/\/www.aguarda.es\/wp-content\/uploads\/2025\/06\/sostendo-o-futuro-cocina.jpg?_t=1750938587\" \/>\n\t<meta property=\"og:image:width\" content=\"1080\" \/>\n\t<meta property=\"og:image:height\" content=\"1350\" \/>\n\t<meta property=\"og:image:type\" content=\"image\/jpeg\" \/>\n<meta name=\"author\" content=\"prensa\" \/>\n<meta name=\"twitter:card\" content=\"summary_large_image\" \/>\n<meta name=\"twitter:creator\" content=\"@AGuarda_es\" \/>\n<meta name=\"twitter:site\" content=\"@AGuarda_es\" \/>\n<meta name=\"twitter:label1\" content=\"Written by\" \/>\n\t<meta name=\"twitter:data1\" content=\"prensa\" \/>\n\t<meta name=\"twitter:label2\" content=\"Est. reading time\" \/>\n\t<meta name=\"twitter:data2\" content=\"1 minute\" \/>\n<script type=\"application\/ld+json\" class=\"yoast-schema-graph\">{\"@context\":\"https:\/\/schema.org\",\"@graph\":[{\"@type\":\"WebPage\",\"@id\":\"https:\/\/www.aguarda.es\/en\/a-guarda-ofrece-un-obradoiro-para-aproveitar-os-ingredientes-da-horta-ao-maximo\/\",\"url\":\"https:\/\/www.aguarda.es\/en\/a-guarda-ofrece-un-obradoiro-para-aproveitar-os-ingredientes-da-horta-ao-maximo\/\",\"name\":\"A Guarda ofrece un obradoiro para aproveitar os ingredientes da horta ao m\u00e1ximo - Concello da Guarda\",\"isPartOf\":{\"@id\":\"https:\/\/www.aguarda.es\/en\/#website\"},\"datePublished\":\"2025-06-26T11:49:46+00:00\",\"dateModified\":\"2025-06-26T11:49:46+00:00\",\"author\":{\"@id\":\"https:\/\/www.aguarda.es\/en\/#\/schema\/person\/c463ca3006858ffb349d11179d044f21\"},\"description\":\"O Concello da Guarda contin\u00faa co seu V Ciclo Medioambiental Sostendo o Futuro. Esta segunda actividade tr\u00e1tase dun obradoiro de coci\u00f1a\",\"breadcrumb\":{\"@id\":\"https:\/\/www.aguarda.es\/en\/a-guarda-ofrece-un-obradoiro-para-aproveitar-os-ingredientes-da-horta-ao-maximo\/#breadcrumb\"},\"inLanguage\":\"en-US\",\"potentialAction\":[{\"@type\":\"ReadAction\",\"target\":[\"https:\/\/www.aguarda.es\/en\/a-guarda-ofrece-un-obradoiro-para-aproveitar-os-ingredientes-da-horta-ao-maximo\/\"]}]},{\"@type\":\"BreadcrumbList\",\"@id\":\"https:\/\/www.aguarda.es\/en\/a-guarda-ofrece-un-obradoiro-para-aproveitar-os-ingredientes-da-horta-ao-maximo\/#breadcrumb\",\"itemListElement\":[{\"@type\":\"ListItem\",\"position\":1,\"name\":\"Portada\",\"item\":\"https:\/\/www.aguarda.es\/en\/\"},{\"@type\":\"ListItem\",\"position\":2,\"name\":\"A Guarda ofrece un obradoiro para aproveitar os ingredientes da horta ao m\u00e1ximo\"}]},{\"@type\":\"WebSite\",\"@id\":\"https:\/\/www.aguarda.es\/en\/#website\",\"url\":\"https:\/\/www.aguarda.es\/en\/\",\"name\":\"Concello da Guarda\",\"description\":\"P\u00e1xina web do concello da Guarda\",\"potentialAction\":[{\"@type\":\"SearchAction\",\"target\":{\"@type\":\"EntryPoint\",\"urlTemplate\":\"https:\/\/www.aguarda.es\/en\/?s={search_term_string}\"},\"query-input\":\"required name=search_term_string\"}],\"inLanguage\":\"en-US\"},{\"@type\":\"Person\",\"@id\":\"https:\/\/www.aguarda.es\/en\/#\/schema\/person\/c463ca3006858ffb349d11179d044f21\",\"name\":\"prensa\",\"image\":{\"@type\":\"ImageObject\",\"inLanguage\":\"en-US\",\"@id\":\"https:\/\/www.aguarda.es\/en\/#\/schema\/person\/image\/\",\"url\":\"https:\/\/secure.gravatar.com\/avatar\/5f90ef536b0f98306edf5c7a1135ffa1?s=96&d=mm&r=g\",\"contentUrl\":\"https:\/\/secure.gravatar.com\/avatar\/5f90ef536b0f98306edf5c7a1135ffa1?s=96&d=mm&r=g\",\"caption\":\"prensa\"},\"url\":\"https:\/\/www.aguarda.es\/en\/author\/prensa\/\"}]}<\/script>\n<!-- \/ Yoast SEO plugin. -->","yoast_head_json":{"title":"A Guarda ofrece un obradoiro para aproveitar os ingredientes da horta ao m\u00e1ximo - Concello da Guarda","description":"O Concello da Guarda contin\u00faa co seu V Ciclo Medioambiental Sostendo o Futuro. Esta segunda actividade tr\u00e1tase dun obradoiro de coci\u00f1a","robots":{"index":"index","follow":"follow","max-snippet":"max-snippet:-1","max-image-preview":"max-image-preview:large","max-video-preview":"max-video-preview:-1"},"canonical":"https:\/\/www.aguarda.es\/en\/a-guarda-ofrece-un-obradoiro-para-aproveitar-os-ingredientes-da-horta-ao-maximo\/","og_locale":"en_US","og_type":"article","og_title":"A Guarda ofrece un obradoiro para aproveitar os ingredientes da horta ao m\u00e1ximo - Concello da Guarda","og_description":"O Concello da Guarda contin\u00faa co seu V Ciclo Medioambiental Sostendo o Futuro. Esta segunda actividade tr\u00e1tase dun obradoiro de coci\u00f1a","og_url":"https:\/\/www.aguarda.es\/en\/a-guarda-ofrece-un-obradoiro-para-aproveitar-os-ingredientes-da-horta-ao-maximo\/","og_site_name":"Concello da Guarda","article_publisher":"https:\/\/www.facebook.com\/ConcellodaGuarda","article_published_time":"2025-06-26T11:49:46+00:00","og_image":[{"width":1080,"height":1350,"url":"https:\/\/www.aguarda.es\/wp-content\/uploads\/2025\/06\/sostendo-o-futuro-cocina.jpg?_t=1750938587","type":"image\/jpeg"}],"author":"prensa","twitter_card":"summary_large_image","twitter_creator":"@AGuarda_es","twitter_site":"@AGuarda_es","twitter_misc":{"Written by":"prensa","Est. reading time":"1 minute"},"schema":{"@context":"https:\/\/schema.org","@graph":[{"@type":"WebPage","@id":"https:\/\/www.aguarda.es\/en\/a-guarda-ofrece-un-obradoiro-para-aproveitar-os-ingredientes-da-horta-ao-maximo\/","url":"https:\/\/www.aguarda.es\/en\/a-guarda-ofrece-un-obradoiro-para-aproveitar-os-ingredientes-da-horta-ao-maximo\/","name":"A Guarda ofrece un obradoiro para aproveitar os ingredientes da horta ao m\u00e1ximo - Concello da Guarda","isPartOf":{"@id":"https:\/\/www.aguarda.es\/en\/#website"},"datePublished":"2025-06-26T11:49:46+00:00","dateModified":"2025-06-26T11:49:46+00:00","author":{"@id":"https:\/\/www.aguarda.es\/en\/#\/schema\/person\/c463ca3006858ffb349d11179d044f21"},"description":"O Concello da Guarda contin\u00faa co seu V Ciclo Medioambiental Sostendo o Futuro. Esta segunda actividade tr\u00e1tase dun obradoiro de coci\u00f1a","breadcrumb":{"@id":"https:\/\/www.aguarda.es\/en\/a-guarda-ofrece-un-obradoiro-para-aproveitar-os-ingredientes-da-horta-ao-maximo\/#breadcrumb"},"inLanguage":"en-US","potentialAction":[{"@type":"ReadAction","target":["https:\/\/www.aguarda.es\/en\/a-guarda-ofrece-un-obradoiro-para-aproveitar-os-ingredientes-da-horta-ao-maximo\/"]}]},{"@type":"BreadcrumbList","@id":"https:\/\/www.aguarda.es\/en\/a-guarda-ofrece-un-obradoiro-para-aproveitar-os-ingredientes-da-horta-ao-maximo\/#breadcrumb","itemListElement":[{"@type":"ListItem","position":1,"name":"Portada","item":"https:\/\/www.aguarda.es\/en\/"},{"@type":"ListItem","position":2,"name":"A Guarda ofrece un obradoiro para aproveitar os ingredientes da horta ao m\u00e1ximo"}]},{"@type":"WebSite","@id":"https:\/\/www.aguarda.es\/en\/#website","url":"https:\/\/www.aguarda.es\/en\/","name":"Concello da Guarda","description":"P\u00e1xina web do concello da Guarda","potentialAction":[{"@type":"SearchAction","target":{"@type":"EntryPoint","urlTemplate":"https:\/\/www.aguarda.es\/en\/?s={search_term_string}"},"query-input":"required name=search_term_string"}],"inLanguage":"en-US"},{"@type":"Person","@id":"https:\/\/www.aguarda.es\/en\/#\/schema\/person\/c463ca3006858ffb349d11179d044f21","name":"prensa","image":{"@type":"ImageObject","inLanguage":"en-US","@id":"https:\/\/www.aguarda.es\/en\/#\/schema\/person\/image\/","url":"https:\/\/secure.gravatar.com\/avatar\/5f90ef536b0f98306edf5c7a1135ffa1?s=96&d=mm&r=g","contentUrl":"https:\/\/secure.gravatar.com\/avatar\/5f90ef536b0f98306edf5c7a1135ffa1?s=96&d=mm&r=g","caption":"prensa"},"url":"https:\/\/www.aguarda.es\/en\/author\/prensa\/"}]}},"_links":{"self":[{"href":"https:\/\/www.aguarda.es\/en\/wp-json\/wp\/v2\/posts\/32760"}],"collection":[{"href":"https:\/\/www.aguarda.es\/en\/wp-json\/wp\/v2\/posts"}],"about":[{"href":"https:\/\/www.aguarda.es\/en\/wp-json\/wp\/v2\/types\/post"}],"author":[{"embeddable":true,"href":"https:\/\/www.aguarda.es\/en\/wp-json\/wp\/v2\/users\/2"}],"replies":[{"embeddable":true,"href":"https:\/\/www.aguarda.es\/en\/wp-json\/wp\/v2\/comments?post=32760"}],"version-history":[{"count":1,"href":"https:\/\/www.aguarda.es\/en\/wp-json\/wp\/v2\/posts\/32760\/revisions"}],"predecessor-version":[{"id":32763,"href":"https:\/\/www.aguarda.es\/en\/wp-json\/wp\/v2\/posts\/32760\/revisions\/32763"}],"wp:featuredmedia":[{"embeddable":true,"href":"https:\/\/www.aguarda.es\/en\/wp-json\/wp\/v2\/media\/32761"}],"wp:attachment":[{"href":"https:\/\/www.aguarda.es\/en\/wp-json\/wp\/v2\/media?parent=32760"}],"wp:term":[{"taxonomy":"category","embeddable":true,"href":"https:\/\/www.aguarda.es\/en\/wp-json\/wp\/v2\/categories?post=32760"},{"taxonomy":"post_tag","embeddable":true,"href":"https:\/\/www.aguarda.es\/en\/wp-json\/wp\/v2\/tags?post=32760"}],"curies":[{"name":"wp","href":"https:\/\/api.w.org\/{rel}","templated":true}]}}