{"id":32764,"date":"2025-06-27T09:21:43","date_gmt":"2025-06-27T09:21:43","guid":{"rendered":"https:\/\/www.aguarda.es\/?p=32764"},"modified":"2025-06-30T10:11:48","modified_gmt":"2025-06-30T10:11:48","slug":"a-guarda-entregara-os-premios-de-educacion-2024-25-reconecendo-aos-mellores-estudantes","status":"publish","type":"post","link":"https:\/\/www.aguarda.es\/en\/a-guarda-entregara-os-premios-de-educacion-2024-25-reconecendo-aos-mellores-estudantes\/","title":{"rendered":"A Guarda entregar\u00e1 os Premios de Educaci\u00f3n 2024\/25 reco\u00f1ecendo aos mellores estudantes"},"content":{"rendered":"<p class=\"western\" align=\"left\"><span style=\"font-family: Arial, serif; color: #000000;\"><span lang=\"gl-ES\">O Concello da Guarda volve reco\u00f1ecer este curso \u00e1<strong> excelencia e o esforzo acad\u00e9mico<\/strong> do estudantado da Guarda cos Premios Educaci\u00f3n 2024\/2025.<\/span><\/span><\/p>\n<p class=\"western\" align=\"left\"><span style=\"font-family: Arial, serif; color: #000000;\"><span lang=\"gl-ES\">O alumnado que rematou a Primaria, ESO, Bacharelato e Formaci\u00f3n Profesional, tanto Media como Superior, cos mellores expedientes acad\u00e9micos recibir\u00e1n un reco\u00f1ecemento por parte do Concello en forma de diploma e agasallo.<\/span><\/span><\/p>\n<p class=\"western\" align=\"left\"><span style=\"color: #000000;\"><span style=\"font-family: Arial, serif;\"><span lang=\"gl-ES\">Ser\u00e1n premiados alumnos e alumnas d<\/span><\/span><span style=\"font-family: Arial, serif;\"><span style=\"font-size: medium;\"><span lang=\"gl-ES\">e todos os<\/span><\/span><\/span><span style=\"font-family: Arial, serif;\"><span lang=\"gl-ES\"> colexios da Guarda: o CEIP A Sangri\u00f1a, o CEIP Rodr\u00edguez Sinde, CEIP As Solanas \u2013 Nicol\u00e1s Guti\u00e9rrez Campo, o IES A Sangri\u00f1a, o Colexio P.P. Somascos \u2013 Fundaci\u00f3n Educere e o Colexio Pluriling\u00fce San Xos\u00e9 da Guarda. Ademais, nesta edici\u00f3n, premiarase alumnado do <strong>Conservatorio de M\u00fasica Elemental da Guarda<\/strong>, reco\u00f1ecendo as\u00ed a s\u00faa dedicaci\u00f3n e esforzo ao estudo da m\u00fasica.<\/span><\/span><\/span><\/p>\n<p class=\"western\" align=\"left\"><span style=\"color: #000000;\">\u201c<span style=\"font-family: Arial, serif;\"><span lang=\"gl-ES\">Estes premios o que queren reco\u00f1ecer, sobre todo, \u00e9 o esforzo, tanto dos propios alumnos e alumnas, como das familias que os apoian e lles acompa\u00f1an durante todo o curso\u201d, sost\u00e9n o alcalde da Guarda.<\/span><\/span><\/span><\/p>\n<p class=\"western\" align=\"left\"><span style=\"font-family: Arial, serif; color: #000000;\"><span style=\"font-size: medium;\"><span lang=\"gl-ES\">O acto de entrega de premios realizarase o pr\u00f3ximo<strong> xoves 3 de xullo \u00e1s 20:30h no Centro Cultural<\/strong>, ao que est\u00e1 convidada toda a cidadan\u00eda para p\u00f3r en valor o esforzo e talento da mocidade da nosa vila no \u00e1mbito educativo e acad\u00e9mico.<\/span><\/span><\/span><\/p>\n<p class=\"western\" align=\"left\"><span style=\"font-family: Arial, serif; color: #000000;\"><span style=\"font-size: medium;\"><span lang=\"gl-ES\">O alumnado premiado \u00e9: <a href=\"https:\/\/www.aguarda.es\/wp-content\/uploads\/2025\/06\/LISTAXE-Premios-Educacion-Concello-da-Guarda-2025.pdf\" target=\"\" rel=\"noopener\">LISTAXE Premios Educaci\u00f3n Concello Da Guarda 2025<\/a><\/span><\/span><\/span><\/p>\n","protected":false},"excerpt":{"rendered":"<p>O Concello da Guarda volve reco\u00f1ecer este curso \u00e1 excelencia e o esforzo acad\u00e9mico do estudantado da Guarda cos Premios Educaci\u00f3n 2024\/2025. O alumnado que rematou a Primaria, ESO, Bacharelato e Formaci\u00f3n Profesional, tanto Media como Superior, cos mellores expedientes &hellip; <\/p>\n","protected":false},"author":2,"featured_media":32765,"comment_status":"closed","ping_status":"closed","sticky":false,"template":"","format":"standard","meta":[],"categories":[37,363],"tags":[],"yoast_head":"<!-- This site is optimized with the Yoast SEO plugin v21.1 - https:\/\/yoast.com\/wordpress\/plugins\/seo\/ -->\n<title>A Guarda entregar\u00e1 os Premios de Educaci\u00f3n 2024\/25 reco\u00f1ecendo aos mellores estudantes - Concello da Guarda<\/title>\n<meta name=\"description\" content=\"O Concello da Guarda volve reco\u00f1ecer este curso \u00e1 excelencia e o esforzo acad\u00e9mico do estudantado da Guarda cos Premios Educaci\u00f3n 2024\/2025.\" \/>\n<meta name=\"robots\" content=\"index, follow, max-snippet:-1, max-image-preview:large, max-video-preview:-1\" \/>\n<link rel=\"canonical\" href=\"https:\/\/www.aguarda.es\/en\/a-guarda-entregara-os-premios-de-educacion-2024-25-reconecendo-aos-mellores-estudantes\/\" \/>\n<meta property=\"og:locale\" content=\"en_US\" \/>\n<meta property=\"og:type\" content=\"article\" \/>\n<meta property=\"og:title\" content=\"A Guarda entregar\u00e1 os Premios de Educaci\u00f3n 2024\/25 reco\u00f1ecendo aos mellores estudantes - Concello da Guarda\" \/>\n<meta property=\"og:description\" content=\"O Concello da Guarda volve reco\u00f1ecer este curso \u00e1 excelencia e o esforzo acad\u00e9mico do estudantado da Guarda cos Premios Educaci\u00f3n 2024\/2025.\" \/>\n<meta property=\"og:url\" content=\"https:\/\/www.aguarda.es\/en\/a-guarda-entregara-os-premios-de-educacion-2024-25-reconecendo-aos-mellores-estudantes\/\" \/>\n<meta property=\"og:site_name\" content=\"Concello da Guarda\" \/>\n<meta property=\"article:publisher\" content=\"https:\/\/www.facebook.com\/ConcellodaGuarda\" \/>\n<meta property=\"article:published_time\" content=\"2025-06-27T09:21:43+00:00\" \/>\n<meta property=\"article:modified_time\" content=\"2025-06-30T10:11:48+00:00\" \/>\n<meta property=\"og:image\" content=\"https:\/\/www.aguarda.es\/wp-content\/uploads\/2025\/06\/premios-educacion.jpg?_t=1751278309\" \/>\n\t<meta property=\"og:image:width\" content=\"1024\" \/>\n\t<meta property=\"og:image:height\" content=\"768\" \/>\n\t<meta property=\"og:image:type\" content=\"image\/jpeg\" \/>\n<meta name=\"author\" content=\"prensa\" \/>\n<meta name=\"twitter:card\" content=\"summary_large_image\" \/>\n<meta name=\"twitter:creator\" content=\"@AGuarda_es\" \/>\n<meta name=\"twitter:site\" content=\"@AGuarda_es\" \/>\n<meta name=\"twitter:label1\" content=\"Written by\" \/>\n\t<meta name=\"twitter:data1\" content=\"prensa\" \/>\n\t<meta name=\"twitter:label2\" content=\"Est. reading time\" \/>\n\t<meta name=\"twitter:data2\" content=\"2 minutes\" \/>\n<script type=\"application\/ld+json\" class=\"yoast-schema-graph\">{\"@context\":\"https:\/\/schema.org\",\"@graph\":[{\"@type\":\"WebPage\",\"@id\":\"https:\/\/www.aguarda.es\/en\/a-guarda-entregara-os-premios-de-educacion-2024-25-reconecendo-aos-mellores-estudantes\/\",\"url\":\"https:\/\/www.aguarda.es\/en\/a-guarda-entregara-os-premios-de-educacion-2024-25-reconecendo-aos-mellores-estudantes\/\",\"name\":\"A Guarda entregar\u00e1 os Premios de Educaci\u00f3n 2024\/25 reco\u00f1ecendo aos mellores estudantes - Concello da Guarda\",\"isPartOf\":{\"@id\":\"https:\/\/www.aguarda.es\/en\/#website\"},\"datePublished\":\"2025-06-27T09:21:43+00:00\",\"dateModified\":\"2025-06-30T10:11:48+00:00\",\"author\":{\"@id\":\"https:\/\/www.aguarda.es\/en\/#\/schema\/person\/c463ca3006858ffb349d11179d044f21\"},\"description\":\"O Concello da Guarda volve reco\u00f1ecer este curso \u00e1 excelencia e o esforzo acad\u00e9mico do estudantado da Guarda cos Premios Educaci\u00f3n 2024\/2025.\",\"breadcrumb\":{\"@id\":\"https:\/\/www.aguarda.es\/en\/a-guarda-entregara-os-premios-de-educacion-2024-25-reconecendo-aos-mellores-estudantes\/#breadcrumb\"},\"inLanguage\":\"en-US\",\"potentialAction\":[{\"@type\":\"ReadAction\",\"target\":[\"https:\/\/www.aguarda.es\/en\/a-guarda-entregara-os-premios-de-educacion-2024-25-reconecendo-aos-mellores-estudantes\/\"]}]},{\"@type\":\"BreadcrumbList\",\"@id\":\"https:\/\/www.aguarda.es\/en\/a-guarda-entregara-os-premios-de-educacion-2024-25-reconecendo-aos-mellores-estudantes\/#breadcrumb\",\"itemListElement\":[{\"@type\":\"ListItem\",\"position\":1,\"name\":\"Portada\",\"item\":\"https:\/\/www.aguarda.es\/en\/\"},{\"@type\":\"ListItem\",\"position\":2,\"name\":\"A Guarda entregar\u00e1 os Premios de Educaci\u00f3n 2024\/25 reco\u00f1ecendo aos mellores estudantes\"}]},{\"@type\":\"WebSite\",\"@id\":\"https:\/\/www.aguarda.es\/en\/#website\",\"url\":\"https:\/\/www.aguarda.es\/en\/\",\"name\":\"Concello da Guarda\",\"description\":\"P\u00e1xina web do concello da Guarda\",\"potentialAction\":[{\"@type\":\"SearchAction\",\"target\":{\"@type\":\"EntryPoint\",\"urlTemplate\":\"https:\/\/www.aguarda.es\/en\/?s={search_term_string}\"},\"query-input\":\"required name=search_term_string\"}],\"inLanguage\":\"en-US\"},{\"@type\":\"Person\",\"@id\":\"https:\/\/www.aguarda.es\/en\/#\/schema\/person\/c463ca3006858ffb349d11179d044f21\",\"name\":\"prensa\",\"image\":{\"@type\":\"ImageObject\",\"inLanguage\":\"en-US\",\"@id\":\"https:\/\/www.aguarda.es\/en\/#\/schema\/person\/image\/\",\"url\":\"https:\/\/secure.gravatar.com\/avatar\/5f90ef536b0f98306edf5c7a1135ffa1?s=96&d=mm&r=g\",\"contentUrl\":\"https:\/\/secure.gravatar.com\/avatar\/5f90ef536b0f98306edf5c7a1135ffa1?s=96&d=mm&r=g\",\"caption\":\"prensa\"},\"url\":\"https:\/\/www.aguarda.es\/en\/author\/prensa\/\"}]}<\/script>\n<!-- \/ Yoast SEO plugin. -->","yoast_head_json":{"title":"A Guarda entregar\u00e1 os Premios de Educaci\u00f3n 2024\/25 reco\u00f1ecendo aos mellores estudantes - Concello da Guarda","description":"O Concello da Guarda volve reco\u00f1ecer este curso \u00e1 excelencia e o esforzo acad\u00e9mico do estudantado da Guarda cos Premios Educaci\u00f3n 2024\/2025.","robots":{"index":"index","follow":"follow","max-snippet":"max-snippet:-1","max-image-preview":"max-image-preview:large","max-video-preview":"max-video-preview:-1"},"canonical":"https:\/\/www.aguarda.es\/en\/a-guarda-entregara-os-premios-de-educacion-2024-25-reconecendo-aos-mellores-estudantes\/","og_locale":"en_US","og_type":"article","og_title":"A Guarda entregar\u00e1 os Premios de Educaci\u00f3n 2024\/25 reco\u00f1ecendo aos mellores estudantes - Concello da Guarda","og_description":"O Concello da Guarda volve reco\u00f1ecer este curso \u00e1 excelencia e o esforzo acad\u00e9mico do estudantado da Guarda cos Premios Educaci\u00f3n 2024\/2025.","og_url":"https:\/\/www.aguarda.es\/en\/a-guarda-entregara-os-premios-de-educacion-2024-25-reconecendo-aos-mellores-estudantes\/","og_site_name":"Concello da Guarda","article_publisher":"https:\/\/www.facebook.com\/ConcellodaGuarda","article_published_time":"2025-06-27T09:21:43+00:00","article_modified_time":"2025-06-30T10:11:48+00:00","og_image":[{"width":1024,"height":768,"url":"https:\/\/www.aguarda.es\/wp-content\/uploads\/2025\/06\/premios-educacion.jpg?_t=1751278309","type":"image\/jpeg"}],"author":"prensa","twitter_card":"summary_large_image","twitter_creator":"@AGuarda_es","twitter_site":"@AGuarda_es","twitter_misc":{"Written by":"prensa","Est. reading time":"2 minutes"},"schema":{"@context":"https:\/\/schema.org","@graph":[{"@type":"WebPage","@id":"https:\/\/www.aguarda.es\/en\/a-guarda-entregara-os-premios-de-educacion-2024-25-reconecendo-aos-mellores-estudantes\/","url":"https:\/\/www.aguarda.es\/en\/a-guarda-entregara-os-premios-de-educacion-2024-25-reconecendo-aos-mellores-estudantes\/","name":"A Guarda entregar\u00e1 os Premios de Educaci\u00f3n 2024\/25 reco\u00f1ecendo aos mellores estudantes - Concello da Guarda","isPartOf":{"@id":"https:\/\/www.aguarda.es\/en\/#website"},"datePublished":"2025-06-27T09:21:43+00:00","dateModified":"2025-06-30T10:11:48+00:00","author":{"@id":"https:\/\/www.aguarda.es\/en\/#\/schema\/person\/c463ca3006858ffb349d11179d044f21"},"description":"O Concello da Guarda volve reco\u00f1ecer este curso \u00e1 excelencia e o esforzo acad\u00e9mico do estudantado da Guarda cos Premios Educaci\u00f3n 2024\/2025.","breadcrumb":{"@id":"https:\/\/www.aguarda.es\/en\/a-guarda-entregara-os-premios-de-educacion-2024-25-reconecendo-aos-mellores-estudantes\/#breadcrumb"},"inLanguage":"en-US","potentialAction":[{"@type":"ReadAction","target":["https:\/\/www.aguarda.es\/en\/a-guarda-entregara-os-premios-de-educacion-2024-25-reconecendo-aos-mellores-estudantes\/"]}]},{"@type":"BreadcrumbList","@id":"https:\/\/www.aguarda.es\/en\/a-guarda-entregara-os-premios-de-educacion-2024-25-reconecendo-aos-mellores-estudantes\/#breadcrumb","itemListElement":[{"@type":"ListItem","position":1,"name":"Portada","item":"https:\/\/www.aguarda.es\/en\/"},{"@type":"ListItem","position":2,"name":"A Guarda entregar\u00e1 os Premios de Educaci\u00f3n 2024\/25 reco\u00f1ecendo aos mellores estudantes"}]},{"@type":"WebSite","@id":"https:\/\/www.aguarda.es\/en\/#website","url":"https:\/\/www.aguarda.es\/en\/","name":"Concello da Guarda","description":"P\u00e1xina web do concello da Guarda","potentialAction":[{"@type":"SearchAction","target":{"@type":"EntryPoint","urlTemplate":"https:\/\/www.aguarda.es\/en\/?s={search_term_string}"},"query-input":"required name=search_term_string"}],"inLanguage":"en-US"},{"@type":"Person","@id":"https:\/\/www.aguarda.es\/en\/#\/schema\/person\/c463ca3006858ffb349d11179d044f21","name":"prensa","image":{"@type":"ImageObject","inLanguage":"en-US","@id":"https:\/\/www.aguarda.es\/en\/#\/schema\/person\/image\/","url":"https:\/\/secure.gravatar.com\/avatar\/5f90ef536b0f98306edf5c7a1135ffa1?s=96&d=mm&r=g","contentUrl":"https:\/\/secure.gravatar.com\/avatar\/5f90ef536b0f98306edf5c7a1135ffa1?s=96&d=mm&r=g","caption":"prensa"},"url":"https:\/\/www.aguarda.es\/en\/author\/prensa\/"}]}},"_links":{"self":[{"href":"https:\/\/www.aguarda.es\/en\/wp-json\/wp\/v2\/posts\/32764"}],"collection":[{"href":"https:\/\/www.aguarda.es\/en\/wp-json\/wp\/v2\/posts"}],"about":[{"href":"https:\/\/www.aguarda.es\/en\/wp-json\/wp\/v2\/types\/post"}],"author":[{"embeddable":true,"href":"https:\/\/www.aguarda.es\/en\/wp-json\/wp\/v2\/users\/2"}],"replies":[{"embeddable":true,"href":"https:\/\/www.aguarda.es\/en\/wp-json\/wp\/v2\/comments?post=32764"}],"version-history":[{"count":3,"href":"https:\/\/www.aguarda.es\/en\/wp-json\/wp\/v2\/posts\/32764\/revisions"}],"predecessor-version":[{"id":32786,"href":"https:\/\/www.aguarda.es\/en\/wp-json\/wp\/v2\/posts\/32764\/revisions\/32786"}],"wp:featuredmedia":[{"embeddable":true,"href":"https:\/\/www.aguarda.es\/en\/wp-json\/wp\/v2\/media\/32765"}],"wp:attachment":[{"href":"https:\/\/www.aguarda.es\/en\/wp-json\/wp\/v2\/media?parent=32764"}],"wp:term":[{"taxonomy":"category","embeddable":true,"href":"https:\/\/www.aguarda.es\/en\/wp-json\/wp\/v2\/categories?post=32764"},{"taxonomy":"post_tag","embeddable":true,"href":"https:\/\/www.aguarda.es\/en\/wp-json\/wp\/v2\/tags?post=32764"}],"curies":[{"name":"wp","href":"https:\/\/api.w.org\/{rel}","templated":true}]}}