{"id":32787,"date":"2025-07-02T11:22:26","date_gmt":"2025-07-02T11:22:26","guid":{"rendered":"https:\/\/www.aguarda.es\/?p=32787"},"modified":"2025-07-02T11:22:26","modified_gmt":"2025-07-02T11:22:26","slug":"a-xunta-local-de-seguridade-reuniuse-na-guarda-para-analizar-a-seguridade-na-vila","status":"publish","type":"post","link":"https:\/\/www.aguarda.es\/en\/a-xunta-local-de-seguridade-reuniuse-na-guarda-para-analizar-a-seguridade-na-vila\/","title":{"rendered":"A Xunta Local de Seguridade reun\u00eduse na Guarda para analizar a seguridade na vila"},"content":{"rendered":"<p class=\"western\" align=\"left\"><span style=\"color: #000000;\"><span style=\"font-family: Arial, serif;\"><span style=\"font-size: medium;\"><span lang=\"gl-ES\">Esta ma\u00f1\u00e1 celebrouse na Guarda a reuni\u00f3n da Xunta Local de Seguridade. Esta Xunta busca facilitar a coordinaci\u00f3n e cooperaci\u00f3n entre diferentes administraci\u00f3ns en materia de seguridade.<\/span><\/span><\/span><\/span><\/p>\n<p class=\"western\" align=\"left\"><span style=\"color: #000000;\"><span style=\"font-family: Arial, serif;\"><span style=\"font-size: medium;\"><span lang=\"gl-ES\">O alcalde, Roberto Carrero deu comezo \u00e1 reuni\u00f3n, \u00e1 cal tam\u00e9n asistiu o subdelegado do Goberno en Pontevedra, Abel Losada; a Secretaria Xeral da Subdelegaci\u00f3n do Goberno, Mar\u00eda Isabel Alonso de Linaje; a xefa da Unidade contra a Violencia sobre a Muller da Subdelegaci\u00f3n do Goberno, Mar\u00eda Jos\u00e9 Rodr\u00edguez; a directora do Centro de Informaci\u00f3n \u00e1 Muller (CIM), Yolanda Villaverde; o xefe da Polic\u00eda Local e do GES da Guarda, as\u00ed como membros de diferentes unidades da Guardia Civil.<\/span><\/span><\/span><\/span><\/p>\n<p class=\"western\" align=\"left\"><span style=\"color: #000000;\"><span style=\"font-family: Arial, serif;\"><span style=\"font-size: medium;\"><span lang=\"gl-ES\">O obxectivo principal \u00e9 asegurar unha actuaci\u00f3n coordinada e eficiente das forzas e corpos de seguridade na vila. Con estas reuni\u00f3ns tam\u00e9n se fai un balance e an\u00e1lise da situaci\u00f3n actual, cun seguimento e avaliaci\u00f3n dos acordos acadados.<\/span><\/span><\/span><\/span><\/p>\n<p class=\"western\" align=\"left\"><span style=\"color: #000000;\"><span style=\"font-family: Arial, serif;\"><span style=\"font-size: medium;\"><span lang=\"gl-ES\">Estas reuni\u00f3ns permiten tam\u00e9n facilitar o intercambio de informaci\u00f3n para elaborar plans de seguridade en conxunto, mellorando a cooperaci\u00f3n e coordinaci\u00f3n entre todos.<\/span><\/span><\/span><\/span><\/p>\n","protected":false},"excerpt":{"rendered":"<p>Esta ma\u00f1\u00e1 celebrouse na Guarda a reuni\u00f3n da Xunta Local de Seguridade. Esta Xunta busca facilitar a coordinaci\u00f3n e cooperaci\u00f3n entre diferentes administraci\u00f3ns en materia de seguridade. O alcalde, Roberto Carrero deu comezo \u00e1 reuni\u00f3n, \u00e1 cal tam\u00e9n asistiu o &hellip; <\/p>\n","protected":false},"author":2,"featured_media":32788,"comment_status":"closed","ping_status":"closed","sticky":false,"template":"","format":"standard","meta":[],"categories":[44,363],"tags":[],"yoast_head":"<!-- This site is optimized with the Yoast SEO plugin v21.1 - https:\/\/yoast.com\/wordpress\/plugins\/seo\/ -->\n<title>A Xunta Local de Seguridade reun\u00eduse na Guarda para analizar a seguridade na vila - Concello da Guarda<\/title>\n<meta name=\"description\" content=\"Esta ma\u00f1\u00e1 celebrouse na Guarda a reuni\u00f3n da Xunta Local de Seguridade. Esta Xunta busca facilitar a coordinaci\u00f3n e cooperaci\u00f3n entre\" \/>\n<meta name=\"robots\" content=\"index, follow, max-snippet:-1, max-image-preview:large, max-video-preview:-1\" \/>\n<link rel=\"canonical\" href=\"https:\/\/www.aguarda.es\/en\/a-xunta-local-de-seguridade-reuniuse-na-guarda-para-analizar-a-seguridade-na-vila\/\" \/>\n<meta property=\"og:locale\" content=\"en_US\" \/>\n<meta property=\"og:type\" content=\"article\" \/>\n<meta property=\"og:title\" content=\"A Xunta Local de Seguridade reun\u00eduse na Guarda para analizar a seguridade na vila - Concello da Guarda\" \/>\n<meta property=\"og:description\" content=\"Esta ma\u00f1\u00e1 celebrouse na Guarda a reuni\u00f3n da Xunta Local de Seguridade. Esta Xunta busca facilitar a coordinaci\u00f3n e cooperaci\u00f3n entre\" \/>\n<meta property=\"og:url\" content=\"https:\/\/www.aguarda.es\/en\/a-xunta-local-de-seguridade-reuniuse-na-guarda-para-analizar-a-seguridade-na-vila\/\" \/>\n<meta property=\"og:site_name\" content=\"Concello da Guarda\" \/>\n<meta property=\"article:publisher\" content=\"https:\/\/www.facebook.com\/ConcellodaGuarda\" \/>\n<meta property=\"article:published_time\" content=\"2025-07-02T11:22:26+00:00\" \/>\n<meta property=\"og:image\" content=\"https:\/\/www.aguarda.es\/wp-content\/uploads\/2025\/07\/xunta-local-de-seguridade.jpeg?_t=1751455347\" \/>\n\t<meta property=\"og:image:width\" content=\"2048\" \/>\n\t<meta property=\"og:image:height\" content=\"1229\" \/>\n\t<meta property=\"og:image:type\" content=\"image\/jpeg\" \/>\n<meta name=\"author\" content=\"prensa\" \/>\n<meta name=\"twitter:card\" content=\"summary_large_image\" \/>\n<meta name=\"twitter:creator\" content=\"@AGuarda_es\" \/>\n<meta name=\"twitter:site\" content=\"@AGuarda_es\" \/>\n<meta name=\"twitter:label1\" content=\"Written by\" \/>\n\t<meta name=\"twitter:data1\" content=\"prensa\" \/>\n\t<meta name=\"twitter:label2\" content=\"Est. reading time\" \/>\n\t<meta name=\"twitter:data2\" content=\"1 minute\" \/>\n<script type=\"application\/ld+json\" class=\"yoast-schema-graph\">{\"@context\":\"https:\/\/schema.org\",\"@graph\":[{\"@type\":\"WebPage\",\"@id\":\"https:\/\/www.aguarda.es\/en\/a-xunta-local-de-seguridade-reuniuse-na-guarda-para-analizar-a-seguridade-na-vila\/\",\"url\":\"https:\/\/www.aguarda.es\/en\/a-xunta-local-de-seguridade-reuniuse-na-guarda-para-analizar-a-seguridade-na-vila\/\",\"name\":\"A Xunta Local de Seguridade reun\u00eduse na Guarda para analizar a seguridade na vila - Concello da Guarda\",\"isPartOf\":{\"@id\":\"https:\/\/www.aguarda.es\/en\/#website\"},\"datePublished\":\"2025-07-02T11:22:26+00:00\",\"dateModified\":\"2025-07-02T11:22:26+00:00\",\"author\":{\"@id\":\"https:\/\/www.aguarda.es\/en\/#\/schema\/person\/c463ca3006858ffb349d11179d044f21\"},\"description\":\"Esta ma\u00f1\u00e1 celebrouse na Guarda a reuni\u00f3n da Xunta Local de Seguridade. Esta Xunta busca facilitar a coordinaci\u00f3n e cooperaci\u00f3n entre\",\"breadcrumb\":{\"@id\":\"https:\/\/www.aguarda.es\/en\/a-xunta-local-de-seguridade-reuniuse-na-guarda-para-analizar-a-seguridade-na-vila\/#breadcrumb\"},\"inLanguage\":\"en-US\",\"potentialAction\":[{\"@type\":\"ReadAction\",\"target\":[\"https:\/\/www.aguarda.es\/en\/a-xunta-local-de-seguridade-reuniuse-na-guarda-para-analizar-a-seguridade-na-vila\/\"]}]},{\"@type\":\"BreadcrumbList\",\"@id\":\"https:\/\/www.aguarda.es\/en\/a-xunta-local-de-seguridade-reuniuse-na-guarda-para-analizar-a-seguridade-na-vila\/#breadcrumb\",\"itemListElement\":[{\"@type\":\"ListItem\",\"position\":1,\"name\":\"Portada\",\"item\":\"https:\/\/www.aguarda.es\/en\/\"},{\"@type\":\"ListItem\",\"position\":2,\"name\":\"A Xunta Local de Seguridade reun\u00eduse na Guarda para analizar a seguridade na vila\"}]},{\"@type\":\"WebSite\",\"@id\":\"https:\/\/www.aguarda.es\/en\/#website\",\"url\":\"https:\/\/www.aguarda.es\/en\/\",\"name\":\"Concello da Guarda\",\"description\":\"P\u00e1xina web do concello da Guarda\",\"potentialAction\":[{\"@type\":\"SearchAction\",\"target\":{\"@type\":\"EntryPoint\",\"urlTemplate\":\"https:\/\/www.aguarda.es\/en\/?s={search_term_string}\"},\"query-input\":\"required name=search_term_string\"}],\"inLanguage\":\"en-US\"},{\"@type\":\"Person\",\"@id\":\"https:\/\/www.aguarda.es\/en\/#\/schema\/person\/c463ca3006858ffb349d11179d044f21\",\"name\":\"prensa\",\"image\":{\"@type\":\"ImageObject\",\"inLanguage\":\"en-US\",\"@id\":\"https:\/\/www.aguarda.es\/en\/#\/schema\/person\/image\/\",\"url\":\"https:\/\/secure.gravatar.com\/avatar\/5f90ef536b0f98306edf5c7a1135ffa1?s=96&d=mm&r=g\",\"contentUrl\":\"https:\/\/secure.gravatar.com\/avatar\/5f90ef536b0f98306edf5c7a1135ffa1?s=96&d=mm&r=g\",\"caption\":\"prensa\"},\"url\":\"https:\/\/www.aguarda.es\/en\/author\/prensa\/\"}]}<\/script>\n<!-- \/ Yoast SEO plugin. -->","yoast_head_json":{"title":"A Xunta Local de Seguridade reun\u00eduse na Guarda para analizar a seguridade na vila - Concello da Guarda","description":"Esta ma\u00f1\u00e1 celebrouse na Guarda a reuni\u00f3n da Xunta Local de Seguridade. Esta Xunta busca facilitar a coordinaci\u00f3n e cooperaci\u00f3n entre","robots":{"index":"index","follow":"follow","max-snippet":"max-snippet:-1","max-image-preview":"max-image-preview:large","max-video-preview":"max-video-preview:-1"},"canonical":"https:\/\/www.aguarda.es\/en\/a-xunta-local-de-seguridade-reuniuse-na-guarda-para-analizar-a-seguridade-na-vila\/","og_locale":"en_US","og_type":"article","og_title":"A Xunta Local de Seguridade reun\u00eduse na Guarda para analizar a seguridade na vila - Concello da Guarda","og_description":"Esta ma\u00f1\u00e1 celebrouse na Guarda a reuni\u00f3n da Xunta Local de Seguridade. Esta Xunta busca facilitar a coordinaci\u00f3n e cooperaci\u00f3n entre","og_url":"https:\/\/www.aguarda.es\/en\/a-xunta-local-de-seguridade-reuniuse-na-guarda-para-analizar-a-seguridade-na-vila\/","og_site_name":"Concello da Guarda","article_publisher":"https:\/\/www.facebook.com\/ConcellodaGuarda","article_published_time":"2025-07-02T11:22:26+00:00","og_image":[{"width":2048,"height":1229,"url":"https:\/\/www.aguarda.es\/wp-content\/uploads\/2025\/07\/xunta-local-de-seguridade.jpeg?_t=1751455347","type":"image\/jpeg"}],"author":"prensa","twitter_card":"summary_large_image","twitter_creator":"@AGuarda_es","twitter_site":"@AGuarda_es","twitter_misc":{"Written by":"prensa","Est. reading time":"1 minute"},"schema":{"@context":"https:\/\/schema.org","@graph":[{"@type":"WebPage","@id":"https:\/\/www.aguarda.es\/en\/a-xunta-local-de-seguridade-reuniuse-na-guarda-para-analizar-a-seguridade-na-vila\/","url":"https:\/\/www.aguarda.es\/en\/a-xunta-local-de-seguridade-reuniuse-na-guarda-para-analizar-a-seguridade-na-vila\/","name":"A Xunta Local de Seguridade reun\u00eduse na Guarda para analizar a seguridade na vila - Concello da Guarda","isPartOf":{"@id":"https:\/\/www.aguarda.es\/en\/#website"},"datePublished":"2025-07-02T11:22:26+00:00","dateModified":"2025-07-02T11:22:26+00:00","author":{"@id":"https:\/\/www.aguarda.es\/en\/#\/schema\/person\/c463ca3006858ffb349d11179d044f21"},"description":"Esta ma\u00f1\u00e1 celebrouse na Guarda a reuni\u00f3n da Xunta Local de Seguridade. Esta Xunta busca facilitar a coordinaci\u00f3n e cooperaci\u00f3n entre","breadcrumb":{"@id":"https:\/\/www.aguarda.es\/en\/a-xunta-local-de-seguridade-reuniuse-na-guarda-para-analizar-a-seguridade-na-vila\/#breadcrumb"},"inLanguage":"en-US","potentialAction":[{"@type":"ReadAction","target":["https:\/\/www.aguarda.es\/en\/a-xunta-local-de-seguridade-reuniuse-na-guarda-para-analizar-a-seguridade-na-vila\/"]}]},{"@type":"BreadcrumbList","@id":"https:\/\/www.aguarda.es\/en\/a-xunta-local-de-seguridade-reuniuse-na-guarda-para-analizar-a-seguridade-na-vila\/#breadcrumb","itemListElement":[{"@type":"ListItem","position":1,"name":"Portada","item":"https:\/\/www.aguarda.es\/en\/"},{"@type":"ListItem","position":2,"name":"A Xunta Local de Seguridade reun\u00eduse na Guarda para analizar a seguridade na vila"}]},{"@type":"WebSite","@id":"https:\/\/www.aguarda.es\/en\/#website","url":"https:\/\/www.aguarda.es\/en\/","name":"Concello da Guarda","description":"P\u00e1xina web do concello da Guarda","potentialAction":[{"@type":"SearchAction","target":{"@type":"EntryPoint","urlTemplate":"https:\/\/www.aguarda.es\/en\/?s={search_term_string}"},"query-input":"required name=search_term_string"}],"inLanguage":"en-US"},{"@type":"Person","@id":"https:\/\/www.aguarda.es\/en\/#\/schema\/person\/c463ca3006858ffb349d11179d044f21","name":"prensa","image":{"@type":"ImageObject","inLanguage":"en-US","@id":"https:\/\/www.aguarda.es\/en\/#\/schema\/person\/image\/","url":"https:\/\/secure.gravatar.com\/avatar\/5f90ef536b0f98306edf5c7a1135ffa1?s=96&d=mm&r=g","contentUrl":"https:\/\/secure.gravatar.com\/avatar\/5f90ef536b0f98306edf5c7a1135ffa1?s=96&d=mm&r=g","caption":"prensa"},"url":"https:\/\/www.aguarda.es\/en\/author\/prensa\/"}]}},"_links":{"self":[{"href":"https:\/\/www.aguarda.es\/en\/wp-json\/wp\/v2\/posts\/32787"}],"collection":[{"href":"https:\/\/www.aguarda.es\/en\/wp-json\/wp\/v2\/posts"}],"about":[{"href":"https:\/\/www.aguarda.es\/en\/wp-json\/wp\/v2\/types\/post"}],"author":[{"embeddable":true,"href":"https:\/\/www.aguarda.es\/en\/wp-json\/wp\/v2\/users\/2"}],"replies":[{"embeddable":true,"href":"https:\/\/www.aguarda.es\/en\/wp-json\/wp\/v2\/comments?post=32787"}],"version-history":[{"count":1,"href":"https:\/\/www.aguarda.es\/en\/wp-json\/wp\/v2\/posts\/32787\/revisions"}],"predecessor-version":[{"id":32790,"href":"https:\/\/www.aguarda.es\/en\/wp-json\/wp\/v2\/posts\/32787\/revisions\/32790"}],"wp:featuredmedia":[{"embeddable":true,"href":"https:\/\/www.aguarda.es\/en\/wp-json\/wp\/v2\/media\/32788"}],"wp:attachment":[{"href":"https:\/\/www.aguarda.es\/en\/wp-json\/wp\/v2\/media?parent=32787"}],"wp:term":[{"taxonomy":"category","embeddable":true,"href":"https:\/\/www.aguarda.es\/en\/wp-json\/wp\/v2\/categories?post=32787"},{"taxonomy":"post_tag","embeddable":true,"href":"https:\/\/www.aguarda.es\/en\/wp-json\/wp\/v2\/tags?post=32787"}],"curies":[{"name":"wp","href":"https:\/\/api.w.org\/{rel}","templated":true}]}}