{"id":32861,"date":"2025-07-15T13:52:15","date_gmt":"2025-07-15T13:52:15","guid":{"rendered":"https:\/\/www.aguarda.es\/?p=32861"},"modified":"2025-07-15T13:56:03","modified_gmt":"2025-07-15T13:56:03","slug":"a-guarda-comeza-a-reparacion-dos-tellados-do-castro-de-santa-trega","status":"publish","type":"post","link":"https:\/\/www.aguarda.es\/en\/a-guarda-comeza-a-reparacion-dos-tellados-do-castro-de-santa-trega\/","title":{"rendered":"A Guarda comeza a reparaci\u00f3n dos tellados do castro  de Santa Trega"},"content":{"rendered":"<p class=\"western\" align=\"left\"><span style=\"font-family: Arial, serif; color: #000000;\"><span lang=\"gl-ES\">A reparaci\u00f3n dos tellados do castro de Santa Trega deu comezo esta ma\u00f1\u00e1 coa chegada do novo material para a s\u00faa instalaci\u00f3n inmediata. <\/span><\/span><\/p>\n<p class=\"western\" align=\"left\"><span style=\"font-family: Arial, serif; color: #000000;\"><span lang=\"gl-ES\">O castro viviu durante este inverno fortes temporais, sobre todo, de vento, o que lle ocasionou graves danos ao tellado de palla. Agora, unha empresa especializada no sector, ser\u00e1 a encargada de instalar o novo tellado de centeo nas d\u00faas edificaci\u00f3ns reconstru\u00eddas.<\/span><\/span><\/p>\n<p class=\"western\" align=\"left\"><span style=\"font-family: Arial, serif; color: #000000;\"><span lang=\"gl-ES\">Deste xeito, o monte de Santa Trega volver\u00e1 contar co seu monumento insignia nas mellores condici\u00f3ns, para que locais e turistas podan desfrutar da s\u00faa historia. <\/span><\/span><\/p>\n","protected":false},"excerpt":{"rendered":"<p>A reparaci\u00f3n dos tellados do castro de Santa Trega deu comezo esta ma\u00f1\u00e1 coa chegada do novo material para a s\u00faa instalaci\u00f3n inmediata. O castro viviu durante este inverno fortes temporais, sobre todo, de vento, o que lle ocasionou graves &hellip; <\/p>\n","protected":false},"author":2,"featured_media":32862,"comment_status":"closed","ping_status":"closed","sticky":false,"template":"","format":"standard","meta":[],"categories":[56,363],"tags":[],"yoast_head":"<!-- This site is optimized with the Yoast SEO plugin v21.1 - https:\/\/yoast.com\/wordpress\/plugins\/seo\/ -->\n<title>A Guarda comeza a reparaci\u00f3n dos tellados do castro de Santa Trega - Concello da Guarda<\/title>\n<meta name=\"description\" content=\"A reparaci\u00f3n dos tellados do castro de Santa Trega deu comezo esta ma\u00f1\u00e1 coa chegada do novo material para a s\u00faa instalaci\u00f3n inmediata.\" \/>\n<meta name=\"robots\" content=\"index, follow, max-snippet:-1, max-image-preview:large, max-video-preview:-1\" \/>\n<link rel=\"canonical\" href=\"https:\/\/www.aguarda.es\/en\/a-guarda-comeza-a-reparacion-dos-tellados-do-castro-de-santa-trega\/\" \/>\n<meta property=\"og:locale\" content=\"en_US\" \/>\n<meta property=\"og:type\" content=\"article\" \/>\n<meta property=\"og:title\" content=\"A Guarda comeza a reparaci\u00f3n dos tellados do castro de Santa Trega - Concello da Guarda\" \/>\n<meta property=\"og:description\" content=\"A reparaci\u00f3n dos tellados do castro de Santa Trega deu comezo esta ma\u00f1\u00e1 coa chegada do novo material para a s\u00faa instalaci\u00f3n inmediata.\" \/>\n<meta property=\"og:url\" content=\"https:\/\/www.aguarda.es\/en\/a-guarda-comeza-a-reparacion-dos-tellados-do-castro-de-santa-trega\/\" \/>\n<meta property=\"og:site_name\" content=\"Concello da Guarda\" \/>\n<meta property=\"article:publisher\" content=\"https:\/\/www.facebook.com\/ConcellodaGuarda\" \/>\n<meta property=\"article:published_time\" content=\"2025-07-15T13:52:15+00:00\" \/>\n<meta property=\"article:modified_time\" content=\"2025-07-15T13:56:03+00:00\" \/>\n<meta property=\"og:image\" content=\"https:\/\/www.aguarda.es\/wp-content\/uploads\/2025\/07\/castro-tellado-centeo.jpeg?_t=1752587764\" \/>\n\t<meta property=\"og:image:width\" content=\"2048\" \/>\n\t<meta property=\"og:image:height\" content=\"1536\" \/>\n\t<meta property=\"og:image:type\" content=\"image\/jpeg\" \/>\n<meta name=\"author\" content=\"prensa\" \/>\n<meta name=\"twitter:card\" content=\"summary_large_image\" \/>\n<meta name=\"twitter:creator\" content=\"@AGuarda_es\" \/>\n<meta name=\"twitter:site\" content=\"@AGuarda_es\" \/>\n<meta name=\"twitter:label1\" content=\"Written by\" \/>\n\t<meta name=\"twitter:data1\" content=\"prensa\" \/>\n\t<meta name=\"twitter:label2\" content=\"Est. reading time\" \/>\n\t<meta name=\"twitter:data2\" content=\"1 minute\" \/>\n<script type=\"application\/ld+json\" class=\"yoast-schema-graph\">{\"@context\":\"https:\/\/schema.org\",\"@graph\":[{\"@type\":\"WebPage\",\"@id\":\"https:\/\/www.aguarda.es\/en\/a-guarda-comeza-a-reparacion-dos-tellados-do-castro-de-santa-trega\/\",\"url\":\"https:\/\/www.aguarda.es\/en\/a-guarda-comeza-a-reparacion-dos-tellados-do-castro-de-santa-trega\/\",\"name\":\"A Guarda comeza a reparaci\u00f3n dos tellados do castro de Santa Trega - Concello da Guarda\",\"isPartOf\":{\"@id\":\"https:\/\/www.aguarda.es\/en\/#website\"},\"datePublished\":\"2025-07-15T13:52:15+00:00\",\"dateModified\":\"2025-07-15T13:56:03+00:00\",\"author\":{\"@id\":\"https:\/\/www.aguarda.es\/en\/#\/schema\/person\/c463ca3006858ffb349d11179d044f21\"},\"description\":\"A reparaci\u00f3n dos tellados do castro de Santa Trega deu comezo esta ma\u00f1\u00e1 coa chegada do novo material para a s\u00faa instalaci\u00f3n inmediata.\",\"breadcrumb\":{\"@id\":\"https:\/\/www.aguarda.es\/en\/a-guarda-comeza-a-reparacion-dos-tellados-do-castro-de-santa-trega\/#breadcrumb\"},\"inLanguage\":\"en-US\",\"potentialAction\":[{\"@type\":\"ReadAction\",\"target\":[\"https:\/\/www.aguarda.es\/en\/a-guarda-comeza-a-reparacion-dos-tellados-do-castro-de-santa-trega\/\"]}]},{\"@type\":\"BreadcrumbList\",\"@id\":\"https:\/\/www.aguarda.es\/en\/a-guarda-comeza-a-reparacion-dos-tellados-do-castro-de-santa-trega\/#breadcrumb\",\"itemListElement\":[{\"@type\":\"ListItem\",\"position\":1,\"name\":\"Portada\",\"item\":\"https:\/\/www.aguarda.es\/en\/\"},{\"@type\":\"ListItem\",\"position\":2,\"name\":\"A Guarda comeza a reparaci\u00f3n dos tellados do castro de Santa Trega\"}]},{\"@type\":\"WebSite\",\"@id\":\"https:\/\/www.aguarda.es\/en\/#website\",\"url\":\"https:\/\/www.aguarda.es\/en\/\",\"name\":\"Concello da Guarda\",\"description\":\"P\u00e1xina web do concello da Guarda\",\"potentialAction\":[{\"@type\":\"SearchAction\",\"target\":{\"@type\":\"EntryPoint\",\"urlTemplate\":\"https:\/\/www.aguarda.es\/en\/?s={search_term_string}\"},\"query-input\":\"required name=search_term_string\"}],\"inLanguage\":\"en-US\"},{\"@type\":\"Person\",\"@id\":\"https:\/\/www.aguarda.es\/en\/#\/schema\/person\/c463ca3006858ffb349d11179d044f21\",\"name\":\"prensa\",\"image\":{\"@type\":\"ImageObject\",\"inLanguage\":\"en-US\",\"@id\":\"https:\/\/www.aguarda.es\/en\/#\/schema\/person\/image\/\",\"url\":\"https:\/\/secure.gravatar.com\/avatar\/5f90ef536b0f98306edf5c7a1135ffa1?s=96&d=mm&r=g\",\"contentUrl\":\"https:\/\/secure.gravatar.com\/avatar\/5f90ef536b0f98306edf5c7a1135ffa1?s=96&d=mm&r=g\",\"caption\":\"prensa\"},\"url\":\"https:\/\/www.aguarda.es\/en\/author\/prensa\/\"}]}<\/script>\n<!-- \/ Yoast SEO plugin. -->","yoast_head_json":{"title":"A Guarda comeza a reparaci\u00f3n dos tellados do castro de Santa Trega - Concello da Guarda","description":"A reparaci\u00f3n dos tellados do castro de Santa Trega deu comezo esta ma\u00f1\u00e1 coa chegada do novo material para a s\u00faa instalaci\u00f3n inmediata.","robots":{"index":"index","follow":"follow","max-snippet":"max-snippet:-1","max-image-preview":"max-image-preview:large","max-video-preview":"max-video-preview:-1"},"canonical":"https:\/\/www.aguarda.es\/en\/a-guarda-comeza-a-reparacion-dos-tellados-do-castro-de-santa-trega\/","og_locale":"en_US","og_type":"article","og_title":"A Guarda comeza a reparaci\u00f3n dos tellados do castro de Santa Trega - Concello da Guarda","og_description":"A reparaci\u00f3n dos tellados do castro de Santa Trega deu comezo esta ma\u00f1\u00e1 coa chegada do novo material para a s\u00faa instalaci\u00f3n inmediata.","og_url":"https:\/\/www.aguarda.es\/en\/a-guarda-comeza-a-reparacion-dos-tellados-do-castro-de-santa-trega\/","og_site_name":"Concello da Guarda","article_publisher":"https:\/\/www.facebook.com\/ConcellodaGuarda","article_published_time":"2025-07-15T13:52:15+00:00","article_modified_time":"2025-07-15T13:56:03+00:00","og_image":[{"width":2048,"height":1536,"url":"https:\/\/www.aguarda.es\/wp-content\/uploads\/2025\/07\/castro-tellado-centeo.jpeg?_t=1752587764","type":"image\/jpeg"}],"author":"prensa","twitter_card":"summary_large_image","twitter_creator":"@AGuarda_es","twitter_site":"@AGuarda_es","twitter_misc":{"Written by":"prensa","Est. reading time":"1 minute"},"schema":{"@context":"https:\/\/schema.org","@graph":[{"@type":"WebPage","@id":"https:\/\/www.aguarda.es\/en\/a-guarda-comeza-a-reparacion-dos-tellados-do-castro-de-santa-trega\/","url":"https:\/\/www.aguarda.es\/en\/a-guarda-comeza-a-reparacion-dos-tellados-do-castro-de-santa-trega\/","name":"A Guarda comeza a reparaci\u00f3n dos tellados do castro de Santa Trega - Concello da Guarda","isPartOf":{"@id":"https:\/\/www.aguarda.es\/en\/#website"},"datePublished":"2025-07-15T13:52:15+00:00","dateModified":"2025-07-15T13:56:03+00:00","author":{"@id":"https:\/\/www.aguarda.es\/en\/#\/schema\/person\/c463ca3006858ffb349d11179d044f21"},"description":"A reparaci\u00f3n dos tellados do castro de Santa Trega deu comezo esta ma\u00f1\u00e1 coa chegada do novo material para a s\u00faa instalaci\u00f3n inmediata.","breadcrumb":{"@id":"https:\/\/www.aguarda.es\/en\/a-guarda-comeza-a-reparacion-dos-tellados-do-castro-de-santa-trega\/#breadcrumb"},"inLanguage":"en-US","potentialAction":[{"@type":"ReadAction","target":["https:\/\/www.aguarda.es\/en\/a-guarda-comeza-a-reparacion-dos-tellados-do-castro-de-santa-trega\/"]}]},{"@type":"BreadcrumbList","@id":"https:\/\/www.aguarda.es\/en\/a-guarda-comeza-a-reparacion-dos-tellados-do-castro-de-santa-trega\/#breadcrumb","itemListElement":[{"@type":"ListItem","position":1,"name":"Portada","item":"https:\/\/www.aguarda.es\/en\/"},{"@type":"ListItem","position":2,"name":"A Guarda comeza a reparaci\u00f3n dos tellados do castro de Santa Trega"}]},{"@type":"WebSite","@id":"https:\/\/www.aguarda.es\/en\/#website","url":"https:\/\/www.aguarda.es\/en\/","name":"Concello da Guarda","description":"P\u00e1xina web do concello da Guarda","potentialAction":[{"@type":"SearchAction","target":{"@type":"EntryPoint","urlTemplate":"https:\/\/www.aguarda.es\/en\/?s={search_term_string}"},"query-input":"required name=search_term_string"}],"inLanguage":"en-US"},{"@type":"Person","@id":"https:\/\/www.aguarda.es\/en\/#\/schema\/person\/c463ca3006858ffb349d11179d044f21","name":"prensa","image":{"@type":"ImageObject","inLanguage":"en-US","@id":"https:\/\/www.aguarda.es\/en\/#\/schema\/person\/image\/","url":"https:\/\/secure.gravatar.com\/avatar\/5f90ef536b0f98306edf5c7a1135ffa1?s=96&d=mm&r=g","contentUrl":"https:\/\/secure.gravatar.com\/avatar\/5f90ef536b0f98306edf5c7a1135ffa1?s=96&d=mm&r=g","caption":"prensa"},"url":"https:\/\/www.aguarda.es\/en\/author\/prensa\/"}]}},"_links":{"self":[{"href":"https:\/\/www.aguarda.es\/en\/wp-json\/wp\/v2\/posts\/32861"}],"collection":[{"href":"https:\/\/www.aguarda.es\/en\/wp-json\/wp\/v2\/posts"}],"about":[{"href":"https:\/\/www.aguarda.es\/en\/wp-json\/wp\/v2\/types\/post"}],"author":[{"embeddable":true,"href":"https:\/\/www.aguarda.es\/en\/wp-json\/wp\/v2\/users\/2"}],"replies":[{"embeddable":true,"href":"https:\/\/www.aguarda.es\/en\/wp-json\/wp\/v2\/comments?post=32861"}],"version-history":[{"count":1,"href":"https:\/\/www.aguarda.es\/en\/wp-json\/wp\/v2\/posts\/32861\/revisions"}],"predecessor-version":[{"id":32864,"href":"https:\/\/www.aguarda.es\/en\/wp-json\/wp\/v2\/posts\/32861\/revisions\/32864"}],"wp:featuredmedia":[{"embeddable":true,"href":"https:\/\/www.aguarda.es\/en\/wp-json\/wp\/v2\/media\/32862"}],"wp:attachment":[{"href":"https:\/\/www.aguarda.es\/en\/wp-json\/wp\/v2\/media?parent=32861"}],"wp:term":[{"taxonomy":"category","embeddable":true,"href":"https:\/\/www.aguarda.es\/en\/wp-json\/wp\/v2\/categories?post=32861"},{"taxonomy":"post_tag","embeddable":true,"href":"https:\/\/www.aguarda.es\/en\/wp-json\/wp\/v2\/tags?post=32861"}],"curies":[{"name":"wp","href":"https:\/\/api.w.org\/{rel}","templated":true}]}}