{"id":32869,"date":"2025-07-17T11:58:44","date_gmt":"2025-07-17T11:58:44","guid":{"rendered":"https:\/\/www.aguarda.es\/?p=32869"},"modified":"2025-07-17T11:58:44","modified_gmt":"2025-07-17T11:58:44","slug":"o-xxx-encontro-dos-pobos-trae-musica-e-tradicion-ao-auditorio-de-san-benito","status":"publish","type":"post","link":"https:\/\/www.aguarda.es\/en\/o-xxx-encontro-dos-pobos-trae-musica-e-tradicion-ao-auditorio-de-san-benito\/","title":{"rendered":"O XXX Encontro dos Pobos trae m\u00fasica e tradici\u00f3n  ao auditorio de San Benito"},"content":{"rendered":"<p class=\"western\" align=\"left\"><span style=\"color: #000000;\"><span style=\"font-family: Arial, serif;\"><span lang=\"gl-ES\">Como v<\/span><\/span><span style=\"font-family: Arial, serif;\"><span style=\"font-size: medium;\"><span lang=\"gl-ES\">\u00e9spera do d\u00eda de Galicia, o 24 de xullo, o grupo Do Lusco \u00f3 Fusco celebra o seu <strong>XXX Encontro dos pobos<\/strong>, un festival xa arraigado que tenta fomentar a convivencia, o entendemento e o respecto mutuo a trav\u00e9s do intercambio de tradici\u00f3ns, m\u00fasicas, danzas e costumes. <\/span><\/span><\/span><\/span><\/p>\n<p class=\"western\" align=\"left\"><span style=\"color: #000000;\"><span style=\"font-family: Arial, serif;\"><span style=\"font-size: medium;\"><span lang=\"gl-ES\">Este ano, a parte dos anfitri\u00f3ns e do grupo local Vento Mareiro, contaremos coa actuaci\u00f3n de<\/span><\/span><\/span><span style=\"font-family: Arial, serif;\"><span lang=\"gl-ES\"> Itxas-<\/span><\/span><span style=\"font-family: Arial, serif;\"><span lang=\"gl-ES\">Al<\/span><\/span><span style=\"font-family: Arial, serif;\"><span lang=\"gl-ES\">de de Bakio (Pa\u00eds Vasco). Eles representar\u00e1n as danzas tradicionais de cada unha das provincias do Pais Vasco, sen esquecer os bailes dos <\/span><\/span><span style=\"font-family: Arial, serif;\"><span style=\"font-size: medium;\"><span lang=\"gl-ES\">territorios do Iparralde ou Pais Vasco franc\u00e9s, e os tan extendidos Jauziak, que tam\u00e9n forman parte do repertorio que ofrecen. <\/span><\/span><\/span><\/span><\/p>\n<p class=\"western\" align=\"left\"><span style=\"color: #000000;\"><span style=\"font-family: Arial, serif;\"><span style=\"font-size: medium;\"><span lang=\"gl-ES\">O Encontro dos pobos busca<\/span><\/span><\/span><span style=\"font-family: Arial, serif;\"><span style=\"font-size: medium;\"><span lang=\"gl-ES\"> preservar a autenticidade e a riqueza do patrimonio cultural galego <\/span><\/span><\/span><span style=\"font-family: Arial, serif;\"><span style=\"font-size: medium;\"><span lang=\"gl-ES\">a trav\u00e9s da <\/span><\/span><\/span><span style=\"font-family: Arial, serif;\"><span style=\"font-size: medium;\"><span lang=\"gl-ES\">indumentaria, os bailes, os cantares e os instrumentos tradicionais. <\/span><\/span><\/span><span style=\"font-family: Arial, serif;\"><span style=\"font-size: medium;\"><span lang=\"gl-ES\">O festival dar\u00e1 comezo<\/span><\/span><\/span><span style=\"font-family: Arial, serif;\"><span style=\"font-size: medium;\"><span lang=\"gl-ES\"> o<strong> xoves 24 de xullo<\/strong> \u00e1s <strong>20:30h no Auditorio de San Benito.<\/strong><\/span><\/span><\/span><\/span><\/p>\n","protected":false},"excerpt":{"rendered":"<p>Como v\u00e9spera do d\u00eda de Galicia, o 24 de xullo, o grupo Do Lusco \u00f3 Fusco celebra o seu XXX Encontro dos pobos, un festival xa arraigado que tenta fomentar a convivencia, o entendemento e o respecto mutuo a trav\u00e9s &hellip; <\/p>\n","protected":false},"author":2,"featured_media":32870,"comment_status":"closed","ping_status":"closed","sticky":false,"template":"","format":"standard","meta":[],"categories":[34,363],"tags":[],"yoast_head":"<!-- This site is optimized with the Yoast SEO plugin v21.1 - https:\/\/yoast.com\/wordpress\/plugins\/seo\/ -->\n<title>O XXX Encontro dos Pobos trae m\u00fasica e tradici\u00f3n ao auditorio de San Benito - Concello da Guarda<\/title>\n<meta name=\"description\" content=\"Como v\u00e9spera do d\u00eda de Galicia, o 24 de xullo, o grupo Do Lusco \u00f3 Fusco celebra o seu XXX Encontro dos pobos, un festival xa arraigado que\" \/>\n<meta name=\"robots\" content=\"index, follow, max-snippet:-1, max-image-preview:large, max-video-preview:-1\" \/>\n<link rel=\"canonical\" href=\"https:\/\/www.aguarda.es\/en\/o-xxx-encontro-dos-pobos-trae-musica-e-tradicion-ao-auditorio-de-san-benito\/\" \/>\n<meta property=\"og:locale\" content=\"en_US\" \/>\n<meta property=\"og:type\" content=\"article\" \/>\n<meta property=\"og:title\" content=\"O XXX Encontro dos Pobos trae m\u00fasica e tradici\u00f3n ao auditorio de San Benito - Concello da Guarda\" \/>\n<meta property=\"og:description\" content=\"Como v\u00e9spera do d\u00eda de Galicia, o 24 de xullo, o grupo Do Lusco \u00f3 Fusco celebra o seu XXX Encontro dos pobos, un festival xa arraigado que\" \/>\n<meta property=\"og:url\" content=\"https:\/\/www.aguarda.es\/en\/o-xxx-encontro-dos-pobos-trae-musica-e-tradicion-ao-auditorio-de-san-benito\/\" \/>\n<meta property=\"og:site_name\" content=\"Concello da Guarda\" \/>\n<meta property=\"article:publisher\" content=\"https:\/\/www.facebook.com\/ConcellodaGuarda\" \/>\n<meta property=\"article:published_time\" content=\"2025-07-17T11:58:44+00:00\" \/>\n<meta property=\"og:image\" content=\"https:\/\/www.aguarda.es\/wp-content\/uploads\/2025\/07\/XXX-Encontro-dos-Pobos-Cartaz.jpg?_t=1752753525\" \/>\n\t<meta property=\"og:image:width\" content=\"1587\" \/>\n\t<meta property=\"og:image:height\" content=\"2245\" \/>\n\t<meta property=\"og:image:type\" content=\"image\/jpeg\" \/>\n<meta name=\"author\" content=\"prensa\" \/>\n<meta name=\"twitter:card\" content=\"summary_large_image\" \/>\n<meta name=\"twitter:creator\" content=\"@AGuarda_es\" \/>\n<meta name=\"twitter:site\" content=\"@AGuarda_es\" \/>\n<meta name=\"twitter:label1\" content=\"Written by\" \/>\n\t<meta name=\"twitter:data1\" content=\"prensa\" \/>\n\t<meta name=\"twitter:label2\" content=\"Est. reading time\" \/>\n\t<meta name=\"twitter:data2\" content=\"1 minute\" \/>\n<script type=\"application\/ld+json\" class=\"yoast-schema-graph\">{\"@context\":\"https:\/\/schema.org\",\"@graph\":[{\"@type\":\"WebPage\",\"@id\":\"https:\/\/www.aguarda.es\/en\/o-xxx-encontro-dos-pobos-trae-musica-e-tradicion-ao-auditorio-de-san-benito\/\",\"url\":\"https:\/\/www.aguarda.es\/en\/o-xxx-encontro-dos-pobos-trae-musica-e-tradicion-ao-auditorio-de-san-benito\/\",\"name\":\"O XXX Encontro dos Pobos trae m\u00fasica e tradici\u00f3n ao auditorio de San Benito - Concello da Guarda\",\"isPartOf\":{\"@id\":\"https:\/\/www.aguarda.es\/en\/#website\"},\"datePublished\":\"2025-07-17T11:58:44+00:00\",\"dateModified\":\"2025-07-17T11:58:44+00:00\",\"author\":{\"@id\":\"https:\/\/www.aguarda.es\/en\/#\/schema\/person\/c463ca3006858ffb349d11179d044f21\"},\"description\":\"Como v\u00e9spera do d\u00eda de Galicia, o 24 de xullo, o grupo Do Lusco \u00f3 Fusco celebra o seu XXX Encontro dos pobos, un festival xa arraigado que\",\"breadcrumb\":{\"@id\":\"https:\/\/www.aguarda.es\/en\/o-xxx-encontro-dos-pobos-trae-musica-e-tradicion-ao-auditorio-de-san-benito\/#breadcrumb\"},\"inLanguage\":\"en-US\",\"potentialAction\":[{\"@type\":\"ReadAction\",\"target\":[\"https:\/\/www.aguarda.es\/en\/o-xxx-encontro-dos-pobos-trae-musica-e-tradicion-ao-auditorio-de-san-benito\/\"]}]},{\"@type\":\"BreadcrumbList\",\"@id\":\"https:\/\/www.aguarda.es\/en\/o-xxx-encontro-dos-pobos-trae-musica-e-tradicion-ao-auditorio-de-san-benito\/#breadcrumb\",\"itemListElement\":[{\"@type\":\"ListItem\",\"position\":1,\"name\":\"Portada\",\"item\":\"https:\/\/www.aguarda.es\/en\/\"},{\"@type\":\"ListItem\",\"position\":2,\"name\":\"O XXX Encontro dos Pobos trae m\u00fasica e tradici\u00f3n ao auditorio de San Benito\"}]},{\"@type\":\"WebSite\",\"@id\":\"https:\/\/www.aguarda.es\/en\/#website\",\"url\":\"https:\/\/www.aguarda.es\/en\/\",\"name\":\"Concello da Guarda\",\"description\":\"P\u00e1xina web do concello da Guarda\",\"potentialAction\":[{\"@type\":\"SearchAction\",\"target\":{\"@type\":\"EntryPoint\",\"urlTemplate\":\"https:\/\/www.aguarda.es\/en\/?s={search_term_string}\"},\"query-input\":\"required name=search_term_string\"}],\"inLanguage\":\"en-US\"},{\"@type\":\"Person\",\"@id\":\"https:\/\/www.aguarda.es\/en\/#\/schema\/person\/c463ca3006858ffb349d11179d044f21\",\"name\":\"prensa\",\"image\":{\"@type\":\"ImageObject\",\"inLanguage\":\"en-US\",\"@id\":\"https:\/\/www.aguarda.es\/en\/#\/schema\/person\/image\/\",\"url\":\"https:\/\/secure.gravatar.com\/avatar\/5f90ef536b0f98306edf5c7a1135ffa1?s=96&d=mm&r=g\",\"contentUrl\":\"https:\/\/secure.gravatar.com\/avatar\/5f90ef536b0f98306edf5c7a1135ffa1?s=96&d=mm&r=g\",\"caption\":\"prensa\"},\"url\":\"https:\/\/www.aguarda.es\/en\/author\/prensa\/\"}]}<\/script>\n<!-- \/ Yoast SEO plugin. -->","yoast_head_json":{"title":"O XXX Encontro dos Pobos trae m\u00fasica e tradici\u00f3n ao auditorio de San Benito - Concello da Guarda","description":"Como v\u00e9spera do d\u00eda de Galicia, o 24 de xullo, o grupo Do Lusco \u00f3 Fusco celebra o seu XXX Encontro dos pobos, un festival xa arraigado que","robots":{"index":"index","follow":"follow","max-snippet":"max-snippet:-1","max-image-preview":"max-image-preview:large","max-video-preview":"max-video-preview:-1"},"canonical":"https:\/\/www.aguarda.es\/en\/o-xxx-encontro-dos-pobos-trae-musica-e-tradicion-ao-auditorio-de-san-benito\/","og_locale":"en_US","og_type":"article","og_title":"O XXX Encontro dos Pobos trae m\u00fasica e tradici\u00f3n ao auditorio de San Benito - Concello da Guarda","og_description":"Como v\u00e9spera do d\u00eda de Galicia, o 24 de xullo, o grupo Do Lusco \u00f3 Fusco celebra o seu XXX Encontro dos pobos, un festival xa arraigado que","og_url":"https:\/\/www.aguarda.es\/en\/o-xxx-encontro-dos-pobos-trae-musica-e-tradicion-ao-auditorio-de-san-benito\/","og_site_name":"Concello da Guarda","article_publisher":"https:\/\/www.facebook.com\/ConcellodaGuarda","article_published_time":"2025-07-17T11:58:44+00:00","og_image":[{"width":1587,"height":2245,"url":"https:\/\/www.aguarda.es\/wp-content\/uploads\/2025\/07\/XXX-Encontro-dos-Pobos-Cartaz.jpg?_t=1752753525","type":"image\/jpeg"}],"author":"prensa","twitter_card":"summary_large_image","twitter_creator":"@AGuarda_es","twitter_site":"@AGuarda_es","twitter_misc":{"Written by":"prensa","Est. reading time":"1 minute"},"schema":{"@context":"https:\/\/schema.org","@graph":[{"@type":"WebPage","@id":"https:\/\/www.aguarda.es\/en\/o-xxx-encontro-dos-pobos-trae-musica-e-tradicion-ao-auditorio-de-san-benito\/","url":"https:\/\/www.aguarda.es\/en\/o-xxx-encontro-dos-pobos-trae-musica-e-tradicion-ao-auditorio-de-san-benito\/","name":"O XXX Encontro dos Pobos trae m\u00fasica e tradici\u00f3n ao auditorio de San Benito - Concello da Guarda","isPartOf":{"@id":"https:\/\/www.aguarda.es\/en\/#website"},"datePublished":"2025-07-17T11:58:44+00:00","dateModified":"2025-07-17T11:58:44+00:00","author":{"@id":"https:\/\/www.aguarda.es\/en\/#\/schema\/person\/c463ca3006858ffb349d11179d044f21"},"description":"Como v\u00e9spera do d\u00eda de Galicia, o 24 de xullo, o grupo Do Lusco \u00f3 Fusco celebra o seu XXX Encontro dos pobos, un festival xa arraigado que","breadcrumb":{"@id":"https:\/\/www.aguarda.es\/en\/o-xxx-encontro-dos-pobos-trae-musica-e-tradicion-ao-auditorio-de-san-benito\/#breadcrumb"},"inLanguage":"en-US","potentialAction":[{"@type":"ReadAction","target":["https:\/\/www.aguarda.es\/en\/o-xxx-encontro-dos-pobos-trae-musica-e-tradicion-ao-auditorio-de-san-benito\/"]}]},{"@type":"BreadcrumbList","@id":"https:\/\/www.aguarda.es\/en\/o-xxx-encontro-dos-pobos-trae-musica-e-tradicion-ao-auditorio-de-san-benito\/#breadcrumb","itemListElement":[{"@type":"ListItem","position":1,"name":"Portada","item":"https:\/\/www.aguarda.es\/en\/"},{"@type":"ListItem","position":2,"name":"O XXX Encontro dos Pobos trae m\u00fasica e tradici\u00f3n ao auditorio de San Benito"}]},{"@type":"WebSite","@id":"https:\/\/www.aguarda.es\/en\/#website","url":"https:\/\/www.aguarda.es\/en\/","name":"Concello da Guarda","description":"P\u00e1xina web do concello da Guarda","potentialAction":[{"@type":"SearchAction","target":{"@type":"EntryPoint","urlTemplate":"https:\/\/www.aguarda.es\/en\/?s={search_term_string}"},"query-input":"required name=search_term_string"}],"inLanguage":"en-US"},{"@type":"Person","@id":"https:\/\/www.aguarda.es\/en\/#\/schema\/person\/c463ca3006858ffb349d11179d044f21","name":"prensa","image":{"@type":"ImageObject","inLanguage":"en-US","@id":"https:\/\/www.aguarda.es\/en\/#\/schema\/person\/image\/","url":"https:\/\/secure.gravatar.com\/avatar\/5f90ef536b0f98306edf5c7a1135ffa1?s=96&d=mm&r=g","contentUrl":"https:\/\/secure.gravatar.com\/avatar\/5f90ef536b0f98306edf5c7a1135ffa1?s=96&d=mm&r=g","caption":"prensa"},"url":"https:\/\/www.aguarda.es\/en\/author\/prensa\/"}]}},"_links":{"self":[{"href":"https:\/\/www.aguarda.es\/en\/wp-json\/wp\/v2\/posts\/32869"}],"collection":[{"href":"https:\/\/www.aguarda.es\/en\/wp-json\/wp\/v2\/posts"}],"about":[{"href":"https:\/\/www.aguarda.es\/en\/wp-json\/wp\/v2\/types\/post"}],"author":[{"embeddable":true,"href":"https:\/\/www.aguarda.es\/en\/wp-json\/wp\/v2\/users\/2"}],"replies":[{"embeddable":true,"href":"https:\/\/www.aguarda.es\/en\/wp-json\/wp\/v2\/comments?post=32869"}],"version-history":[{"count":1,"href":"https:\/\/www.aguarda.es\/en\/wp-json\/wp\/v2\/posts\/32869\/revisions"}],"predecessor-version":[{"id":32872,"href":"https:\/\/www.aguarda.es\/en\/wp-json\/wp\/v2\/posts\/32869\/revisions\/32872"}],"wp:featuredmedia":[{"embeddable":true,"href":"https:\/\/www.aguarda.es\/en\/wp-json\/wp\/v2\/media\/32870"}],"wp:attachment":[{"href":"https:\/\/www.aguarda.es\/en\/wp-json\/wp\/v2\/media?parent=32869"}],"wp:term":[{"taxonomy":"category","embeddable":true,"href":"https:\/\/www.aguarda.es\/en\/wp-json\/wp\/v2\/categories?post=32869"},{"taxonomy":"post_tag","embeddable":true,"href":"https:\/\/www.aguarda.es\/en\/wp-json\/wp\/v2\/tags?post=32869"}],"curies":[{"name":"wp","href":"https:\/\/api.w.org\/{rel}","templated":true}]}}