{"id":32879,"date":"2025-07-18T10:04:19","date_gmt":"2025-07-18T10:04:19","guid":{"rendered":"https:\/\/www.aguarda.es\/?p=32879"},"modified":"2025-07-18T10:04:19","modified_gmt":"2025-07-18T10:04:19","slug":"moedas-selos-chaveiros-coleccions-unicas-agardan-na-xxix-exfimino","status":"publish","type":"post","link":"https:\/\/www.aguarda.es\/en\/moedas-selos-chaveiros-coleccions-unicas-agardan-na-xxix-exfimino\/","title":{"rendered":"Moedas, selos, chaveiros&#8230;colecci\u00f3ns \u00fanicas  agardan na XXIX Exfimi\u00f1o"},"content":{"rendered":"<p class=\"western\" align=\"left\"><span style=\"color: #000000;\"><span style=\"font-family: Arial, serif;\"><span lang=\"gl-ES\">O concello da Guarda colabora n<\/span><\/span><span style=\"font-family: Arial, serif;\"><span style=\"font-size: medium;\"><span lang=\"gl-ES\">a<\/span><\/span><\/span><strong><span style=\"font-family: Arial, serif;\"><span style=\"font-size: medium;\"><span lang=\"gl-ES\"> XXIX edici\u00f3n d<\/span><\/span><\/span><span style=\"font-family: Arial, serif;\"><span style=\"font-size: medium;\"><span lang=\"gl-ES\">a<\/span><\/span><\/span><span style=\"font-family: Arial, serif;\"><span style=\"font-size: medium;\"><span lang=\"gl-ES\"> Exfimi\u00f1o 2025 <\/span><\/span><\/span><\/strong><span style=\"font-family: Arial, serif;\"><span style=\"font-size: medium;\"><span lang=\"gl-ES\">que se celebrar\u00e1 do<strong> 24 ao 27 de xullo no Sal\u00f3n de Plenos.<\/strong><\/span><\/span><\/span><\/span><\/p>\n<p class=\"western\" align=\"left\"><span style=\"color: #000000;\"><span style=\"font-family: Arial, serif;\"><span style=\"font-size: medium;\"><span lang=\"gl-ES\">A Sociedade Filat\u00e9lica Numism\u00e1tica Guardesa inaugurar\u00e1 esta exposici\u00f3n o <strong>xoves 24 de xullo \u00e1s 20:00h<\/strong>, sendo o comezo de catro d\u00edas dedicados \u00e1 filatelia e ao coleccionismo. A exposici\u00f3n poder\u00e1 visitarse polas ma\u00f1\u00e1s <strong>de 11:00 a 14:00h e polas tardes de 18:00 a 20:00h.<\/strong><\/span><\/span><\/span><\/span><\/p>\n<p class=\"western\" align=\"left\"><span style=\"color: #000000;\">\u201c<span style=\"font-family: Arial, serif;\"><span style=\"font-size: medium;\"><span lang=\"gl-ES\">Estas exposici\u00f3ns realizadas pola Sociedade Filat\u00e9lica <\/span><\/span><\/span><span style=\"font-family: Arial, serif;\"><span style=\"font-size: medium;\"><span lang=\"gl-ES\">sempre nos mostran a historia, como van cambiando os costumes, as vilas e a sociedade\u201d, destaca o alcalde. <\/span><\/span><\/span><\/span><\/p>\n<p class=\"western\" align=\"left\"><span style=\"color: #000000;\"><span style=\"font-family: Arial, serif;\"><span style=\"font-size: medium;\"><span lang=\"gl-ES\">Ademais de destacadas colecci\u00f3ns filat\u00e9licas de toda Galicia tam\u00e9n se poder\u00e1n observar colecci\u00f3ns de moedas, recordatorios de comu\u00f1\u00f3n e <\/span><\/span><\/span><span style=\"font-family: Arial, serif;\"><span style=\"font-size: medium;\"><span lang=\"gl-ES\">ch<\/span><\/span><\/span><span style=\"font-family: Arial, serif;\"><span style=\"font-size: medium;\"><span lang=\"gl-ES\">ave<\/span><\/span><\/span><span style=\"font-family: Arial, serif;\"><span style=\"font-size: medium;\"><span lang=\"gl-ES\">i<\/span><\/span><\/span><span style=\"font-family: Arial, serif;\"><span style=\"font-size: medium;\"><span lang=\"gl-ES\">ros. Para a ocasi\u00f3n presentarase un selo e un cu\u00f1o conmemorativo en honra do pintor guard\u00e9s Miguel \u00c1ngel \u00c1lvarez.<\/span><\/span><\/span><\/span><\/p>\n","protected":false},"excerpt":{"rendered":"<p>O concello da Guarda colabora na XXIX edici\u00f3n da Exfimi\u00f1o 2025 que se celebrar\u00e1 do 24 ao 27 de xullo no Sal\u00f3n de Plenos. A Sociedade Filat\u00e9lica Numism\u00e1tica Guardesa inaugurar\u00e1 esta exposici\u00f3n o xoves 24 de xullo \u00e1s 20:00h, sendo &hellip; <\/p>\n","protected":false},"author":2,"featured_media":32880,"comment_status":"closed","ping_status":"closed","sticky":false,"template":"","format":"standard","meta":[],"categories":[34,363],"tags":[],"yoast_head":"<!-- This site is optimized with the Yoast SEO plugin v21.1 - https:\/\/yoast.com\/wordpress\/plugins\/seo\/ -->\n<title>Moedas, selos, chaveiros...colecci\u00f3ns \u00fanicas agardan na XXIX Exfimi\u00f1o - Concello da Guarda<\/title>\n<meta name=\"description\" content=\"O concello da Guarda colabora na XXIX edici\u00f3n da Exfimi\u00f1o 2025 que se celebrar\u00e1 do 24 ao 27 de xullo no Sal\u00f3n de Plenos. A Sociedade\" \/>\n<meta name=\"robots\" content=\"index, follow, max-snippet:-1, max-image-preview:large, max-video-preview:-1\" \/>\n<link rel=\"canonical\" href=\"https:\/\/www.aguarda.es\/en\/moedas-selos-chaveiros-coleccions-unicas-agardan-na-xxix-exfimino\/\" \/>\n<meta property=\"og:locale\" content=\"en_US\" \/>\n<meta property=\"og:type\" content=\"article\" \/>\n<meta property=\"og:title\" content=\"Moedas, selos, chaveiros...colecci\u00f3ns \u00fanicas agardan na XXIX Exfimi\u00f1o - Concello da Guarda\" \/>\n<meta property=\"og:description\" content=\"O concello da Guarda colabora na XXIX edici\u00f3n da Exfimi\u00f1o 2025 que se celebrar\u00e1 do 24 ao 27 de xullo no Sal\u00f3n de Plenos. A Sociedade\" \/>\n<meta property=\"og:url\" content=\"https:\/\/www.aguarda.es\/en\/moedas-selos-chaveiros-coleccions-unicas-agardan-na-xxix-exfimino\/\" \/>\n<meta property=\"og:site_name\" content=\"Concello da Guarda\" \/>\n<meta property=\"article:publisher\" content=\"https:\/\/www.facebook.com\/ConcellodaGuarda\" \/>\n<meta property=\"article:published_time\" content=\"2025-07-18T10:04:19+00:00\" \/>\n<meta property=\"og:image\" content=\"https:\/\/www.aguarda.es\/wp-content\/uploads\/2025\/07\/tn_Cartel-filatelia-expo.jpg?_t=1752833060\" \/>\n\t<meta property=\"og:image:width\" content=\"225\" \/>\n\t<meta property=\"og:image:height\" content=\"300\" \/>\n\t<meta property=\"og:image:type\" content=\"image\/jpeg\" \/>\n<meta name=\"author\" content=\"prensa\" \/>\n<meta name=\"twitter:card\" content=\"summary_large_image\" \/>\n<meta name=\"twitter:creator\" content=\"@AGuarda_es\" \/>\n<meta name=\"twitter:site\" content=\"@AGuarda_es\" \/>\n<meta name=\"twitter:label1\" content=\"Written by\" \/>\n\t<meta name=\"twitter:data1\" content=\"prensa\" \/>\n\t<meta name=\"twitter:label2\" content=\"Est. reading time\" \/>\n\t<meta name=\"twitter:data2\" content=\"1 minute\" \/>\n<script type=\"application\/ld+json\" class=\"yoast-schema-graph\">{\"@context\":\"https:\/\/schema.org\",\"@graph\":[{\"@type\":\"WebPage\",\"@id\":\"https:\/\/www.aguarda.es\/en\/moedas-selos-chaveiros-coleccions-unicas-agardan-na-xxix-exfimino\/\",\"url\":\"https:\/\/www.aguarda.es\/en\/moedas-selos-chaveiros-coleccions-unicas-agardan-na-xxix-exfimino\/\",\"name\":\"Moedas, selos, chaveiros...colecci\u00f3ns \u00fanicas agardan na XXIX Exfimi\u00f1o - Concello da Guarda\",\"isPartOf\":{\"@id\":\"https:\/\/www.aguarda.es\/en\/#website\"},\"datePublished\":\"2025-07-18T10:04:19+00:00\",\"dateModified\":\"2025-07-18T10:04:19+00:00\",\"author\":{\"@id\":\"https:\/\/www.aguarda.es\/en\/#\/schema\/person\/c463ca3006858ffb349d11179d044f21\"},\"description\":\"O concello da Guarda colabora na XXIX edici\u00f3n da Exfimi\u00f1o 2025 que se celebrar\u00e1 do 24 ao 27 de xullo no Sal\u00f3n de Plenos. A Sociedade\",\"breadcrumb\":{\"@id\":\"https:\/\/www.aguarda.es\/en\/moedas-selos-chaveiros-coleccions-unicas-agardan-na-xxix-exfimino\/#breadcrumb\"},\"inLanguage\":\"en-US\",\"potentialAction\":[{\"@type\":\"ReadAction\",\"target\":[\"https:\/\/www.aguarda.es\/en\/moedas-selos-chaveiros-coleccions-unicas-agardan-na-xxix-exfimino\/\"]}]},{\"@type\":\"BreadcrumbList\",\"@id\":\"https:\/\/www.aguarda.es\/en\/moedas-selos-chaveiros-coleccions-unicas-agardan-na-xxix-exfimino\/#breadcrumb\",\"itemListElement\":[{\"@type\":\"ListItem\",\"position\":1,\"name\":\"Portada\",\"item\":\"https:\/\/www.aguarda.es\/en\/\"},{\"@type\":\"ListItem\",\"position\":2,\"name\":\"Moedas, selos, chaveiros&#8230;colecci\u00f3ns \u00fanicas agardan na XXIX Exfimi\u00f1o\"}]},{\"@type\":\"WebSite\",\"@id\":\"https:\/\/www.aguarda.es\/en\/#website\",\"url\":\"https:\/\/www.aguarda.es\/en\/\",\"name\":\"Concello da Guarda\",\"description\":\"P\u00e1xina web do concello da Guarda\",\"potentialAction\":[{\"@type\":\"SearchAction\",\"target\":{\"@type\":\"EntryPoint\",\"urlTemplate\":\"https:\/\/www.aguarda.es\/en\/?s={search_term_string}\"},\"query-input\":\"required name=search_term_string\"}],\"inLanguage\":\"en-US\"},{\"@type\":\"Person\",\"@id\":\"https:\/\/www.aguarda.es\/en\/#\/schema\/person\/c463ca3006858ffb349d11179d044f21\",\"name\":\"prensa\",\"image\":{\"@type\":\"ImageObject\",\"inLanguage\":\"en-US\",\"@id\":\"https:\/\/www.aguarda.es\/en\/#\/schema\/person\/image\/\",\"url\":\"https:\/\/secure.gravatar.com\/avatar\/5f90ef536b0f98306edf5c7a1135ffa1?s=96&d=mm&r=g\",\"contentUrl\":\"https:\/\/secure.gravatar.com\/avatar\/5f90ef536b0f98306edf5c7a1135ffa1?s=96&d=mm&r=g\",\"caption\":\"prensa\"},\"url\":\"https:\/\/www.aguarda.es\/en\/author\/prensa\/\"}]}<\/script>\n<!-- \/ Yoast SEO plugin. -->","yoast_head_json":{"title":"Moedas, selos, chaveiros...colecci\u00f3ns \u00fanicas agardan na XXIX Exfimi\u00f1o - Concello da Guarda","description":"O concello da Guarda colabora na XXIX edici\u00f3n da Exfimi\u00f1o 2025 que se celebrar\u00e1 do 24 ao 27 de xullo no Sal\u00f3n de Plenos. A Sociedade","robots":{"index":"index","follow":"follow","max-snippet":"max-snippet:-1","max-image-preview":"max-image-preview:large","max-video-preview":"max-video-preview:-1"},"canonical":"https:\/\/www.aguarda.es\/en\/moedas-selos-chaveiros-coleccions-unicas-agardan-na-xxix-exfimino\/","og_locale":"en_US","og_type":"article","og_title":"Moedas, selos, chaveiros...colecci\u00f3ns \u00fanicas agardan na XXIX Exfimi\u00f1o - Concello da Guarda","og_description":"O concello da Guarda colabora na XXIX edici\u00f3n da Exfimi\u00f1o 2025 que se celebrar\u00e1 do 24 ao 27 de xullo no Sal\u00f3n de Plenos. A Sociedade","og_url":"https:\/\/www.aguarda.es\/en\/moedas-selos-chaveiros-coleccions-unicas-agardan-na-xxix-exfimino\/","og_site_name":"Concello da Guarda","article_publisher":"https:\/\/www.facebook.com\/ConcellodaGuarda","article_published_time":"2025-07-18T10:04:19+00:00","og_image":[{"width":225,"height":300,"url":"https:\/\/www.aguarda.es\/wp-content\/uploads\/2025\/07\/tn_Cartel-filatelia-expo.jpg?_t=1752833060","type":"image\/jpeg"}],"author":"prensa","twitter_card":"summary_large_image","twitter_creator":"@AGuarda_es","twitter_site":"@AGuarda_es","twitter_misc":{"Written by":"prensa","Est. reading time":"1 minute"},"schema":{"@context":"https:\/\/schema.org","@graph":[{"@type":"WebPage","@id":"https:\/\/www.aguarda.es\/en\/moedas-selos-chaveiros-coleccions-unicas-agardan-na-xxix-exfimino\/","url":"https:\/\/www.aguarda.es\/en\/moedas-selos-chaveiros-coleccions-unicas-agardan-na-xxix-exfimino\/","name":"Moedas, selos, chaveiros...colecci\u00f3ns \u00fanicas agardan na XXIX Exfimi\u00f1o - Concello da Guarda","isPartOf":{"@id":"https:\/\/www.aguarda.es\/en\/#website"},"datePublished":"2025-07-18T10:04:19+00:00","dateModified":"2025-07-18T10:04:19+00:00","author":{"@id":"https:\/\/www.aguarda.es\/en\/#\/schema\/person\/c463ca3006858ffb349d11179d044f21"},"description":"O concello da Guarda colabora na XXIX edici\u00f3n da Exfimi\u00f1o 2025 que se celebrar\u00e1 do 24 ao 27 de xullo no Sal\u00f3n de Plenos. A Sociedade","breadcrumb":{"@id":"https:\/\/www.aguarda.es\/en\/moedas-selos-chaveiros-coleccions-unicas-agardan-na-xxix-exfimino\/#breadcrumb"},"inLanguage":"en-US","potentialAction":[{"@type":"ReadAction","target":["https:\/\/www.aguarda.es\/en\/moedas-selos-chaveiros-coleccions-unicas-agardan-na-xxix-exfimino\/"]}]},{"@type":"BreadcrumbList","@id":"https:\/\/www.aguarda.es\/en\/moedas-selos-chaveiros-coleccions-unicas-agardan-na-xxix-exfimino\/#breadcrumb","itemListElement":[{"@type":"ListItem","position":1,"name":"Portada","item":"https:\/\/www.aguarda.es\/en\/"},{"@type":"ListItem","position":2,"name":"Moedas, selos, chaveiros&#8230;colecci\u00f3ns \u00fanicas agardan na XXIX Exfimi\u00f1o"}]},{"@type":"WebSite","@id":"https:\/\/www.aguarda.es\/en\/#website","url":"https:\/\/www.aguarda.es\/en\/","name":"Concello da Guarda","description":"P\u00e1xina web do concello da Guarda","potentialAction":[{"@type":"SearchAction","target":{"@type":"EntryPoint","urlTemplate":"https:\/\/www.aguarda.es\/en\/?s={search_term_string}"},"query-input":"required name=search_term_string"}],"inLanguage":"en-US"},{"@type":"Person","@id":"https:\/\/www.aguarda.es\/en\/#\/schema\/person\/c463ca3006858ffb349d11179d044f21","name":"prensa","image":{"@type":"ImageObject","inLanguage":"en-US","@id":"https:\/\/www.aguarda.es\/en\/#\/schema\/person\/image\/","url":"https:\/\/secure.gravatar.com\/avatar\/5f90ef536b0f98306edf5c7a1135ffa1?s=96&d=mm&r=g","contentUrl":"https:\/\/secure.gravatar.com\/avatar\/5f90ef536b0f98306edf5c7a1135ffa1?s=96&d=mm&r=g","caption":"prensa"},"url":"https:\/\/www.aguarda.es\/en\/author\/prensa\/"}]}},"_links":{"self":[{"href":"https:\/\/www.aguarda.es\/en\/wp-json\/wp\/v2\/posts\/32879"}],"collection":[{"href":"https:\/\/www.aguarda.es\/en\/wp-json\/wp\/v2\/posts"}],"about":[{"href":"https:\/\/www.aguarda.es\/en\/wp-json\/wp\/v2\/types\/post"}],"author":[{"embeddable":true,"href":"https:\/\/www.aguarda.es\/en\/wp-json\/wp\/v2\/users\/2"}],"replies":[{"embeddable":true,"href":"https:\/\/www.aguarda.es\/en\/wp-json\/wp\/v2\/comments?post=32879"}],"version-history":[{"count":1,"href":"https:\/\/www.aguarda.es\/en\/wp-json\/wp\/v2\/posts\/32879\/revisions"}],"predecessor-version":[{"id":32882,"href":"https:\/\/www.aguarda.es\/en\/wp-json\/wp\/v2\/posts\/32879\/revisions\/32882"}],"wp:featuredmedia":[{"embeddable":true,"href":"https:\/\/www.aguarda.es\/en\/wp-json\/wp\/v2\/media\/32880"}],"wp:attachment":[{"href":"https:\/\/www.aguarda.es\/en\/wp-json\/wp\/v2\/media?parent=32879"}],"wp:term":[{"taxonomy":"category","embeddable":true,"href":"https:\/\/www.aguarda.es\/en\/wp-json\/wp\/v2\/categories?post=32879"},{"taxonomy":"post_tag","embeddable":true,"href":"https:\/\/www.aguarda.es\/en\/wp-json\/wp\/v2\/tags?post=32879"}],"curies":[{"name":"wp","href":"https:\/\/api.w.org\/{rel}","templated":true}]}}