{"id":32883,"date":"2025-07-18T10:56:14","date_gmt":"2025-07-18T10:56:14","guid":{"rendered":"https:\/\/www.aguarda.es\/?p=32883"},"modified":"2025-07-18T10:56:14","modified_gmt":"2025-07-18T10:56:14","slug":"ruas-cheas-de-cor-e-adornos-grazas-ao-traballo-ao-obradoiro-tecendo-a-guarda","status":"publish","type":"post","link":"https:\/\/www.aguarda.es\/en\/ruas-cheas-de-cor-e-adornos-grazas-ao-traballo-ao-obradoiro-tecendo-a-guarda\/","title":{"rendered":"R\u00faas cheas de cor e adornos grazas ao traballo ao obradoiro Tecendo A Guarda"},"content":{"rendered":"<p class=\"western\" align=\"left\"><span style=\"color: #000000;\"><span style=\"font-family: Arial, serif;\"><span style=\"font-size: medium;\"><span lang=\"gl-ES\">O <\/span><\/span><\/span><\/span><span style=\"color: #000000;\"><span style=\"font-family: Arial, serif;\"><span style=\"font-size: medium;\"><span lang=\"gl-ES\">traballo do <\/span><\/span><\/span><\/span><span style=\"color: #000000;\"><span style=\"font-family: Arial, serif;\"><span style=\"font-size: medium;\"><span lang=\"gl-ES\">obradoiro <strong>\u201cTecendo A Guarda\u201d <\/strong><\/span><\/span><\/span><\/span><span style=\"color: #000000;\"><span style=\"font-family: Arial, serif;\"><span style=\"font-size: medium;\"><span lang=\"gl-ES\">est\u00e1 a encher <\/span><\/span><\/span><\/span><span style=\"color: #000000;\"><span style=\"font-family: Arial, serif;\"><span style=\"font-size: medium;\"><span lang=\"gl-ES\">de cor e adornos mari\u00f1eiros durante este ver\u00e1n algunhas <\/span><\/span><\/span><\/span><span style=\"color: #000000;\"><span style=\"font-family: Arial, serif;\"><span style=\"font-size: medium;\"><span lang=\"gl-ES\">das <\/span><\/span><\/span><\/span><span style=\"color: #000000;\"><span style=\"font-family: Arial, serif;\"><span style=\"font-size: medium;\"><span lang=\"gl-ES\">r\u00faas e prazas m\u00e1is concorridas da Guarda.<\/span><\/span><\/span><\/span><\/p>\n<p class=\"western\" align=\"left\"><span style=\"color: #000000;\"><span style=\"font-family: Arial, serif;\"><span style=\"font-size: medium;\"><span lang=\"gl-ES\">O taller cel<\/span><\/span><\/span><\/span><span style=\"color: #000000;\"><span style=\"font-family: Arial, serif;\"><span style=\"font-size: medium;\"><span lang=\"gl-ES\">e<\/span><\/span><\/span><\/span><span style=\"color: #000000;\"><span style=\"font-family: Arial, serif;\"><span style=\"font-size: medium;\"><span lang=\"gl-ES\">br<\/span><\/span><\/span><\/span><span style=\"color: #000000;\"><span style=\"font-family: Arial, serif;\"><span style=\"font-size: medium;\"><span lang=\"gl-ES\">ou<\/span><\/span><\/span><\/span><span style=\"color: #000000;\"><span style=\"font-family: Arial, serif;\"><span style=\"font-size: medium;\"><span lang=\"gl-ES\">se no Club de xubilados e pensionistas da Guarda e tivo unhas 15 participantes, <\/span><\/span><\/span><\/span><span style=\"color: #000000;\"><span style=\"font-family: Arial, serif;\"><span style=\"font-size: medium;\"><span lang=\"gl-ES\">que traballaron desde outubro para crear estes adornos coa utilizaci\u00f3n de diversas t\u00e9cnicas.<\/span><\/span><\/span><\/span><\/p>\n<p class=\"western\" align=\"left\"><span style=\"color: #000000;\"><span style=\"font-family: Arial, serif;\"><span style=\"font-size: medium;\"><span lang=\"gl-ES\">O programa, <\/span><\/span><\/span><\/span><span style=\"color: #000000;\"><span style=\"font-family: Arial, serif;\"><span style=\"font-size: medium;\"><span lang=\"gl-ES\">que organiza o Concello da Guarda,<\/span><\/span><\/span><\/span><span style=\"color: #000000;\"><span style=\"font-family: Arial, serif;\"><span style=\"font-size: medium;\"><span lang=\"gl-ES\"> ten varios obxectivos: a dinamizaci\u00f3n do ocio, unha maior socializaci\u00f3n das persoas participantes e que estas se sintan part\u00edcipes da vida comunitaria.<\/span><\/span><\/span><\/span><\/p>\n<p class=\"western\" align=\"left\"><span style=\"color: #000000;\">\u201c<\/span><span style=\"color: #000000;\"><span style=\"font-family: Arial, serif;\"><span style=\"font-size: medium;\"><span lang=\"gl-ES\">Xa se est\u00e1 volvendo costume ver as\u00ed de decoradas as nosas r\u00faas e prazas, pero non hai que esquecer o traballo e a dedicaci\u00f3ns destas persoas que deciden inverter o seu tempo libre para a beleza da nosa vila\u201d, recorda o alcalde.<\/span><\/span><\/span><\/span><\/p>\n<p class=\"western\" align=\"left\"><span style=\"color: #000000;\"><span style=\"font-family: Arial, serif;\"><span style=\"font-size: medium;\"><span lang=\"gl-ES\">O proxecto ademais pretende dinamizar a vida na r\u00faa, pois converte as prazas e r\u00faas en lugares m\u00e1is atractivos e est\u00e9ticos. <\/span><\/span><\/span><\/span><span style=\"color: #000000;\"><span style=\"font-family: Arial, serif;\"><span style=\"font-size: medium;\"><span lang=\"gl-ES\">Os motivos dos adornos xiran en torno ao mar e a vida mari\u00f1eira, predominando os peixes, estrelas de mar e a cor azul.<\/span><\/span><\/span><\/span><\/p>\n<p class=\"western\" align=\"left\"><span style=\"color: #000000;\"><span style=\"font-family: Arial, serif;\"><span style=\"font-size: medium;\"><span lang=\"gl-ES\">Xa se pode ver parte do seu traballo pola praza de Avelino Vicente, <\/span><\/span><\/span><\/span><span style=\"color: #000000;\"><span style=\"font-family: Arial, serif;\"><span style=\"font-size: medium;\"><span lang=\"gl-ES\">na r\u00faa<\/span><\/span><\/span><\/span><span style=\"color: #000000;\"><span style=\"font-family: Arial, serif;\"><span style=\"font-size: medium;\"><span lang=\"gl-ES\"> Concepci\u00f3n Arenal ou na r\u00faa Vicente Sobrin<\/span><\/span><\/span><\/span><span style=\"color: #000000;\"><span style=\"font-family: Arial, serif;\"><span style=\"font-size: medium;\"><span lang=\"gl-ES\">o. Moitas grazas a todas as persoas participantes por contribu\u00edr<\/span><\/span><\/span><\/span><span style=\"color: #000000;\"><span style=\"font-family: Arial, serif;\"><span style=\"font-size: medium;\"><span lang=\"gl-ES\"> a embelecer a nosa vila este ver\u00e1n.<\/span><\/span><\/span><\/span><\/p>\n","protected":false},"excerpt":{"rendered":"<p>O traballo do obradoiro \u201cTecendo A Guarda\u201d est\u00e1 a encher de cor e adornos mari\u00f1eiros durante este ver\u00e1n algunhas das r\u00faas e prazas m\u00e1is concorridas da Guarda. O taller celebrouse no Club de xubilados e pensionistas da Guarda e tivo &hellip; <\/p>\n","protected":false},"author":2,"featured_media":32884,"comment_status":"closed","ping_status":"closed","sticky":false,"template":"","format":"standard","meta":[],"categories":[33,363],"tags":[],"yoast_head":"<!-- This site is optimized with the Yoast SEO plugin v21.1 - https:\/\/yoast.com\/wordpress\/plugins\/seo\/ -->\n<title>R\u00faas cheas de cor e adornos grazas ao traballo ao obradoiro Tecendo A Guarda - Concello da Guarda<\/title>\n<meta name=\"description\" content=\"O traballo do obradoiro \u201cTecendo A Guarda\u201d est\u00e1 a encher de cor e adornos mari\u00f1eiros durante este ver\u00e1n algunhas das r\u00faas e prazas m\u00e1is\" \/>\n<meta name=\"robots\" content=\"index, follow, max-snippet:-1, max-image-preview:large, max-video-preview:-1\" \/>\n<link rel=\"canonical\" href=\"https:\/\/www.aguarda.es\/en\/ruas-cheas-de-cor-e-adornos-grazas-ao-traballo-ao-obradoiro-tecendo-a-guarda\/\" \/>\n<meta property=\"og:locale\" content=\"en_US\" \/>\n<meta property=\"og:type\" content=\"article\" \/>\n<meta property=\"og:title\" content=\"R\u00faas cheas de cor e adornos grazas ao traballo ao obradoiro Tecendo A Guarda - Concello da Guarda\" \/>\n<meta property=\"og:description\" content=\"O traballo do obradoiro \u201cTecendo A Guarda\u201d est\u00e1 a encher de cor e adornos mari\u00f1eiros durante este ver\u00e1n algunhas das r\u00faas e prazas m\u00e1is\" \/>\n<meta property=\"og:url\" content=\"https:\/\/www.aguarda.es\/en\/ruas-cheas-de-cor-e-adornos-grazas-ao-traballo-ao-obradoiro-tecendo-a-guarda\/\" \/>\n<meta property=\"og:site_name\" content=\"Concello da Guarda\" \/>\n<meta property=\"article:publisher\" content=\"https:\/\/www.facebook.com\/ConcellodaGuarda\" \/>\n<meta property=\"article:published_time\" content=\"2025-07-18T10:56:14+00:00\" \/>\n<meta property=\"og:image\" content=\"https:\/\/www.aguarda.es\/wp-content\/uploads\/2025\/07\/decoracion-ruas-Tecendo-A-Guarda-2.jpeg?_t=1752836175\" \/>\n\t<meta property=\"og:image:width\" content=\"1204\" \/>\n\t<meta property=\"og:image:height\" content=\"1204\" \/>\n\t<meta property=\"og:image:type\" content=\"image\/jpeg\" \/>\n<meta name=\"author\" content=\"prensa\" \/>\n<meta name=\"twitter:card\" content=\"summary_large_image\" \/>\n<meta name=\"twitter:creator\" content=\"@AGuarda_es\" \/>\n<meta name=\"twitter:site\" content=\"@AGuarda_es\" \/>\n<meta name=\"twitter:label1\" content=\"Written by\" \/>\n\t<meta name=\"twitter:data1\" content=\"prensa\" \/>\n\t<meta name=\"twitter:label2\" content=\"Est. reading time\" \/>\n\t<meta name=\"twitter:data2\" content=\"2 minutes\" \/>\n<script type=\"application\/ld+json\" class=\"yoast-schema-graph\">{\"@context\":\"https:\/\/schema.org\",\"@graph\":[{\"@type\":\"WebPage\",\"@id\":\"https:\/\/www.aguarda.es\/en\/ruas-cheas-de-cor-e-adornos-grazas-ao-traballo-ao-obradoiro-tecendo-a-guarda\/\",\"url\":\"https:\/\/www.aguarda.es\/en\/ruas-cheas-de-cor-e-adornos-grazas-ao-traballo-ao-obradoiro-tecendo-a-guarda\/\",\"name\":\"R\u00faas cheas de cor e adornos grazas ao traballo ao obradoiro Tecendo A Guarda - Concello da Guarda\",\"isPartOf\":{\"@id\":\"https:\/\/www.aguarda.es\/en\/#website\"},\"datePublished\":\"2025-07-18T10:56:14+00:00\",\"dateModified\":\"2025-07-18T10:56:14+00:00\",\"author\":{\"@id\":\"https:\/\/www.aguarda.es\/en\/#\/schema\/person\/c463ca3006858ffb349d11179d044f21\"},\"description\":\"O traballo do obradoiro \u201cTecendo A Guarda\u201d est\u00e1 a encher de cor e adornos mari\u00f1eiros durante este ver\u00e1n algunhas das r\u00faas e prazas m\u00e1is\",\"breadcrumb\":{\"@id\":\"https:\/\/www.aguarda.es\/en\/ruas-cheas-de-cor-e-adornos-grazas-ao-traballo-ao-obradoiro-tecendo-a-guarda\/#breadcrumb\"},\"inLanguage\":\"en-US\",\"potentialAction\":[{\"@type\":\"ReadAction\",\"target\":[\"https:\/\/www.aguarda.es\/en\/ruas-cheas-de-cor-e-adornos-grazas-ao-traballo-ao-obradoiro-tecendo-a-guarda\/\"]}]},{\"@type\":\"BreadcrumbList\",\"@id\":\"https:\/\/www.aguarda.es\/en\/ruas-cheas-de-cor-e-adornos-grazas-ao-traballo-ao-obradoiro-tecendo-a-guarda\/#breadcrumb\",\"itemListElement\":[{\"@type\":\"ListItem\",\"position\":1,\"name\":\"Portada\",\"item\":\"https:\/\/www.aguarda.es\/en\/\"},{\"@type\":\"ListItem\",\"position\":2,\"name\":\"R\u00faas cheas de cor e adornos grazas ao traballo ao obradoiro Tecendo A Guarda\"}]},{\"@type\":\"WebSite\",\"@id\":\"https:\/\/www.aguarda.es\/en\/#website\",\"url\":\"https:\/\/www.aguarda.es\/en\/\",\"name\":\"Concello da Guarda\",\"description\":\"P\u00e1xina web do concello da Guarda\",\"potentialAction\":[{\"@type\":\"SearchAction\",\"target\":{\"@type\":\"EntryPoint\",\"urlTemplate\":\"https:\/\/www.aguarda.es\/en\/?s={search_term_string}\"},\"query-input\":\"required name=search_term_string\"}],\"inLanguage\":\"en-US\"},{\"@type\":\"Person\",\"@id\":\"https:\/\/www.aguarda.es\/en\/#\/schema\/person\/c463ca3006858ffb349d11179d044f21\",\"name\":\"prensa\",\"image\":{\"@type\":\"ImageObject\",\"inLanguage\":\"en-US\",\"@id\":\"https:\/\/www.aguarda.es\/en\/#\/schema\/person\/image\/\",\"url\":\"https:\/\/secure.gravatar.com\/avatar\/5f90ef536b0f98306edf5c7a1135ffa1?s=96&d=mm&r=g\",\"contentUrl\":\"https:\/\/secure.gravatar.com\/avatar\/5f90ef536b0f98306edf5c7a1135ffa1?s=96&d=mm&r=g\",\"caption\":\"prensa\"},\"url\":\"https:\/\/www.aguarda.es\/en\/author\/prensa\/\"}]}<\/script>\n<!-- \/ Yoast SEO plugin. -->","yoast_head_json":{"title":"R\u00faas cheas de cor e adornos grazas ao traballo ao obradoiro Tecendo A Guarda - Concello da Guarda","description":"O traballo do obradoiro \u201cTecendo A Guarda\u201d est\u00e1 a encher de cor e adornos mari\u00f1eiros durante este ver\u00e1n algunhas das r\u00faas e prazas m\u00e1is","robots":{"index":"index","follow":"follow","max-snippet":"max-snippet:-1","max-image-preview":"max-image-preview:large","max-video-preview":"max-video-preview:-1"},"canonical":"https:\/\/www.aguarda.es\/en\/ruas-cheas-de-cor-e-adornos-grazas-ao-traballo-ao-obradoiro-tecendo-a-guarda\/","og_locale":"en_US","og_type":"article","og_title":"R\u00faas cheas de cor e adornos grazas ao traballo ao obradoiro Tecendo A Guarda - Concello da Guarda","og_description":"O traballo do obradoiro \u201cTecendo A Guarda\u201d est\u00e1 a encher de cor e adornos mari\u00f1eiros durante este ver\u00e1n algunhas das r\u00faas e prazas m\u00e1is","og_url":"https:\/\/www.aguarda.es\/en\/ruas-cheas-de-cor-e-adornos-grazas-ao-traballo-ao-obradoiro-tecendo-a-guarda\/","og_site_name":"Concello da Guarda","article_publisher":"https:\/\/www.facebook.com\/ConcellodaGuarda","article_published_time":"2025-07-18T10:56:14+00:00","og_image":[{"width":1204,"height":1204,"url":"https:\/\/www.aguarda.es\/wp-content\/uploads\/2025\/07\/decoracion-ruas-Tecendo-A-Guarda-2.jpeg?_t=1752836175","type":"image\/jpeg"}],"author":"prensa","twitter_card":"summary_large_image","twitter_creator":"@AGuarda_es","twitter_site":"@AGuarda_es","twitter_misc":{"Written by":"prensa","Est. reading time":"2 minutes"},"schema":{"@context":"https:\/\/schema.org","@graph":[{"@type":"WebPage","@id":"https:\/\/www.aguarda.es\/en\/ruas-cheas-de-cor-e-adornos-grazas-ao-traballo-ao-obradoiro-tecendo-a-guarda\/","url":"https:\/\/www.aguarda.es\/en\/ruas-cheas-de-cor-e-adornos-grazas-ao-traballo-ao-obradoiro-tecendo-a-guarda\/","name":"R\u00faas cheas de cor e adornos grazas ao traballo ao obradoiro Tecendo A Guarda - Concello da Guarda","isPartOf":{"@id":"https:\/\/www.aguarda.es\/en\/#website"},"datePublished":"2025-07-18T10:56:14+00:00","dateModified":"2025-07-18T10:56:14+00:00","author":{"@id":"https:\/\/www.aguarda.es\/en\/#\/schema\/person\/c463ca3006858ffb349d11179d044f21"},"description":"O traballo do obradoiro \u201cTecendo A Guarda\u201d est\u00e1 a encher de cor e adornos mari\u00f1eiros durante este ver\u00e1n algunhas das r\u00faas e prazas m\u00e1is","breadcrumb":{"@id":"https:\/\/www.aguarda.es\/en\/ruas-cheas-de-cor-e-adornos-grazas-ao-traballo-ao-obradoiro-tecendo-a-guarda\/#breadcrumb"},"inLanguage":"en-US","potentialAction":[{"@type":"ReadAction","target":["https:\/\/www.aguarda.es\/en\/ruas-cheas-de-cor-e-adornos-grazas-ao-traballo-ao-obradoiro-tecendo-a-guarda\/"]}]},{"@type":"BreadcrumbList","@id":"https:\/\/www.aguarda.es\/en\/ruas-cheas-de-cor-e-adornos-grazas-ao-traballo-ao-obradoiro-tecendo-a-guarda\/#breadcrumb","itemListElement":[{"@type":"ListItem","position":1,"name":"Portada","item":"https:\/\/www.aguarda.es\/en\/"},{"@type":"ListItem","position":2,"name":"R\u00faas cheas de cor e adornos grazas ao traballo ao obradoiro Tecendo A Guarda"}]},{"@type":"WebSite","@id":"https:\/\/www.aguarda.es\/en\/#website","url":"https:\/\/www.aguarda.es\/en\/","name":"Concello da Guarda","description":"P\u00e1xina web do concello da Guarda","potentialAction":[{"@type":"SearchAction","target":{"@type":"EntryPoint","urlTemplate":"https:\/\/www.aguarda.es\/en\/?s={search_term_string}"},"query-input":"required name=search_term_string"}],"inLanguage":"en-US"},{"@type":"Person","@id":"https:\/\/www.aguarda.es\/en\/#\/schema\/person\/c463ca3006858ffb349d11179d044f21","name":"prensa","image":{"@type":"ImageObject","inLanguage":"en-US","@id":"https:\/\/www.aguarda.es\/en\/#\/schema\/person\/image\/","url":"https:\/\/secure.gravatar.com\/avatar\/5f90ef536b0f98306edf5c7a1135ffa1?s=96&d=mm&r=g","contentUrl":"https:\/\/secure.gravatar.com\/avatar\/5f90ef536b0f98306edf5c7a1135ffa1?s=96&d=mm&r=g","caption":"prensa"},"url":"https:\/\/www.aguarda.es\/en\/author\/prensa\/"}]}},"_links":{"self":[{"href":"https:\/\/www.aguarda.es\/en\/wp-json\/wp\/v2\/posts\/32883"}],"collection":[{"href":"https:\/\/www.aguarda.es\/en\/wp-json\/wp\/v2\/posts"}],"about":[{"href":"https:\/\/www.aguarda.es\/en\/wp-json\/wp\/v2\/types\/post"}],"author":[{"embeddable":true,"href":"https:\/\/www.aguarda.es\/en\/wp-json\/wp\/v2\/users\/2"}],"replies":[{"embeddable":true,"href":"https:\/\/www.aguarda.es\/en\/wp-json\/wp\/v2\/comments?post=32883"}],"version-history":[{"count":1,"href":"https:\/\/www.aguarda.es\/en\/wp-json\/wp\/v2\/posts\/32883\/revisions"}],"predecessor-version":[{"id":32886,"href":"https:\/\/www.aguarda.es\/en\/wp-json\/wp\/v2\/posts\/32883\/revisions\/32886"}],"wp:featuredmedia":[{"embeddable":true,"href":"https:\/\/www.aguarda.es\/en\/wp-json\/wp\/v2\/media\/32884"}],"wp:attachment":[{"href":"https:\/\/www.aguarda.es\/en\/wp-json\/wp\/v2\/media?parent=32883"}],"wp:term":[{"taxonomy":"category","embeddable":true,"href":"https:\/\/www.aguarda.es\/en\/wp-json\/wp\/v2\/categories?post=32883"},{"taxonomy":"post_tag","embeddable":true,"href":"https:\/\/www.aguarda.es\/en\/wp-json\/wp\/v2\/tags?post=32883"}],"curies":[{"name":"wp","href":"https:\/\/api.w.org\/{rel}","templated":true}]}}