{"id":32888,"date":"2025-07-21T11:25:18","date_gmt":"2025-07-21T11:25:18","guid":{"rendered":"https:\/\/www.aguarda.es\/?p=32888"},"modified":"2025-07-21T11:25:18","modified_gmt":"2025-07-21T11:25:18","slug":"o-coro-cantabile-percorrera-as-ruas-da-guarda-este-sabado","status":"publish","type":"post","link":"https:\/\/www.aguarda.es\/en\/o-coro-cantabile-percorrera-as-ruas-da-guarda-este-sabado\/","title":{"rendered":"O coro Cant\u00e1bile percorrer\u00e1 as r\u00faas da Guarda este s\u00e1bado"},"content":{"rendered":"<p class=\"western\" align=\"left\"><span style=\"color: #000000;\"><span style=\"font-family: Arial, sans-serif;\"><span style=\"font-size: medium;\"><span lang=\"gl-ES\">Este <strong>s\u00e1bado 26 de xullo<\/strong> as r\u00faas encheranse de novo de m\u00fasica, esta vez grazas ao <\/span><\/span><\/span><span style=\"font-family: Arial, sans-serif;\"><span style=\"font-size: medium;\"><span lang=\"gl-ES\">coro Cant\u00e1bile.<\/span><\/span><\/span><\/span><\/p>\n<p class=\"western\" lang=\"gl-ES\" align=\"left\"><span style=\"font-family: Arial, sans-serif; color: #000000;\"><span style=\"font-size: medium;\">Este coro leva m\u00e1is de 40 anos introducindo novas voces guardesas ao mundo da coral e actuando en diversos eventos da Guarda. O s\u00e1bado sair\u00e1n \u00e1 r\u00faa para compartir a s\u00faa m\u00fasica a partir das <strong>20:00h. <\/strong><\/span><\/span><\/p>\n<p class=\"western\" lang=\"gl-ES\" align=\"left\"><span style=\"font-family: Arial, sans-serif; color: #000000;\"><span style=\"font-size: medium;\">O coro Cant\u00e1bile percorrer\u00e1 a r\u00faa principal de Concepci\u00f3n Arenal facendo paradas na praza de Avelino Vicente, fronte a igrexa de San Benito e na r\u00faa do Porto.<\/span><\/span><\/p>\n","protected":false},"excerpt":{"rendered":"<p>Este s\u00e1bado 26 de xullo as r\u00faas encheranse de novo de m\u00fasica, esta vez grazas ao coro Cant\u00e1bile. Este coro leva m\u00e1is de 40 anos introducindo novas voces guardesas ao mundo da coral e actuando en diversos eventos da Guarda. &hellip; <\/p>\n","protected":false},"author":2,"featured_media":32889,"comment_status":"closed","ping_status":"closed","sticky":false,"template":"","format":"standard","meta":[],"categories":[34,363],"tags":[],"yoast_head":"<!-- This site is optimized with the Yoast SEO plugin v21.1 - https:\/\/yoast.com\/wordpress\/plugins\/seo\/ -->\n<title>O coro Cant\u00e1bile percorrer\u00e1 as r\u00faas da Guarda este s\u00e1bado - Concello da Guarda<\/title>\n<meta name=\"description\" content=\"Este s\u00e1bado 26 de xullo as r\u00faas encheranse de novo de m\u00fasica, esta vez grazas ao coro Cant\u00e1bile. Este coro leva m\u00e1is de 40 anos introducindo\" \/>\n<meta name=\"robots\" content=\"index, follow, max-snippet:-1, max-image-preview:large, max-video-preview:-1\" \/>\n<link rel=\"canonical\" href=\"https:\/\/www.aguarda.es\/en\/o-coro-cantabile-percorrera-as-ruas-da-guarda-este-sabado\/\" \/>\n<meta property=\"og:locale\" content=\"en_US\" \/>\n<meta property=\"og:type\" content=\"article\" \/>\n<meta property=\"og:title\" content=\"O coro Cant\u00e1bile percorrer\u00e1 as r\u00faas da Guarda este s\u00e1bado - Concello da Guarda\" \/>\n<meta property=\"og:description\" content=\"Este s\u00e1bado 26 de xullo as r\u00faas encheranse de novo de m\u00fasica, esta vez grazas ao coro Cant\u00e1bile. Este coro leva m\u00e1is de 40 anos introducindo\" \/>\n<meta property=\"og:url\" content=\"https:\/\/www.aguarda.es\/en\/o-coro-cantabile-percorrera-as-ruas-da-guarda-este-sabado\/\" \/>\n<meta property=\"og:site_name\" content=\"Concello da Guarda\" \/>\n<meta property=\"article:publisher\" content=\"https:\/\/www.facebook.com\/ConcellodaGuarda\" \/>\n<meta property=\"article:published_time\" content=\"2025-07-21T11:25:18+00:00\" \/>\n<meta property=\"og:image\" content=\"https:\/\/www.aguarda.es\/wp-content\/uploads\/2025\/07\/cartel-pasarruas-cantabile-A3.jpg?_t=1753097119\" \/>\n\t<meta property=\"og:image:width\" content=\"1587\" \/>\n\t<meta property=\"og:image:height\" content=\"2245\" \/>\n\t<meta property=\"og:image:type\" content=\"image\/jpeg\" \/>\n<meta name=\"author\" content=\"prensa\" \/>\n<meta name=\"twitter:card\" content=\"summary_large_image\" \/>\n<meta name=\"twitter:creator\" content=\"@AGuarda_es\" \/>\n<meta name=\"twitter:site\" content=\"@AGuarda_es\" \/>\n<meta name=\"twitter:label1\" content=\"Written by\" \/>\n\t<meta name=\"twitter:data1\" content=\"prensa\" \/>\n\t<meta name=\"twitter:label2\" content=\"Est. reading time\" \/>\n\t<meta name=\"twitter:data2\" content=\"1 minute\" \/>\n<script type=\"application\/ld+json\" class=\"yoast-schema-graph\">{\"@context\":\"https:\/\/schema.org\",\"@graph\":[{\"@type\":\"WebPage\",\"@id\":\"https:\/\/www.aguarda.es\/en\/o-coro-cantabile-percorrera-as-ruas-da-guarda-este-sabado\/\",\"url\":\"https:\/\/www.aguarda.es\/en\/o-coro-cantabile-percorrera-as-ruas-da-guarda-este-sabado\/\",\"name\":\"O coro Cant\u00e1bile percorrer\u00e1 as r\u00faas da Guarda este s\u00e1bado - Concello da Guarda\",\"isPartOf\":{\"@id\":\"https:\/\/www.aguarda.es\/en\/#website\"},\"datePublished\":\"2025-07-21T11:25:18+00:00\",\"dateModified\":\"2025-07-21T11:25:18+00:00\",\"author\":{\"@id\":\"https:\/\/www.aguarda.es\/en\/#\/schema\/person\/c463ca3006858ffb349d11179d044f21\"},\"description\":\"Este s\u00e1bado 26 de xullo as r\u00faas encheranse de novo de m\u00fasica, esta vez grazas ao coro Cant\u00e1bile. Este coro leva m\u00e1is de 40 anos introducindo\",\"breadcrumb\":{\"@id\":\"https:\/\/www.aguarda.es\/en\/o-coro-cantabile-percorrera-as-ruas-da-guarda-este-sabado\/#breadcrumb\"},\"inLanguage\":\"en-US\",\"potentialAction\":[{\"@type\":\"ReadAction\",\"target\":[\"https:\/\/www.aguarda.es\/en\/o-coro-cantabile-percorrera-as-ruas-da-guarda-este-sabado\/\"]}]},{\"@type\":\"BreadcrumbList\",\"@id\":\"https:\/\/www.aguarda.es\/en\/o-coro-cantabile-percorrera-as-ruas-da-guarda-este-sabado\/#breadcrumb\",\"itemListElement\":[{\"@type\":\"ListItem\",\"position\":1,\"name\":\"Portada\",\"item\":\"https:\/\/www.aguarda.es\/en\/\"},{\"@type\":\"ListItem\",\"position\":2,\"name\":\"O coro Cant\u00e1bile percorrer\u00e1 as r\u00faas da Guarda este s\u00e1bado\"}]},{\"@type\":\"WebSite\",\"@id\":\"https:\/\/www.aguarda.es\/en\/#website\",\"url\":\"https:\/\/www.aguarda.es\/en\/\",\"name\":\"Concello da Guarda\",\"description\":\"P\u00e1xina web do concello da Guarda\",\"potentialAction\":[{\"@type\":\"SearchAction\",\"target\":{\"@type\":\"EntryPoint\",\"urlTemplate\":\"https:\/\/www.aguarda.es\/en\/?s={search_term_string}\"},\"query-input\":\"required name=search_term_string\"}],\"inLanguage\":\"en-US\"},{\"@type\":\"Person\",\"@id\":\"https:\/\/www.aguarda.es\/en\/#\/schema\/person\/c463ca3006858ffb349d11179d044f21\",\"name\":\"prensa\",\"image\":{\"@type\":\"ImageObject\",\"inLanguage\":\"en-US\",\"@id\":\"https:\/\/www.aguarda.es\/en\/#\/schema\/person\/image\/\",\"url\":\"https:\/\/secure.gravatar.com\/avatar\/5f90ef536b0f98306edf5c7a1135ffa1?s=96&d=mm&r=g\",\"contentUrl\":\"https:\/\/secure.gravatar.com\/avatar\/5f90ef536b0f98306edf5c7a1135ffa1?s=96&d=mm&r=g\",\"caption\":\"prensa\"},\"url\":\"https:\/\/www.aguarda.es\/en\/author\/prensa\/\"}]}<\/script>\n<!-- \/ Yoast SEO plugin. -->","yoast_head_json":{"title":"O coro Cant\u00e1bile percorrer\u00e1 as r\u00faas da Guarda este s\u00e1bado - Concello da Guarda","description":"Este s\u00e1bado 26 de xullo as r\u00faas encheranse de novo de m\u00fasica, esta vez grazas ao coro Cant\u00e1bile. Este coro leva m\u00e1is de 40 anos introducindo","robots":{"index":"index","follow":"follow","max-snippet":"max-snippet:-1","max-image-preview":"max-image-preview:large","max-video-preview":"max-video-preview:-1"},"canonical":"https:\/\/www.aguarda.es\/en\/o-coro-cantabile-percorrera-as-ruas-da-guarda-este-sabado\/","og_locale":"en_US","og_type":"article","og_title":"O coro Cant\u00e1bile percorrer\u00e1 as r\u00faas da Guarda este s\u00e1bado - Concello da Guarda","og_description":"Este s\u00e1bado 26 de xullo as r\u00faas encheranse de novo de m\u00fasica, esta vez grazas ao coro Cant\u00e1bile. Este coro leva m\u00e1is de 40 anos introducindo","og_url":"https:\/\/www.aguarda.es\/en\/o-coro-cantabile-percorrera-as-ruas-da-guarda-este-sabado\/","og_site_name":"Concello da Guarda","article_publisher":"https:\/\/www.facebook.com\/ConcellodaGuarda","article_published_time":"2025-07-21T11:25:18+00:00","og_image":[{"width":1587,"height":2245,"url":"https:\/\/www.aguarda.es\/wp-content\/uploads\/2025\/07\/cartel-pasarruas-cantabile-A3.jpg?_t=1753097119","type":"image\/jpeg"}],"author":"prensa","twitter_card":"summary_large_image","twitter_creator":"@AGuarda_es","twitter_site":"@AGuarda_es","twitter_misc":{"Written by":"prensa","Est. reading time":"1 minute"},"schema":{"@context":"https:\/\/schema.org","@graph":[{"@type":"WebPage","@id":"https:\/\/www.aguarda.es\/en\/o-coro-cantabile-percorrera-as-ruas-da-guarda-este-sabado\/","url":"https:\/\/www.aguarda.es\/en\/o-coro-cantabile-percorrera-as-ruas-da-guarda-este-sabado\/","name":"O coro Cant\u00e1bile percorrer\u00e1 as r\u00faas da Guarda este s\u00e1bado - Concello da Guarda","isPartOf":{"@id":"https:\/\/www.aguarda.es\/en\/#website"},"datePublished":"2025-07-21T11:25:18+00:00","dateModified":"2025-07-21T11:25:18+00:00","author":{"@id":"https:\/\/www.aguarda.es\/en\/#\/schema\/person\/c463ca3006858ffb349d11179d044f21"},"description":"Este s\u00e1bado 26 de xullo as r\u00faas encheranse de novo de m\u00fasica, esta vez grazas ao coro Cant\u00e1bile. Este coro leva m\u00e1is de 40 anos introducindo","breadcrumb":{"@id":"https:\/\/www.aguarda.es\/en\/o-coro-cantabile-percorrera-as-ruas-da-guarda-este-sabado\/#breadcrumb"},"inLanguage":"en-US","potentialAction":[{"@type":"ReadAction","target":["https:\/\/www.aguarda.es\/en\/o-coro-cantabile-percorrera-as-ruas-da-guarda-este-sabado\/"]}]},{"@type":"BreadcrumbList","@id":"https:\/\/www.aguarda.es\/en\/o-coro-cantabile-percorrera-as-ruas-da-guarda-este-sabado\/#breadcrumb","itemListElement":[{"@type":"ListItem","position":1,"name":"Portada","item":"https:\/\/www.aguarda.es\/en\/"},{"@type":"ListItem","position":2,"name":"O coro Cant\u00e1bile percorrer\u00e1 as r\u00faas da Guarda este s\u00e1bado"}]},{"@type":"WebSite","@id":"https:\/\/www.aguarda.es\/en\/#website","url":"https:\/\/www.aguarda.es\/en\/","name":"Concello da Guarda","description":"P\u00e1xina web do concello da Guarda","potentialAction":[{"@type":"SearchAction","target":{"@type":"EntryPoint","urlTemplate":"https:\/\/www.aguarda.es\/en\/?s={search_term_string}"},"query-input":"required name=search_term_string"}],"inLanguage":"en-US"},{"@type":"Person","@id":"https:\/\/www.aguarda.es\/en\/#\/schema\/person\/c463ca3006858ffb349d11179d044f21","name":"prensa","image":{"@type":"ImageObject","inLanguage":"en-US","@id":"https:\/\/www.aguarda.es\/en\/#\/schema\/person\/image\/","url":"https:\/\/secure.gravatar.com\/avatar\/5f90ef536b0f98306edf5c7a1135ffa1?s=96&d=mm&r=g","contentUrl":"https:\/\/secure.gravatar.com\/avatar\/5f90ef536b0f98306edf5c7a1135ffa1?s=96&d=mm&r=g","caption":"prensa"},"url":"https:\/\/www.aguarda.es\/en\/author\/prensa\/"}]}},"_links":{"self":[{"href":"https:\/\/www.aguarda.es\/en\/wp-json\/wp\/v2\/posts\/32888"}],"collection":[{"href":"https:\/\/www.aguarda.es\/en\/wp-json\/wp\/v2\/posts"}],"about":[{"href":"https:\/\/www.aguarda.es\/en\/wp-json\/wp\/v2\/types\/post"}],"author":[{"embeddable":true,"href":"https:\/\/www.aguarda.es\/en\/wp-json\/wp\/v2\/users\/2"}],"replies":[{"embeddable":true,"href":"https:\/\/www.aguarda.es\/en\/wp-json\/wp\/v2\/comments?post=32888"}],"version-history":[{"count":1,"href":"https:\/\/www.aguarda.es\/en\/wp-json\/wp\/v2\/posts\/32888\/revisions"}],"predecessor-version":[{"id":32891,"href":"https:\/\/www.aguarda.es\/en\/wp-json\/wp\/v2\/posts\/32888\/revisions\/32891"}],"wp:featuredmedia":[{"embeddable":true,"href":"https:\/\/www.aguarda.es\/en\/wp-json\/wp\/v2\/media\/32889"}],"wp:attachment":[{"href":"https:\/\/www.aguarda.es\/en\/wp-json\/wp\/v2\/media?parent=32888"}],"wp:term":[{"taxonomy":"category","embeddable":true,"href":"https:\/\/www.aguarda.es\/en\/wp-json\/wp\/v2\/categories?post=32888"},{"taxonomy":"post_tag","embeddable":true,"href":"https:\/\/www.aguarda.es\/en\/wp-json\/wp\/v2\/tags?post=32888"}],"curies":[{"name":"wp","href":"https:\/\/api.w.org\/{rel}","templated":true}]}}