{"id":32936,"date":"2025-07-24T14:16:26","date_gmt":"2025-07-24T14:16:26","guid":{"rendered":"https:\/\/www.aguarda.es\/?p=32936"},"modified":"2025-07-24T14:16:26","modified_gmt":"2025-07-24T14:16:26","slug":"danza-e-tradicion-unense-na-segunda-para-de-cultura-no-camino-na-guarda","status":"publish","type":"post","link":"https:\/\/www.aguarda.es\/en\/danza-e-tradicion-unense-na-segunda-para-de-cultura-no-camino-na-guarda\/","title":{"rendered":"Danza e tradici\u00f3n \u00fanense na segunda para de Cultura no cami\u00f1o na Guarda"},"content":{"rendered":"<p class=\"western\" align=\"left\"><span style=\"font-family: Arial, sans-serif; color: #000000;\"><span lang=\"gl-ES\">A segunda parada de Cultura no Cami\u00f1o trae un espect\u00e1culo de danza, a cargo da compa\u00f1\u00eda Et Susseia.<\/span><\/span><\/p>\n<p class=\"western\" align=\"justify\"><span style=\"font-family: Arial, sans-serif; color: #000000;\">&#8220;O que non se ve&#8221; representa a trav\u00e9s da danza a forza e a loita da muller na sociedade actual. Unha mestura de danza tradicional e comtempor\u00e1nea, que pretende mostrar o que existe debaixo das vestimentas tradicionais e no interior das mulleres do noso pa\u00eds. <\/span><\/p>\n<p class=\"western\" align=\"justify\"><span style=\"font-family: Arial, sans-serif; color: #000000;\">Con esta obra conxugan estilos moi diferentes, pero \u00e1 vez moito en com\u00fan. E merg\u00fallanse na percusi\u00f3n tradicional pero enfoc\u00e1ndoa cara un aspecto m\u00e1is actual. Tam\u00e9n mudan as letras das melod\u00edas, facendo letras propias, nas que amosan o poder da muller na tradici\u00f3n oral.<\/span><\/p>\n<p class=\"western\" align=\"justify\"><span style=\"font-family: Arial, sans-serif; color: #000000;\">Nas coreograf\u00edas creadas por Erick Pegueros, Diego Land\u00edn e Gustavo Couto, mesturadas co son da m\u00fasica de tradici\u00f3n oral, identif\u00edcase a enerx\u00eda das mulleres do rural galego, nas melod\u00edas que grazas a elas chegaron ata n\u00f3s.<\/span><\/p>\n<p class=\"western\" align=\"justify\"><span style=\"font-family: Arial, sans-serif; color: #000000;\">O espect\u00e1culo dar\u00e1 comezo o pr\u00f3ximo xoves 31 de xullo \u00e1s 20:30h no Auditorio de San Benito.<\/span><\/p>\n","protected":false},"excerpt":{"rendered":"<p>A segunda parada de Cultura no Cami\u00f1o trae un espect\u00e1culo de danza, a cargo da compa\u00f1\u00eda Et Susseia. &#8220;O que non se ve&#8221; representa a trav\u00e9s da danza a forza e a loita da muller na sociedade actual. Unha mestura &hellip; <\/p>\n","protected":false},"author":2,"featured_media":32937,"comment_status":"closed","ping_status":"closed","sticky":false,"template":"","format":"standard","meta":[],"categories":[34,363],"tags":[],"yoast_head":"<!-- This site is optimized with the Yoast SEO plugin v21.1 - https:\/\/yoast.com\/wordpress\/plugins\/seo\/ -->\n<title>Danza e tradici\u00f3n \u00fanense na segunda para de Cultura no cami\u00f1o na Guarda - Concello da Guarda<\/title>\n<meta name=\"description\" content=\"A segunda parada de Cultura no Cami\u00f1o trae un espect\u00e1culo de danza, a cargo da compa\u00f1\u00eda Et Susseia. &quot;O que non se ve&quot; representa a trav\u00e9s da\" \/>\n<meta name=\"robots\" content=\"index, follow, max-snippet:-1, max-image-preview:large, max-video-preview:-1\" \/>\n<link rel=\"canonical\" href=\"https:\/\/www.aguarda.es\/en\/danza-e-tradicion-unense-na-segunda-para-de-cultura-no-camino-na-guarda\/\" \/>\n<meta property=\"og:locale\" content=\"en_US\" \/>\n<meta property=\"og:type\" content=\"article\" \/>\n<meta property=\"og:title\" content=\"Danza e tradici\u00f3n \u00fanense na segunda para de Cultura no cami\u00f1o na Guarda - Concello da Guarda\" \/>\n<meta property=\"og:description\" content=\"A segunda parada de Cultura no Cami\u00f1o trae un espect\u00e1culo de danza, a cargo da compa\u00f1\u00eda Et Susseia. &quot;O que non se ve&quot; representa a trav\u00e9s da\" \/>\n<meta property=\"og:url\" content=\"https:\/\/www.aguarda.es\/en\/danza-e-tradicion-unense-na-segunda-para-de-cultura-no-camino-na-guarda\/\" \/>\n<meta property=\"og:site_name\" content=\"Concello da Guarda\" \/>\n<meta property=\"article:publisher\" content=\"https:\/\/www.facebook.com\/ConcellodaGuarda\" \/>\n<meta property=\"article:published_time\" content=\"2025-07-24T14:16:26+00:00\" \/>\n<meta property=\"og:image\" content=\"https:\/\/www.aguarda.es\/wp-content\/uploads\/2025\/07\/tn_250731_ET_SUSEIA_-DANZA.jpg?_t=1753366587\" \/>\n\t<meta property=\"og:image:width\" content=\"600\" \/>\n\t<meta property=\"og:image:height\" content=\"400\" \/>\n\t<meta property=\"og:image:type\" content=\"image\/jpeg\" \/>\n<meta name=\"author\" content=\"prensa\" \/>\n<meta name=\"twitter:card\" content=\"summary_large_image\" \/>\n<meta name=\"twitter:creator\" content=\"@AGuarda_es\" \/>\n<meta name=\"twitter:site\" content=\"@AGuarda_es\" \/>\n<meta name=\"twitter:label1\" content=\"Written by\" \/>\n\t<meta name=\"twitter:data1\" content=\"prensa\" \/>\n\t<meta name=\"twitter:label2\" content=\"Est. reading time\" \/>\n\t<meta name=\"twitter:data2\" content=\"1 minute\" \/>\n<script type=\"application\/ld+json\" class=\"yoast-schema-graph\">{\"@context\":\"https:\/\/schema.org\",\"@graph\":[{\"@type\":\"WebPage\",\"@id\":\"https:\/\/www.aguarda.es\/en\/danza-e-tradicion-unense-na-segunda-para-de-cultura-no-camino-na-guarda\/\",\"url\":\"https:\/\/www.aguarda.es\/en\/danza-e-tradicion-unense-na-segunda-para-de-cultura-no-camino-na-guarda\/\",\"name\":\"Danza e tradici\u00f3n \u00fanense na segunda para de Cultura no cami\u00f1o na Guarda - Concello da Guarda\",\"isPartOf\":{\"@id\":\"https:\/\/www.aguarda.es\/en\/#website\"},\"datePublished\":\"2025-07-24T14:16:26+00:00\",\"dateModified\":\"2025-07-24T14:16:26+00:00\",\"author\":{\"@id\":\"https:\/\/www.aguarda.es\/en\/#\/schema\/person\/c463ca3006858ffb349d11179d044f21\"},\"description\":\"A segunda parada de Cultura no Cami\u00f1o trae un espect\u00e1culo de danza, a cargo da compa\u00f1\u00eda Et Susseia. \\\"O que non se ve\\\" representa a trav\u00e9s da\",\"breadcrumb\":{\"@id\":\"https:\/\/www.aguarda.es\/en\/danza-e-tradicion-unense-na-segunda-para-de-cultura-no-camino-na-guarda\/#breadcrumb\"},\"inLanguage\":\"en-US\",\"potentialAction\":[{\"@type\":\"ReadAction\",\"target\":[\"https:\/\/www.aguarda.es\/en\/danza-e-tradicion-unense-na-segunda-para-de-cultura-no-camino-na-guarda\/\"]}]},{\"@type\":\"BreadcrumbList\",\"@id\":\"https:\/\/www.aguarda.es\/en\/danza-e-tradicion-unense-na-segunda-para-de-cultura-no-camino-na-guarda\/#breadcrumb\",\"itemListElement\":[{\"@type\":\"ListItem\",\"position\":1,\"name\":\"Portada\",\"item\":\"https:\/\/www.aguarda.es\/en\/\"},{\"@type\":\"ListItem\",\"position\":2,\"name\":\"Danza e tradici\u00f3n \u00fanense na segunda para de Cultura no cami\u00f1o na Guarda\"}]},{\"@type\":\"WebSite\",\"@id\":\"https:\/\/www.aguarda.es\/en\/#website\",\"url\":\"https:\/\/www.aguarda.es\/en\/\",\"name\":\"Concello da Guarda\",\"description\":\"P\u00e1xina web do concello da Guarda\",\"potentialAction\":[{\"@type\":\"SearchAction\",\"target\":{\"@type\":\"EntryPoint\",\"urlTemplate\":\"https:\/\/www.aguarda.es\/en\/?s={search_term_string}\"},\"query-input\":\"required name=search_term_string\"}],\"inLanguage\":\"en-US\"},{\"@type\":\"Person\",\"@id\":\"https:\/\/www.aguarda.es\/en\/#\/schema\/person\/c463ca3006858ffb349d11179d044f21\",\"name\":\"prensa\",\"image\":{\"@type\":\"ImageObject\",\"inLanguage\":\"en-US\",\"@id\":\"https:\/\/www.aguarda.es\/en\/#\/schema\/person\/image\/\",\"url\":\"https:\/\/secure.gravatar.com\/avatar\/5f90ef536b0f98306edf5c7a1135ffa1?s=96&d=mm&r=g\",\"contentUrl\":\"https:\/\/secure.gravatar.com\/avatar\/5f90ef536b0f98306edf5c7a1135ffa1?s=96&d=mm&r=g\",\"caption\":\"prensa\"},\"url\":\"https:\/\/www.aguarda.es\/en\/author\/prensa\/\"}]}<\/script>\n<!-- \/ Yoast SEO plugin. -->","yoast_head_json":{"title":"Danza e tradici\u00f3n \u00fanense na segunda para de Cultura no cami\u00f1o na Guarda - Concello da Guarda","description":"A segunda parada de Cultura no Cami\u00f1o trae un espect\u00e1culo de danza, a cargo da compa\u00f1\u00eda Et Susseia. \"O que non se ve\" representa a trav\u00e9s da","robots":{"index":"index","follow":"follow","max-snippet":"max-snippet:-1","max-image-preview":"max-image-preview:large","max-video-preview":"max-video-preview:-1"},"canonical":"https:\/\/www.aguarda.es\/en\/danza-e-tradicion-unense-na-segunda-para-de-cultura-no-camino-na-guarda\/","og_locale":"en_US","og_type":"article","og_title":"Danza e tradici\u00f3n \u00fanense na segunda para de Cultura no cami\u00f1o na Guarda - Concello da Guarda","og_description":"A segunda parada de Cultura no Cami\u00f1o trae un espect\u00e1culo de danza, a cargo da compa\u00f1\u00eda Et Susseia. \"O que non se ve\" representa a trav\u00e9s da","og_url":"https:\/\/www.aguarda.es\/en\/danza-e-tradicion-unense-na-segunda-para-de-cultura-no-camino-na-guarda\/","og_site_name":"Concello da Guarda","article_publisher":"https:\/\/www.facebook.com\/ConcellodaGuarda","article_published_time":"2025-07-24T14:16:26+00:00","og_image":[{"width":600,"height":400,"url":"https:\/\/www.aguarda.es\/wp-content\/uploads\/2025\/07\/tn_250731_ET_SUSEIA_-DANZA.jpg?_t=1753366587","type":"image\/jpeg"}],"author":"prensa","twitter_card":"summary_large_image","twitter_creator":"@AGuarda_es","twitter_site":"@AGuarda_es","twitter_misc":{"Written by":"prensa","Est. reading time":"1 minute"},"schema":{"@context":"https:\/\/schema.org","@graph":[{"@type":"WebPage","@id":"https:\/\/www.aguarda.es\/en\/danza-e-tradicion-unense-na-segunda-para-de-cultura-no-camino-na-guarda\/","url":"https:\/\/www.aguarda.es\/en\/danza-e-tradicion-unense-na-segunda-para-de-cultura-no-camino-na-guarda\/","name":"Danza e tradici\u00f3n \u00fanense na segunda para de Cultura no cami\u00f1o na Guarda - Concello da Guarda","isPartOf":{"@id":"https:\/\/www.aguarda.es\/en\/#website"},"datePublished":"2025-07-24T14:16:26+00:00","dateModified":"2025-07-24T14:16:26+00:00","author":{"@id":"https:\/\/www.aguarda.es\/en\/#\/schema\/person\/c463ca3006858ffb349d11179d044f21"},"description":"A segunda parada de Cultura no Cami\u00f1o trae un espect\u00e1culo de danza, a cargo da compa\u00f1\u00eda Et Susseia. \"O que non se ve\" representa a trav\u00e9s da","breadcrumb":{"@id":"https:\/\/www.aguarda.es\/en\/danza-e-tradicion-unense-na-segunda-para-de-cultura-no-camino-na-guarda\/#breadcrumb"},"inLanguage":"en-US","potentialAction":[{"@type":"ReadAction","target":["https:\/\/www.aguarda.es\/en\/danza-e-tradicion-unense-na-segunda-para-de-cultura-no-camino-na-guarda\/"]}]},{"@type":"BreadcrumbList","@id":"https:\/\/www.aguarda.es\/en\/danza-e-tradicion-unense-na-segunda-para-de-cultura-no-camino-na-guarda\/#breadcrumb","itemListElement":[{"@type":"ListItem","position":1,"name":"Portada","item":"https:\/\/www.aguarda.es\/en\/"},{"@type":"ListItem","position":2,"name":"Danza e tradici\u00f3n \u00fanense na segunda para de Cultura no cami\u00f1o na Guarda"}]},{"@type":"WebSite","@id":"https:\/\/www.aguarda.es\/en\/#website","url":"https:\/\/www.aguarda.es\/en\/","name":"Concello da Guarda","description":"P\u00e1xina web do concello da Guarda","potentialAction":[{"@type":"SearchAction","target":{"@type":"EntryPoint","urlTemplate":"https:\/\/www.aguarda.es\/en\/?s={search_term_string}"},"query-input":"required name=search_term_string"}],"inLanguage":"en-US"},{"@type":"Person","@id":"https:\/\/www.aguarda.es\/en\/#\/schema\/person\/c463ca3006858ffb349d11179d044f21","name":"prensa","image":{"@type":"ImageObject","inLanguage":"en-US","@id":"https:\/\/www.aguarda.es\/en\/#\/schema\/person\/image\/","url":"https:\/\/secure.gravatar.com\/avatar\/5f90ef536b0f98306edf5c7a1135ffa1?s=96&d=mm&r=g","contentUrl":"https:\/\/secure.gravatar.com\/avatar\/5f90ef536b0f98306edf5c7a1135ffa1?s=96&d=mm&r=g","caption":"prensa"},"url":"https:\/\/www.aguarda.es\/en\/author\/prensa\/"}]}},"_links":{"self":[{"href":"https:\/\/www.aguarda.es\/en\/wp-json\/wp\/v2\/posts\/32936"}],"collection":[{"href":"https:\/\/www.aguarda.es\/en\/wp-json\/wp\/v2\/posts"}],"about":[{"href":"https:\/\/www.aguarda.es\/en\/wp-json\/wp\/v2\/types\/post"}],"author":[{"embeddable":true,"href":"https:\/\/www.aguarda.es\/en\/wp-json\/wp\/v2\/users\/2"}],"replies":[{"embeddable":true,"href":"https:\/\/www.aguarda.es\/en\/wp-json\/wp\/v2\/comments?post=32936"}],"version-history":[{"count":1,"href":"https:\/\/www.aguarda.es\/en\/wp-json\/wp\/v2\/posts\/32936\/revisions"}],"predecessor-version":[{"id":32939,"href":"https:\/\/www.aguarda.es\/en\/wp-json\/wp\/v2\/posts\/32936\/revisions\/32939"}],"wp:featuredmedia":[{"embeddable":true,"href":"https:\/\/www.aguarda.es\/en\/wp-json\/wp\/v2\/media\/32937"}],"wp:attachment":[{"href":"https:\/\/www.aguarda.es\/en\/wp-json\/wp\/v2\/media?parent=32936"}],"wp:term":[{"taxonomy":"category","embeddable":true,"href":"https:\/\/www.aguarda.es\/en\/wp-json\/wp\/v2\/categories?post=32936"},{"taxonomy":"post_tag","embeddable":true,"href":"https:\/\/www.aguarda.es\/en\/wp-json\/wp\/v2\/tags?post=32936"}],"curies":[{"name":"wp","href":"https:\/\/api.w.org\/{rel}","templated":true}]}}