{"id":32940,"date":"2025-07-25T19:38:18","date_gmt":"2025-07-25T19:38:18","guid":{"rendered":"https:\/\/www.aguarda.es\/?p=32940"},"modified":"2025-07-25T19:38:18","modified_gmt":"2025-07-25T19:38:18","slug":"o-concello-instalara-unha-pantalla-xigante-para-animar-na-final-da-eurocopa","status":"publish","type":"post","link":"https:\/\/www.aguarda.es\/en\/o-concello-instalara-unha-pantalla-xigante-para-animar-na-final-da-eurocopa\/","title":{"rendered":"O Concello instalar\u00e1 unha pantalla xigante para animar na final da Eurocopa"},"content":{"rendered":"<p><span style=\"color: #000000;\">Este domingo o Concello da Guarda instalar\u00e1 unha pantalla xigante na Praza do Rel\u00f3 para ver a final da Eurocopa da Selecci\u00f3n feminina espa\u00f1ola de f\u00fatbol.<\/span><\/p>\n<p><span style=\"color: #000000;\">Espa\u00f1a enfr\u00f3ntase na final contra Inglaterra, sendo o enfrontamento entre as d\u00faas m\u00e1ximas favoritas. O partido dar\u00e1 comezo \u00e1s 18:00h, pero \u00e1s 17:00h comezaremos a previa con sesi\u00f3n dj para ter todo listo para animar na final.<\/span><\/p>\n","protected":false},"excerpt":{"rendered":"<p>Este domingo o Concello da Guarda instalar\u00e1 unha pantalla xigante na Praza do Rel\u00f3 para ver a final da Eurocopa da Selecci\u00f3n feminina espa\u00f1ola de f\u00fatbol. Espa\u00f1a enfr\u00f3ntase na final contra Inglaterra, sendo o enfrontamento entre as d\u00faas m\u00e1ximas favoritas. &hellip; <\/p>\n","protected":false},"author":2,"featured_media":32941,"comment_status":"closed","ping_status":"closed","sticky":false,"template":"","format":"standard","meta":[],"categories":[35,363],"tags":[],"yoast_head":"<!-- This site is optimized with the Yoast SEO plugin v21.1 - https:\/\/yoast.com\/wordpress\/plugins\/seo\/ -->\n<title>O Concello instalar\u00e1 unha pantalla xigante para animar na final da Eurocopa - Concello da Guarda<\/title>\n<meta name=\"description\" content=\"Este domingo o Concello da Guarda instalar\u00e1 unha pantalla xigante na Praza do Rel\u00f3 para ver a final da Eurocopa da Selecci\u00f3n feminina\" \/>\n<meta name=\"robots\" content=\"index, follow, max-snippet:-1, max-image-preview:large, max-video-preview:-1\" \/>\n<link rel=\"canonical\" href=\"https:\/\/www.aguarda.es\/en\/o-concello-instalara-unha-pantalla-xigante-para-animar-na-final-da-eurocopa\/\" \/>\n<meta property=\"og:locale\" content=\"en_US\" \/>\n<meta property=\"og:type\" content=\"article\" \/>\n<meta property=\"og:title\" content=\"O Concello instalar\u00e1 unha pantalla xigante para animar na final da Eurocopa - Concello da Guarda\" \/>\n<meta property=\"og:description\" content=\"Este domingo o Concello da Guarda instalar\u00e1 unha pantalla xigante na Praza do Rel\u00f3 para ver a final da Eurocopa da Selecci\u00f3n feminina\" \/>\n<meta property=\"og:url\" content=\"https:\/\/www.aguarda.es\/en\/o-concello-instalara-unha-pantalla-xigante-para-animar-na-final-da-eurocopa\/\" \/>\n<meta property=\"og:site_name\" content=\"Concello da Guarda\" \/>\n<meta property=\"article:publisher\" content=\"https:\/\/www.facebook.com\/ConcellodaGuarda\" \/>\n<meta property=\"article:published_time\" content=\"2025-07-25T19:38:18+00:00\" \/>\n<meta property=\"og:image\" content=\"https:\/\/www.aguarda.es\/wp-content\/uploads\/2025\/07\/Pantalla-Eurocopa.jpg?_t=1753472299\" \/>\n\t<meta property=\"og:image:width\" content=\"1080\" \/>\n\t<meta property=\"og:image:height\" content=\"1080\" \/>\n\t<meta property=\"og:image:type\" content=\"image\/jpeg\" \/>\n<meta name=\"author\" content=\"prensa\" \/>\n<meta name=\"twitter:card\" content=\"summary_large_image\" \/>\n<meta name=\"twitter:creator\" content=\"@AGuarda_es\" \/>\n<meta name=\"twitter:site\" content=\"@AGuarda_es\" \/>\n<meta name=\"twitter:label1\" content=\"Written by\" \/>\n\t<meta name=\"twitter:data1\" content=\"prensa\" \/>\n\t<meta name=\"twitter:label2\" content=\"Est. reading time\" \/>\n\t<meta name=\"twitter:data2\" content=\"1 minute\" \/>\n<script type=\"application\/ld+json\" class=\"yoast-schema-graph\">{\"@context\":\"https:\/\/schema.org\",\"@graph\":[{\"@type\":\"WebPage\",\"@id\":\"https:\/\/www.aguarda.es\/en\/o-concello-instalara-unha-pantalla-xigante-para-animar-na-final-da-eurocopa\/\",\"url\":\"https:\/\/www.aguarda.es\/en\/o-concello-instalara-unha-pantalla-xigante-para-animar-na-final-da-eurocopa\/\",\"name\":\"O Concello instalar\u00e1 unha pantalla xigante para animar na final da Eurocopa - Concello da Guarda\",\"isPartOf\":{\"@id\":\"https:\/\/www.aguarda.es\/en\/#website\"},\"datePublished\":\"2025-07-25T19:38:18+00:00\",\"dateModified\":\"2025-07-25T19:38:18+00:00\",\"author\":{\"@id\":\"https:\/\/www.aguarda.es\/en\/#\/schema\/person\/c463ca3006858ffb349d11179d044f21\"},\"description\":\"Este domingo o Concello da Guarda instalar\u00e1 unha pantalla xigante na Praza do Rel\u00f3 para ver a final da Eurocopa da Selecci\u00f3n feminina\",\"breadcrumb\":{\"@id\":\"https:\/\/www.aguarda.es\/en\/o-concello-instalara-unha-pantalla-xigante-para-animar-na-final-da-eurocopa\/#breadcrumb\"},\"inLanguage\":\"en-US\",\"potentialAction\":[{\"@type\":\"ReadAction\",\"target\":[\"https:\/\/www.aguarda.es\/en\/o-concello-instalara-unha-pantalla-xigante-para-animar-na-final-da-eurocopa\/\"]}]},{\"@type\":\"BreadcrumbList\",\"@id\":\"https:\/\/www.aguarda.es\/en\/o-concello-instalara-unha-pantalla-xigante-para-animar-na-final-da-eurocopa\/#breadcrumb\",\"itemListElement\":[{\"@type\":\"ListItem\",\"position\":1,\"name\":\"Portada\",\"item\":\"https:\/\/www.aguarda.es\/en\/\"},{\"@type\":\"ListItem\",\"position\":2,\"name\":\"O Concello instalar\u00e1 unha pantalla xigante para animar na final da Eurocopa\"}]},{\"@type\":\"WebSite\",\"@id\":\"https:\/\/www.aguarda.es\/en\/#website\",\"url\":\"https:\/\/www.aguarda.es\/en\/\",\"name\":\"Concello da Guarda\",\"description\":\"P\u00e1xina web do concello da Guarda\",\"potentialAction\":[{\"@type\":\"SearchAction\",\"target\":{\"@type\":\"EntryPoint\",\"urlTemplate\":\"https:\/\/www.aguarda.es\/en\/?s={search_term_string}\"},\"query-input\":\"required name=search_term_string\"}],\"inLanguage\":\"en-US\"},{\"@type\":\"Person\",\"@id\":\"https:\/\/www.aguarda.es\/en\/#\/schema\/person\/c463ca3006858ffb349d11179d044f21\",\"name\":\"prensa\",\"image\":{\"@type\":\"ImageObject\",\"inLanguage\":\"en-US\",\"@id\":\"https:\/\/www.aguarda.es\/en\/#\/schema\/person\/image\/\",\"url\":\"https:\/\/secure.gravatar.com\/avatar\/5f90ef536b0f98306edf5c7a1135ffa1?s=96&d=mm&r=g\",\"contentUrl\":\"https:\/\/secure.gravatar.com\/avatar\/5f90ef536b0f98306edf5c7a1135ffa1?s=96&d=mm&r=g\",\"caption\":\"prensa\"},\"url\":\"https:\/\/www.aguarda.es\/en\/author\/prensa\/\"}]}<\/script>\n<!-- \/ Yoast SEO plugin. -->","yoast_head_json":{"title":"O Concello instalar\u00e1 unha pantalla xigante para animar na final da Eurocopa - Concello da Guarda","description":"Este domingo o Concello da Guarda instalar\u00e1 unha pantalla xigante na Praza do Rel\u00f3 para ver a final da Eurocopa da Selecci\u00f3n feminina","robots":{"index":"index","follow":"follow","max-snippet":"max-snippet:-1","max-image-preview":"max-image-preview:large","max-video-preview":"max-video-preview:-1"},"canonical":"https:\/\/www.aguarda.es\/en\/o-concello-instalara-unha-pantalla-xigante-para-animar-na-final-da-eurocopa\/","og_locale":"en_US","og_type":"article","og_title":"O Concello instalar\u00e1 unha pantalla xigante para animar na final da Eurocopa - Concello da Guarda","og_description":"Este domingo o Concello da Guarda instalar\u00e1 unha pantalla xigante na Praza do Rel\u00f3 para ver a final da Eurocopa da Selecci\u00f3n feminina","og_url":"https:\/\/www.aguarda.es\/en\/o-concello-instalara-unha-pantalla-xigante-para-animar-na-final-da-eurocopa\/","og_site_name":"Concello da Guarda","article_publisher":"https:\/\/www.facebook.com\/ConcellodaGuarda","article_published_time":"2025-07-25T19:38:18+00:00","og_image":[{"width":1080,"height":1080,"url":"https:\/\/www.aguarda.es\/wp-content\/uploads\/2025\/07\/Pantalla-Eurocopa.jpg?_t=1753472299","type":"image\/jpeg"}],"author":"prensa","twitter_card":"summary_large_image","twitter_creator":"@AGuarda_es","twitter_site":"@AGuarda_es","twitter_misc":{"Written by":"prensa","Est. reading time":"1 minute"},"schema":{"@context":"https:\/\/schema.org","@graph":[{"@type":"WebPage","@id":"https:\/\/www.aguarda.es\/en\/o-concello-instalara-unha-pantalla-xigante-para-animar-na-final-da-eurocopa\/","url":"https:\/\/www.aguarda.es\/en\/o-concello-instalara-unha-pantalla-xigante-para-animar-na-final-da-eurocopa\/","name":"O Concello instalar\u00e1 unha pantalla xigante para animar na final da Eurocopa - Concello da Guarda","isPartOf":{"@id":"https:\/\/www.aguarda.es\/en\/#website"},"datePublished":"2025-07-25T19:38:18+00:00","dateModified":"2025-07-25T19:38:18+00:00","author":{"@id":"https:\/\/www.aguarda.es\/en\/#\/schema\/person\/c463ca3006858ffb349d11179d044f21"},"description":"Este domingo o Concello da Guarda instalar\u00e1 unha pantalla xigante na Praza do Rel\u00f3 para ver a final da Eurocopa da Selecci\u00f3n feminina","breadcrumb":{"@id":"https:\/\/www.aguarda.es\/en\/o-concello-instalara-unha-pantalla-xigante-para-animar-na-final-da-eurocopa\/#breadcrumb"},"inLanguage":"en-US","potentialAction":[{"@type":"ReadAction","target":["https:\/\/www.aguarda.es\/en\/o-concello-instalara-unha-pantalla-xigante-para-animar-na-final-da-eurocopa\/"]}]},{"@type":"BreadcrumbList","@id":"https:\/\/www.aguarda.es\/en\/o-concello-instalara-unha-pantalla-xigante-para-animar-na-final-da-eurocopa\/#breadcrumb","itemListElement":[{"@type":"ListItem","position":1,"name":"Portada","item":"https:\/\/www.aguarda.es\/en\/"},{"@type":"ListItem","position":2,"name":"O Concello instalar\u00e1 unha pantalla xigante para animar na final da Eurocopa"}]},{"@type":"WebSite","@id":"https:\/\/www.aguarda.es\/en\/#website","url":"https:\/\/www.aguarda.es\/en\/","name":"Concello da Guarda","description":"P\u00e1xina web do concello da Guarda","potentialAction":[{"@type":"SearchAction","target":{"@type":"EntryPoint","urlTemplate":"https:\/\/www.aguarda.es\/en\/?s={search_term_string}"},"query-input":"required name=search_term_string"}],"inLanguage":"en-US"},{"@type":"Person","@id":"https:\/\/www.aguarda.es\/en\/#\/schema\/person\/c463ca3006858ffb349d11179d044f21","name":"prensa","image":{"@type":"ImageObject","inLanguage":"en-US","@id":"https:\/\/www.aguarda.es\/en\/#\/schema\/person\/image\/","url":"https:\/\/secure.gravatar.com\/avatar\/5f90ef536b0f98306edf5c7a1135ffa1?s=96&d=mm&r=g","contentUrl":"https:\/\/secure.gravatar.com\/avatar\/5f90ef536b0f98306edf5c7a1135ffa1?s=96&d=mm&r=g","caption":"prensa"},"url":"https:\/\/www.aguarda.es\/en\/author\/prensa\/"}]}},"_links":{"self":[{"href":"https:\/\/www.aguarda.es\/en\/wp-json\/wp\/v2\/posts\/32940"}],"collection":[{"href":"https:\/\/www.aguarda.es\/en\/wp-json\/wp\/v2\/posts"}],"about":[{"href":"https:\/\/www.aguarda.es\/en\/wp-json\/wp\/v2\/types\/post"}],"author":[{"embeddable":true,"href":"https:\/\/www.aguarda.es\/en\/wp-json\/wp\/v2\/users\/2"}],"replies":[{"embeddable":true,"href":"https:\/\/www.aguarda.es\/en\/wp-json\/wp\/v2\/comments?post=32940"}],"version-history":[{"count":1,"href":"https:\/\/www.aguarda.es\/en\/wp-json\/wp\/v2\/posts\/32940\/revisions"}],"predecessor-version":[{"id":32943,"href":"https:\/\/www.aguarda.es\/en\/wp-json\/wp\/v2\/posts\/32940\/revisions\/32943"}],"wp:featuredmedia":[{"embeddable":true,"href":"https:\/\/www.aguarda.es\/en\/wp-json\/wp\/v2\/media\/32941"}],"wp:attachment":[{"href":"https:\/\/www.aguarda.es\/en\/wp-json\/wp\/v2\/media?parent=32940"}],"wp:term":[{"taxonomy":"category","embeddable":true,"href":"https:\/\/www.aguarda.es\/en\/wp-json\/wp\/v2\/categories?post=32940"},{"taxonomy":"post_tag","embeddable":true,"href":"https:\/\/www.aguarda.es\/en\/wp-json\/wp\/v2\/tags?post=32940"}],"curies":[{"name":"wp","href":"https:\/\/api.w.org\/{rel}","templated":true}]}}