{"id":33041,"date":"2025-08-12T11:09:49","date_gmt":"2025-08-12T11:09:49","guid":{"rendered":"https:\/\/www.aguarda.es\/?p=33041"},"modified":"2025-08-12T11:09:49","modified_gmt":"2025-08-12T11:09:49","slug":"as-festas-do-monte-desenvolveronse-con-normalidade-baixo-un-gran-dispositivo-de-emerxencias","status":"publish","type":"post","link":"https:\/\/www.aguarda.es\/en\/as-festas-do-monte-desenvolveronse-con-normalidade-baixo-un-gran-dispositivo-de-emerxencias\/","title":{"rendered":"As Festas do Monte desenvolv\u00e9ronse con normalidade baixo un gran dispositivo de emerxencias"},"content":{"rendered":"<p class=\"western\" align=\"left\"><span style=\"font-family: Arial, sans-serif; color: #000000;\"><span lang=\"gl-ES\">Coas Festas do Monte rematadas, \u00e9 o momento de facer balance dunha xornada tan intensa como a do domingo. O alcalde da Guarda, Roberto Carrero, quere \u201cagradecer a todos os que traballaron para ter unha festa segura para que A Guarda puidera desfrutar deste domingo do Monte\u201d.<\/span><\/span><\/p>\n<p class=\"western\" align=\"left\"><span style=\"font-family: Arial, sans-serif; color: #000000;\"><span lang=\"gl-ES\">Por iso, o alcalde quere agradece a todos os servizos prestados que formaron o dispositivo de emerxencias e seguridade. Por parte da Guardia Civil, estiveron parte do cuartel da Guardia Civil da Guarda, da comandancia da Guardia Civil de Tui, a unidade canina, a unidade Pegaso con vixilancia de drons e tam\u00e9n a Unidade de Seguridade Cidad\u00e1 da Comandancia (USECIC), sendo un total de 20 axentes.<\/span><\/span><\/p>\n<p class=\"western\" align=\"left\"><span style=\"font-family: Arial, sans-serif; color: #000000;\"><span lang=\"gl-ES\">Ademais, formaron parte do dispositivo 10 polic\u00edas locais da Guarda e 4 da de Tomi\u00f1o, as\u00ed como catro voluntarios de Protecci\u00f3n Civil, axentes da Guarda Nacional Republicana de Portugal (GNR) e o Grupo de Emerxencias Supramunicipais (GES) da Guarda. Durante todo o d\u00eda, os servizos m\u00e9dicos estiveron alerta ante calquera emerxencia con ambulancias do propio SERGAS e 3 ambulancias contratadas polo Concello como reforzo. <\/span><\/span><\/p>\n<p class=\"western\" align=\"left\"><span style=\"font-family: Arial, sans-serif; color: #000000;\"><span lang=\"gl-ES\">O Punto de Mando Avanzado (PMA) situouse no campo de f\u00fatbol de Chans vello, que a Comunidade de Montes de Camposancos cedeu para este importante labor; polo tanto, agradecer a s\u00faa colaboraci\u00f3n e a do distrito forestal de Oia. <\/span><\/span><\/p>\n<p class=\"western\" align=\"left\"><span style=\"font-family: Arial, sans-serif; color: #000000;\"><span lang=\"gl-ES\">O alcalde da Guarda, Roberto Carrero, actuou como responsable de emerxencias desde as 8:00h ata as 22:00h, nunha longa xornada que se viviu con normalidade e tranquilidade, ag\u00e1s alg\u00fan caso illado. Ademais, tam\u00e9n estivo presente o concelleiro de Persoal e Servizo Cidad\u00e1, Isidro Lomba, para reforzar o dispositivo.<\/span><\/span><\/p>\n<p class=\"western\" align=\"left\"><span style=\"font-family: Arial, sans-serif; color: #000000;\"><span lang=\"gl-ES\">Por outra banda, os operarios municipais traballaron durante toda a semana centr\u00e1ndose na limpeza das r\u00faas e zonas de festa.<\/span><\/span><\/p>\n<p class=\"western\" align=\"left\"><span style=\"color: #000000;\">\u201c<span style=\"font-family: Arial, sans-serif;\"><span lang=\"gl-ES\">Quero agradecer a toda a cidadan\u00eda polo seu civismo para vivir estas festas e, en especial, as bandas mari\u00f1eiras que colaboran sempre neste sentido\u201d, declara o alcalde. \u201cGrazas \u00e1 aportaci\u00f3n de todos e todas, o domingo do monte desfrutouse con normalidade e nas que destacou a harmon\u00eda e o son dos bombos e caixas\u201d.<\/span><\/span><\/span><\/p>\n","protected":false},"excerpt":{"rendered":"<p>Coas Festas do Monte rematadas, \u00e9 o momento de facer balance dunha xornada tan intensa como a do domingo. O alcalde da Guarda, Roberto Carrero, quere \u201cagradecer a todos os que traballaron para ter unha festa segura para que A &hellip; <\/p>\n","protected":false},"author":2,"featured_media":33042,"comment_status":"closed","ping_status":"closed","sticky":false,"template":"","format":"standard","meta":[],"categories":[44,363],"tags":[],"yoast_head":"<!-- This site is optimized with the Yoast SEO plugin v21.1 - https:\/\/yoast.com\/wordpress\/plugins\/seo\/ -->\n<title>As Festas do Monte desenvolv\u00e9ronse con normalidade baixo un gran dispositivo de emerxencias - Concello da Guarda<\/title>\n<meta name=\"description\" content=\"Coas Festas do Monte rematadas, \u00e9 o momento de facer balance dunha xornada tan intensa como a do domingo. O alcalde da Guarda, Roberto\" \/>\n<meta name=\"robots\" content=\"index, follow, max-snippet:-1, max-image-preview:large, max-video-preview:-1\" \/>\n<link rel=\"canonical\" href=\"https:\/\/www.aguarda.es\/en\/as-festas-do-monte-desenvolveronse-con-normalidade-baixo-un-gran-dispositivo-de-emerxencias\/\" \/>\n<meta property=\"og:locale\" content=\"en_US\" \/>\n<meta property=\"og:type\" content=\"article\" \/>\n<meta property=\"og:title\" content=\"As Festas do Monte desenvolv\u00e9ronse con normalidade baixo un gran dispositivo de emerxencias - Concello da Guarda\" \/>\n<meta property=\"og:description\" content=\"Coas Festas do Monte rematadas, \u00e9 o momento de facer balance dunha xornada tan intensa como a do domingo. O alcalde da Guarda, Roberto\" \/>\n<meta property=\"og:url\" content=\"https:\/\/www.aguarda.es\/en\/as-festas-do-monte-desenvolveronse-con-normalidade-baixo-un-gran-dispositivo-de-emerxencias\/\" \/>\n<meta property=\"og:site_name\" content=\"Concello da Guarda\" \/>\n<meta property=\"article:publisher\" content=\"https:\/\/www.facebook.com\/ConcellodaGuarda\" \/>\n<meta property=\"article:published_time\" content=\"2025-08-12T11:09:49+00:00\" \/>\n<meta property=\"og:image\" content=\"https:\/\/www.aguarda.es\/wp-content\/uploads\/2025\/08\/dispositivo-emerxencias-Domingo-do-Monte-2.jpeg?_t=1754996990\" \/>\n\t<meta property=\"og:image:width\" content=\"2048\" \/>\n\t<meta property=\"og:image:height\" content=\"1536\" \/>\n\t<meta property=\"og:image:type\" content=\"image\/jpeg\" \/>\n<meta name=\"author\" content=\"prensa\" \/>\n<meta name=\"twitter:card\" content=\"summary_large_image\" \/>\n<meta name=\"twitter:creator\" content=\"@AGuarda_es\" \/>\n<meta name=\"twitter:site\" content=\"@AGuarda_es\" \/>\n<meta name=\"twitter:label1\" content=\"Written by\" \/>\n\t<meta name=\"twitter:data1\" content=\"prensa\" \/>\n\t<meta name=\"twitter:label2\" content=\"Est. reading time\" \/>\n\t<meta name=\"twitter:data2\" content=\"2 minutes\" \/>\n<script type=\"application\/ld+json\" class=\"yoast-schema-graph\">{\"@context\":\"https:\/\/schema.org\",\"@graph\":[{\"@type\":\"WebPage\",\"@id\":\"https:\/\/www.aguarda.es\/en\/as-festas-do-monte-desenvolveronse-con-normalidade-baixo-un-gran-dispositivo-de-emerxencias\/\",\"url\":\"https:\/\/www.aguarda.es\/en\/as-festas-do-monte-desenvolveronse-con-normalidade-baixo-un-gran-dispositivo-de-emerxencias\/\",\"name\":\"As Festas do Monte desenvolv\u00e9ronse con normalidade baixo un gran dispositivo de emerxencias - Concello da Guarda\",\"isPartOf\":{\"@id\":\"https:\/\/www.aguarda.es\/en\/#website\"},\"datePublished\":\"2025-08-12T11:09:49+00:00\",\"dateModified\":\"2025-08-12T11:09:49+00:00\",\"author\":{\"@id\":\"https:\/\/www.aguarda.es\/en\/#\/schema\/person\/c463ca3006858ffb349d11179d044f21\"},\"description\":\"Coas Festas do Monte rematadas, \u00e9 o momento de facer balance dunha xornada tan intensa como a do domingo. O alcalde da Guarda, Roberto\",\"breadcrumb\":{\"@id\":\"https:\/\/www.aguarda.es\/en\/as-festas-do-monte-desenvolveronse-con-normalidade-baixo-un-gran-dispositivo-de-emerxencias\/#breadcrumb\"},\"inLanguage\":\"en-US\",\"potentialAction\":[{\"@type\":\"ReadAction\",\"target\":[\"https:\/\/www.aguarda.es\/en\/as-festas-do-monte-desenvolveronse-con-normalidade-baixo-un-gran-dispositivo-de-emerxencias\/\"]}]},{\"@type\":\"BreadcrumbList\",\"@id\":\"https:\/\/www.aguarda.es\/en\/as-festas-do-monte-desenvolveronse-con-normalidade-baixo-un-gran-dispositivo-de-emerxencias\/#breadcrumb\",\"itemListElement\":[{\"@type\":\"ListItem\",\"position\":1,\"name\":\"Portada\",\"item\":\"https:\/\/www.aguarda.es\/en\/\"},{\"@type\":\"ListItem\",\"position\":2,\"name\":\"As Festas do Monte desenvolv\u00e9ronse con normalidade baixo un gran dispositivo de emerxencias\"}]},{\"@type\":\"WebSite\",\"@id\":\"https:\/\/www.aguarda.es\/en\/#website\",\"url\":\"https:\/\/www.aguarda.es\/en\/\",\"name\":\"Concello da Guarda\",\"description\":\"P\u00e1xina web do concello da Guarda\",\"potentialAction\":[{\"@type\":\"SearchAction\",\"target\":{\"@type\":\"EntryPoint\",\"urlTemplate\":\"https:\/\/www.aguarda.es\/en\/?s={search_term_string}\"},\"query-input\":\"required name=search_term_string\"}],\"inLanguage\":\"en-US\"},{\"@type\":\"Person\",\"@id\":\"https:\/\/www.aguarda.es\/en\/#\/schema\/person\/c463ca3006858ffb349d11179d044f21\",\"name\":\"prensa\",\"image\":{\"@type\":\"ImageObject\",\"inLanguage\":\"en-US\",\"@id\":\"https:\/\/www.aguarda.es\/en\/#\/schema\/person\/image\/\",\"url\":\"https:\/\/secure.gravatar.com\/avatar\/5f90ef536b0f98306edf5c7a1135ffa1?s=96&d=mm&r=g\",\"contentUrl\":\"https:\/\/secure.gravatar.com\/avatar\/5f90ef536b0f98306edf5c7a1135ffa1?s=96&d=mm&r=g\",\"caption\":\"prensa\"},\"url\":\"https:\/\/www.aguarda.es\/en\/author\/prensa\/\"}]}<\/script>\n<!-- \/ Yoast SEO plugin. -->","yoast_head_json":{"title":"As Festas do Monte desenvolv\u00e9ronse con normalidade baixo un gran dispositivo de emerxencias - Concello da Guarda","description":"Coas Festas do Monte rematadas, \u00e9 o momento de facer balance dunha xornada tan intensa como a do domingo. O alcalde da Guarda, Roberto","robots":{"index":"index","follow":"follow","max-snippet":"max-snippet:-1","max-image-preview":"max-image-preview:large","max-video-preview":"max-video-preview:-1"},"canonical":"https:\/\/www.aguarda.es\/en\/as-festas-do-monte-desenvolveronse-con-normalidade-baixo-un-gran-dispositivo-de-emerxencias\/","og_locale":"en_US","og_type":"article","og_title":"As Festas do Monte desenvolv\u00e9ronse con normalidade baixo un gran dispositivo de emerxencias - Concello da Guarda","og_description":"Coas Festas do Monte rematadas, \u00e9 o momento de facer balance dunha xornada tan intensa como a do domingo. O alcalde da Guarda, Roberto","og_url":"https:\/\/www.aguarda.es\/en\/as-festas-do-monte-desenvolveronse-con-normalidade-baixo-un-gran-dispositivo-de-emerxencias\/","og_site_name":"Concello da Guarda","article_publisher":"https:\/\/www.facebook.com\/ConcellodaGuarda","article_published_time":"2025-08-12T11:09:49+00:00","og_image":[{"width":2048,"height":1536,"url":"https:\/\/www.aguarda.es\/wp-content\/uploads\/2025\/08\/dispositivo-emerxencias-Domingo-do-Monte-2.jpeg?_t=1754996990","type":"image\/jpeg"}],"author":"prensa","twitter_card":"summary_large_image","twitter_creator":"@AGuarda_es","twitter_site":"@AGuarda_es","twitter_misc":{"Written by":"prensa","Est. reading time":"2 minutes"},"schema":{"@context":"https:\/\/schema.org","@graph":[{"@type":"WebPage","@id":"https:\/\/www.aguarda.es\/en\/as-festas-do-monte-desenvolveronse-con-normalidade-baixo-un-gran-dispositivo-de-emerxencias\/","url":"https:\/\/www.aguarda.es\/en\/as-festas-do-monte-desenvolveronse-con-normalidade-baixo-un-gran-dispositivo-de-emerxencias\/","name":"As Festas do Monte desenvolv\u00e9ronse con normalidade baixo un gran dispositivo de emerxencias - Concello da Guarda","isPartOf":{"@id":"https:\/\/www.aguarda.es\/en\/#website"},"datePublished":"2025-08-12T11:09:49+00:00","dateModified":"2025-08-12T11:09:49+00:00","author":{"@id":"https:\/\/www.aguarda.es\/en\/#\/schema\/person\/c463ca3006858ffb349d11179d044f21"},"description":"Coas Festas do Monte rematadas, \u00e9 o momento de facer balance dunha xornada tan intensa como a do domingo. O alcalde da Guarda, Roberto","breadcrumb":{"@id":"https:\/\/www.aguarda.es\/en\/as-festas-do-monte-desenvolveronse-con-normalidade-baixo-un-gran-dispositivo-de-emerxencias\/#breadcrumb"},"inLanguage":"en-US","potentialAction":[{"@type":"ReadAction","target":["https:\/\/www.aguarda.es\/en\/as-festas-do-monte-desenvolveronse-con-normalidade-baixo-un-gran-dispositivo-de-emerxencias\/"]}]},{"@type":"BreadcrumbList","@id":"https:\/\/www.aguarda.es\/en\/as-festas-do-monte-desenvolveronse-con-normalidade-baixo-un-gran-dispositivo-de-emerxencias\/#breadcrumb","itemListElement":[{"@type":"ListItem","position":1,"name":"Portada","item":"https:\/\/www.aguarda.es\/en\/"},{"@type":"ListItem","position":2,"name":"As Festas do Monte desenvolv\u00e9ronse con normalidade baixo un gran dispositivo de emerxencias"}]},{"@type":"WebSite","@id":"https:\/\/www.aguarda.es\/en\/#website","url":"https:\/\/www.aguarda.es\/en\/","name":"Concello da Guarda","description":"P\u00e1xina web do concello da Guarda","potentialAction":[{"@type":"SearchAction","target":{"@type":"EntryPoint","urlTemplate":"https:\/\/www.aguarda.es\/en\/?s={search_term_string}"},"query-input":"required name=search_term_string"}],"inLanguage":"en-US"},{"@type":"Person","@id":"https:\/\/www.aguarda.es\/en\/#\/schema\/person\/c463ca3006858ffb349d11179d044f21","name":"prensa","image":{"@type":"ImageObject","inLanguage":"en-US","@id":"https:\/\/www.aguarda.es\/en\/#\/schema\/person\/image\/","url":"https:\/\/secure.gravatar.com\/avatar\/5f90ef536b0f98306edf5c7a1135ffa1?s=96&d=mm&r=g","contentUrl":"https:\/\/secure.gravatar.com\/avatar\/5f90ef536b0f98306edf5c7a1135ffa1?s=96&d=mm&r=g","caption":"prensa"},"url":"https:\/\/www.aguarda.es\/en\/author\/prensa\/"}]}},"_links":{"self":[{"href":"https:\/\/www.aguarda.es\/en\/wp-json\/wp\/v2\/posts\/33041"}],"collection":[{"href":"https:\/\/www.aguarda.es\/en\/wp-json\/wp\/v2\/posts"}],"about":[{"href":"https:\/\/www.aguarda.es\/en\/wp-json\/wp\/v2\/types\/post"}],"author":[{"embeddable":true,"href":"https:\/\/www.aguarda.es\/en\/wp-json\/wp\/v2\/users\/2"}],"replies":[{"embeddable":true,"href":"https:\/\/www.aguarda.es\/en\/wp-json\/wp\/v2\/comments?post=33041"}],"version-history":[{"count":1,"href":"https:\/\/www.aguarda.es\/en\/wp-json\/wp\/v2\/posts\/33041\/revisions"}],"predecessor-version":[{"id":33044,"href":"https:\/\/www.aguarda.es\/en\/wp-json\/wp\/v2\/posts\/33041\/revisions\/33044"}],"wp:featuredmedia":[{"embeddable":true,"href":"https:\/\/www.aguarda.es\/en\/wp-json\/wp\/v2\/media\/33042"}],"wp:attachment":[{"href":"https:\/\/www.aguarda.es\/en\/wp-json\/wp\/v2\/media?parent=33041"}],"wp:term":[{"taxonomy":"category","embeddable":true,"href":"https:\/\/www.aguarda.es\/en\/wp-json\/wp\/v2\/categories?post=33041"},{"taxonomy":"post_tag","embeddable":true,"href":"https:\/\/www.aguarda.es\/en\/wp-json\/wp\/v2\/tags?post=33041"}],"curies":[{"name":"wp","href":"https:\/\/api.w.org\/{rel}","templated":true}]}}