{"id":33059,"date":"2025-08-18T10:05:50","date_gmt":"2025-08-18T10:05:50","guid":{"rendered":"https:\/\/www.aguarda.es\/?p=33059"},"modified":"2026-03-25T08:27:29","modified_gmt":"2026-03-25T08:27:29","slug":"roi-casal-actuara-na-guarda-traendo-tradicion-e-contemporaneidade-coa-sua-arpa","status":"publish","type":"post","link":"https:\/\/www.aguarda.es\/en\/roi-casal-actuara-na-guarda-traendo-tradicion-e-contemporaneidade-coa-sua-arpa\/","title":{"rendered":"Roi Casal actuar\u00e1 na Guarda traendo tradici\u00f3n e contemporaneidade coa s\u00faa arpa"},"content":{"rendered":"<p class=\"western\" align=\"left\"><span style=\"font-family: Arial, sans-serif; color: #000000;\"><span lang=\"gl-ES\">O <strong>artista galego Roi Casal<\/strong> visitar\u00e1 A Guarda para ofrecer un concerto neste mes de agosto. <\/span><\/span><\/p>\n<p class=\"western\" align=\"left\"><span style=\"font-family: Arial, sans-serif; color: #000000;\"><span lang=\"gl-ES\">Roi Casal formou parte do grupo galego Milladoiro como arpista dende 2000 at\u00e9 2009. Xa por solitario cos seus traballos c\u00e9ntrase na m\u00fasica tradicional dende unha perspectiva pop. Son destac\u00e1beis as letras de Rosal\u00eda de Castro e de Manuel Mar\u00eda e do propio artista en varias canci\u00f3ns.<\/span><\/span><\/p>\n<p class=\"western\" align=\"left\"><span style=\"font-family: Arial, sans-serif; color: #000000;\"><span lang=\"gl-ES\">Ademais tam\u00e9n ten interpretaci\u00f3ns en colaboraci\u00f3n con Xos\u00e9 Neira Vilas. Roi Casal fai unha interpretaci\u00f3n da m\u00fasica galega dende unha visi\u00f3n contempor\u00e1neos. A s\u00faa actuaci\u00f3n na Guarda ser\u00e1 o pr\u00f3ximo <strong>venres 22 \u00e1s 22:30h na Alameda<\/strong> da Guarda. <\/span><\/span><\/p>\n<p class=\"western\" align=\"left\"><span style=\"font-family: Arial, sans-serif; color: #000000;\"><span lang=\"gl-ES\">Esta actuaci\u00f3n, est\u00e1 financiada con cargo aos programas + M\u00fasica e + Provincia da Deputaci\u00f3n de Pontevedra.<\/span><\/span><\/p>\n<p align=\"left\">\n","protected":false},"excerpt":{"rendered":"<p>O artista galego Roi Casal visitar\u00e1 A Guarda para ofrecer un concerto neste mes de agosto. Roi Casal formou parte do grupo galego Milladoiro como arpista dende 2000 at\u00e9 2009. Xa por solitario cos seus traballos c\u00e9ntrase na m\u00fasica tradicional &hellip; <\/p>\n","protected":false},"author":2,"featured_media":33060,"comment_status":"closed","ping_status":"closed","sticky":false,"template":"","format":"standard","meta":[],"categories":[34,363],"tags":[],"yoast_head":"<!-- This site is optimized with the Yoast SEO plugin v21.1 - https:\/\/yoast.com\/wordpress\/plugins\/seo\/ -->\n<title>Roi Casal actuar\u00e1 na Guarda traendo tradici\u00f3n e contemporaneidade coa s\u00faa arpa - Concello da Guarda<\/title>\n<meta name=\"description\" content=\"O artista galego Roi Casal visitar\u00e1 A Guarda para ofrecer un concerto neste mes de agosto.Roi Casal formou parte do grupo galego Milladoiro\" \/>\n<meta name=\"robots\" content=\"index, follow, max-snippet:-1, max-image-preview:large, max-video-preview:-1\" \/>\n<link rel=\"canonical\" href=\"https:\/\/www.aguarda.es\/en\/roi-casal-actuara-na-guarda-traendo-tradicion-e-contemporaneidade-coa-sua-arpa\/\" \/>\n<meta property=\"og:locale\" content=\"en_US\" \/>\n<meta property=\"og:type\" content=\"article\" \/>\n<meta property=\"og:title\" content=\"Roi Casal actuar\u00e1 na Guarda traendo tradici\u00f3n e contemporaneidade coa s\u00faa arpa - Concello da Guarda\" \/>\n<meta property=\"og:description\" content=\"O artista galego Roi Casal visitar\u00e1 A Guarda para ofrecer un concerto neste mes de agosto.Roi Casal formou parte do grupo galego Milladoiro\" \/>\n<meta property=\"og:url\" content=\"https:\/\/www.aguarda.es\/en\/roi-casal-actuara-na-guarda-traendo-tradicion-e-contemporaneidade-coa-sua-arpa\/\" \/>\n<meta property=\"og:site_name\" content=\"Concello da Guarda\" \/>\n<meta property=\"article:publisher\" content=\"https:\/\/www.facebook.com\/ConcellodaGuarda\" \/>\n<meta property=\"article:published_time\" content=\"2025-08-18T10:05:50+00:00\" \/>\n<meta property=\"article:modified_time\" content=\"2026-03-25T08:27:29+00:00\" \/>\n<meta property=\"og:image\" content=\"https:\/\/www.aguarda.es\/wp-content\/uploads\/2025\/08\/rOI-cASAL-rEDES-1.jpg?_t=1774427250\" \/>\n\t<meta property=\"og:image:width\" content=\"1080\" \/>\n\t<meta property=\"og:image:height\" content=\"1350\" \/>\n\t<meta property=\"og:image:type\" content=\"image\/jpeg\" \/>\n<meta name=\"author\" content=\"prensa\" \/>\n<meta name=\"twitter:card\" content=\"summary_large_image\" \/>\n<meta name=\"twitter:creator\" content=\"@AGuarda_es\" \/>\n<meta name=\"twitter:site\" content=\"@AGuarda_es\" \/>\n<meta name=\"twitter:label1\" content=\"Written by\" \/>\n\t<meta name=\"twitter:data1\" content=\"prensa\" \/>\n\t<meta name=\"twitter:label2\" content=\"Est. reading time\" \/>\n\t<meta name=\"twitter:data2\" content=\"1 minute\" \/>\n<script type=\"application\/ld+json\" class=\"yoast-schema-graph\">{\"@context\":\"https:\/\/schema.org\",\"@graph\":[{\"@type\":\"WebPage\",\"@id\":\"https:\/\/www.aguarda.es\/en\/roi-casal-actuara-na-guarda-traendo-tradicion-e-contemporaneidade-coa-sua-arpa\/\",\"url\":\"https:\/\/www.aguarda.es\/en\/roi-casal-actuara-na-guarda-traendo-tradicion-e-contemporaneidade-coa-sua-arpa\/\",\"name\":\"Roi Casal actuar\u00e1 na Guarda traendo tradici\u00f3n e contemporaneidade coa s\u00faa arpa - Concello da Guarda\",\"isPartOf\":{\"@id\":\"https:\/\/www.aguarda.es\/en\/#website\"},\"datePublished\":\"2025-08-18T10:05:50+00:00\",\"dateModified\":\"2026-03-25T08:27:29+00:00\",\"author\":{\"@id\":\"https:\/\/www.aguarda.es\/en\/#\/schema\/person\/c463ca3006858ffb349d11179d044f21\"},\"description\":\"O artista galego Roi Casal visitar\u00e1 A Guarda para ofrecer un concerto neste mes de agosto.Roi Casal formou parte do grupo galego Milladoiro\",\"breadcrumb\":{\"@id\":\"https:\/\/www.aguarda.es\/en\/roi-casal-actuara-na-guarda-traendo-tradicion-e-contemporaneidade-coa-sua-arpa\/#breadcrumb\"},\"inLanguage\":\"en-US\",\"potentialAction\":[{\"@type\":\"ReadAction\",\"target\":[\"https:\/\/www.aguarda.es\/en\/roi-casal-actuara-na-guarda-traendo-tradicion-e-contemporaneidade-coa-sua-arpa\/\"]}]},{\"@type\":\"BreadcrumbList\",\"@id\":\"https:\/\/www.aguarda.es\/en\/roi-casal-actuara-na-guarda-traendo-tradicion-e-contemporaneidade-coa-sua-arpa\/#breadcrumb\",\"itemListElement\":[{\"@type\":\"ListItem\",\"position\":1,\"name\":\"Portada\",\"item\":\"https:\/\/www.aguarda.es\/en\/\"},{\"@type\":\"ListItem\",\"position\":2,\"name\":\"Roi Casal actuar\u00e1 na Guarda traendo tradici\u00f3n e contemporaneidade coa s\u00faa arpa\"}]},{\"@type\":\"WebSite\",\"@id\":\"https:\/\/www.aguarda.es\/en\/#website\",\"url\":\"https:\/\/www.aguarda.es\/en\/\",\"name\":\"Concello da Guarda\",\"description\":\"P\u00e1xina web do concello da Guarda\",\"potentialAction\":[{\"@type\":\"SearchAction\",\"target\":{\"@type\":\"EntryPoint\",\"urlTemplate\":\"https:\/\/www.aguarda.es\/en\/?s={search_term_string}\"},\"query-input\":\"required name=search_term_string\"}],\"inLanguage\":\"en-US\"},{\"@type\":\"Person\",\"@id\":\"https:\/\/www.aguarda.es\/en\/#\/schema\/person\/c463ca3006858ffb349d11179d044f21\",\"name\":\"prensa\",\"image\":{\"@type\":\"ImageObject\",\"inLanguage\":\"en-US\",\"@id\":\"https:\/\/www.aguarda.es\/en\/#\/schema\/person\/image\/\",\"url\":\"https:\/\/secure.gravatar.com\/avatar\/5f90ef536b0f98306edf5c7a1135ffa1?s=96&d=mm&r=g\",\"contentUrl\":\"https:\/\/secure.gravatar.com\/avatar\/5f90ef536b0f98306edf5c7a1135ffa1?s=96&d=mm&r=g\",\"caption\":\"prensa\"},\"url\":\"https:\/\/www.aguarda.es\/en\/author\/prensa\/\"}]}<\/script>\n<!-- \/ Yoast SEO plugin. -->","yoast_head_json":{"title":"Roi Casal actuar\u00e1 na Guarda traendo tradici\u00f3n e contemporaneidade coa s\u00faa arpa - Concello da Guarda","description":"O artista galego Roi Casal visitar\u00e1 A Guarda para ofrecer un concerto neste mes de agosto.Roi Casal formou parte do grupo galego Milladoiro","robots":{"index":"index","follow":"follow","max-snippet":"max-snippet:-1","max-image-preview":"max-image-preview:large","max-video-preview":"max-video-preview:-1"},"canonical":"https:\/\/www.aguarda.es\/en\/roi-casal-actuara-na-guarda-traendo-tradicion-e-contemporaneidade-coa-sua-arpa\/","og_locale":"en_US","og_type":"article","og_title":"Roi Casal actuar\u00e1 na Guarda traendo tradici\u00f3n e contemporaneidade coa s\u00faa arpa - Concello da Guarda","og_description":"O artista galego Roi Casal visitar\u00e1 A Guarda para ofrecer un concerto neste mes de agosto.Roi Casal formou parte do grupo galego Milladoiro","og_url":"https:\/\/www.aguarda.es\/en\/roi-casal-actuara-na-guarda-traendo-tradicion-e-contemporaneidade-coa-sua-arpa\/","og_site_name":"Concello da Guarda","article_publisher":"https:\/\/www.facebook.com\/ConcellodaGuarda","article_published_time":"2025-08-18T10:05:50+00:00","article_modified_time":"2026-03-25T08:27:29+00:00","og_image":[{"width":1080,"height":1350,"url":"https:\/\/www.aguarda.es\/wp-content\/uploads\/2025\/08\/rOI-cASAL-rEDES-1.jpg?_t=1774427250","type":"image\/jpeg"}],"author":"prensa","twitter_card":"summary_large_image","twitter_creator":"@AGuarda_es","twitter_site":"@AGuarda_es","twitter_misc":{"Written by":"prensa","Est. reading time":"1 minute"},"schema":{"@context":"https:\/\/schema.org","@graph":[{"@type":"WebPage","@id":"https:\/\/www.aguarda.es\/en\/roi-casal-actuara-na-guarda-traendo-tradicion-e-contemporaneidade-coa-sua-arpa\/","url":"https:\/\/www.aguarda.es\/en\/roi-casal-actuara-na-guarda-traendo-tradicion-e-contemporaneidade-coa-sua-arpa\/","name":"Roi Casal actuar\u00e1 na Guarda traendo tradici\u00f3n e contemporaneidade coa s\u00faa arpa - Concello da Guarda","isPartOf":{"@id":"https:\/\/www.aguarda.es\/en\/#website"},"datePublished":"2025-08-18T10:05:50+00:00","dateModified":"2026-03-25T08:27:29+00:00","author":{"@id":"https:\/\/www.aguarda.es\/en\/#\/schema\/person\/c463ca3006858ffb349d11179d044f21"},"description":"O artista galego Roi Casal visitar\u00e1 A Guarda para ofrecer un concerto neste mes de agosto.Roi Casal formou parte do grupo galego Milladoiro","breadcrumb":{"@id":"https:\/\/www.aguarda.es\/en\/roi-casal-actuara-na-guarda-traendo-tradicion-e-contemporaneidade-coa-sua-arpa\/#breadcrumb"},"inLanguage":"en-US","potentialAction":[{"@type":"ReadAction","target":["https:\/\/www.aguarda.es\/en\/roi-casal-actuara-na-guarda-traendo-tradicion-e-contemporaneidade-coa-sua-arpa\/"]}]},{"@type":"BreadcrumbList","@id":"https:\/\/www.aguarda.es\/en\/roi-casal-actuara-na-guarda-traendo-tradicion-e-contemporaneidade-coa-sua-arpa\/#breadcrumb","itemListElement":[{"@type":"ListItem","position":1,"name":"Portada","item":"https:\/\/www.aguarda.es\/en\/"},{"@type":"ListItem","position":2,"name":"Roi Casal actuar\u00e1 na Guarda traendo tradici\u00f3n e contemporaneidade coa s\u00faa arpa"}]},{"@type":"WebSite","@id":"https:\/\/www.aguarda.es\/en\/#website","url":"https:\/\/www.aguarda.es\/en\/","name":"Concello da Guarda","description":"P\u00e1xina web do concello da Guarda","potentialAction":[{"@type":"SearchAction","target":{"@type":"EntryPoint","urlTemplate":"https:\/\/www.aguarda.es\/en\/?s={search_term_string}"},"query-input":"required name=search_term_string"}],"inLanguage":"en-US"},{"@type":"Person","@id":"https:\/\/www.aguarda.es\/en\/#\/schema\/person\/c463ca3006858ffb349d11179d044f21","name":"prensa","image":{"@type":"ImageObject","inLanguage":"en-US","@id":"https:\/\/www.aguarda.es\/en\/#\/schema\/person\/image\/","url":"https:\/\/secure.gravatar.com\/avatar\/5f90ef536b0f98306edf5c7a1135ffa1?s=96&d=mm&r=g","contentUrl":"https:\/\/secure.gravatar.com\/avatar\/5f90ef536b0f98306edf5c7a1135ffa1?s=96&d=mm&r=g","caption":"prensa"},"url":"https:\/\/www.aguarda.es\/en\/author\/prensa\/"}]}},"_links":{"self":[{"href":"https:\/\/www.aguarda.es\/en\/wp-json\/wp\/v2\/posts\/33059"}],"collection":[{"href":"https:\/\/www.aguarda.es\/en\/wp-json\/wp\/v2\/posts"}],"about":[{"href":"https:\/\/www.aguarda.es\/en\/wp-json\/wp\/v2\/types\/post"}],"author":[{"embeddable":true,"href":"https:\/\/www.aguarda.es\/en\/wp-json\/wp\/v2\/users\/2"}],"replies":[{"embeddable":true,"href":"https:\/\/www.aguarda.es\/en\/wp-json\/wp\/v2\/comments?post=33059"}],"version-history":[{"count":2,"href":"https:\/\/www.aguarda.es\/en\/wp-json\/wp\/v2\/posts\/33059\/revisions"}],"predecessor-version":[{"id":34644,"href":"https:\/\/www.aguarda.es\/en\/wp-json\/wp\/v2\/posts\/33059\/revisions\/34644"}],"wp:featuredmedia":[{"embeddable":true,"href":"https:\/\/www.aguarda.es\/en\/wp-json\/wp\/v2\/media\/33060"}],"wp:attachment":[{"href":"https:\/\/www.aguarda.es\/en\/wp-json\/wp\/v2\/media?parent=33059"}],"wp:term":[{"taxonomy":"category","embeddable":true,"href":"https:\/\/www.aguarda.es\/en\/wp-json\/wp\/v2\/categories?post=33059"},{"taxonomy":"post_tag","embeddable":true,"href":"https:\/\/www.aguarda.es\/en\/wp-json\/wp\/v2\/tags?post=33059"}],"curies":[{"name":"wp","href":"https:\/\/api.w.org\/{rel}","templated":true}]}}