{"id":33133,"date":"2025-08-26T11:15:26","date_gmt":"2025-08-26T11:15:26","guid":{"rendered":"https:\/\/www.aguarda.es\/?p=33133"},"modified":"2025-08-26T11:15:26","modified_gmt":"2025-08-26T11:15:26","slug":"o-tocamusica-remata-co-concerto-de-wondercovers-para-poner-fin-a-este-mes-de-agosto","status":"publish","type":"post","link":"https:\/\/www.aguarda.es\/en\/o-tocamusica-remata-co-concerto-de-wondercovers-para-poner-fin-a-este-mes-de-agosto\/","title":{"rendered":"O TocaM\u00fasica remata co concerto de Wondercovers para po\u00f1er fin a este mes de agosto"},"content":{"rendered":"<p class=\"western\" align=\"left\"><span style=\"color: #000000;\"><span style=\"font-family: Arial, sans-serif;\"><span lang=\"gl-ES\">Chegamos ao final d<\/span><\/span><span style=\"font-family: Arial, sans-serif;\"><span style=\"font-size: medium;\"><span lang=\"gl-ES\">o programa TocaM\u00fasica, <\/span><\/span><\/span><span style=\"font-family: Arial, sans-serif;\"><span style=\"font-size: medium;\"><span lang=\"gl-ES\">co \u00faltimo concerto para este domingo 31 de agosto<\/span><\/span><\/span><span style=\"font-family: Arial, sans-serif;\"><span style=\"font-size: medium;\"><span lang=\"gl-ES\">. <\/span><\/span><\/span><span style=\"font-family: Arial, sans-serif;\"><span style=\"font-size: medium;\"><span lang=\"gl-ES\">O programa TocaM\u00fasica pretende ser unha cita que marcar na axenda, <\/span><\/span><\/span><span style=\"font-family: Arial, sans-serif;\"><span style=\"font-size: medium;\"><span lang=\"gl-ES\">levando a m\u00fasica a diferentes recunchos da nosa vila.<\/span><\/span><\/span><\/span><\/p>\n<p class=\"western\" align=\"left\"><span style=\"font-family: Arial, sans-serif; color: #000000;\"><span style=\"font-size: medium;\">Ve\u00f1en os WONDERCOVERS, un power tr\u00edo vigu\u00e9s que ofrece o p\u00fablico un concerto din\u00e1mico, entretido, e tan cheo de cl\u00e1sicos, que se far\u00e1 moi curto&#8230;. Pink Floyd, Led Zeppelin, Lynyrd Skynyrd, Jimi Hendrix, The Beatles, The Black Crowes, The Rolling Stones, The Doors, ZZ Top, Los Rodr\u00edguez&#8230;E moitos m\u00e1is!<\/span><\/span><\/p>\n<p class=\"western\" lang=\"gl-ES\" align=\"left\"><span style=\"font-family: Arial, sans-serif; color: #000000;\"><span style=\"font-size: medium;\">O seu concerto traer\u00e1 bo ambiente no mediod\u00eda do domingo, \u00e1s 12:30 horas, no parque de Chan de Conde, fronte a igrexa de San Benito. Deste xeito, finaliza o programa que leva po\u00f1endo m\u00fasica nas r\u00faas desde o mes de maio con Mambas Negras, a estrea do grupo local \u00cdnsua Band en xu\u00f1o e o concerto de Litus, Novoa e Pirata en xullo. <\/span><\/span><\/p>\n<p class=\"western\" align=\"left\"><span style=\"color: #000000;\">\u201c<span style=\"font-family: Arial, sans-serif;\"><span style=\"font-size: medium;\"><span lang=\"gl-ES\">TocaM\u00fasica \u00e9 un programa que nos permite levar a m\u00fasica a diferentes recunchos e r\u00faas da vila\u201d declara o alcalde, Roberto Carrero, \u201co que sempre d\u00e1 ledicia e bo ambiente \u00e1s nosas r\u00faas e veci\u00f1anza\u201d.<\/span><\/span><\/span><\/span><\/p>\n<p class=\"western\" align=\"left\"><span style=\"color: #000000;\"><span style=\"font-family: Arial, sans-serif;\"><span style=\"font-size: medium;\"><span lang=\"gl-ES\">Este programa conta co apoio do plan +Provincia <\/span><\/span><\/span><span style=\"font-family: Arial, sans-serif;\"><span style=\"font-size: medium;\"><span lang=\"gl-ES\">da Deputaci\u00f3n de Pontevedra.<\/span><\/span><\/span><\/span><\/p>\n","protected":false},"excerpt":{"rendered":"<p>Chegamos ao final do programa TocaM\u00fasica, co \u00faltimo concerto para este domingo 31 de agosto. O programa TocaM\u00fasica pretende ser unha cita que marcar na axenda, levando a m\u00fasica a diferentes recunchos da nosa vila. Ve\u00f1en os WONDERCOVERS, un power &hellip; <\/p>\n","protected":false},"author":2,"featured_media":33134,"comment_status":"closed","ping_status":"closed","sticky":false,"template":"","format":"standard","meta":[],"categories":[34,48,363],"tags":[],"yoast_head":"<!-- This site is optimized with the Yoast SEO plugin v21.1 - https:\/\/yoast.com\/wordpress\/plugins\/seo\/ -->\n<title>O TocaM\u00fasica remata co concerto de Wondercovers para po\u00f1er fin a este mes de agosto - Concello da Guarda<\/title>\n<meta name=\"description\" content=\"Chegamos ao final do programa TocaM\u00fasica, co \u00faltimo concerto para este domingo 31 de agosto. O programa TocaM\u00fasica pretende ser unha cita que\" \/>\n<meta name=\"robots\" content=\"index, follow, max-snippet:-1, max-image-preview:large, max-video-preview:-1\" \/>\n<link rel=\"canonical\" href=\"https:\/\/www.aguarda.es\/en\/o-tocamusica-remata-co-concerto-de-wondercovers-para-poner-fin-a-este-mes-de-agosto\/\" \/>\n<meta property=\"og:locale\" content=\"en_US\" \/>\n<meta property=\"og:type\" content=\"article\" \/>\n<meta property=\"og:title\" content=\"O TocaM\u00fasica remata co concerto de Wondercovers para po\u00f1er fin a este mes de agosto - Concello da Guarda\" \/>\n<meta property=\"og:description\" content=\"Chegamos ao final do programa TocaM\u00fasica, co \u00faltimo concerto para este domingo 31 de agosto. O programa TocaM\u00fasica pretende ser unha cita que\" \/>\n<meta property=\"og:url\" content=\"https:\/\/www.aguarda.es\/en\/o-tocamusica-remata-co-concerto-de-wondercovers-para-poner-fin-a-este-mes-de-agosto\/\" \/>\n<meta property=\"og:site_name\" content=\"Concello da Guarda\" \/>\n<meta property=\"article:publisher\" content=\"https:\/\/www.facebook.com\/ConcellodaGuarda\" \/>\n<meta property=\"article:published_time\" content=\"2025-08-26T11:15:26+00:00\" \/>\n<meta property=\"og:image\" content=\"https:\/\/www.aguarda.es\/wp-content\/uploads\/2025\/08\/tn_TOCAMUSICA_2025_wonder_covers_POST.jpg?_t=1756206927\" \/>\n\t<meta property=\"og:image:width\" content=\"400\" \/>\n\t<meta property=\"og:image:height\" content=\"500\" \/>\n\t<meta property=\"og:image:type\" content=\"image\/jpeg\" \/>\n<meta name=\"author\" content=\"prensa\" \/>\n<meta name=\"twitter:card\" content=\"summary_large_image\" \/>\n<meta name=\"twitter:creator\" content=\"@AGuarda_es\" \/>\n<meta name=\"twitter:site\" content=\"@AGuarda_es\" \/>\n<meta name=\"twitter:label1\" content=\"Written by\" \/>\n\t<meta name=\"twitter:data1\" content=\"prensa\" \/>\n\t<meta name=\"twitter:label2\" content=\"Est. reading time\" \/>\n\t<meta name=\"twitter:data2\" content=\"2 minutes\" \/>\n<script type=\"application\/ld+json\" class=\"yoast-schema-graph\">{\"@context\":\"https:\/\/schema.org\",\"@graph\":[{\"@type\":\"WebPage\",\"@id\":\"https:\/\/www.aguarda.es\/en\/o-tocamusica-remata-co-concerto-de-wondercovers-para-poner-fin-a-este-mes-de-agosto\/\",\"url\":\"https:\/\/www.aguarda.es\/en\/o-tocamusica-remata-co-concerto-de-wondercovers-para-poner-fin-a-este-mes-de-agosto\/\",\"name\":\"O TocaM\u00fasica remata co concerto de Wondercovers para po\u00f1er fin a este mes de agosto - Concello da Guarda\",\"isPartOf\":{\"@id\":\"https:\/\/www.aguarda.es\/en\/#website\"},\"datePublished\":\"2025-08-26T11:15:26+00:00\",\"dateModified\":\"2025-08-26T11:15:26+00:00\",\"author\":{\"@id\":\"https:\/\/www.aguarda.es\/en\/#\/schema\/person\/c463ca3006858ffb349d11179d044f21\"},\"description\":\"Chegamos ao final do programa TocaM\u00fasica, co \u00faltimo concerto para este domingo 31 de agosto. O programa TocaM\u00fasica pretende ser unha cita que\",\"breadcrumb\":{\"@id\":\"https:\/\/www.aguarda.es\/en\/o-tocamusica-remata-co-concerto-de-wondercovers-para-poner-fin-a-este-mes-de-agosto\/#breadcrumb\"},\"inLanguage\":\"en-US\",\"potentialAction\":[{\"@type\":\"ReadAction\",\"target\":[\"https:\/\/www.aguarda.es\/en\/o-tocamusica-remata-co-concerto-de-wondercovers-para-poner-fin-a-este-mes-de-agosto\/\"]}]},{\"@type\":\"BreadcrumbList\",\"@id\":\"https:\/\/www.aguarda.es\/en\/o-tocamusica-remata-co-concerto-de-wondercovers-para-poner-fin-a-este-mes-de-agosto\/#breadcrumb\",\"itemListElement\":[{\"@type\":\"ListItem\",\"position\":1,\"name\":\"Portada\",\"item\":\"https:\/\/www.aguarda.es\/en\/\"},{\"@type\":\"ListItem\",\"position\":2,\"name\":\"O TocaM\u00fasica remata co concerto de Wondercovers para po\u00f1er fin a este mes de agosto\"}]},{\"@type\":\"WebSite\",\"@id\":\"https:\/\/www.aguarda.es\/en\/#website\",\"url\":\"https:\/\/www.aguarda.es\/en\/\",\"name\":\"Concello da Guarda\",\"description\":\"P\u00e1xina web do concello da Guarda\",\"potentialAction\":[{\"@type\":\"SearchAction\",\"target\":{\"@type\":\"EntryPoint\",\"urlTemplate\":\"https:\/\/www.aguarda.es\/en\/?s={search_term_string}\"},\"query-input\":\"required name=search_term_string\"}],\"inLanguage\":\"en-US\"},{\"@type\":\"Person\",\"@id\":\"https:\/\/www.aguarda.es\/en\/#\/schema\/person\/c463ca3006858ffb349d11179d044f21\",\"name\":\"prensa\",\"image\":{\"@type\":\"ImageObject\",\"inLanguage\":\"en-US\",\"@id\":\"https:\/\/www.aguarda.es\/en\/#\/schema\/person\/image\/\",\"url\":\"https:\/\/secure.gravatar.com\/avatar\/5f90ef536b0f98306edf5c7a1135ffa1?s=96&d=mm&r=g\",\"contentUrl\":\"https:\/\/secure.gravatar.com\/avatar\/5f90ef536b0f98306edf5c7a1135ffa1?s=96&d=mm&r=g\",\"caption\":\"prensa\"},\"url\":\"https:\/\/www.aguarda.es\/en\/author\/prensa\/\"}]}<\/script>\n<!-- \/ Yoast SEO plugin. -->","yoast_head_json":{"title":"O TocaM\u00fasica remata co concerto de Wondercovers para po\u00f1er fin a este mes de agosto - Concello da Guarda","description":"Chegamos ao final do programa TocaM\u00fasica, co \u00faltimo concerto para este domingo 31 de agosto. O programa TocaM\u00fasica pretende ser unha cita que","robots":{"index":"index","follow":"follow","max-snippet":"max-snippet:-1","max-image-preview":"max-image-preview:large","max-video-preview":"max-video-preview:-1"},"canonical":"https:\/\/www.aguarda.es\/en\/o-tocamusica-remata-co-concerto-de-wondercovers-para-poner-fin-a-este-mes-de-agosto\/","og_locale":"en_US","og_type":"article","og_title":"O TocaM\u00fasica remata co concerto de Wondercovers para po\u00f1er fin a este mes de agosto - Concello da Guarda","og_description":"Chegamos ao final do programa TocaM\u00fasica, co \u00faltimo concerto para este domingo 31 de agosto. O programa TocaM\u00fasica pretende ser unha cita que","og_url":"https:\/\/www.aguarda.es\/en\/o-tocamusica-remata-co-concerto-de-wondercovers-para-poner-fin-a-este-mes-de-agosto\/","og_site_name":"Concello da Guarda","article_publisher":"https:\/\/www.facebook.com\/ConcellodaGuarda","article_published_time":"2025-08-26T11:15:26+00:00","og_image":[{"width":400,"height":500,"url":"https:\/\/www.aguarda.es\/wp-content\/uploads\/2025\/08\/tn_TOCAMUSICA_2025_wonder_covers_POST.jpg?_t=1756206927","type":"image\/jpeg"}],"author":"prensa","twitter_card":"summary_large_image","twitter_creator":"@AGuarda_es","twitter_site":"@AGuarda_es","twitter_misc":{"Written by":"prensa","Est. reading time":"2 minutes"},"schema":{"@context":"https:\/\/schema.org","@graph":[{"@type":"WebPage","@id":"https:\/\/www.aguarda.es\/en\/o-tocamusica-remata-co-concerto-de-wondercovers-para-poner-fin-a-este-mes-de-agosto\/","url":"https:\/\/www.aguarda.es\/en\/o-tocamusica-remata-co-concerto-de-wondercovers-para-poner-fin-a-este-mes-de-agosto\/","name":"O TocaM\u00fasica remata co concerto de Wondercovers para po\u00f1er fin a este mes de agosto - Concello da Guarda","isPartOf":{"@id":"https:\/\/www.aguarda.es\/en\/#website"},"datePublished":"2025-08-26T11:15:26+00:00","dateModified":"2025-08-26T11:15:26+00:00","author":{"@id":"https:\/\/www.aguarda.es\/en\/#\/schema\/person\/c463ca3006858ffb349d11179d044f21"},"description":"Chegamos ao final do programa TocaM\u00fasica, co \u00faltimo concerto para este domingo 31 de agosto. O programa TocaM\u00fasica pretende ser unha cita que","breadcrumb":{"@id":"https:\/\/www.aguarda.es\/en\/o-tocamusica-remata-co-concerto-de-wondercovers-para-poner-fin-a-este-mes-de-agosto\/#breadcrumb"},"inLanguage":"en-US","potentialAction":[{"@type":"ReadAction","target":["https:\/\/www.aguarda.es\/en\/o-tocamusica-remata-co-concerto-de-wondercovers-para-poner-fin-a-este-mes-de-agosto\/"]}]},{"@type":"BreadcrumbList","@id":"https:\/\/www.aguarda.es\/en\/o-tocamusica-remata-co-concerto-de-wondercovers-para-poner-fin-a-este-mes-de-agosto\/#breadcrumb","itemListElement":[{"@type":"ListItem","position":1,"name":"Portada","item":"https:\/\/www.aguarda.es\/en\/"},{"@type":"ListItem","position":2,"name":"O TocaM\u00fasica remata co concerto de Wondercovers para po\u00f1er fin a este mes de agosto"}]},{"@type":"WebSite","@id":"https:\/\/www.aguarda.es\/en\/#website","url":"https:\/\/www.aguarda.es\/en\/","name":"Concello da Guarda","description":"P\u00e1xina web do concello da Guarda","potentialAction":[{"@type":"SearchAction","target":{"@type":"EntryPoint","urlTemplate":"https:\/\/www.aguarda.es\/en\/?s={search_term_string}"},"query-input":"required name=search_term_string"}],"inLanguage":"en-US"},{"@type":"Person","@id":"https:\/\/www.aguarda.es\/en\/#\/schema\/person\/c463ca3006858ffb349d11179d044f21","name":"prensa","image":{"@type":"ImageObject","inLanguage":"en-US","@id":"https:\/\/www.aguarda.es\/en\/#\/schema\/person\/image\/","url":"https:\/\/secure.gravatar.com\/avatar\/5f90ef536b0f98306edf5c7a1135ffa1?s=96&d=mm&r=g","contentUrl":"https:\/\/secure.gravatar.com\/avatar\/5f90ef536b0f98306edf5c7a1135ffa1?s=96&d=mm&r=g","caption":"prensa"},"url":"https:\/\/www.aguarda.es\/en\/author\/prensa\/"}]}},"_links":{"self":[{"href":"https:\/\/www.aguarda.es\/en\/wp-json\/wp\/v2\/posts\/33133"}],"collection":[{"href":"https:\/\/www.aguarda.es\/en\/wp-json\/wp\/v2\/posts"}],"about":[{"href":"https:\/\/www.aguarda.es\/en\/wp-json\/wp\/v2\/types\/post"}],"author":[{"embeddable":true,"href":"https:\/\/www.aguarda.es\/en\/wp-json\/wp\/v2\/users\/2"}],"replies":[{"embeddable":true,"href":"https:\/\/www.aguarda.es\/en\/wp-json\/wp\/v2\/comments?post=33133"}],"version-history":[{"count":1,"href":"https:\/\/www.aguarda.es\/en\/wp-json\/wp\/v2\/posts\/33133\/revisions"}],"predecessor-version":[{"id":33136,"href":"https:\/\/www.aguarda.es\/en\/wp-json\/wp\/v2\/posts\/33133\/revisions\/33136"}],"wp:featuredmedia":[{"embeddable":true,"href":"https:\/\/www.aguarda.es\/en\/wp-json\/wp\/v2\/media\/33134"}],"wp:attachment":[{"href":"https:\/\/www.aguarda.es\/en\/wp-json\/wp\/v2\/media?parent=33133"}],"wp:term":[{"taxonomy":"category","embeddable":true,"href":"https:\/\/www.aguarda.es\/en\/wp-json\/wp\/v2\/categories?post=33133"},{"taxonomy":"post_tag","embeddable":true,"href":"https:\/\/www.aguarda.es\/en\/wp-json\/wp\/v2\/tags?post=33133"}],"curies":[{"name":"wp","href":"https:\/\/api.w.org\/{rel}","templated":true}]}}