{"id":33182,"date":"2025-09-02T08:47:11","date_gmt":"2025-09-02T08:47:11","guid":{"rendered":"https:\/\/www.aguarda.es\/?p=33182"},"modified":"2025-09-02T08:47:11","modified_gmt":"2025-09-02T08:47:11","slug":"o-concello-da-guarda-adquire-a-propiedade-que-unira-as-ruas-baixo-muro-e-ireira","status":"publish","type":"post","link":"https:\/\/www.aguarda.es\/en\/o-concello-da-guarda-adquire-a-propiedade-que-unira-as-ruas-baixo-muro-e-ireira\/","title":{"rendered":"O Concello da Guarda adquire a propiedade que unir\u00e1 as r\u00faas Baixo Muro e Ireira"},"content":{"rendered":"<p class=\"western\" align=\"left\"><span style=\"font-family: Arial, sans-serif; color: #000000;\"><span lang=\"gl-ES\">O Concello da Guarda v\u00e9n de adquirir a<strong> propiedade da r\u00faa Ireira, 10<\/strong>, para a futura prolongaci\u00f3n da r\u00faa do Baixo Muro e a s\u00faa conexi\u00f3n coa r\u00faa Ireira. <\/span><\/span><\/p>\n<p class=\"western\" align=\"justify\"><span style=\"color: #000000;\"><span style=\"font-family: Arial, sans-serif;\"><span lang=\"gl-ES\">Con este proxecto, a <strong>r\u00faa do Baixo Muro<\/strong> obter\u00eda unha mellor accesibilidade, dando unha opci\u00f3n na que se eviten tramos de escaleiras que dificulten a paso de persoas con mobilidade reducida, cadeiras de rodas ou carri\u00f1os infant\u00eds. Compre recordar que todo o proxecto comezou cando un veci\u00f1o discapacitado da zona demandou na xusti<\/span><\/span><span style=\"font-family: Arial, sans-serif;\"><span lang=\"gl-ES\">z<\/span><\/span><span style=\"font-family: Arial, sans-serif;\"><span lang=\"gl-ES\">a ordinaria un acceso adecuado <\/span><\/span><span style=\"font-family: Arial, sans-serif;\"><span lang=\"gl-ES\">\u00e1s<\/span><\/span><span style=\"font-family: Arial, sans-serif;\"><span lang=\"gl-ES\"> s\u00faas necesidades e foi a partires dese momento cando os gobernos ca<\/span><\/span><span style=\"font-family: Arial, sans-serif;\"><span lang=\"gl-ES\">e<\/span><\/span><span style=\"font-family: Arial, sans-serif;\"><span lang=\"gl-ES\">ron na conta desta posible actuaci\u00f3n de apertura da r\u00faa Baixo Muro. <\/span><\/span><\/span><\/p>\n<p class=\"western\" align=\"justify\"><span style=\"color: #000000;\">\u201c<span style=\"font-family: Arial, sans-serif;\"><span lang=\"gl-ES\">A actuaci\u00f3n proxectada deb\u00eda comezar coa adquisici\u00f3n do inmoble da R\u00faa Ireira, 10, para despois comenzar coa apertura da r\u00faa unha vez validado o proxecto e conseguidos os permisos sectoriais e financia<\/span><\/span><span style=\"font-family: Arial, sans-serif;\"><span lang=\"gl-ES\">mento<\/span><\/span><span style=\"font-family: Arial, sans-serif;\"><span lang=\"gl-ES\"> para iso. <\/span><\/span><span style=\"font-family: Arial, sans-serif;\"><span lang=\"gl-ES\">Tras<\/span><\/span><span style=\"font-family: Arial, sans-serif;\"><strong> m\u00e1is de 15 anos de paralizaci\u00f3n<\/strong> dos gobernos anteriores do PSOE e <\/span><span style=\"font-family: Arial, sans-serif;\">d<\/span><span style=\"font-family: Arial, sans-serif;\">o BNG, que nin pactaron esta actuaci\u00f3n cando gobernaron xuntos, basicamente porque ti\u00f1an outras prioridades, a\u00ednda que agora que non gobernan tratan de utilizar esta actuaci\u00f3n partidariamente, foi o grupo actual de goberno do Concello da Guarda presidido polo PP quen adquiriu a propiedade para unir as r\u00faas Baixo Muro e Ireira.<\/span><span style=\"font-family: Arial, sans-serif;\"><span lang=\"gl-ES\"> As\u00ed, podemos dicir que ata agora coa adquisici\u00f3n non houbo avances significativos por moito que traten alg\u00fans de manipular a cidadan\u00eda\u201d, afirma o alcalde Roberto Carrero. \u201cAdem<\/span><\/span><span style=\"font-family: Arial, sans-serif;\"><span lang=\"gl-ES\">a<\/span><\/span><span style=\"font-family: Arial, sans-serif;\"><span lang=\"gl-ES\">is, con estes primeiros pasos cara unha uni\u00f3n das r\u00faas, melloramos a accesibilidade xeral e tam\u00e9n as de veh\u00edculos de emerxencias. E tam\u00e9n permite un acceso ao mesmo nivel co mercado de Abastos, parada b\u00e1sica para a compra habitual de moitos veci\u00f1os\u201d.<\/span><\/span><\/span><\/p>\n<p class=\"western\" align=\"left\"><span style=\"font-family: Arial, sans-serif; color: #000000;\"><span lang=\"gl-ES\">O proxecto contempla a demolici\u00f3n da parcela e parte das estruturas da vivenda, o que permitir\u00e1 conectar as r\u00faas sen barreiras arquitect\u00f3nicas. Ademais instalarase un par de bancos e pequenas \u00e1rbores para embelecer a r\u00faa e proporcionar unha pequena zona de descanso.<\/span><\/span><\/p>\n<p class=\"western\" align=\"left\"><span style=\"color: #000000;\"><span style=\"font-family: Arial, sans-serif;\"><span lang=\"gl-ES\">O financiamento<\/span><\/span><span style=\"font-family: Arial, sans-serif;\"><span lang=\"gl-ES\"> para a actuaci\u00f3n farase a trav\u00e9s da subvenci\u00f3n do <strong>Plan +Provincia da Deputaci\u00f3n de Pontevedra do ano 2026<\/strong>. O <strong>Concello da Guarda xa inverteu 102.500 \u20ac<\/strong> para o comezo deste proxecto coa compra de todo o inmoble.<\/span><\/span><\/span><\/p>\n","protected":false},"excerpt":{"rendered":"<p>O Concello da Guarda v\u00e9n de adquirir a propiedade da r\u00faa Ireira, 10, para a futura prolongaci\u00f3n da r\u00faa do Baixo Muro e a s\u00faa conexi\u00f3n coa r\u00faa Ireira. Con este proxecto, a r\u00faa do Baixo Muro obter\u00eda unha mellor &hellip; <\/p>\n","protected":false},"author":2,"featured_media":33183,"comment_status":"closed","ping_status":"closed","sticky":false,"template":"","format":"standard","meta":[],"categories":[47,363],"tags":[],"yoast_head":"<!-- This site is optimized with the Yoast SEO plugin v21.1 - https:\/\/yoast.com\/wordpress\/plugins\/seo\/ -->\n<title>O Concello da Guarda adquire a propiedade que unir\u00e1 as r\u00faas Baixo Muro e Ireira - Concello da Guarda<\/title>\n<meta name=\"description\" content=\"O Concello da Guarda v\u00e9n de adquirir a propiedade da r\u00faa Ireira, 10, para a futura prolongaci\u00f3n da r\u00faa do Baixo Muro e a s\u00faa conexi\u00f3n coa r\u00faa\" \/>\n<meta name=\"robots\" content=\"index, follow, max-snippet:-1, max-image-preview:large, max-video-preview:-1\" \/>\n<link rel=\"canonical\" href=\"https:\/\/www.aguarda.es\/en\/o-concello-da-guarda-adquire-a-propiedade-que-unira-as-ruas-baixo-muro-e-ireira\/\" \/>\n<meta property=\"og:locale\" content=\"en_US\" \/>\n<meta property=\"og:type\" content=\"article\" \/>\n<meta property=\"og:title\" content=\"O Concello da Guarda adquire a propiedade que unir\u00e1 as r\u00faas Baixo Muro e Ireira - Concello da Guarda\" \/>\n<meta property=\"og:description\" content=\"O Concello da Guarda v\u00e9n de adquirir a propiedade da r\u00faa Ireira, 10, para a futura prolongaci\u00f3n da r\u00faa do Baixo Muro e a s\u00faa conexi\u00f3n coa r\u00faa\" \/>\n<meta property=\"og:url\" content=\"https:\/\/www.aguarda.es\/en\/o-concello-da-guarda-adquire-a-propiedade-que-unira-as-ruas-baixo-muro-e-ireira\/\" \/>\n<meta property=\"og:site_name\" content=\"Concello da Guarda\" \/>\n<meta property=\"article:publisher\" content=\"https:\/\/www.facebook.com\/ConcellodaGuarda\" \/>\n<meta property=\"article:published_time\" content=\"2025-09-02T08:47:11+00:00\" \/>\n<meta property=\"og:image\" content=\"https:\/\/www.aguarda.es\/wp-content\/uploads\/2025\/09\/proxecto-Baixo-Muro-Ireira-2.jpeg?_t=1756802832\" \/>\n\t<meta property=\"og:image:width\" content=\"1638\" \/>\n\t<meta property=\"og:image:height\" content=\"2048\" \/>\n\t<meta property=\"og:image:type\" content=\"image\/jpeg\" \/>\n<meta name=\"author\" content=\"prensa\" \/>\n<meta name=\"twitter:card\" content=\"summary_large_image\" \/>\n<meta name=\"twitter:creator\" content=\"@AGuarda_es\" \/>\n<meta name=\"twitter:site\" content=\"@AGuarda_es\" \/>\n<meta name=\"twitter:label1\" content=\"Written by\" \/>\n\t<meta name=\"twitter:data1\" content=\"prensa\" \/>\n\t<meta name=\"twitter:label2\" content=\"Est. reading time\" \/>\n\t<meta name=\"twitter:data2\" content=\"2 minutes\" \/>\n<script type=\"application\/ld+json\" class=\"yoast-schema-graph\">{\"@context\":\"https:\/\/schema.org\",\"@graph\":[{\"@type\":\"WebPage\",\"@id\":\"https:\/\/www.aguarda.es\/en\/o-concello-da-guarda-adquire-a-propiedade-que-unira-as-ruas-baixo-muro-e-ireira\/\",\"url\":\"https:\/\/www.aguarda.es\/en\/o-concello-da-guarda-adquire-a-propiedade-que-unira-as-ruas-baixo-muro-e-ireira\/\",\"name\":\"O Concello da Guarda adquire a propiedade que unir\u00e1 as r\u00faas Baixo Muro e Ireira - Concello da Guarda\",\"isPartOf\":{\"@id\":\"https:\/\/www.aguarda.es\/en\/#website\"},\"datePublished\":\"2025-09-02T08:47:11+00:00\",\"dateModified\":\"2025-09-02T08:47:11+00:00\",\"author\":{\"@id\":\"https:\/\/www.aguarda.es\/en\/#\/schema\/person\/c463ca3006858ffb349d11179d044f21\"},\"description\":\"O Concello da Guarda v\u00e9n de adquirir a propiedade da r\u00faa Ireira, 10, para a futura prolongaci\u00f3n da r\u00faa do Baixo Muro e a s\u00faa conexi\u00f3n coa r\u00faa\",\"breadcrumb\":{\"@id\":\"https:\/\/www.aguarda.es\/en\/o-concello-da-guarda-adquire-a-propiedade-que-unira-as-ruas-baixo-muro-e-ireira\/#breadcrumb\"},\"inLanguage\":\"en-US\",\"potentialAction\":[{\"@type\":\"ReadAction\",\"target\":[\"https:\/\/www.aguarda.es\/en\/o-concello-da-guarda-adquire-a-propiedade-que-unira-as-ruas-baixo-muro-e-ireira\/\"]}]},{\"@type\":\"BreadcrumbList\",\"@id\":\"https:\/\/www.aguarda.es\/en\/o-concello-da-guarda-adquire-a-propiedade-que-unira-as-ruas-baixo-muro-e-ireira\/#breadcrumb\",\"itemListElement\":[{\"@type\":\"ListItem\",\"position\":1,\"name\":\"Portada\",\"item\":\"https:\/\/www.aguarda.es\/en\/\"},{\"@type\":\"ListItem\",\"position\":2,\"name\":\"O Concello da Guarda adquire a propiedade que unir\u00e1 as r\u00faas Baixo Muro e Ireira\"}]},{\"@type\":\"WebSite\",\"@id\":\"https:\/\/www.aguarda.es\/en\/#website\",\"url\":\"https:\/\/www.aguarda.es\/en\/\",\"name\":\"Concello da Guarda\",\"description\":\"P\u00e1xina web do concello da Guarda\",\"potentialAction\":[{\"@type\":\"SearchAction\",\"target\":{\"@type\":\"EntryPoint\",\"urlTemplate\":\"https:\/\/www.aguarda.es\/en\/?s={search_term_string}\"},\"query-input\":\"required name=search_term_string\"}],\"inLanguage\":\"en-US\"},{\"@type\":\"Person\",\"@id\":\"https:\/\/www.aguarda.es\/en\/#\/schema\/person\/c463ca3006858ffb349d11179d044f21\",\"name\":\"prensa\",\"image\":{\"@type\":\"ImageObject\",\"inLanguage\":\"en-US\",\"@id\":\"https:\/\/www.aguarda.es\/en\/#\/schema\/person\/image\/\",\"url\":\"https:\/\/secure.gravatar.com\/avatar\/5f90ef536b0f98306edf5c7a1135ffa1?s=96&d=mm&r=g\",\"contentUrl\":\"https:\/\/secure.gravatar.com\/avatar\/5f90ef536b0f98306edf5c7a1135ffa1?s=96&d=mm&r=g\",\"caption\":\"prensa\"},\"url\":\"https:\/\/www.aguarda.es\/en\/author\/prensa\/\"}]}<\/script>\n<!-- \/ Yoast SEO plugin. -->","yoast_head_json":{"title":"O Concello da Guarda adquire a propiedade que unir\u00e1 as r\u00faas Baixo Muro e Ireira - Concello da Guarda","description":"O Concello da Guarda v\u00e9n de adquirir a propiedade da r\u00faa Ireira, 10, para a futura prolongaci\u00f3n da r\u00faa do Baixo Muro e a s\u00faa conexi\u00f3n coa r\u00faa","robots":{"index":"index","follow":"follow","max-snippet":"max-snippet:-1","max-image-preview":"max-image-preview:large","max-video-preview":"max-video-preview:-1"},"canonical":"https:\/\/www.aguarda.es\/en\/o-concello-da-guarda-adquire-a-propiedade-que-unira-as-ruas-baixo-muro-e-ireira\/","og_locale":"en_US","og_type":"article","og_title":"O Concello da Guarda adquire a propiedade que unir\u00e1 as r\u00faas Baixo Muro e Ireira - Concello da Guarda","og_description":"O Concello da Guarda v\u00e9n de adquirir a propiedade da r\u00faa Ireira, 10, para a futura prolongaci\u00f3n da r\u00faa do Baixo Muro e a s\u00faa conexi\u00f3n coa r\u00faa","og_url":"https:\/\/www.aguarda.es\/en\/o-concello-da-guarda-adquire-a-propiedade-que-unira-as-ruas-baixo-muro-e-ireira\/","og_site_name":"Concello da Guarda","article_publisher":"https:\/\/www.facebook.com\/ConcellodaGuarda","article_published_time":"2025-09-02T08:47:11+00:00","og_image":[{"width":1638,"height":2048,"url":"https:\/\/www.aguarda.es\/wp-content\/uploads\/2025\/09\/proxecto-Baixo-Muro-Ireira-2.jpeg?_t=1756802832","type":"image\/jpeg"}],"author":"prensa","twitter_card":"summary_large_image","twitter_creator":"@AGuarda_es","twitter_site":"@AGuarda_es","twitter_misc":{"Written by":"prensa","Est. reading time":"2 minutes"},"schema":{"@context":"https:\/\/schema.org","@graph":[{"@type":"WebPage","@id":"https:\/\/www.aguarda.es\/en\/o-concello-da-guarda-adquire-a-propiedade-que-unira-as-ruas-baixo-muro-e-ireira\/","url":"https:\/\/www.aguarda.es\/en\/o-concello-da-guarda-adquire-a-propiedade-que-unira-as-ruas-baixo-muro-e-ireira\/","name":"O Concello da Guarda adquire a propiedade que unir\u00e1 as r\u00faas Baixo Muro e Ireira - Concello da Guarda","isPartOf":{"@id":"https:\/\/www.aguarda.es\/en\/#website"},"datePublished":"2025-09-02T08:47:11+00:00","dateModified":"2025-09-02T08:47:11+00:00","author":{"@id":"https:\/\/www.aguarda.es\/en\/#\/schema\/person\/c463ca3006858ffb349d11179d044f21"},"description":"O Concello da Guarda v\u00e9n de adquirir a propiedade da r\u00faa Ireira, 10, para a futura prolongaci\u00f3n da r\u00faa do Baixo Muro e a s\u00faa conexi\u00f3n coa r\u00faa","breadcrumb":{"@id":"https:\/\/www.aguarda.es\/en\/o-concello-da-guarda-adquire-a-propiedade-que-unira-as-ruas-baixo-muro-e-ireira\/#breadcrumb"},"inLanguage":"en-US","potentialAction":[{"@type":"ReadAction","target":["https:\/\/www.aguarda.es\/en\/o-concello-da-guarda-adquire-a-propiedade-que-unira-as-ruas-baixo-muro-e-ireira\/"]}]},{"@type":"BreadcrumbList","@id":"https:\/\/www.aguarda.es\/en\/o-concello-da-guarda-adquire-a-propiedade-que-unira-as-ruas-baixo-muro-e-ireira\/#breadcrumb","itemListElement":[{"@type":"ListItem","position":1,"name":"Portada","item":"https:\/\/www.aguarda.es\/en\/"},{"@type":"ListItem","position":2,"name":"O Concello da Guarda adquire a propiedade que unir\u00e1 as r\u00faas Baixo Muro e Ireira"}]},{"@type":"WebSite","@id":"https:\/\/www.aguarda.es\/en\/#website","url":"https:\/\/www.aguarda.es\/en\/","name":"Concello da Guarda","description":"P\u00e1xina web do concello da Guarda","potentialAction":[{"@type":"SearchAction","target":{"@type":"EntryPoint","urlTemplate":"https:\/\/www.aguarda.es\/en\/?s={search_term_string}"},"query-input":"required name=search_term_string"}],"inLanguage":"en-US"},{"@type":"Person","@id":"https:\/\/www.aguarda.es\/en\/#\/schema\/person\/c463ca3006858ffb349d11179d044f21","name":"prensa","image":{"@type":"ImageObject","inLanguage":"en-US","@id":"https:\/\/www.aguarda.es\/en\/#\/schema\/person\/image\/","url":"https:\/\/secure.gravatar.com\/avatar\/5f90ef536b0f98306edf5c7a1135ffa1?s=96&d=mm&r=g","contentUrl":"https:\/\/secure.gravatar.com\/avatar\/5f90ef536b0f98306edf5c7a1135ffa1?s=96&d=mm&r=g","caption":"prensa"},"url":"https:\/\/www.aguarda.es\/en\/author\/prensa\/"}]}},"_links":{"self":[{"href":"https:\/\/www.aguarda.es\/en\/wp-json\/wp\/v2\/posts\/33182"}],"collection":[{"href":"https:\/\/www.aguarda.es\/en\/wp-json\/wp\/v2\/posts"}],"about":[{"href":"https:\/\/www.aguarda.es\/en\/wp-json\/wp\/v2\/types\/post"}],"author":[{"embeddable":true,"href":"https:\/\/www.aguarda.es\/en\/wp-json\/wp\/v2\/users\/2"}],"replies":[{"embeddable":true,"href":"https:\/\/www.aguarda.es\/en\/wp-json\/wp\/v2\/comments?post=33182"}],"version-history":[{"count":1,"href":"https:\/\/www.aguarda.es\/en\/wp-json\/wp\/v2\/posts\/33182\/revisions"}],"predecessor-version":[{"id":33187,"href":"https:\/\/www.aguarda.es\/en\/wp-json\/wp\/v2\/posts\/33182\/revisions\/33187"}],"wp:featuredmedia":[{"embeddable":true,"href":"https:\/\/www.aguarda.es\/en\/wp-json\/wp\/v2\/media\/33183"}],"wp:attachment":[{"href":"https:\/\/www.aguarda.es\/en\/wp-json\/wp\/v2\/media?parent=33182"}],"wp:term":[{"taxonomy":"category","embeddable":true,"href":"https:\/\/www.aguarda.es\/en\/wp-json\/wp\/v2\/categories?post=33182"},{"taxonomy":"post_tag","embeddable":true,"href":"https:\/\/www.aguarda.es\/en\/wp-json\/wp\/v2\/tags?post=33182"}],"curies":[{"name":"wp","href":"https:\/\/api.w.org\/{rel}","templated":true}]}}