{"id":33192,"date":"2025-09-03T07:54:44","date_gmt":"2025-09-03T07:54:44","guid":{"rendered":"https:\/\/www.aguarda.es\/?p=33192"},"modified":"2025-09-03T07:54:44","modified_gmt":"2025-09-03T07:54:44","slug":"volve-a-foodtruck-para-probar-petiscos-de-produtos-do-mar-de-xeito-gratuito","status":"publish","type":"post","link":"https:\/\/www.aguarda.es\/en\/volve-a-foodtruck-para-probar-petiscos-de-produtos-do-mar-de-xeito-gratuito\/","title":{"rendered":"Volve a foodtruck para probar petiscos de produtos do mar de xeito gratu\u00edto"},"content":{"rendered":"<p class=\"western\" align=\"left\"><span style=\"color: #000000;\"><span style=\"font-family: Arial, sans-serif;\"><span lang=\"gl-ES\">A <\/span><\/span><span style=\"font-family: Arial, sans-serif;\"><span lang=\"gl-ES\">foodtruck da campa\u00f1a <strong>Galicia Sabe Ama<\/strong>r da Xunta de Galicia volve facer parada na Guarda. Esta campa\u00f1a busca impulsar o consumo de produtos do mar e po\u00f1er en valor o labor dos profesionais da pesca e do marisqueo. <\/span><\/span><\/span><\/p>\n<p class=\"western\" lang=\"gl-ES\" align=\"left\"><span style=\"font-family: Arial, sans-serif; color: #000000;\">A foodtruck instalarase este <strong>s\u00e1bado 6 de setembro<\/strong> nas r\u00faa <strong>As Pozas (A G\u00e1ndara) de 17:00 a 21:00h<\/strong> e ofrecer\u00e1 petiscos a base de produtos do mar e da terra.<\/span><\/p>\n","protected":false},"excerpt":{"rendered":"<p>A foodtruck da campa\u00f1a Galicia Sabe Amar da Xunta de Galicia volve facer parada na Guarda. Esta campa\u00f1a busca impulsar o consumo de produtos do mar e po\u00f1er en valor o labor dos profesionais da pesca e do marisqueo. A &hellip; <\/p>\n","protected":false},"author":2,"featured_media":33193,"comment_status":"closed","ping_status":"closed","sticky":false,"template":"","format":"standard","meta":[],"categories":[56,363],"tags":[],"yoast_head":"<!-- This site is optimized with the Yoast SEO plugin v21.1 - https:\/\/yoast.com\/wordpress\/plugins\/seo\/ -->\n<title>Volve a foodtruck para probar petiscos de produtos do mar de xeito gratu\u00edto - Concello da Guarda<\/title>\n<meta name=\"description\" content=\"A foodtruck da campa\u00f1a Galicia Sabe Amar da Xunta de Galicia volve facer parada na Guarda. Esta campa\u00f1a busca impulsar o consumo de\" \/>\n<meta name=\"robots\" content=\"index, follow, max-snippet:-1, max-image-preview:large, max-video-preview:-1\" \/>\n<link rel=\"canonical\" href=\"https:\/\/www.aguarda.es\/en\/volve-a-foodtruck-para-probar-petiscos-de-produtos-do-mar-de-xeito-gratuito\/\" \/>\n<meta property=\"og:locale\" content=\"en_US\" \/>\n<meta property=\"og:type\" content=\"article\" \/>\n<meta property=\"og:title\" content=\"Volve a foodtruck para probar petiscos de produtos do mar de xeito gratu\u00edto - Concello da Guarda\" \/>\n<meta property=\"og:description\" content=\"A foodtruck da campa\u00f1a Galicia Sabe Amar da Xunta de Galicia volve facer parada na Guarda. Esta campa\u00f1a busca impulsar o consumo de\" \/>\n<meta property=\"og:url\" content=\"https:\/\/www.aguarda.es\/en\/volve-a-foodtruck-para-probar-petiscos-de-produtos-do-mar-de-xeito-gratuito\/\" \/>\n<meta property=\"og:site_name\" content=\"Concello da Guarda\" \/>\n<meta property=\"article:publisher\" content=\"https:\/\/www.facebook.com\/ConcellodaGuarda\" \/>\n<meta property=\"article:published_time\" content=\"2025-09-03T07:54:44+00:00\" \/>\n<meta property=\"og:image\" content=\"https:\/\/www.aguarda.es\/wp-content\/uploads\/2025\/09\/A-GUARDA-6-de-setembro.jpg?_t=1756886085\" \/>\n\t<meta property=\"og:image:width\" content=\"454\" \/>\n\t<meta property=\"og:image:height\" content=\"640\" \/>\n\t<meta property=\"og:image:type\" content=\"image\/jpeg\" \/>\n<meta name=\"author\" content=\"prensa\" \/>\n<meta name=\"twitter:card\" content=\"summary_large_image\" \/>\n<meta name=\"twitter:creator\" content=\"@AGuarda_es\" \/>\n<meta name=\"twitter:site\" content=\"@AGuarda_es\" \/>\n<meta name=\"twitter:label1\" content=\"Written by\" \/>\n\t<meta name=\"twitter:data1\" content=\"prensa\" \/>\n\t<meta name=\"twitter:label2\" content=\"Est. reading time\" \/>\n\t<meta name=\"twitter:data2\" content=\"1 minute\" \/>\n<script type=\"application\/ld+json\" class=\"yoast-schema-graph\">{\"@context\":\"https:\/\/schema.org\",\"@graph\":[{\"@type\":\"WebPage\",\"@id\":\"https:\/\/www.aguarda.es\/en\/volve-a-foodtruck-para-probar-petiscos-de-produtos-do-mar-de-xeito-gratuito\/\",\"url\":\"https:\/\/www.aguarda.es\/en\/volve-a-foodtruck-para-probar-petiscos-de-produtos-do-mar-de-xeito-gratuito\/\",\"name\":\"Volve a foodtruck para probar petiscos de produtos do mar de xeito gratu\u00edto - Concello da Guarda\",\"isPartOf\":{\"@id\":\"https:\/\/www.aguarda.es\/en\/#website\"},\"datePublished\":\"2025-09-03T07:54:44+00:00\",\"dateModified\":\"2025-09-03T07:54:44+00:00\",\"author\":{\"@id\":\"https:\/\/www.aguarda.es\/en\/#\/schema\/person\/c463ca3006858ffb349d11179d044f21\"},\"description\":\"A foodtruck da campa\u00f1a Galicia Sabe Amar da Xunta de Galicia volve facer parada na Guarda. Esta campa\u00f1a busca impulsar o consumo de\",\"breadcrumb\":{\"@id\":\"https:\/\/www.aguarda.es\/en\/volve-a-foodtruck-para-probar-petiscos-de-produtos-do-mar-de-xeito-gratuito\/#breadcrumb\"},\"inLanguage\":\"en-US\",\"potentialAction\":[{\"@type\":\"ReadAction\",\"target\":[\"https:\/\/www.aguarda.es\/en\/volve-a-foodtruck-para-probar-petiscos-de-produtos-do-mar-de-xeito-gratuito\/\"]}]},{\"@type\":\"BreadcrumbList\",\"@id\":\"https:\/\/www.aguarda.es\/en\/volve-a-foodtruck-para-probar-petiscos-de-produtos-do-mar-de-xeito-gratuito\/#breadcrumb\",\"itemListElement\":[{\"@type\":\"ListItem\",\"position\":1,\"name\":\"Portada\",\"item\":\"https:\/\/www.aguarda.es\/en\/\"},{\"@type\":\"ListItem\",\"position\":2,\"name\":\"Volve a foodtruck para probar petiscos de produtos do mar de xeito gratu\u00edto\"}]},{\"@type\":\"WebSite\",\"@id\":\"https:\/\/www.aguarda.es\/en\/#website\",\"url\":\"https:\/\/www.aguarda.es\/en\/\",\"name\":\"Concello da Guarda\",\"description\":\"P\u00e1xina web do concello da Guarda\",\"potentialAction\":[{\"@type\":\"SearchAction\",\"target\":{\"@type\":\"EntryPoint\",\"urlTemplate\":\"https:\/\/www.aguarda.es\/en\/?s={search_term_string}\"},\"query-input\":\"required name=search_term_string\"}],\"inLanguage\":\"en-US\"},{\"@type\":\"Person\",\"@id\":\"https:\/\/www.aguarda.es\/en\/#\/schema\/person\/c463ca3006858ffb349d11179d044f21\",\"name\":\"prensa\",\"image\":{\"@type\":\"ImageObject\",\"inLanguage\":\"en-US\",\"@id\":\"https:\/\/www.aguarda.es\/en\/#\/schema\/person\/image\/\",\"url\":\"https:\/\/secure.gravatar.com\/avatar\/5f90ef536b0f98306edf5c7a1135ffa1?s=96&d=mm&r=g\",\"contentUrl\":\"https:\/\/secure.gravatar.com\/avatar\/5f90ef536b0f98306edf5c7a1135ffa1?s=96&d=mm&r=g\",\"caption\":\"prensa\"},\"url\":\"https:\/\/www.aguarda.es\/en\/author\/prensa\/\"}]}<\/script>\n<!-- \/ Yoast SEO plugin. -->","yoast_head_json":{"title":"Volve a foodtruck para probar petiscos de produtos do mar de xeito gratu\u00edto - Concello da Guarda","description":"A foodtruck da campa\u00f1a Galicia Sabe Amar da Xunta de Galicia volve facer parada na Guarda. Esta campa\u00f1a busca impulsar o consumo de","robots":{"index":"index","follow":"follow","max-snippet":"max-snippet:-1","max-image-preview":"max-image-preview:large","max-video-preview":"max-video-preview:-1"},"canonical":"https:\/\/www.aguarda.es\/en\/volve-a-foodtruck-para-probar-petiscos-de-produtos-do-mar-de-xeito-gratuito\/","og_locale":"en_US","og_type":"article","og_title":"Volve a foodtruck para probar petiscos de produtos do mar de xeito gratu\u00edto - Concello da Guarda","og_description":"A foodtruck da campa\u00f1a Galicia Sabe Amar da Xunta de Galicia volve facer parada na Guarda. Esta campa\u00f1a busca impulsar o consumo de","og_url":"https:\/\/www.aguarda.es\/en\/volve-a-foodtruck-para-probar-petiscos-de-produtos-do-mar-de-xeito-gratuito\/","og_site_name":"Concello da Guarda","article_publisher":"https:\/\/www.facebook.com\/ConcellodaGuarda","article_published_time":"2025-09-03T07:54:44+00:00","og_image":[{"width":454,"height":640,"url":"https:\/\/www.aguarda.es\/wp-content\/uploads\/2025\/09\/A-GUARDA-6-de-setembro.jpg?_t=1756886085","type":"image\/jpeg"}],"author":"prensa","twitter_card":"summary_large_image","twitter_creator":"@AGuarda_es","twitter_site":"@AGuarda_es","twitter_misc":{"Written by":"prensa","Est. reading time":"1 minute"},"schema":{"@context":"https:\/\/schema.org","@graph":[{"@type":"WebPage","@id":"https:\/\/www.aguarda.es\/en\/volve-a-foodtruck-para-probar-petiscos-de-produtos-do-mar-de-xeito-gratuito\/","url":"https:\/\/www.aguarda.es\/en\/volve-a-foodtruck-para-probar-petiscos-de-produtos-do-mar-de-xeito-gratuito\/","name":"Volve a foodtruck para probar petiscos de produtos do mar de xeito gratu\u00edto - Concello da Guarda","isPartOf":{"@id":"https:\/\/www.aguarda.es\/en\/#website"},"datePublished":"2025-09-03T07:54:44+00:00","dateModified":"2025-09-03T07:54:44+00:00","author":{"@id":"https:\/\/www.aguarda.es\/en\/#\/schema\/person\/c463ca3006858ffb349d11179d044f21"},"description":"A foodtruck da campa\u00f1a Galicia Sabe Amar da Xunta de Galicia volve facer parada na Guarda. Esta campa\u00f1a busca impulsar o consumo de","breadcrumb":{"@id":"https:\/\/www.aguarda.es\/en\/volve-a-foodtruck-para-probar-petiscos-de-produtos-do-mar-de-xeito-gratuito\/#breadcrumb"},"inLanguage":"en-US","potentialAction":[{"@type":"ReadAction","target":["https:\/\/www.aguarda.es\/en\/volve-a-foodtruck-para-probar-petiscos-de-produtos-do-mar-de-xeito-gratuito\/"]}]},{"@type":"BreadcrumbList","@id":"https:\/\/www.aguarda.es\/en\/volve-a-foodtruck-para-probar-petiscos-de-produtos-do-mar-de-xeito-gratuito\/#breadcrumb","itemListElement":[{"@type":"ListItem","position":1,"name":"Portada","item":"https:\/\/www.aguarda.es\/en\/"},{"@type":"ListItem","position":2,"name":"Volve a foodtruck para probar petiscos de produtos do mar de xeito gratu\u00edto"}]},{"@type":"WebSite","@id":"https:\/\/www.aguarda.es\/en\/#website","url":"https:\/\/www.aguarda.es\/en\/","name":"Concello da Guarda","description":"P\u00e1xina web do concello da Guarda","potentialAction":[{"@type":"SearchAction","target":{"@type":"EntryPoint","urlTemplate":"https:\/\/www.aguarda.es\/en\/?s={search_term_string}"},"query-input":"required name=search_term_string"}],"inLanguage":"en-US"},{"@type":"Person","@id":"https:\/\/www.aguarda.es\/en\/#\/schema\/person\/c463ca3006858ffb349d11179d044f21","name":"prensa","image":{"@type":"ImageObject","inLanguage":"en-US","@id":"https:\/\/www.aguarda.es\/en\/#\/schema\/person\/image\/","url":"https:\/\/secure.gravatar.com\/avatar\/5f90ef536b0f98306edf5c7a1135ffa1?s=96&d=mm&r=g","contentUrl":"https:\/\/secure.gravatar.com\/avatar\/5f90ef536b0f98306edf5c7a1135ffa1?s=96&d=mm&r=g","caption":"prensa"},"url":"https:\/\/www.aguarda.es\/en\/author\/prensa\/"}]}},"_links":{"self":[{"href":"https:\/\/www.aguarda.es\/en\/wp-json\/wp\/v2\/posts\/33192"}],"collection":[{"href":"https:\/\/www.aguarda.es\/en\/wp-json\/wp\/v2\/posts"}],"about":[{"href":"https:\/\/www.aguarda.es\/en\/wp-json\/wp\/v2\/types\/post"}],"author":[{"embeddable":true,"href":"https:\/\/www.aguarda.es\/en\/wp-json\/wp\/v2\/users\/2"}],"replies":[{"embeddable":true,"href":"https:\/\/www.aguarda.es\/en\/wp-json\/wp\/v2\/comments?post=33192"}],"version-history":[{"count":1,"href":"https:\/\/www.aguarda.es\/en\/wp-json\/wp\/v2\/posts\/33192\/revisions"}],"predecessor-version":[{"id":33195,"href":"https:\/\/www.aguarda.es\/en\/wp-json\/wp\/v2\/posts\/33192\/revisions\/33195"}],"wp:featuredmedia":[{"embeddable":true,"href":"https:\/\/www.aguarda.es\/en\/wp-json\/wp\/v2\/media\/33193"}],"wp:attachment":[{"href":"https:\/\/www.aguarda.es\/en\/wp-json\/wp\/v2\/media?parent=33192"}],"wp:term":[{"taxonomy":"category","embeddable":true,"href":"https:\/\/www.aguarda.es\/en\/wp-json\/wp\/v2\/categories?post=33192"},{"taxonomy":"post_tag","embeddable":true,"href":"https:\/\/www.aguarda.es\/en\/wp-json\/wp\/v2\/tags?post=33192"}],"curies":[{"name":"wp","href":"https:\/\/api.w.org\/{rel}","templated":true}]}}