{"id":33197,"date":"2025-09-03T08:48:13","date_gmt":"2025-09-03T08:48:13","guid":{"rendered":"https:\/\/www.aguarda.es\/?p=33197"},"modified":"2025-09-03T08:48:13","modified_gmt":"2025-09-03T08:48:13","slug":"as-visitas-guiadas-ao-castro-de-santa-trega-continuan-as-fins-de-semana-de-setembro","status":"publish","type":"post","link":"https:\/\/www.aguarda.es\/en\/as-visitas-guiadas-ao-castro-de-santa-trega-continuan-as-fins-de-semana-de-setembro\/","title":{"rendered":"As visitas guiadas ao castro de Santa Trega contin\u00faan as fins de semana de setembro"},"content":{"rendered":"<p class=\"western\" align=\"left\"><span style=\"font-family: Arial, sans-serif; color: #000000;\"><span lang=\"gl-ES\">Ver\u00e1n de r\u00e9cord das visitas guiadas no castro Santa Trega. Nos meses de xullo e agosto realiz\u00e1ronse visitas guiadas de martes a domingo en 4 quendas ao d\u00eda, \u00e1s que acudiron <strong>m\u00e1is de 7.000 persoas<\/strong>, case duplicando os datos de anos anteriores.<img decoding=\"async\" loading=\"lazy\" class=\" wp-image-33198 alignright\" src=\"https:\/\/www.aguarda.es\/wp-content\/uploads\/2025\/09\/visitas-castro.jpeg\" alt=\"\" width=\"455\" height=\"569\" srcset=\"https:\/\/www.aguarda.es\/wp-content\/uploads\/2025\/09\/visitas-castro.jpeg 1607w, https:\/\/www.aguarda.es\/wp-content\/uploads\/2025\/09\/visitas-castro-240x300.jpeg 240w, https:\/\/www.aguarda.es\/wp-content\/uploads\/2025\/09\/visitas-castro-819x1024.jpeg 819w, https:\/\/www.aguarda.es\/wp-content\/uploads\/2025\/09\/visitas-castro-768x960.jpeg 768w, https:\/\/www.aguarda.es\/wp-content\/uploads\/2025\/09\/visitas-castro-1229x1536.jpeg 1229w\" sizes=\"(max-width: 455px) 100vw, 455px\" \/> <\/span><\/span><\/p>\n<p class=\"western\" align=\"left\"><span style=\"font-family: Arial, sans-serif; color: #000000;\"><span lang=\"gl-ES\">Ademais, incrementouse notablemente o interese de co\u00f1ecer o valor arqueol\u00f3xico do Trega, pois cada vez hai m\u00e1is xente que sube ao monte e que aposta por participar nas visitas guiadas. <\/span><\/span><\/p>\n<p class=\"western\" align=\"left\"><span style=\"font-family: Arial, sans-serif; color: #000000;\"><span lang=\"gl-ES\">Mantense o perfil do p\u00fablico habitual que son turistas e visitantes nacionais que pasan as s\u00faas vacaci\u00f3ns en Galicia. Ademais tam\u00e9n realizan esta visita veci\u00f1os da Guarda e da comarca con interese na historia e paisaxe do Monte Santa Trega e que repiten a experiencia, formando parte da visita coa familia e amigos que visitan a nosa vila. <\/span><\/span><\/p>\n<p class=\"western\" align=\"left\"><span style=\"font-family: Arial, sans-serif; color: #000000;\"><span lang=\"gl-ES\">Coa chegada de setembro contin\u00faan as visitas regulares nas fins de semana \u00e1s 12:00h.<\/span><\/span><\/p>\n<p class=\"western\" align=\"left\"><span style=\"font-family: Arial, sans-serif; color: #000000;\"><span lang=\"gl-ES\">O punto de encontro \u00e9 o aparcadoiro da Casa Forestal e a visita recorre menos de 1 km polas diferentes \u00e1reas escavadas durante os \u00faltimos cen anos, inclu\u00edndo a zona norte coas vivendas reconstru\u00eddas e a muralla ata a zona de Mergelina, na ladeira ao r\u00edo Mi\u00f1o.<\/span><\/span><\/p>\n<p class=\"western\" align=\"left\"><span style=\"font-family: Arial, sans-serif; color: #000000;\"><span lang=\"gl-ES\">A duraci\u00f3n aproximada da visita \u00e9 45 minutos pero sempre \u00e9 interesante completar esta actividade coa visita ao MASAT, Museo Arqueol\u00f3xico de Santa Trega. <\/span><\/span><\/p>\n<p class=\"western\" align=\"left\"><span style=\"font-family: Arial, sans-serif; color: #000000;\"><span lang=\"gl-ES\">Ademais durante estes meses de ver\u00e1n, os visitantes puideron ver o traballo artesanal da rehabilitaci\u00f3n da cuberta vexetal das d\u00faas vivendas reconstru\u00eddas do Castro. Este traballo foi realizado por Juan Gonz\u00e1lez, un dos poucos especialistas teitadores e que tam\u00e9n formou parte das explicaci\u00f3ns do gu\u00eda pola curiosidade dos visitantes ao ver o seu traballo totalmente manual.<\/span><\/span><\/p>\n<p class=\"western\" align=\"left\"><span style=\"font-family: Arial, sans-serif; color: #000000;\"><span lang=\"gl-ES\">Estas visitas guiadas non precisan reserva previa e son gratu\u00edtas pero aqueles que accedan ao Monte Santa Trega en veh\u00edculo deber\u00e1n abonar o prezo p\u00fablico.<\/span><\/span><\/p>\n<p class=\"western\" align=\"left\"><span style=\"font-family: Arial, sans-serif; color: #000000;\"><span lang=\"gl-ES\">Para calquera d\u00fabida poden consultar directamente no Museo Arqueol\u00f3xico no tel. 690 01 70 38 ou un mail a masat@aguarda.es.<\/span><\/span><\/p>\n","protected":false},"excerpt":{"rendered":"<p>Ver\u00e1n de r\u00e9cord das visitas guiadas no castro Santa Trega. Nos meses de xullo e agosto realiz\u00e1ronse visitas guiadas de martes a domingo en 4 quendas ao d\u00eda, \u00e1s que acudiron m\u00e1is de 7.000 persoas, case duplicando os datos de &hellip; <\/p>\n","protected":false},"author":2,"featured_media":32522,"comment_status":"closed","ping_status":"closed","sticky":false,"template":"","format":"standard","meta":[],"categories":[56,363],"tags":[],"yoast_head":"<!-- This site is optimized with the Yoast SEO plugin v21.1 - https:\/\/yoast.com\/wordpress\/plugins\/seo\/ -->\n<title>As visitas guiadas ao castro de Santa Trega contin\u00faan as fins de semana de setembro - Concello da Guarda<\/title>\n<meta name=\"description\" content=\"Ver\u00e1n de r\u00e9cord das visitas guiadas no castro Santa Trega. Nos meses de xullo e agosto realiz\u00e1ronse visitas guiadas de martes a domingo en 4\" \/>\n<meta name=\"robots\" content=\"index, follow, max-snippet:-1, max-image-preview:large, max-video-preview:-1\" \/>\n<link rel=\"canonical\" href=\"https:\/\/www.aguarda.es\/en\/as-visitas-guiadas-ao-castro-de-santa-trega-continuan-as-fins-de-semana-de-setembro\/\" \/>\n<meta property=\"og:locale\" content=\"en_US\" \/>\n<meta property=\"og:type\" content=\"article\" \/>\n<meta property=\"og:title\" content=\"As visitas guiadas ao castro de Santa Trega contin\u00faan as fins de semana de setembro - Concello da Guarda\" \/>\n<meta property=\"og:description\" content=\"Ver\u00e1n de r\u00e9cord das visitas guiadas no castro Santa Trega. Nos meses de xullo e agosto realiz\u00e1ronse visitas guiadas de martes a domingo en 4\" \/>\n<meta property=\"og:url\" content=\"https:\/\/www.aguarda.es\/en\/as-visitas-guiadas-ao-castro-de-santa-trega-continuan-as-fins-de-semana-de-setembro\/\" \/>\n<meta property=\"og:site_name\" content=\"Concello da Guarda\" \/>\n<meta property=\"article:publisher\" content=\"https:\/\/www.facebook.com\/ConcellodaGuarda\" \/>\n<meta property=\"article:published_time\" content=\"2025-09-03T08:48:13+00:00\" \/>\n<meta property=\"og:image\" content=\"https:\/\/www.aguarda.es\/wp-content\/uploads\/2025\/05\/tn_visitas-guiadas-Castro-de-Santa-Trega-veran-2025_baja.jpg?_t=1756889294\" \/>\n\t<meta property=\"og:image:width\" content=\"354\" \/>\n\t<meta property=\"og:image:height\" content=\"500\" \/>\n\t<meta property=\"og:image:type\" content=\"image\/jpeg\" \/>\n<meta name=\"author\" content=\"prensa\" \/>\n<meta name=\"twitter:card\" content=\"summary_large_image\" \/>\n<meta name=\"twitter:creator\" content=\"@AGuarda_es\" \/>\n<meta name=\"twitter:site\" content=\"@AGuarda_es\" \/>\n<meta name=\"twitter:label1\" content=\"Written by\" \/>\n\t<meta name=\"twitter:data1\" content=\"prensa\" \/>\n\t<meta name=\"twitter:label2\" content=\"Est. reading time\" \/>\n\t<meta name=\"twitter:data2\" content=\"2 minutes\" \/>\n<script type=\"application\/ld+json\" class=\"yoast-schema-graph\">{\"@context\":\"https:\/\/schema.org\",\"@graph\":[{\"@type\":\"WebPage\",\"@id\":\"https:\/\/www.aguarda.es\/en\/as-visitas-guiadas-ao-castro-de-santa-trega-continuan-as-fins-de-semana-de-setembro\/\",\"url\":\"https:\/\/www.aguarda.es\/en\/as-visitas-guiadas-ao-castro-de-santa-trega-continuan-as-fins-de-semana-de-setembro\/\",\"name\":\"As visitas guiadas ao castro de Santa Trega contin\u00faan as fins de semana de setembro - Concello da Guarda\",\"isPartOf\":{\"@id\":\"https:\/\/www.aguarda.es\/en\/#website\"},\"datePublished\":\"2025-09-03T08:48:13+00:00\",\"dateModified\":\"2025-09-03T08:48:13+00:00\",\"author\":{\"@id\":\"https:\/\/www.aguarda.es\/en\/#\/schema\/person\/c463ca3006858ffb349d11179d044f21\"},\"description\":\"Ver\u00e1n de r\u00e9cord das visitas guiadas no castro Santa Trega. Nos meses de xullo e agosto realiz\u00e1ronse visitas guiadas de martes a domingo en 4\",\"breadcrumb\":{\"@id\":\"https:\/\/www.aguarda.es\/en\/as-visitas-guiadas-ao-castro-de-santa-trega-continuan-as-fins-de-semana-de-setembro\/#breadcrumb\"},\"inLanguage\":\"en-US\",\"potentialAction\":[{\"@type\":\"ReadAction\",\"target\":[\"https:\/\/www.aguarda.es\/en\/as-visitas-guiadas-ao-castro-de-santa-trega-continuan-as-fins-de-semana-de-setembro\/\"]}]},{\"@type\":\"BreadcrumbList\",\"@id\":\"https:\/\/www.aguarda.es\/en\/as-visitas-guiadas-ao-castro-de-santa-trega-continuan-as-fins-de-semana-de-setembro\/#breadcrumb\",\"itemListElement\":[{\"@type\":\"ListItem\",\"position\":1,\"name\":\"Portada\",\"item\":\"https:\/\/www.aguarda.es\/en\/\"},{\"@type\":\"ListItem\",\"position\":2,\"name\":\"As visitas guiadas ao castro de Santa Trega contin\u00faan as fins de semana de setembro\"}]},{\"@type\":\"WebSite\",\"@id\":\"https:\/\/www.aguarda.es\/en\/#website\",\"url\":\"https:\/\/www.aguarda.es\/en\/\",\"name\":\"Concello da Guarda\",\"description\":\"P\u00e1xina web do concello da Guarda\",\"potentialAction\":[{\"@type\":\"SearchAction\",\"target\":{\"@type\":\"EntryPoint\",\"urlTemplate\":\"https:\/\/www.aguarda.es\/en\/?s={search_term_string}\"},\"query-input\":\"required name=search_term_string\"}],\"inLanguage\":\"en-US\"},{\"@type\":\"Person\",\"@id\":\"https:\/\/www.aguarda.es\/en\/#\/schema\/person\/c463ca3006858ffb349d11179d044f21\",\"name\":\"prensa\",\"image\":{\"@type\":\"ImageObject\",\"inLanguage\":\"en-US\",\"@id\":\"https:\/\/www.aguarda.es\/en\/#\/schema\/person\/image\/\",\"url\":\"https:\/\/secure.gravatar.com\/avatar\/5f90ef536b0f98306edf5c7a1135ffa1?s=96&d=mm&r=g\",\"contentUrl\":\"https:\/\/secure.gravatar.com\/avatar\/5f90ef536b0f98306edf5c7a1135ffa1?s=96&d=mm&r=g\",\"caption\":\"prensa\"},\"url\":\"https:\/\/www.aguarda.es\/en\/author\/prensa\/\"}]}<\/script>\n<!-- \/ Yoast SEO plugin. -->","yoast_head_json":{"title":"As visitas guiadas ao castro de Santa Trega contin\u00faan as fins de semana de setembro - Concello da Guarda","description":"Ver\u00e1n de r\u00e9cord das visitas guiadas no castro Santa Trega. Nos meses de xullo e agosto realiz\u00e1ronse visitas guiadas de martes a domingo en 4","robots":{"index":"index","follow":"follow","max-snippet":"max-snippet:-1","max-image-preview":"max-image-preview:large","max-video-preview":"max-video-preview:-1"},"canonical":"https:\/\/www.aguarda.es\/en\/as-visitas-guiadas-ao-castro-de-santa-trega-continuan-as-fins-de-semana-de-setembro\/","og_locale":"en_US","og_type":"article","og_title":"As visitas guiadas ao castro de Santa Trega contin\u00faan as fins de semana de setembro - Concello da Guarda","og_description":"Ver\u00e1n de r\u00e9cord das visitas guiadas no castro Santa Trega. Nos meses de xullo e agosto realiz\u00e1ronse visitas guiadas de martes a domingo en 4","og_url":"https:\/\/www.aguarda.es\/en\/as-visitas-guiadas-ao-castro-de-santa-trega-continuan-as-fins-de-semana-de-setembro\/","og_site_name":"Concello da Guarda","article_publisher":"https:\/\/www.facebook.com\/ConcellodaGuarda","article_published_time":"2025-09-03T08:48:13+00:00","og_image":[{"width":354,"height":500,"url":"https:\/\/www.aguarda.es\/wp-content\/uploads\/2025\/05\/tn_visitas-guiadas-Castro-de-Santa-Trega-veran-2025_baja.jpg?_t=1756889294","type":"image\/jpeg"}],"author":"prensa","twitter_card":"summary_large_image","twitter_creator":"@AGuarda_es","twitter_site":"@AGuarda_es","twitter_misc":{"Written by":"prensa","Est. reading time":"2 minutes"},"schema":{"@context":"https:\/\/schema.org","@graph":[{"@type":"WebPage","@id":"https:\/\/www.aguarda.es\/en\/as-visitas-guiadas-ao-castro-de-santa-trega-continuan-as-fins-de-semana-de-setembro\/","url":"https:\/\/www.aguarda.es\/en\/as-visitas-guiadas-ao-castro-de-santa-trega-continuan-as-fins-de-semana-de-setembro\/","name":"As visitas guiadas ao castro de Santa Trega contin\u00faan as fins de semana de setembro - Concello da Guarda","isPartOf":{"@id":"https:\/\/www.aguarda.es\/en\/#website"},"datePublished":"2025-09-03T08:48:13+00:00","dateModified":"2025-09-03T08:48:13+00:00","author":{"@id":"https:\/\/www.aguarda.es\/en\/#\/schema\/person\/c463ca3006858ffb349d11179d044f21"},"description":"Ver\u00e1n de r\u00e9cord das visitas guiadas no castro Santa Trega. Nos meses de xullo e agosto realiz\u00e1ronse visitas guiadas de martes a domingo en 4","breadcrumb":{"@id":"https:\/\/www.aguarda.es\/en\/as-visitas-guiadas-ao-castro-de-santa-trega-continuan-as-fins-de-semana-de-setembro\/#breadcrumb"},"inLanguage":"en-US","potentialAction":[{"@type":"ReadAction","target":["https:\/\/www.aguarda.es\/en\/as-visitas-guiadas-ao-castro-de-santa-trega-continuan-as-fins-de-semana-de-setembro\/"]}]},{"@type":"BreadcrumbList","@id":"https:\/\/www.aguarda.es\/en\/as-visitas-guiadas-ao-castro-de-santa-trega-continuan-as-fins-de-semana-de-setembro\/#breadcrumb","itemListElement":[{"@type":"ListItem","position":1,"name":"Portada","item":"https:\/\/www.aguarda.es\/en\/"},{"@type":"ListItem","position":2,"name":"As visitas guiadas ao castro de Santa Trega contin\u00faan as fins de semana de setembro"}]},{"@type":"WebSite","@id":"https:\/\/www.aguarda.es\/en\/#website","url":"https:\/\/www.aguarda.es\/en\/","name":"Concello da Guarda","description":"P\u00e1xina web do concello da Guarda","potentialAction":[{"@type":"SearchAction","target":{"@type":"EntryPoint","urlTemplate":"https:\/\/www.aguarda.es\/en\/?s={search_term_string}"},"query-input":"required name=search_term_string"}],"inLanguage":"en-US"},{"@type":"Person","@id":"https:\/\/www.aguarda.es\/en\/#\/schema\/person\/c463ca3006858ffb349d11179d044f21","name":"prensa","image":{"@type":"ImageObject","inLanguage":"en-US","@id":"https:\/\/www.aguarda.es\/en\/#\/schema\/person\/image\/","url":"https:\/\/secure.gravatar.com\/avatar\/5f90ef536b0f98306edf5c7a1135ffa1?s=96&d=mm&r=g","contentUrl":"https:\/\/secure.gravatar.com\/avatar\/5f90ef536b0f98306edf5c7a1135ffa1?s=96&d=mm&r=g","caption":"prensa"},"url":"https:\/\/www.aguarda.es\/en\/author\/prensa\/"}]}},"_links":{"self":[{"href":"https:\/\/www.aguarda.es\/en\/wp-json\/wp\/v2\/posts\/33197"}],"collection":[{"href":"https:\/\/www.aguarda.es\/en\/wp-json\/wp\/v2\/posts"}],"about":[{"href":"https:\/\/www.aguarda.es\/en\/wp-json\/wp\/v2\/types\/post"}],"author":[{"embeddable":true,"href":"https:\/\/www.aguarda.es\/en\/wp-json\/wp\/v2\/users\/2"}],"replies":[{"embeddable":true,"href":"https:\/\/www.aguarda.es\/en\/wp-json\/wp\/v2\/comments?post=33197"}],"version-history":[{"count":1,"href":"https:\/\/www.aguarda.es\/en\/wp-json\/wp\/v2\/posts\/33197\/revisions"}],"predecessor-version":[{"id":33200,"href":"https:\/\/www.aguarda.es\/en\/wp-json\/wp\/v2\/posts\/33197\/revisions\/33200"}],"wp:featuredmedia":[{"embeddable":true,"href":"https:\/\/www.aguarda.es\/en\/wp-json\/wp\/v2\/media\/32522"}],"wp:attachment":[{"href":"https:\/\/www.aguarda.es\/en\/wp-json\/wp\/v2\/media?parent=33197"}],"wp:term":[{"taxonomy":"category","embeddable":true,"href":"https:\/\/www.aguarda.es\/en\/wp-json\/wp\/v2\/categories?post=33197"},{"taxonomy":"post_tag","embeddable":true,"href":"https:\/\/www.aguarda.es\/en\/wp-json\/wp\/v2\/tags?post=33197"}],"curies":[{"name":"wp","href":"https:\/\/api.w.org\/{rel}","templated":true}]}}