{"id":33480,"date":"2025-09-29T07:50:42","date_gmt":"2025-09-29T07:50:42","guid":{"rendered":"https:\/\/www.aguarda.es\/?p=33480"},"modified":"2025-09-29T07:50:42","modified_gmt":"2025-09-29T07:50:42","slug":"talento-xove-2025-chega-a-guarda-para-mellorar-a-empregabilidade-da-mocidade","status":"publish","type":"post","link":"https:\/\/www.aguarda.es\/en\/talento-xove-2025-chega-a-guarda-para-mellorar-a-empregabilidade-da-mocidade\/","title":{"rendered":"Talento Xove 2025 chega \u00e1 Guarda para mellorar a empregabilidade da mocidade"},"content":{"rendered":"<p class=\"western\" align=\"left\"><span style=\"font-family: Arial, sans-serif; color: #000000;\"><span lang=\"gl-ES\">O <strong>Programa Talento Xove 2025<\/strong> arranca no concello da Guarda co obxectivo de mellorar as oportunidades laborais da mocidade que actualmente non est\u00e1 ocupada nin integrada en sistemas de educaci\u00f3n ou formaci\u00f3n. <\/span><\/span><\/p>\n<p class=\"western\" align=\"left\"><span style=\"font-family: Arial, sans-serif; color: #000000;\"><span lang=\"gl-ES\">A iniciativa, promovida pola <strong>Fundaci\u00f3n Impulsarse<\/strong> xunto coa C\u00e1mara de Comercio e coa colaboraci\u00f3n do Concello da Guarda, aposta pola orientaci\u00f3n vocacional, a formaci\u00f3n especializada e o achegamento ao mundo laboral como ferramentas clave para impulsar o futuro profesional dos participantes.<\/span><\/span><\/p>\n<p class=\"western\" align=\"left\"><span style=\"font-family: Arial, sans-serif; color: #000000;\"><span lang=\"gl-ES\">Talento Xove 2025 artic\u00falase en itinerarios personalizados que combinan orientaci\u00f3n individual, formaci\u00f3n en competencias clave e acci\u00f3ns de contacto directo co mercado laboral. O obxectivo \u00e9 facilitar a<strong> inserci\u00f3n labora<\/strong>l da mocidade en sectores emerxentes e con alta demanda, especialmente no \u00e1mbito da dixitalizaci\u00f3n, o comercio, o turismo e a industria creativa, garantindo as\u00ed igualdade de oportunidades e impacto real no territorio.<\/span><\/span><\/p>\n<p class=\"western\" align=\"left\"><span style=\"font-family: Arial, sans-serif; color: #000000;\"><span lang=\"gl-ES\">O programa ofrece formaci\u00f3n <strong>totalmente gratu\u00edta<\/strong> e orientaci\u00f3n laboral personalizada, dirixida \u00e1 <strong>mocidade de 16 a 30 anos, desempregados\/as e persoas inscritas na Garant\u00eda Xuvenil<\/strong>. As acci\u00f3ns formativas xirar\u00e1n arredor da<strong> comunicaci\u00f3n dixital e networking (60h presenciais) e community manager (90h presenciais).<\/strong><\/span><\/span><\/p>\n<p class=\"western\" align=\"left\"><span style=\"font-family: Arial, sans-serif; color: #000000;\"><span lang=\"gl-ES\">As persoas interesadas poden obter m\u00e1is informaci\u00f3n e inscribirse a trav\u00e9s de <\/span><\/span><span style=\"color: #000080;\"><u><a href=\"mailto:informacion@aguarda.es\"><span style=\"font-family: Arial, sans-serif;\"><span lang=\"gl-ES\">informacion@aguarda.es<\/span><\/span><\/a><\/u><\/span><span style=\"font-family: Arial, sans-serif;\"><span lang=\"gl-ES\"> o<span style=\"color: #000000;\">u na OMIX. O <strong>d\u00eda 7 de outubro<\/strong> haber\u00e1 unha xornada de presentaci\u00f3n da formaci\u00f3n que se desenvolver\u00e1 durante os meses de outubro e novembro.<\/span><\/span><\/span><\/p>\n<p class=\"western\" align=\"left\"><span style=\"font-family: Arial, sans-serif; color: #000000;\"><span lang=\"gl-ES\">Este programa est\u00e1 cofinanciado polo Fondo Social Europeo Plus (FSE+) e xestionado pola C\u00e1mara de comercio de Espa\u00f1a xunto coas C\u00e1maras de comercio de Pontevedra, Vigo e Vilagarc\u00eda de Arousa.<\/span><\/span><\/p>\n","protected":false},"excerpt":{"rendered":"<p>O Programa Talento Xove 2025 arranca no concello da Guarda co obxectivo de mellorar as oportunidades laborais da mocidade que actualmente non est\u00e1 ocupada nin integrada en sistemas de educaci\u00f3n ou formaci\u00f3n. A iniciativa, promovida pola Fundaci\u00f3n Impulsarse xunto coa &hellip; <\/p>\n","protected":false},"author":2,"featured_media":33481,"comment_status":"closed","ping_status":"closed","sticky":false,"template":"","format":"standard","meta":[],"categories":[48,363],"tags":[],"yoast_head":"<!-- This site is optimized with the Yoast SEO plugin v21.1 - https:\/\/yoast.com\/wordpress\/plugins\/seo\/ -->\n<title>Talento Xove 2025 chega \u00e1 Guarda para mellorar a empregabilidade da mocidade - Concello da Guarda<\/title>\n<meta name=\"description\" content=\"O Programa Talento Xove 2025 arranca no concello da Guarda co obxectivo de mellorar as oportunidades laborais da mocidade que actualmente non\" \/>\n<meta name=\"robots\" content=\"index, follow, max-snippet:-1, max-image-preview:large, max-video-preview:-1\" \/>\n<link rel=\"canonical\" href=\"https:\/\/www.aguarda.es\/en\/talento-xove-2025-chega-a-guarda-para-mellorar-a-empregabilidade-da-mocidade\/\" \/>\n<meta property=\"og:locale\" content=\"en_US\" \/>\n<meta property=\"og:type\" content=\"article\" \/>\n<meta property=\"og:title\" content=\"Talento Xove 2025 chega \u00e1 Guarda para mellorar a empregabilidade da mocidade - Concello da Guarda\" \/>\n<meta property=\"og:description\" content=\"O Programa Talento Xove 2025 arranca no concello da Guarda co obxectivo de mellorar as oportunidades laborais da mocidade que actualmente non\" \/>\n<meta property=\"og:url\" content=\"https:\/\/www.aguarda.es\/en\/talento-xove-2025-chega-a-guarda-para-mellorar-a-empregabilidade-da-mocidade\/\" \/>\n<meta property=\"og:site_name\" content=\"Concello da Guarda\" \/>\n<meta property=\"article:publisher\" content=\"https:\/\/www.facebook.com\/ConcellodaGuarda\" \/>\n<meta property=\"article:published_time\" content=\"2025-09-29T07:50:42+00:00\" \/>\n<meta property=\"og:image\" content=\"https:\/\/www.aguarda.es\/wp-content\/uploads\/2025\/09\/Talento-xoves-2025.jpg?_t=1759132243\" \/>\n\t<meta property=\"og:image:width\" content=\"1080\" \/>\n\t<meta property=\"og:image:height\" content=\"1350\" \/>\n\t<meta property=\"og:image:type\" content=\"image\/jpeg\" \/>\n<meta name=\"author\" content=\"prensa\" \/>\n<meta name=\"twitter:card\" content=\"summary_large_image\" \/>\n<meta name=\"twitter:creator\" content=\"@AGuarda_es\" \/>\n<meta name=\"twitter:site\" content=\"@AGuarda_es\" \/>\n<meta name=\"twitter:label1\" content=\"Written by\" \/>\n\t<meta name=\"twitter:data1\" content=\"prensa\" \/>\n\t<meta name=\"twitter:label2\" content=\"Est. reading time\" \/>\n\t<meta name=\"twitter:data2\" content=\"2 minutes\" \/>\n<script type=\"application\/ld+json\" class=\"yoast-schema-graph\">{\"@context\":\"https:\/\/schema.org\",\"@graph\":[{\"@type\":\"WebPage\",\"@id\":\"https:\/\/www.aguarda.es\/en\/talento-xove-2025-chega-a-guarda-para-mellorar-a-empregabilidade-da-mocidade\/\",\"url\":\"https:\/\/www.aguarda.es\/en\/talento-xove-2025-chega-a-guarda-para-mellorar-a-empregabilidade-da-mocidade\/\",\"name\":\"Talento Xove 2025 chega \u00e1 Guarda para mellorar a empregabilidade da mocidade - Concello da Guarda\",\"isPartOf\":{\"@id\":\"https:\/\/www.aguarda.es\/en\/#website\"},\"datePublished\":\"2025-09-29T07:50:42+00:00\",\"dateModified\":\"2025-09-29T07:50:42+00:00\",\"author\":{\"@id\":\"https:\/\/www.aguarda.es\/en\/#\/schema\/person\/c463ca3006858ffb349d11179d044f21\"},\"description\":\"O Programa Talento Xove 2025 arranca no concello da Guarda co obxectivo de mellorar as oportunidades laborais da mocidade que actualmente non\",\"breadcrumb\":{\"@id\":\"https:\/\/www.aguarda.es\/en\/talento-xove-2025-chega-a-guarda-para-mellorar-a-empregabilidade-da-mocidade\/#breadcrumb\"},\"inLanguage\":\"en-US\",\"potentialAction\":[{\"@type\":\"ReadAction\",\"target\":[\"https:\/\/www.aguarda.es\/en\/talento-xove-2025-chega-a-guarda-para-mellorar-a-empregabilidade-da-mocidade\/\"]}]},{\"@type\":\"BreadcrumbList\",\"@id\":\"https:\/\/www.aguarda.es\/en\/talento-xove-2025-chega-a-guarda-para-mellorar-a-empregabilidade-da-mocidade\/#breadcrumb\",\"itemListElement\":[{\"@type\":\"ListItem\",\"position\":1,\"name\":\"Portada\",\"item\":\"https:\/\/www.aguarda.es\/en\/\"},{\"@type\":\"ListItem\",\"position\":2,\"name\":\"Talento Xove 2025 chega \u00e1 Guarda para mellorar a empregabilidade da mocidade\"}]},{\"@type\":\"WebSite\",\"@id\":\"https:\/\/www.aguarda.es\/en\/#website\",\"url\":\"https:\/\/www.aguarda.es\/en\/\",\"name\":\"Concello da Guarda\",\"description\":\"P\u00e1xina web do concello da Guarda\",\"potentialAction\":[{\"@type\":\"SearchAction\",\"target\":{\"@type\":\"EntryPoint\",\"urlTemplate\":\"https:\/\/www.aguarda.es\/en\/?s={search_term_string}\"},\"query-input\":\"required name=search_term_string\"}],\"inLanguage\":\"en-US\"},{\"@type\":\"Person\",\"@id\":\"https:\/\/www.aguarda.es\/en\/#\/schema\/person\/c463ca3006858ffb349d11179d044f21\",\"name\":\"prensa\",\"image\":{\"@type\":\"ImageObject\",\"inLanguage\":\"en-US\",\"@id\":\"https:\/\/www.aguarda.es\/en\/#\/schema\/person\/image\/\",\"url\":\"https:\/\/secure.gravatar.com\/avatar\/5f90ef536b0f98306edf5c7a1135ffa1?s=96&d=mm&r=g\",\"contentUrl\":\"https:\/\/secure.gravatar.com\/avatar\/5f90ef536b0f98306edf5c7a1135ffa1?s=96&d=mm&r=g\",\"caption\":\"prensa\"},\"url\":\"https:\/\/www.aguarda.es\/en\/author\/prensa\/\"}]}<\/script>\n<!-- \/ Yoast SEO plugin. -->","yoast_head_json":{"title":"Talento Xove 2025 chega \u00e1 Guarda para mellorar a empregabilidade da mocidade - Concello da Guarda","description":"O Programa Talento Xove 2025 arranca no concello da Guarda co obxectivo de mellorar as oportunidades laborais da mocidade que actualmente non","robots":{"index":"index","follow":"follow","max-snippet":"max-snippet:-1","max-image-preview":"max-image-preview:large","max-video-preview":"max-video-preview:-1"},"canonical":"https:\/\/www.aguarda.es\/en\/talento-xove-2025-chega-a-guarda-para-mellorar-a-empregabilidade-da-mocidade\/","og_locale":"en_US","og_type":"article","og_title":"Talento Xove 2025 chega \u00e1 Guarda para mellorar a empregabilidade da mocidade - Concello da Guarda","og_description":"O Programa Talento Xove 2025 arranca no concello da Guarda co obxectivo de mellorar as oportunidades laborais da mocidade que actualmente non","og_url":"https:\/\/www.aguarda.es\/en\/talento-xove-2025-chega-a-guarda-para-mellorar-a-empregabilidade-da-mocidade\/","og_site_name":"Concello da Guarda","article_publisher":"https:\/\/www.facebook.com\/ConcellodaGuarda","article_published_time":"2025-09-29T07:50:42+00:00","og_image":[{"width":1080,"height":1350,"url":"https:\/\/www.aguarda.es\/wp-content\/uploads\/2025\/09\/Talento-xoves-2025.jpg?_t=1759132243","type":"image\/jpeg"}],"author":"prensa","twitter_card":"summary_large_image","twitter_creator":"@AGuarda_es","twitter_site":"@AGuarda_es","twitter_misc":{"Written by":"prensa","Est. reading time":"2 minutes"},"schema":{"@context":"https:\/\/schema.org","@graph":[{"@type":"WebPage","@id":"https:\/\/www.aguarda.es\/en\/talento-xove-2025-chega-a-guarda-para-mellorar-a-empregabilidade-da-mocidade\/","url":"https:\/\/www.aguarda.es\/en\/talento-xove-2025-chega-a-guarda-para-mellorar-a-empregabilidade-da-mocidade\/","name":"Talento Xove 2025 chega \u00e1 Guarda para mellorar a empregabilidade da mocidade - Concello da Guarda","isPartOf":{"@id":"https:\/\/www.aguarda.es\/en\/#website"},"datePublished":"2025-09-29T07:50:42+00:00","dateModified":"2025-09-29T07:50:42+00:00","author":{"@id":"https:\/\/www.aguarda.es\/en\/#\/schema\/person\/c463ca3006858ffb349d11179d044f21"},"description":"O Programa Talento Xove 2025 arranca no concello da Guarda co obxectivo de mellorar as oportunidades laborais da mocidade que actualmente non","breadcrumb":{"@id":"https:\/\/www.aguarda.es\/en\/talento-xove-2025-chega-a-guarda-para-mellorar-a-empregabilidade-da-mocidade\/#breadcrumb"},"inLanguage":"en-US","potentialAction":[{"@type":"ReadAction","target":["https:\/\/www.aguarda.es\/en\/talento-xove-2025-chega-a-guarda-para-mellorar-a-empregabilidade-da-mocidade\/"]}]},{"@type":"BreadcrumbList","@id":"https:\/\/www.aguarda.es\/en\/talento-xove-2025-chega-a-guarda-para-mellorar-a-empregabilidade-da-mocidade\/#breadcrumb","itemListElement":[{"@type":"ListItem","position":1,"name":"Portada","item":"https:\/\/www.aguarda.es\/en\/"},{"@type":"ListItem","position":2,"name":"Talento Xove 2025 chega \u00e1 Guarda para mellorar a empregabilidade da mocidade"}]},{"@type":"WebSite","@id":"https:\/\/www.aguarda.es\/en\/#website","url":"https:\/\/www.aguarda.es\/en\/","name":"Concello da Guarda","description":"P\u00e1xina web do concello da Guarda","potentialAction":[{"@type":"SearchAction","target":{"@type":"EntryPoint","urlTemplate":"https:\/\/www.aguarda.es\/en\/?s={search_term_string}"},"query-input":"required name=search_term_string"}],"inLanguage":"en-US"},{"@type":"Person","@id":"https:\/\/www.aguarda.es\/en\/#\/schema\/person\/c463ca3006858ffb349d11179d044f21","name":"prensa","image":{"@type":"ImageObject","inLanguage":"en-US","@id":"https:\/\/www.aguarda.es\/en\/#\/schema\/person\/image\/","url":"https:\/\/secure.gravatar.com\/avatar\/5f90ef536b0f98306edf5c7a1135ffa1?s=96&d=mm&r=g","contentUrl":"https:\/\/secure.gravatar.com\/avatar\/5f90ef536b0f98306edf5c7a1135ffa1?s=96&d=mm&r=g","caption":"prensa"},"url":"https:\/\/www.aguarda.es\/en\/author\/prensa\/"}]}},"_links":{"self":[{"href":"https:\/\/www.aguarda.es\/en\/wp-json\/wp\/v2\/posts\/33480"}],"collection":[{"href":"https:\/\/www.aguarda.es\/en\/wp-json\/wp\/v2\/posts"}],"about":[{"href":"https:\/\/www.aguarda.es\/en\/wp-json\/wp\/v2\/types\/post"}],"author":[{"embeddable":true,"href":"https:\/\/www.aguarda.es\/en\/wp-json\/wp\/v2\/users\/2"}],"replies":[{"embeddable":true,"href":"https:\/\/www.aguarda.es\/en\/wp-json\/wp\/v2\/comments?post=33480"}],"version-history":[{"count":1,"href":"https:\/\/www.aguarda.es\/en\/wp-json\/wp\/v2\/posts\/33480\/revisions"}],"predecessor-version":[{"id":33483,"href":"https:\/\/www.aguarda.es\/en\/wp-json\/wp\/v2\/posts\/33480\/revisions\/33483"}],"wp:featuredmedia":[{"embeddable":true,"href":"https:\/\/www.aguarda.es\/en\/wp-json\/wp\/v2\/media\/33481"}],"wp:attachment":[{"href":"https:\/\/www.aguarda.es\/en\/wp-json\/wp\/v2\/media?parent=33480"}],"wp:term":[{"taxonomy":"category","embeddable":true,"href":"https:\/\/www.aguarda.es\/en\/wp-json\/wp\/v2\/categories?post=33480"},{"taxonomy":"post_tag","embeddable":true,"href":"https:\/\/www.aguarda.es\/en\/wp-json\/wp\/v2\/tags?post=33480"}],"curies":[{"name":"wp","href":"https:\/\/api.w.org\/{rel}","templated":true}]}}