{"id":33692,"date":"2025-11-03T11:14:56","date_gmt":"2025-11-03T11:14:56","guid":{"rendered":"https:\/\/www.aguarda.es\/?p=33692"},"modified":"2025-11-03T11:14:56","modified_gmt":"2025-11-03T11:14:56","slug":"a-guarda-compite-na-campana-juntos-brillamos-mas-de-ferrero-rocher-pola-famosa-iluminacion-de-nadal","status":"publish","type":"post","link":"https:\/\/www.aguarda.es\/en\/a-guarda-compite-na-campana-juntos-brillamos-mas-de-ferrero-rocher-pola-famosa-iluminacion-de-nadal\/","title":{"rendered":"A Guarda compite na campa\u00f1a \u201cJuntos brillamos m\u00e1s\u201d de Ferrero Rocher pola famosa iluminaci\u00f3n de Nadal"},"content":{"rendered":"<p class=\"western\" align=\"left\"><span style=\"color: #000000;\"><span style=\"font-family: Arial, sans-serif;\"><span lang=\"gl-ES\">ATENCI\u00d3N! <\/span><\/span><span style=\"font-family: Arial, sans-serif;\"><span lang=\"gl-ES\">A Guarda \u00e9 un dos dezasete municipios que compiten este ano na campa\u00f1a \u201cJuntos Brillamos M\u00e1s\u201d de Ferrero Rocher. <\/span><\/span><\/span><\/p>\n<p class=\"western\" align=\"left\"><span style=\"color: #000000;\"><span style=\"font-family: Arial, sans-serif;\"><span lang=\"gl-ES\">Ne<\/span><\/span><span style=\"font-family: Arial, sans-serif;\"><span lang=\"gl-ES\">sta <\/span><\/span><span style=\"font-family: Arial, sans-serif;\"><span lang=\"gl-ES\">campa\u00f1a diferentes concellos compiten pola oportunidade de ser iluminados coa ic\u00f3nica decoraci\u00f3n e prendido de luces de Nadal da marca, en tons do<\/span><\/span><span style=\"font-family: Arial, sans-serif;\"><span lang=\"gl-ES\">u<\/span><\/span><span style=\"font-family: Arial, sans-serif;\"><span lang=\"gl-ES\">rados. <\/span><\/span><span style=\"font-family: Arial, sans-serif;\"><span lang=\"gl-ES\">Esta ma\u00f1\u00e1, no evento inaugural, o presentador de televisi\u00f3n Jes\u00fas V\u00e1zquez anunciaba aos participantes, sendo A Guarda, <\/span><\/span><span style=\"font-family: Arial, sans-serif;\"><span lang=\"gl-ES\">a representaci\u00f3n de Galicia.<\/span><\/span><\/span><\/p>\n<p class=\"western\" lang=\"gl-ES\" align=\"left\"><span style=\"font-family: Arial, sans-serif;\"><span style=\"color: #000000;\">Agora \u00e1brese o primeiro per\u00edodo de votaci\u00f3ns ata o pr\u00f3ximo d\u00eda 23 de novembro na seguinte p\u00e1xina web<\/span>:<a href=\"https:\/\/www.ferrerorocher.com\/es\/es\/xp\/navidaddeoro\/votar\/\">https:\/\/www.ferrerorocher.com\/es\/es\/xp\/navidaddeoro\/votar\/<\/a> <\/span><\/p>\n<p class=\"western\" lang=\"gl-ES\" align=\"left\"><span style=\"font-family: Arial, sans-serif; color: #000000;\">Axuda a que A Guarda pase de rolda: vota e comparte!<\/span><\/p>\n","protected":false},"excerpt":{"rendered":"<p>ATENCI\u00d3N! A Guarda \u00e9 un dos dezasete municipios que compiten este ano na campa\u00f1a \u201cJuntos Brillamos M\u00e1s\u201d de Ferrero Rocher. Nesta campa\u00f1a diferentes concellos compiten pola oportunidade de ser iluminados coa ic\u00f3nica decoraci\u00f3n e prendido de luces de Nadal da &hellip; <\/p>\n","protected":false},"author":2,"featured_media":33693,"comment_status":"closed","ping_status":"closed","sticky":false,"template":"","format":"standard","meta":[],"categories":[56,363],"tags":[],"yoast_head":"<!-- This site is optimized with the Yoast SEO plugin v21.1 - https:\/\/yoast.com\/wordpress\/plugins\/seo\/ -->\n<title>A Guarda compite na campa\u00f1a \u201cJuntos brillamos m\u00e1s\u201d de Ferrero Rocher pola famosa iluminaci\u00f3n de Nadal - Concello da Guarda<\/title>\n<meta name=\"description\" content=\"ATENCI\u00d3N! A Guarda \u00e9 un dos dezasete municipios que compiten este ano na campa\u00f1a \u201cJuntos Brillamos M\u00e1s\u201d de Ferrero Rocher.\" \/>\n<meta name=\"robots\" content=\"index, follow, max-snippet:-1, max-image-preview:large, max-video-preview:-1\" \/>\n<link rel=\"canonical\" href=\"https:\/\/www.aguarda.es\/en\/a-guarda-compite-na-campana-juntos-brillamos-mas-de-ferrero-rocher-pola-famosa-iluminacion-de-nadal\/\" \/>\n<meta property=\"og:locale\" content=\"en_US\" \/>\n<meta property=\"og:type\" content=\"article\" \/>\n<meta property=\"og:title\" content=\"A Guarda compite na campa\u00f1a \u201cJuntos brillamos m\u00e1s\u201d de Ferrero Rocher pola famosa iluminaci\u00f3n de Nadal - Concello da Guarda\" \/>\n<meta property=\"og:description\" content=\"ATENCI\u00d3N! A Guarda \u00e9 un dos dezasete municipios que compiten este ano na campa\u00f1a \u201cJuntos Brillamos M\u00e1s\u201d de Ferrero Rocher.\" \/>\n<meta property=\"og:url\" content=\"https:\/\/www.aguarda.es\/en\/a-guarda-compite-na-campana-juntos-brillamos-mas-de-ferrero-rocher-pola-famosa-iluminacion-de-nadal\/\" \/>\n<meta property=\"og:site_name\" content=\"Concello da Guarda\" \/>\n<meta property=\"article:publisher\" content=\"https:\/\/www.facebook.com\/ConcellodaGuarda\" \/>\n<meta property=\"article:published_time\" content=\"2025-11-03T11:14:56+00:00\" \/>\n<meta property=\"og:image\" content=\"https:\/\/www.aguarda.es\/wp-content\/uploads\/2025\/11\/Ferrero-rocher.jpg?_t=1762168496\" \/>\n\t<meta property=\"og:image:width\" content=\"1080\" \/>\n\t<meta property=\"og:image:height\" content=\"1350\" \/>\n\t<meta property=\"og:image:type\" content=\"image\/jpeg\" \/>\n<meta name=\"author\" content=\"prensa\" \/>\n<meta name=\"twitter:card\" content=\"summary_large_image\" \/>\n<meta name=\"twitter:creator\" content=\"@AGuarda_es\" \/>\n<meta name=\"twitter:site\" content=\"@AGuarda_es\" \/>\n<meta name=\"twitter:label1\" content=\"Written by\" \/>\n\t<meta name=\"twitter:data1\" content=\"prensa\" \/>\n\t<meta name=\"twitter:label2\" content=\"Est. reading time\" \/>\n\t<meta name=\"twitter:data2\" content=\"1 minute\" \/>\n<script type=\"application\/ld+json\" class=\"yoast-schema-graph\">{\"@context\":\"https:\/\/schema.org\",\"@graph\":[{\"@type\":\"WebPage\",\"@id\":\"https:\/\/www.aguarda.es\/en\/a-guarda-compite-na-campana-juntos-brillamos-mas-de-ferrero-rocher-pola-famosa-iluminacion-de-nadal\/\",\"url\":\"https:\/\/www.aguarda.es\/en\/a-guarda-compite-na-campana-juntos-brillamos-mas-de-ferrero-rocher-pola-famosa-iluminacion-de-nadal\/\",\"name\":\"A Guarda compite na campa\u00f1a \u201cJuntos brillamos m\u00e1s\u201d de Ferrero Rocher pola famosa iluminaci\u00f3n de Nadal - Concello da Guarda\",\"isPartOf\":{\"@id\":\"https:\/\/www.aguarda.es\/en\/#website\"},\"datePublished\":\"2025-11-03T11:14:56+00:00\",\"dateModified\":\"2025-11-03T11:14:56+00:00\",\"author\":{\"@id\":\"https:\/\/www.aguarda.es\/en\/#\/schema\/person\/c463ca3006858ffb349d11179d044f21\"},\"description\":\"ATENCI\u00d3N! A Guarda \u00e9 un dos dezasete municipios que compiten este ano na campa\u00f1a \u201cJuntos Brillamos M\u00e1s\u201d de Ferrero Rocher.\",\"breadcrumb\":{\"@id\":\"https:\/\/www.aguarda.es\/en\/a-guarda-compite-na-campana-juntos-brillamos-mas-de-ferrero-rocher-pola-famosa-iluminacion-de-nadal\/#breadcrumb\"},\"inLanguage\":\"en-US\",\"potentialAction\":[{\"@type\":\"ReadAction\",\"target\":[\"https:\/\/www.aguarda.es\/en\/a-guarda-compite-na-campana-juntos-brillamos-mas-de-ferrero-rocher-pola-famosa-iluminacion-de-nadal\/\"]}]},{\"@type\":\"BreadcrumbList\",\"@id\":\"https:\/\/www.aguarda.es\/en\/a-guarda-compite-na-campana-juntos-brillamos-mas-de-ferrero-rocher-pola-famosa-iluminacion-de-nadal\/#breadcrumb\",\"itemListElement\":[{\"@type\":\"ListItem\",\"position\":1,\"name\":\"Portada\",\"item\":\"https:\/\/www.aguarda.es\/en\/\"},{\"@type\":\"ListItem\",\"position\":2,\"name\":\"A Guarda compite na campa\u00f1a \u201cJuntos brillamos m\u00e1s\u201d de Ferrero Rocher pola famosa iluminaci\u00f3n de Nadal\"}]},{\"@type\":\"WebSite\",\"@id\":\"https:\/\/www.aguarda.es\/en\/#website\",\"url\":\"https:\/\/www.aguarda.es\/en\/\",\"name\":\"Concello da Guarda\",\"description\":\"P\u00e1xina web do concello da Guarda\",\"potentialAction\":[{\"@type\":\"SearchAction\",\"target\":{\"@type\":\"EntryPoint\",\"urlTemplate\":\"https:\/\/www.aguarda.es\/en\/?s={search_term_string}\"},\"query-input\":\"required name=search_term_string\"}],\"inLanguage\":\"en-US\"},{\"@type\":\"Person\",\"@id\":\"https:\/\/www.aguarda.es\/en\/#\/schema\/person\/c463ca3006858ffb349d11179d044f21\",\"name\":\"prensa\",\"image\":{\"@type\":\"ImageObject\",\"inLanguage\":\"en-US\",\"@id\":\"https:\/\/www.aguarda.es\/en\/#\/schema\/person\/image\/\",\"url\":\"https:\/\/secure.gravatar.com\/avatar\/5f90ef536b0f98306edf5c7a1135ffa1?s=96&d=mm&r=g\",\"contentUrl\":\"https:\/\/secure.gravatar.com\/avatar\/5f90ef536b0f98306edf5c7a1135ffa1?s=96&d=mm&r=g\",\"caption\":\"prensa\"},\"url\":\"https:\/\/www.aguarda.es\/en\/author\/prensa\/\"}]}<\/script>\n<!-- \/ Yoast SEO plugin. -->","yoast_head_json":{"title":"A Guarda compite na campa\u00f1a \u201cJuntos brillamos m\u00e1s\u201d de Ferrero Rocher pola famosa iluminaci\u00f3n de Nadal - Concello da Guarda","description":"ATENCI\u00d3N! A Guarda \u00e9 un dos dezasete municipios que compiten este ano na campa\u00f1a \u201cJuntos Brillamos M\u00e1s\u201d de Ferrero Rocher.","robots":{"index":"index","follow":"follow","max-snippet":"max-snippet:-1","max-image-preview":"max-image-preview:large","max-video-preview":"max-video-preview:-1"},"canonical":"https:\/\/www.aguarda.es\/en\/a-guarda-compite-na-campana-juntos-brillamos-mas-de-ferrero-rocher-pola-famosa-iluminacion-de-nadal\/","og_locale":"en_US","og_type":"article","og_title":"A Guarda compite na campa\u00f1a \u201cJuntos brillamos m\u00e1s\u201d de Ferrero Rocher pola famosa iluminaci\u00f3n de Nadal - Concello da Guarda","og_description":"ATENCI\u00d3N! A Guarda \u00e9 un dos dezasete municipios que compiten este ano na campa\u00f1a \u201cJuntos Brillamos M\u00e1s\u201d de Ferrero Rocher.","og_url":"https:\/\/www.aguarda.es\/en\/a-guarda-compite-na-campana-juntos-brillamos-mas-de-ferrero-rocher-pola-famosa-iluminacion-de-nadal\/","og_site_name":"Concello da Guarda","article_publisher":"https:\/\/www.facebook.com\/ConcellodaGuarda","article_published_time":"2025-11-03T11:14:56+00:00","og_image":[{"width":1080,"height":1350,"url":"https:\/\/www.aguarda.es\/wp-content\/uploads\/2025\/11\/Ferrero-rocher.jpg?_t=1762168496","type":"image\/jpeg"}],"author":"prensa","twitter_card":"summary_large_image","twitter_creator":"@AGuarda_es","twitter_site":"@AGuarda_es","twitter_misc":{"Written by":"prensa","Est. reading time":"1 minute"},"schema":{"@context":"https:\/\/schema.org","@graph":[{"@type":"WebPage","@id":"https:\/\/www.aguarda.es\/en\/a-guarda-compite-na-campana-juntos-brillamos-mas-de-ferrero-rocher-pola-famosa-iluminacion-de-nadal\/","url":"https:\/\/www.aguarda.es\/en\/a-guarda-compite-na-campana-juntos-brillamos-mas-de-ferrero-rocher-pola-famosa-iluminacion-de-nadal\/","name":"A Guarda compite na campa\u00f1a \u201cJuntos brillamos m\u00e1s\u201d de Ferrero Rocher pola famosa iluminaci\u00f3n de Nadal - Concello da Guarda","isPartOf":{"@id":"https:\/\/www.aguarda.es\/en\/#website"},"datePublished":"2025-11-03T11:14:56+00:00","dateModified":"2025-11-03T11:14:56+00:00","author":{"@id":"https:\/\/www.aguarda.es\/en\/#\/schema\/person\/c463ca3006858ffb349d11179d044f21"},"description":"ATENCI\u00d3N! A Guarda \u00e9 un dos dezasete municipios que compiten este ano na campa\u00f1a \u201cJuntos Brillamos M\u00e1s\u201d de Ferrero Rocher.","breadcrumb":{"@id":"https:\/\/www.aguarda.es\/en\/a-guarda-compite-na-campana-juntos-brillamos-mas-de-ferrero-rocher-pola-famosa-iluminacion-de-nadal\/#breadcrumb"},"inLanguage":"en-US","potentialAction":[{"@type":"ReadAction","target":["https:\/\/www.aguarda.es\/en\/a-guarda-compite-na-campana-juntos-brillamos-mas-de-ferrero-rocher-pola-famosa-iluminacion-de-nadal\/"]}]},{"@type":"BreadcrumbList","@id":"https:\/\/www.aguarda.es\/en\/a-guarda-compite-na-campana-juntos-brillamos-mas-de-ferrero-rocher-pola-famosa-iluminacion-de-nadal\/#breadcrumb","itemListElement":[{"@type":"ListItem","position":1,"name":"Portada","item":"https:\/\/www.aguarda.es\/en\/"},{"@type":"ListItem","position":2,"name":"A Guarda compite na campa\u00f1a \u201cJuntos brillamos m\u00e1s\u201d de Ferrero Rocher pola famosa iluminaci\u00f3n de Nadal"}]},{"@type":"WebSite","@id":"https:\/\/www.aguarda.es\/en\/#website","url":"https:\/\/www.aguarda.es\/en\/","name":"Concello da Guarda","description":"P\u00e1xina web do concello da Guarda","potentialAction":[{"@type":"SearchAction","target":{"@type":"EntryPoint","urlTemplate":"https:\/\/www.aguarda.es\/en\/?s={search_term_string}"},"query-input":"required name=search_term_string"}],"inLanguage":"en-US"},{"@type":"Person","@id":"https:\/\/www.aguarda.es\/en\/#\/schema\/person\/c463ca3006858ffb349d11179d044f21","name":"prensa","image":{"@type":"ImageObject","inLanguage":"en-US","@id":"https:\/\/www.aguarda.es\/en\/#\/schema\/person\/image\/","url":"https:\/\/secure.gravatar.com\/avatar\/5f90ef536b0f98306edf5c7a1135ffa1?s=96&d=mm&r=g","contentUrl":"https:\/\/secure.gravatar.com\/avatar\/5f90ef536b0f98306edf5c7a1135ffa1?s=96&d=mm&r=g","caption":"prensa"},"url":"https:\/\/www.aguarda.es\/en\/author\/prensa\/"}]}},"_links":{"self":[{"href":"https:\/\/www.aguarda.es\/en\/wp-json\/wp\/v2\/posts\/33692"}],"collection":[{"href":"https:\/\/www.aguarda.es\/en\/wp-json\/wp\/v2\/posts"}],"about":[{"href":"https:\/\/www.aguarda.es\/en\/wp-json\/wp\/v2\/types\/post"}],"author":[{"embeddable":true,"href":"https:\/\/www.aguarda.es\/en\/wp-json\/wp\/v2\/users\/2"}],"replies":[{"embeddable":true,"href":"https:\/\/www.aguarda.es\/en\/wp-json\/wp\/v2\/comments?post=33692"}],"version-history":[{"count":1,"href":"https:\/\/www.aguarda.es\/en\/wp-json\/wp\/v2\/posts\/33692\/revisions"}],"predecessor-version":[{"id":33695,"href":"https:\/\/www.aguarda.es\/en\/wp-json\/wp\/v2\/posts\/33692\/revisions\/33695"}],"wp:featuredmedia":[{"embeddable":true,"href":"https:\/\/www.aguarda.es\/en\/wp-json\/wp\/v2\/media\/33693"}],"wp:attachment":[{"href":"https:\/\/www.aguarda.es\/en\/wp-json\/wp\/v2\/media?parent=33692"}],"wp:term":[{"taxonomy":"category","embeddable":true,"href":"https:\/\/www.aguarda.es\/en\/wp-json\/wp\/v2\/categories?post=33692"},{"taxonomy":"post_tag","embeddable":true,"href":"https:\/\/www.aguarda.es\/en\/wp-json\/wp\/v2\/tags?post=33692"}],"curies":[{"name":"wp","href":"https:\/\/api.w.org\/{rel}","templated":true}]}}