{"id":33801,"date":"2025-11-20T09:54:04","date_gmt":"2025-11-20T09:54:04","guid":{"rendered":"https:\/\/www.aguarda.es\/?p=33801"},"modified":"2025-11-20T09:54:04","modified_gmt":"2025-11-20T09:54:04","slug":"a-artista-violeta-arisha-expon-a-sua-obra-cargada-de-experimentacion-na-casa-dos-alonso","status":"publish","type":"post","link":"https:\/\/www.aguarda.es\/en\/a-artista-violeta-arisha-expon-a-sua-obra-cargada-de-experimentacion-na-casa-dos-alonso\/","title":{"rendered":"A artista Violeta Arisha exp\u00f3n a s\u00faa obra cargada de experimentaci\u00f3n na Casa dos Alonso"},"content":{"rendered":"<p class=\"western\" align=\"left\"><span style=\"font-family: Arial, sans-serif; color: #000000;\"><span lang=\"gl-ES\">A Casa dos Alonso acolle unha nova exposici\u00f3n para rematar o mes de novembro. Esta exposici\u00f3n acoller\u00e1 a obra de Violeta Arisha desde o luns 24 de novembro ata o 4 de decembro.<\/span><\/span><\/p>\n<p class=\"western\" lang=\"gl-ES\" align=\"left\"><span style=\"font-family: Arial, sans-serif; color: #000000;\">Os cadros desta artista mostran o seu inconformismo e experimentaci\u00f3n coa mestura de distintos materiais como tintas, acl\u00edricos e \u00f3leos, para lograr un efecto fresco e liberador. Deste xeito, en ocasi\u00f3ns o resultado \u00e9 postimpresionista e, noutras, m\u00e1is abstracta.<\/span><\/p>\n","protected":false},"excerpt":{"rendered":"<p>A Casa dos Alonso acolle unha nova exposici\u00f3n para rematar o mes de novembro. Esta exposici\u00f3n acoller\u00e1 a obra de Violeta Arisha desde o luns 24 de novembro ata o 4 de decembro. Os cadros desta artista mostran o seu &hellip; <\/p>\n","protected":false},"author":2,"featured_media":33802,"comment_status":"closed","ping_status":"closed","sticky":false,"template":"","format":"standard","meta":[],"categories":[34,363],"tags":[],"yoast_head":"<!-- This site is optimized with the Yoast SEO plugin v21.1 - https:\/\/yoast.com\/wordpress\/plugins\/seo\/ -->\n<title>A artista Violeta Arisha exp\u00f3n a s\u00faa obra cargada de experimentaci\u00f3n na Casa dos Alonso - Concello da Guarda<\/title>\n<meta name=\"description\" content=\"A Casa dos Alonso acolle unha nova exposici\u00f3n para rematar o mes de novembro. Esta exposici\u00f3n acoller\u00e1 a obra de Violeta Arisha desde o luns\" \/>\n<meta name=\"robots\" content=\"index, follow, max-snippet:-1, max-image-preview:large, max-video-preview:-1\" \/>\n<link rel=\"canonical\" href=\"https:\/\/www.aguarda.es\/en\/a-artista-violeta-arisha-expon-a-sua-obra-cargada-de-experimentacion-na-casa-dos-alonso\/\" \/>\n<meta property=\"og:locale\" content=\"en_US\" \/>\n<meta property=\"og:type\" content=\"article\" \/>\n<meta property=\"og:title\" content=\"A artista Violeta Arisha exp\u00f3n a s\u00faa obra cargada de experimentaci\u00f3n na Casa dos Alonso - Concello da Guarda\" \/>\n<meta property=\"og:description\" content=\"A Casa dos Alonso acolle unha nova exposici\u00f3n para rematar o mes de novembro. Esta exposici\u00f3n acoller\u00e1 a obra de Violeta Arisha desde o luns\" \/>\n<meta property=\"og:url\" content=\"https:\/\/www.aguarda.es\/en\/a-artista-violeta-arisha-expon-a-sua-obra-cargada-de-experimentacion-na-casa-dos-alonso\/\" \/>\n<meta property=\"og:site_name\" content=\"Concello da Guarda\" \/>\n<meta property=\"article:publisher\" content=\"https:\/\/www.facebook.com\/ConcellodaGuarda\" \/>\n<meta property=\"article:published_time\" content=\"2025-11-20T09:54:04+00:00\" \/>\n<meta property=\"og:image\" content=\"https:\/\/www.aguarda.es\/wp-content\/uploads\/2025\/11\/Cartel-Violeta-Arisha.jpg?_t=1763632444\" \/>\n\t<meta property=\"og:image:width\" content=\"1080\" \/>\n\t<meta property=\"og:image:height\" content=\"1350\" \/>\n\t<meta property=\"og:image:type\" content=\"image\/jpeg\" \/>\n<meta name=\"author\" content=\"prensa\" \/>\n<meta name=\"twitter:card\" content=\"summary_large_image\" \/>\n<meta name=\"twitter:creator\" content=\"@AGuarda_es\" \/>\n<meta name=\"twitter:site\" content=\"@AGuarda_es\" \/>\n<meta name=\"twitter:label1\" content=\"Written by\" \/>\n\t<meta name=\"twitter:data1\" content=\"prensa\" \/>\n\t<meta name=\"twitter:label2\" content=\"Est. reading time\" \/>\n\t<meta name=\"twitter:data2\" content=\"1 minute\" \/>\n<script type=\"application\/ld+json\" class=\"yoast-schema-graph\">{\"@context\":\"https:\/\/schema.org\",\"@graph\":[{\"@type\":\"WebPage\",\"@id\":\"https:\/\/www.aguarda.es\/en\/a-artista-violeta-arisha-expon-a-sua-obra-cargada-de-experimentacion-na-casa-dos-alonso\/\",\"url\":\"https:\/\/www.aguarda.es\/en\/a-artista-violeta-arisha-expon-a-sua-obra-cargada-de-experimentacion-na-casa-dos-alonso\/\",\"name\":\"A artista Violeta Arisha exp\u00f3n a s\u00faa obra cargada de experimentaci\u00f3n na Casa dos Alonso - Concello da Guarda\",\"isPartOf\":{\"@id\":\"https:\/\/www.aguarda.es\/en\/#website\"},\"datePublished\":\"2025-11-20T09:54:04+00:00\",\"dateModified\":\"2025-11-20T09:54:04+00:00\",\"author\":{\"@id\":\"https:\/\/www.aguarda.es\/en\/#\/schema\/person\/c463ca3006858ffb349d11179d044f21\"},\"description\":\"A Casa dos Alonso acolle unha nova exposici\u00f3n para rematar o mes de novembro. Esta exposici\u00f3n acoller\u00e1 a obra de Violeta Arisha desde o luns\",\"breadcrumb\":{\"@id\":\"https:\/\/www.aguarda.es\/en\/a-artista-violeta-arisha-expon-a-sua-obra-cargada-de-experimentacion-na-casa-dos-alonso\/#breadcrumb\"},\"inLanguage\":\"en-US\",\"potentialAction\":[{\"@type\":\"ReadAction\",\"target\":[\"https:\/\/www.aguarda.es\/en\/a-artista-violeta-arisha-expon-a-sua-obra-cargada-de-experimentacion-na-casa-dos-alonso\/\"]}]},{\"@type\":\"BreadcrumbList\",\"@id\":\"https:\/\/www.aguarda.es\/en\/a-artista-violeta-arisha-expon-a-sua-obra-cargada-de-experimentacion-na-casa-dos-alonso\/#breadcrumb\",\"itemListElement\":[{\"@type\":\"ListItem\",\"position\":1,\"name\":\"Portada\",\"item\":\"https:\/\/www.aguarda.es\/en\/\"},{\"@type\":\"ListItem\",\"position\":2,\"name\":\"A artista Violeta Arisha exp\u00f3n a s\u00faa obra cargada de experimentaci\u00f3n na Casa dos Alonso\"}]},{\"@type\":\"WebSite\",\"@id\":\"https:\/\/www.aguarda.es\/en\/#website\",\"url\":\"https:\/\/www.aguarda.es\/en\/\",\"name\":\"Concello da Guarda\",\"description\":\"P\u00e1xina web do concello da Guarda\",\"potentialAction\":[{\"@type\":\"SearchAction\",\"target\":{\"@type\":\"EntryPoint\",\"urlTemplate\":\"https:\/\/www.aguarda.es\/en\/?s={search_term_string}\"},\"query-input\":\"required name=search_term_string\"}],\"inLanguage\":\"en-US\"},{\"@type\":\"Person\",\"@id\":\"https:\/\/www.aguarda.es\/en\/#\/schema\/person\/c463ca3006858ffb349d11179d044f21\",\"name\":\"prensa\",\"image\":{\"@type\":\"ImageObject\",\"inLanguage\":\"en-US\",\"@id\":\"https:\/\/www.aguarda.es\/en\/#\/schema\/person\/image\/\",\"url\":\"https:\/\/secure.gravatar.com\/avatar\/5f90ef536b0f98306edf5c7a1135ffa1?s=96&d=mm&r=g\",\"contentUrl\":\"https:\/\/secure.gravatar.com\/avatar\/5f90ef536b0f98306edf5c7a1135ffa1?s=96&d=mm&r=g\",\"caption\":\"prensa\"},\"url\":\"https:\/\/www.aguarda.es\/en\/author\/prensa\/\"}]}<\/script>\n<!-- \/ Yoast SEO plugin. -->","yoast_head_json":{"title":"A artista Violeta Arisha exp\u00f3n a s\u00faa obra cargada de experimentaci\u00f3n na Casa dos Alonso - Concello da Guarda","description":"A Casa dos Alonso acolle unha nova exposici\u00f3n para rematar o mes de novembro. Esta exposici\u00f3n acoller\u00e1 a obra de Violeta Arisha desde o luns","robots":{"index":"index","follow":"follow","max-snippet":"max-snippet:-1","max-image-preview":"max-image-preview:large","max-video-preview":"max-video-preview:-1"},"canonical":"https:\/\/www.aguarda.es\/en\/a-artista-violeta-arisha-expon-a-sua-obra-cargada-de-experimentacion-na-casa-dos-alonso\/","og_locale":"en_US","og_type":"article","og_title":"A artista Violeta Arisha exp\u00f3n a s\u00faa obra cargada de experimentaci\u00f3n na Casa dos Alonso - Concello da Guarda","og_description":"A Casa dos Alonso acolle unha nova exposici\u00f3n para rematar o mes de novembro. Esta exposici\u00f3n acoller\u00e1 a obra de Violeta Arisha desde o luns","og_url":"https:\/\/www.aguarda.es\/en\/a-artista-violeta-arisha-expon-a-sua-obra-cargada-de-experimentacion-na-casa-dos-alonso\/","og_site_name":"Concello da Guarda","article_publisher":"https:\/\/www.facebook.com\/ConcellodaGuarda","article_published_time":"2025-11-20T09:54:04+00:00","og_image":[{"width":1080,"height":1350,"url":"https:\/\/www.aguarda.es\/wp-content\/uploads\/2025\/11\/Cartel-Violeta-Arisha.jpg?_t=1763632444","type":"image\/jpeg"}],"author":"prensa","twitter_card":"summary_large_image","twitter_creator":"@AGuarda_es","twitter_site":"@AGuarda_es","twitter_misc":{"Written by":"prensa","Est. reading time":"1 minute"},"schema":{"@context":"https:\/\/schema.org","@graph":[{"@type":"WebPage","@id":"https:\/\/www.aguarda.es\/en\/a-artista-violeta-arisha-expon-a-sua-obra-cargada-de-experimentacion-na-casa-dos-alonso\/","url":"https:\/\/www.aguarda.es\/en\/a-artista-violeta-arisha-expon-a-sua-obra-cargada-de-experimentacion-na-casa-dos-alonso\/","name":"A artista Violeta Arisha exp\u00f3n a s\u00faa obra cargada de experimentaci\u00f3n na Casa dos Alonso - Concello da Guarda","isPartOf":{"@id":"https:\/\/www.aguarda.es\/en\/#website"},"datePublished":"2025-11-20T09:54:04+00:00","dateModified":"2025-11-20T09:54:04+00:00","author":{"@id":"https:\/\/www.aguarda.es\/en\/#\/schema\/person\/c463ca3006858ffb349d11179d044f21"},"description":"A Casa dos Alonso acolle unha nova exposici\u00f3n para rematar o mes de novembro. Esta exposici\u00f3n acoller\u00e1 a obra de Violeta Arisha desde o luns","breadcrumb":{"@id":"https:\/\/www.aguarda.es\/en\/a-artista-violeta-arisha-expon-a-sua-obra-cargada-de-experimentacion-na-casa-dos-alonso\/#breadcrumb"},"inLanguage":"en-US","potentialAction":[{"@type":"ReadAction","target":["https:\/\/www.aguarda.es\/en\/a-artista-violeta-arisha-expon-a-sua-obra-cargada-de-experimentacion-na-casa-dos-alonso\/"]}]},{"@type":"BreadcrumbList","@id":"https:\/\/www.aguarda.es\/en\/a-artista-violeta-arisha-expon-a-sua-obra-cargada-de-experimentacion-na-casa-dos-alonso\/#breadcrumb","itemListElement":[{"@type":"ListItem","position":1,"name":"Portada","item":"https:\/\/www.aguarda.es\/en\/"},{"@type":"ListItem","position":2,"name":"A artista Violeta Arisha exp\u00f3n a s\u00faa obra cargada de experimentaci\u00f3n na Casa dos Alonso"}]},{"@type":"WebSite","@id":"https:\/\/www.aguarda.es\/en\/#website","url":"https:\/\/www.aguarda.es\/en\/","name":"Concello da Guarda","description":"P\u00e1xina web do concello da Guarda","potentialAction":[{"@type":"SearchAction","target":{"@type":"EntryPoint","urlTemplate":"https:\/\/www.aguarda.es\/en\/?s={search_term_string}"},"query-input":"required name=search_term_string"}],"inLanguage":"en-US"},{"@type":"Person","@id":"https:\/\/www.aguarda.es\/en\/#\/schema\/person\/c463ca3006858ffb349d11179d044f21","name":"prensa","image":{"@type":"ImageObject","inLanguage":"en-US","@id":"https:\/\/www.aguarda.es\/en\/#\/schema\/person\/image\/","url":"https:\/\/secure.gravatar.com\/avatar\/5f90ef536b0f98306edf5c7a1135ffa1?s=96&d=mm&r=g","contentUrl":"https:\/\/secure.gravatar.com\/avatar\/5f90ef536b0f98306edf5c7a1135ffa1?s=96&d=mm&r=g","caption":"prensa"},"url":"https:\/\/www.aguarda.es\/en\/author\/prensa\/"}]}},"_links":{"self":[{"href":"https:\/\/www.aguarda.es\/en\/wp-json\/wp\/v2\/posts\/33801"}],"collection":[{"href":"https:\/\/www.aguarda.es\/en\/wp-json\/wp\/v2\/posts"}],"about":[{"href":"https:\/\/www.aguarda.es\/en\/wp-json\/wp\/v2\/types\/post"}],"author":[{"embeddable":true,"href":"https:\/\/www.aguarda.es\/en\/wp-json\/wp\/v2\/users\/2"}],"replies":[{"embeddable":true,"href":"https:\/\/www.aguarda.es\/en\/wp-json\/wp\/v2\/comments?post=33801"}],"version-history":[{"count":1,"href":"https:\/\/www.aguarda.es\/en\/wp-json\/wp\/v2\/posts\/33801\/revisions"}],"predecessor-version":[{"id":33804,"href":"https:\/\/www.aguarda.es\/en\/wp-json\/wp\/v2\/posts\/33801\/revisions\/33804"}],"wp:featuredmedia":[{"embeddable":true,"href":"https:\/\/www.aguarda.es\/en\/wp-json\/wp\/v2\/media\/33802"}],"wp:attachment":[{"href":"https:\/\/www.aguarda.es\/en\/wp-json\/wp\/v2\/media?parent=33801"}],"wp:term":[{"taxonomy":"category","embeddable":true,"href":"https:\/\/www.aguarda.es\/en\/wp-json\/wp\/v2\/categories?post=33801"},{"taxonomy":"post_tag","embeddable":true,"href":"https:\/\/www.aguarda.es\/en\/wp-json\/wp\/v2\/tags?post=33801"}],"curies":[{"name":"wp","href":"https:\/\/api.w.org\/{rel}","templated":true}]}}