{"id":33841,"date":"2025-11-26T08:17:39","date_gmt":"2025-11-26T08:17:39","guid":{"rendered":"https:\/\/www.aguarda.es\/?p=33841"},"modified":"2025-11-26T08:17:39","modified_gmt":"2025-11-26T08:17:39","slug":"modificacion-do-pleno-ordinario-para-o-luns-1","status":"publish","type":"post","link":"https:\/\/www.aguarda.es\/en\/modificacion-do-pleno-ordinario-para-o-luns-1\/","title":{"rendered":"Modificaci\u00f3n do pleno ordinario para o luns 1"},"content":{"rendered":"<div class=\"entry-content\">\n<p>O Concello da Guarda modifica a data do pleno ordinario convocado para este m\u00e9rcores 26 para o pr\u00f3ximo <strong>luns 1 de decembro \u00e1s 20:00h no Sal\u00f3n de Plenos da Casa dos Alonso.<\/strong><\/p>\n<ol>\n<li>Toma de posesi\u00f3n do concelleiro Alejandro Gonz\u00e1lez Vicente<\/li>\n<li>Aprobaci\u00f3n das actas da sesi\u00f3n ordinaria de data 24.09.2025, extraordinaria de data 17.10.2025 e extraordinaria urxente 12.11.2025.<\/li>\n<li>Dar conta dos decretos dende o 16\/09\/2025 ata o 15\/11\/2025.<\/li>\n<li>Dar conta dos reparos de intervenci\u00f3n.<\/li>\n<li>Dar conta do informe de morosidade e per\u00edodo medio de pago do terceiro trimestre de 2025.<\/li>\n<li>Proposta alcald\u00eda aprobaci\u00f3n convenio entre o concello da Guarda e a entidade local menor de Camposancos para regular a participaci\u00f3n nos impostos do Concello.<\/li>\n<li>Proposta alcald\u00eda, aprobaci\u00f3n convenio residuos vidro 2025.<\/li>\n<li>Proposta alcald\u00eda, apoio declaraci\u00f3n institucional FEGAMP 25N 2025, D\u00eda Internacional para a eliminaci\u00f3n da violencia contra as mulleres.<\/li>\n<li>Solicitude compatibilidade Marcos Cabadas Avi\u00f3n.<\/li>\n<li>Moci\u00f3n presentada polo Grupo Municipal socialista para solicitar a publicaci\u00f3n das subvenci\u00f3ns municipais por concorrencia competitiva no primeiro semestre do ano.<\/li>\n<li>Moci\u00f3n do Grupo Municipal Socialista para a colocaci\u00f3n de papeleiras de separaci\u00f3n de residuos no concello da Guarda.<\/li>\n<li>Moci\u00f3n do Grupo Municipal Socialista con motivo do D\u00eda internacional da eliminaci\u00f3n da violencia contra a muller.<\/li>\n<li>Moci\u00f3n do BNG relativa \u00e1 reivindicaci\u00f3n do d\u00eda 25 de novembro e \u00e1 necesidade de incrementar os recursos p\u00fablicos para facer fronte \u00e1 violencia machista.<\/li>\n<li>Moci\u00f3n do Grupo Municipal Socialista para a mellora do transporte p\u00fablico comarcal no Baixo Mi\u00f1o e a s\u00faa integraci\u00f3n cos principais servizos p\u00fablicos.<\/li>\n<\/ol>\n<\/div>\n<div class=\"entry-tag-share\">\n<div class=\"row\"><\/div>\n<\/div>\n","protected":false},"excerpt":{"rendered":"<p>O Concello da Guarda modifica a data do pleno ordinario convocado para este m\u00e9rcores 26 para o pr\u00f3ximo luns 1 de decembro \u00e1s 20:00h no Sal\u00f3n de Plenos da Casa dos Alonso. Toma de posesi\u00f3n do concelleiro Alejandro Gonz\u00e1lez Vicente &hellip; <\/p>\n","protected":false},"author":2,"featured_media":33842,"comment_status":"closed","ping_status":"closed","sticky":false,"template":"","format":"standard","meta":[],"categories":[33,363],"tags":[],"yoast_head":"<!-- This site is optimized with the Yoast SEO plugin v21.1 - https:\/\/yoast.com\/wordpress\/plugins\/seo\/ -->\n<title>Modificaci\u00f3n do pleno ordinario para o luns 1 - Concello da Guarda<\/title>\n<meta name=\"description\" content=\"O Concello da Guarda modifica a data do pleno ordinario convocado para este m\u00e9rcores 26 para o pr\u00f3ximo luns 1 de decembro \u00e1s 20:00h no Sal\u00f3n\" \/>\n<meta name=\"robots\" content=\"index, follow, max-snippet:-1, max-image-preview:large, max-video-preview:-1\" \/>\n<link rel=\"canonical\" href=\"https:\/\/www.aguarda.es\/en\/modificacion-do-pleno-ordinario-para-o-luns-1\/\" \/>\n<meta property=\"og:locale\" content=\"en_US\" \/>\n<meta property=\"og:type\" content=\"article\" \/>\n<meta property=\"og:title\" content=\"Modificaci\u00f3n do pleno ordinario para o luns 1 - Concello da Guarda\" \/>\n<meta property=\"og:description\" content=\"O Concello da Guarda modifica a data do pleno ordinario convocado para este m\u00e9rcores 26 para o pr\u00f3ximo luns 1 de decembro \u00e1s 20:00h no Sal\u00f3n\" \/>\n<meta property=\"og:url\" content=\"https:\/\/www.aguarda.es\/en\/modificacion-do-pleno-ordinario-para-o-luns-1\/\" \/>\n<meta property=\"og:site_name\" content=\"Concello da Guarda\" \/>\n<meta property=\"article:publisher\" content=\"https:\/\/www.facebook.com\/ConcellodaGuarda\" \/>\n<meta property=\"article:published_time\" content=\"2025-11-26T08:17:39+00:00\" \/>\n<meta property=\"og:image\" content=\"https:\/\/www.aguarda.es\/wp-content\/uploads\/2025\/11\/pleno-ordinario-1.jpg?_t=1764145060\" \/>\n\t<meta property=\"og:image:width\" content=\"1080\" \/>\n\t<meta property=\"og:image:height\" content=\"1080\" \/>\n\t<meta property=\"og:image:type\" content=\"image\/jpeg\" \/>\n<meta name=\"author\" content=\"prensa\" \/>\n<meta name=\"twitter:card\" content=\"summary_large_image\" \/>\n<meta name=\"twitter:creator\" content=\"@AGuarda_es\" \/>\n<meta name=\"twitter:site\" content=\"@AGuarda_es\" \/>\n<meta name=\"twitter:label1\" content=\"Written by\" \/>\n\t<meta name=\"twitter:data1\" content=\"prensa\" \/>\n\t<meta name=\"twitter:label2\" content=\"Est. reading time\" \/>\n\t<meta name=\"twitter:data2\" content=\"2 minutes\" \/>\n<script type=\"application\/ld+json\" class=\"yoast-schema-graph\">{\"@context\":\"https:\/\/schema.org\",\"@graph\":[{\"@type\":\"WebPage\",\"@id\":\"https:\/\/www.aguarda.es\/en\/modificacion-do-pleno-ordinario-para-o-luns-1\/\",\"url\":\"https:\/\/www.aguarda.es\/en\/modificacion-do-pleno-ordinario-para-o-luns-1\/\",\"name\":\"Modificaci\u00f3n do pleno ordinario para o luns 1 - Concello da Guarda\",\"isPartOf\":{\"@id\":\"https:\/\/www.aguarda.es\/en\/#website\"},\"datePublished\":\"2025-11-26T08:17:39+00:00\",\"dateModified\":\"2025-11-26T08:17:39+00:00\",\"author\":{\"@id\":\"https:\/\/www.aguarda.es\/en\/#\/schema\/person\/c463ca3006858ffb349d11179d044f21\"},\"description\":\"O Concello da Guarda modifica a data do pleno ordinario convocado para este m\u00e9rcores 26 para o pr\u00f3ximo luns 1 de decembro \u00e1s 20:00h no Sal\u00f3n\",\"breadcrumb\":{\"@id\":\"https:\/\/www.aguarda.es\/en\/modificacion-do-pleno-ordinario-para-o-luns-1\/#breadcrumb\"},\"inLanguage\":\"en-US\",\"potentialAction\":[{\"@type\":\"ReadAction\",\"target\":[\"https:\/\/www.aguarda.es\/en\/modificacion-do-pleno-ordinario-para-o-luns-1\/\"]}]},{\"@type\":\"BreadcrumbList\",\"@id\":\"https:\/\/www.aguarda.es\/en\/modificacion-do-pleno-ordinario-para-o-luns-1\/#breadcrumb\",\"itemListElement\":[{\"@type\":\"ListItem\",\"position\":1,\"name\":\"Portada\",\"item\":\"https:\/\/www.aguarda.es\/en\/\"},{\"@type\":\"ListItem\",\"position\":2,\"name\":\"Modificaci\u00f3n do pleno ordinario para o luns 1\"}]},{\"@type\":\"WebSite\",\"@id\":\"https:\/\/www.aguarda.es\/en\/#website\",\"url\":\"https:\/\/www.aguarda.es\/en\/\",\"name\":\"Concello da Guarda\",\"description\":\"P\u00e1xina web do concello da Guarda\",\"potentialAction\":[{\"@type\":\"SearchAction\",\"target\":{\"@type\":\"EntryPoint\",\"urlTemplate\":\"https:\/\/www.aguarda.es\/en\/?s={search_term_string}\"},\"query-input\":\"required name=search_term_string\"}],\"inLanguage\":\"en-US\"},{\"@type\":\"Person\",\"@id\":\"https:\/\/www.aguarda.es\/en\/#\/schema\/person\/c463ca3006858ffb349d11179d044f21\",\"name\":\"prensa\",\"image\":{\"@type\":\"ImageObject\",\"inLanguage\":\"en-US\",\"@id\":\"https:\/\/www.aguarda.es\/en\/#\/schema\/person\/image\/\",\"url\":\"https:\/\/secure.gravatar.com\/avatar\/5f90ef536b0f98306edf5c7a1135ffa1?s=96&d=mm&r=g\",\"contentUrl\":\"https:\/\/secure.gravatar.com\/avatar\/5f90ef536b0f98306edf5c7a1135ffa1?s=96&d=mm&r=g\",\"caption\":\"prensa\"},\"url\":\"https:\/\/www.aguarda.es\/en\/author\/prensa\/\"}]}<\/script>\n<!-- \/ Yoast SEO plugin. -->","yoast_head_json":{"title":"Modificaci\u00f3n do pleno ordinario para o luns 1 - Concello da Guarda","description":"O Concello da Guarda modifica a data do pleno ordinario convocado para este m\u00e9rcores 26 para o pr\u00f3ximo luns 1 de decembro \u00e1s 20:00h no Sal\u00f3n","robots":{"index":"index","follow":"follow","max-snippet":"max-snippet:-1","max-image-preview":"max-image-preview:large","max-video-preview":"max-video-preview:-1"},"canonical":"https:\/\/www.aguarda.es\/en\/modificacion-do-pleno-ordinario-para-o-luns-1\/","og_locale":"en_US","og_type":"article","og_title":"Modificaci\u00f3n do pleno ordinario para o luns 1 - Concello da Guarda","og_description":"O Concello da Guarda modifica a data do pleno ordinario convocado para este m\u00e9rcores 26 para o pr\u00f3ximo luns 1 de decembro \u00e1s 20:00h no Sal\u00f3n","og_url":"https:\/\/www.aguarda.es\/en\/modificacion-do-pleno-ordinario-para-o-luns-1\/","og_site_name":"Concello da Guarda","article_publisher":"https:\/\/www.facebook.com\/ConcellodaGuarda","article_published_time":"2025-11-26T08:17:39+00:00","og_image":[{"width":1080,"height":1080,"url":"https:\/\/www.aguarda.es\/wp-content\/uploads\/2025\/11\/pleno-ordinario-1.jpg?_t=1764145060","type":"image\/jpeg"}],"author":"prensa","twitter_card":"summary_large_image","twitter_creator":"@AGuarda_es","twitter_site":"@AGuarda_es","twitter_misc":{"Written by":"prensa","Est. reading time":"2 minutes"},"schema":{"@context":"https:\/\/schema.org","@graph":[{"@type":"WebPage","@id":"https:\/\/www.aguarda.es\/en\/modificacion-do-pleno-ordinario-para-o-luns-1\/","url":"https:\/\/www.aguarda.es\/en\/modificacion-do-pleno-ordinario-para-o-luns-1\/","name":"Modificaci\u00f3n do pleno ordinario para o luns 1 - Concello da Guarda","isPartOf":{"@id":"https:\/\/www.aguarda.es\/en\/#website"},"datePublished":"2025-11-26T08:17:39+00:00","dateModified":"2025-11-26T08:17:39+00:00","author":{"@id":"https:\/\/www.aguarda.es\/en\/#\/schema\/person\/c463ca3006858ffb349d11179d044f21"},"description":"O Concello da Guarda modifica a data do pleno ordinario convocado para este m\u00e9rcores 26 para o pr\u00f3ximo luns 1 de decembro \u00e1s 20:00h no Sal\u00f3n","breadcrumb":{"@id":"https:\/\/www.aguarda.es\/en\/modificacion-do-pleno-ordinario-para-o-luns-1\/#breadcrumb"},"inLanguage":"en-US","potentialAction":[{"@type":"ReadAction","target":["https:\/\/www.aguarda.es\/en\/modificacion-do-pleno-ordinario-para-o-luns-1\/"]}]},{"@type":"BreadcrumbList","@id":"https:\/\/www.aguarda.es\/en\/modificacion-do-pleno-ordinario-para-o-luns-1\/#breadcrumb","itemListElement":[{"@type":"ListItem","position":1,"name":"Portada","item":"https:\/\/www.aguarda.es\/en\/"},{"@type":"ListItem","position":2,"name":"Modificaci\u00f3n do pleno ordinario para o luns 1"}]},{"@type":"WebSite","@id":"https:\/\/www.aguarda.es\/en\/#website","url":"https:\/\/www.aguarda.es\/en\/","name":"Concello da Guarda","description":"P\u00e1xina web do concello da Guarda","potentialAction":[{"@type":"SearchAction","target":{"@type":"EntryPoint","urlTemplate":"https:\/\/www.aguarda.es\/en\/?s={search_term_string}"},"query-input":"required name=search_term_string"}],"inLanguage":"en-US"},{"@type":"Person","@id":"https:\/\/www.aguarda.es\/en\/#\/schema\/person\/c463ca3006858ffb349d11179d044f21","name":"prensa","image":{"@type":"ImageObject","inLanguage":"en-US","@id":"https:\/\/www.aguarda.es\/en\/#\/schema\/person\/image\/","url":"https:\/\/secure.gravatar.com\/avatar\/5f90ef536b0f98306edf5c7a1135ffa1?s=96&d=mm&r=g","contentUrl":"https:\/\/secure.gravatar.com\/avatar\/5f90ef536b0f98306edf5c7a1135ffa1?s=96&d=mm&r=g","caption":"prensa"},"url":"https:\/\/www.aguarda.es\/en\/author\/prensa\/"}]}},"_links":{"self":[{"href":"https:\/\/www.aguarda.es\/en\/wp-json\/wp\/v2\/posts\/33841"}],"collection":[{"href":"https:\/\/www.aguarda.es\/en\/wp-json\/wp\/v2\/posts"}],"about":[{"href":"https:\/\/www.aguarda.es\/en\/wp-json\/wp\/v2\/types\/post"}],"author":[{"embeddable":true,"href":"https:\/\/www.aguarda.es\/en\/wp-json\/wp\/v2\/users\/2"}],"replies":[{"embeddable":true,"href":"https:\/\/www.aguarda.es\/en\/wp-json\/wp\/v2\/comments?post=33841"}],"version-history":[{"count":1,"href":"https:\/\/www.aguarda.es\/en\/wp-json\/wp\/v2\/posts\/33841\/revisions"}],"predecessor-version":[{"id":33844,"href":"https:\/\/www.aguarda.es\/en\/wp-json\/wp\/v2\/posts\/33841\/revisions\/33844"}],"wp:featuredmedia":[{"embeddable":true,"href":"https:\/\/www.aguarda.es\/en\/wp-json\/wp\/v2\/media\/33842"}],"wp:attachment":[{"href":"https:\/\/www.aguarda.es\/en\/wp-json\/wp\/v2\/media?parent=33841"}],"wp:term":[{"taxonomy":"category","embeddable":true,"href":"https:\/\/www.aguarda.es\/en\/wp-json\/wp\/v2\/categories?post=33841"},{"taxonomy":"post_tag","embeddable":true,"href":"https:\/\/www.aguarda.es\/en\/wp-json\/wp\/v2\/tags?post=33841"}],"curies":[{"name":"wp","href":"https:\/\/api.w.org\/{rel}","templated":true}]}}