{"id":33849,"date":"2025-11-27T10:16:09","date_gmt":"2025-11-27T10:16:09","guid":{"rendered":"https:\/\/www.aguarda.es\/?p=33849"},"modified":"2025-11-27T10:16:09","modified_gmt":"2025-11-27T10:16:09","slug":"a-guarda-comeza-as-obras-da-piscina-municipal-que-se-convertera-en-referencia-deportiva-da-comarca","status":"publish","type":"post","link":"https:\/\/www.aguarda.es\/en\/a-guarda-comeza-as-obras-da-piscina-municipal-que-se-convertera-en-referencia-deportiva-da-comarca\/","title":{"rendered":"A Guarda comeza as obras da piscina municipal que se converter\u00e1 en referencia deportiva da comarca"},"content":{"rendered":"<p class=\"western\" align=\"left\"><span style=\"font-family: Arial, sans-serif; color: #000000;\"><span lang=\"gl-ES\">O pr\u00f3ximo <strong>6 de decembro a piscina municipal da Guarda pechar\u00e1 as s\u00faas porta<\/strong>s para dar comezo \u00e1s obras de mellora e rehabilitaci\u00f3n enerx\u00e9tica. No mes de decembro xa non se realizar\u00e1n cursos nin actividades, nin se pasar\u00e1 recibo do mes de decembro aos usuarios. Do <strong>1 ao 5 de decembro a piscina estar\u00e1 aberta de xeito totalmente gratu\u00edto.<\/strong><\/span><\/span><\/p>\n<p class=\"western\" align=\"left\"><span style=\"font-family: Arial, sans-serif; color: #000000;\"><span lang=\"gl-ES\">A piscina municipal da Guarda sufrir\u00e1 unha renovaci\u00f3n total, destacando a rehabilitaci\u00f3n enerx\u00e9tica. Actualmente, o consumo enerx\u00e9tico \u00e9 moi elevado pola s\u00faa antig\u00fcidade, polo que se realizar\u00e1n un conxunto de medidas que reducir\u00e1n nun <strong>78% o seu consumo actual. <\/strong><\/span><\/span><\/p>\n<p class=\"western\" align=\"left\"><span style=\"font-family: Arial, sans-serif; color: #000000;\"><span lang=\"gl-ES\">Para conseguir unha maior eficiencia enerx\u00e9tica procederase \u00e1 instalaci\u00f3n de paneis fotovoltaicos, dun novo sistema de climatizaci\u00f3n por aerotermia, do sistema de illamento t\u00e9rmico exterior (SATE), do sistema hidr\u00e1ulico e tratamento da auga, as\u00ed como ao cambio de toda a iluminaci\u00f3n por tecnolox\u00eda LED de baixo consumo.<\/span><\/span><\/p>\n<p class=\"western\" align=\"left\"><span style=\"font-family: Arial, sans-serif; color: #000000;\"><span lang=\"gl-ES\">As instalaci\u00f3ns deportivas tam\u00e9n sufrir\u00e1n cambios e melloras importantes. Como principal novidade, construirase unha <strong>piscina pequena<\/strong> para que sexa o primeiro contacto dos m\u00e1is pequenos coa auga cunha maior seguridade. Ademais, ampliarase o espazo dedicado ao ximnasio e ao spa, que pasar\u00e1 de ter sauna e jacuzzi a inclu\u00edr tam\u00e9n un ba\u00f1o turco. En todos estes espazos, gar\u00e1ntese a accesibilidade universal, eliminando barreiras arquitect\u00f3nicas e realizando melloras en vestiarios, accesos e equipamentos adaptados.<\/span><\/span><\/p>\n<p class=\"western\" align=\"left\"><span style=\"font-family: Arial, sans-serif; color: #000000;\"><span lang=\"gl-ES\">A inversi\u00f3n nesta rehabilitaci\u00f3n ascende aos<strong> 2.883.000\u20ac,<\/strong> contando coa subvenci\u00f3n da Xunta de Galicia de 617.000\u20ac; con 700.000\u20ac do Plan Extra da Deputaci\u00f3n de Pontevedra; e co financiamento do Programa de Impulso \u00e1 Rehabilitaci\u00f3n dos Edificios P\u00fablicos (PIREP) do Goberno de Espa\u00f1a a trav\u00e9s dos fondos Next Generation, que ascende a 1.566.000\u20ac. <\/span><\/span><\/p>\n<p class=\"western\" align=\"left\"><span style=\"font-family: Arial, sans-serif; color: #000000;\"><span lang=\"gl-ES\">Deste xeito, a renovaci\u00f3n da piscina municipal permitir\u00e1 un servizo deportivo e de sa\u00fade accesible durante todo o ano, non s\u00f3 para os habitantes da Guarda, sen\u00f3n que tam\u00e9n para os da s\u00faa comarca, sendo a \u00fanica piscina cuberta p\u00fablica do Baixo Mi\u00f1o.<\/span><\/span><\/p>\n","protected":false},"excerpt":{"rendered":"<p>O pr\u00f3ximo 6 de decembro a piscina municipal da Guarda pechar\u00e1 as s\u00faas portas para dar comezo \u00e1s obras de mellora e rehabilitaci\u00f3n enerx\u00e9tica. No mes de decembro xa non se realizar\u00e1n cursos nin actividades, nin se pasar\u00e1 recibo do &hellip; <\/p>\n","protected":false},"author":2,"featured_media":33850,"comment_status":"closed","ping_status":"closed","sticky":false,"template":"","format":"standard","meta":[],"categories":[35,47,363],"tags":[],"yoast_head":"<!-- This site is optimized with the Yoast SEO plugin v21.1 - https:\/\/yoast.com\/wordpress\/plugins\/seo\/ -->\n<title>A Guarda comeza as obras da piscina municipal que se converter\u00e1 en referencia deportiva da comarca - Concello da Guarda<\/title>\n<meta name=\"description\" content=\"O pr\u00f3ximo 6 de decembro a piscina municipal da Guarda pechar\u00e1 as s\u00faas portas para dar comezo \u00e1s obras de mellora e rehabilitaci\u00f3n enerx\u00e9tica.\" \/>\n<meta name=\"robots\" content=\"index, follow, max-snippet:-1, max-image-preview:large, max-video-preview:-1\" \/>\n<link rel=\"canonical\" href=\"https:\/\/www.aguarda.es\/en\/a-guarda-comeza-as-obras-da-piscina-municipal-que-se-convertera-en-referencia-deportiva-da-comarca\/\" \/>\n<meta property=\"og:locale\" content=\"en_US\" \/>\n<meta property=\"og:type\" content=\"article\" \/>\n<meta property=\"og:title\" content=\"A Guarda comeza as obras da piscina municipal que se converter\u00e1 en referencia deportiva da comarca - Concello da Guarda\" \/>\n<meta property=\"og:description\" content=\"O pr\u00f3ximo 6 de decembro a piscina municipal da Guarda pechar\u00e1 as s\u00faas portas para dar comezo \u00e1s obras de mellora e rehabilitaci\u00f3n enerx\u00e9tica.\" \/>\n<meta property=\"og:url\" content=\"https:\/\/www.aguarda.es\/en\/a-guarda-comeza-as-obras-da-piscina-municipal-que-se-convertera-en-referencia-deportiva-da-comarca\/\" \/>\n<meta property=\"og:site_name\" content=\"Concello da Guarda\" \/>\n<meta property=\"article:publisher\" content=\"https:\/\/www.facebook.com\/ConcellodaGuarda\" \/>\n<meta property=\"article:published_time\" content=\"2025-11-27T10:16:09+00:00\" \/>\n<meta property=\"og:image\" content=\"https:\/\/www.aguarda.es\/wp-content\/uploads\/2025\/11\/piscina-lateral.jpg?_t=1764238570\" \/>\n\t<meta property=\"og:image:width\" content=\"1363\" \/>\n\t<meta property=\"og:image:height\" content=\"771\" \/>\n\t<meta property=\"og:image:type\" content=\"image\/jpeg\" \/>\n<meta name=\"author\" content=\"prensa\" \/>\n<meta name=\"twitter:card\" content=\"summary_large_image\" \/>\n<meta name=\"twitter:creator\" content=\"@AGuarda_es\" \/>\n<meta name=\"twitter:site\" content=\"@AGuarda_es\" \/>\n<meta name=\"twitter:label1\" content=\"Written by\" \/>\n\t<meta name=\"twitter:data1\" content=\"prensa\" \/>\n\t<meta name=\"twitter:label2\" content=\"Est. reading time\" \/>\n\t<meta name=\"twitter:data2\" content=\"2 minutes\" \/>\n<script type=\"application\/ld+json\" class=\"yoast-schema-graph\">{\"@context\":\"https:\/\/schema.org\",\"@graph\":[{\"@type\":\"WebPage\",\"@id\":\"https:\/\/www.aguarda.es\/en\/a-guarda-comeza-as-obras-da-piscina-municipal-que-se-convertera-en-referencia-deportiva-da-comarca\/\",\"url\":\"https:\/\/www.aguarda.es\/en\/a-guarda-comeza-as-obras-da-piscina-municipal-que-se-convertera-en-referencia-deportiva-da-comarca\/\",\"name\":\"A Guarda comeza as obras da piscina municipal que se converter\u00e1 en referencia deportiva da comarca - Concello da Guarda\",\"isPartOf\":{\"@id\":\"https:\/\/www.aguarda.es\/en\/#website\"},\"datePublished\":\"2025-11-27T10:16:09+00:00\",\"dateModified\":\"2025-11-27T10:16:09+00:00\",\"author\":{\"@id\":\"https:\/\/www.aguarda.es\/en\/#\/schema\/person\/c463ca3006858ffb349d11179d044f21\"},\"description\":\"O pr\u00f3ximo 6 de decembro a piscina municipal da Guarda pechar\u00e1 as s\u00faas portas para dar comezo \u00e1s obras de mellora e rehabilitaci\u00f3n enerx\u00e9tica.\",\"breadcrumb\":{\"@id\":\"https:\/\/www.aguarda.es\/en\/a-guarda-comeza-as-obras-da-piscina-municipal-que-se-convertera-en-referencia-deportiva-da-comarca\/#breadcrumb\"},\"inLanguage\":\"en-US\",\"potentialAction\":[{\"@type\":\"ReadAction\",\"target\":[\"https:\/\/www.aguarda.es\/en\/a-guarda-comeza-as-obras-da-piscina-municipal-que-se-convertera-en-referencia-deportiva-da-comarca\/\"]}]},{\"@type\":\"BreadcrumbList\",\"@id\":\"https:\/\/www.aguarda.es\/en\/a-guarda-comeza-as-obras-da-piscina-municipal-que-se-convertera-en-referencia-deportiva-da-comarca\/#breadcrumb\",\"itemListElement\":[{\"@type\":\"ListItem\",\"position\":1,\"name\":\"Portada\",\"item\":\"https:\/\/www.aguarda.es\/en\/\"},{\"@type\":\"ListItem\",\"position\":2,\"name\":\"A Guarda comeza as obras da piscina municipal que se converter\u00e1 en referencia deportiva da comarca\"}]},{\"@type\":\"WebSite\",\"@id\":\"https:\/\/www.aguarda.es\/en\/#website\",\"url\":\"https:\/\/www.aguarda.es\/en\/\",\"name\":\"Concello da Guarda\",\"description\":\"P\u00e1xina web do concello da Guarda\",\"potentialAction\":[{\"@type\":\"SearchAction\",\"target\":{\"@type\":\"EntryPoint\",\"urlTemplate\":\"https:\/\/www.aguarda.es\/en\/?s={search_term_string}\"},\"query-input\":\"required name=search_term_string\"}],\"inLanguage\":\"en-US\"},{\"@type\":\"Person\",\"@id\":\"https:\/\/www.aguarda.es\/en\/#\/schema\/person\/c463ca3006858ffb349d11179d044f21\",\"name\":\"prensa\",\"image\":{\"@type\":\"ImageObject\",\"inLanguage\":\"en-US\",\"@id\":\"https:\/\/www.aguarda.es\/en\/#\/schema\/person\/image\/\",\"url\":\"https:\/\/secure.gravatar.com\/avatar\/5f90ef536b0f98306edf5c7a1135ffa1?s=96&d=mm&r=g\",\"contentUrl\":\"https:\/\/secure.gravatar.com\/avatar\/5f90ef536b0f98306edf5c7a1135ffa1?s=96&d=mm&r=g\",\"caption\":\"prensa\"},\"url\":\"https:\/\/www.aguarda.es\/en\/author\/prensa\/\"}]}<\/script>\n<!-- \/ Yoast SEO plugin. -->","yoast_head_json":{"title":"A Guarda comeza as obras da piscina municipal que se converter\u00e1 en referencia deportiva da comarca - Concello da Guarda","description":"O pr\u00f3ximo 6 de decembro a piscina municipal da Guarda pechar\u00e1 as s\u00faas portas para dar comezo \u00e1s obras de mellora e rehabilitaci\u00f3n enerx\u00e9tica.","robots":{"index":"index","follow":"follow","max-snippet":"max-snippet:-1","max-image-preview":"max-image-preview:large","max-video-preview":"max-video-preview:-1"},"canonical":"https:\/\/www.aguarda.es\/en\/a-guarda-comeza-as-obras-da-piscina-municipal-que-se-convertera-en-referencia-deportiva-da-comarca\/","og_locale":"en_US","og_type":"article","og_title":"A Guarda comeza as obras da piscina municipal que se converter\u00e1 en referencia deportiva da comarca - Concello da Guarda","og_description":"O pr\u00f3ximo 6 de decembro a piscina municipal da Guarda pechar\u00e1 as s\u00faas portas para dar comezo \u00e1s obras de mellora e rehabilitaci\u00f3n enerx\u00e9tica.","og_url":"https:\/\/www.aguarda.es\/en\/a-guarda-comeza-as-obras-da-piscina-municipal-que-se-convertera-en-referencia-deportiva-da-comarca\/","og_site_name":"Concello da Guarda","article_publisher":"https:\/\/www.facebook.com\/ConcellodaGuarda","article_published_time":"2025-11-27T10:16:09+00:00","og_image":[{"width":1363,"height":771,"url":"https:\/\/www.aguarda.es\/wp-content\/uploads\/2025\/11\/piscina-lateral.jpg?_t=1764238570","type":"image\/jpeg"}],"author":"prensa","twitter_card":"summary_large_image","twitter_creator":"@AGuarda_es","twitter_site":"@AGuarda_es","twitter_misc":{"Written by":"prensa","Est. reading time":"2 minutes"},"schema":{"@context":"https:\/\/schema.org","@graph":[{"@type":"WebPage","@id":"https:\/\/www.aguarda.es\/en\/a-guarda-comeza-as-obras-da-piscina-municipal-que-se-convertera-en-referencia-deportiva-da-comarca\/","url":"https:\/\/www.aguarda.es\/en\/a-guarda-comeza-as-obras-da-piscina-municipal-que-se-convertera-en-referencia-deportiva-da-comarca\/","name":"A Guarda comeza as obras da piscina municipal que se converter\u00e1 en referencia deportiva da comarca - Concello da Guarda","isPartOf":{"@id":"https:\/\/www.aguarda.es\/en\/#website"},"datePublished":"2025-11-27T10:16:09+00:00","dateModified":"2025-11-27T10:16:09+00:00","author":{"@id":"https:\/\/www.aguarda.es\/en\/#\/schema\/person\/c463ca3006858ffb349d11179d044f21"},"description":"O pr\u00f3ximo 6 de decembro a piscina municipal da Guarda pechar\u00e1 as s\u00faas portas para dar comezo \u00e1s obras de mellora e rehabilitaci\u00f3n enerx\u00e9tica.","breadcrumb":{"@id":"https:\/\/www.aguarda.es\/en\/a-guarda-comeza-as-obras-da-piscina-municipal-que-se-convertera-en-referencia-deportiva-da-comarca\/#breadcrumb"},"inLanguage":"en-US","potentialAction":[{"@type":"ReadAction","target":["https:\/\/www.aguarda.es\/en\/a-guarda-comeza-as-obras-da-piscina-municipal-que-se-convertera-en-referencia-deportiva-da-comarca\/"]}]},{"@type":"BreadcrumbList","@id":"https:\/\/www.aguarda.es\/en\/a-guarda-comeza-as-obras-da-piscina-municipal-que-se-convertera-en-referencia-deportiva-da-comarca\/#breadcrumb","itemListElement":[{"@type":"ListItem","position":1,"name":"Portada","item":"https:\/\/www.aguarda.es\/en\/"},{"@type":"ListItem","position":2,"name":"A Guarda comeza as obras da piscina municipal que se converter\u00e1 en referencia deportiva da comarca"}]},{"@type":"WebSite","@id":"https:\/\/www.aguarda.es\/en\/#website","url":"https:\/\/www.aguarda.es\/en\/","name":"Concello da Guarda","description":"P\u00e1xina web do concello da Guarda","potentialAction":[{"@type":"SearchAction","target":{"@type":"EntryPoint","urlTemplate":"https:\/\/www.aguarda.es\/en\/?s={search_term_string}"},"query-input":"required name=search_term_string"}],"inLanguage":"en-US"},{"@type":"Person","@id":"https:\/\/www.aguarda.es\/en\/#\/schema\/person\/c463ca3006858ffb349d11179d044f21","name":"prensa","image":{"@type":"ImageObject","inLanguage":"en-US","@id":"https:\/\/www.aguarda.es\/en\/#\/schema\/person\/image\/","url":"https:\/\/secure.gravatar.com\/avatar\/5f90ef536b0f98306edf5c7a1135ffa1?s=96&d=mm&r=g","contentUrl":"https:\/\/secure.gravatar.com\/avatar\/5f90ef536b0f98306edf5c7a1135ffa1?s=96&d=mm&r=g","caption":"prensa"},"url":"https:\/\/www.aguarda.es\/en\/author\/prensa\/"}]}},"_links":{"self":[{"href":"https:\/\/www.aguarda.es\/en\/wp-json\/wp\/v2\/posts\/33849"}],"collection":[{"href":"https:\/\/www.aguarda.es\/en\/wp-json\/wp\/v2\/posts"}],"about":[{"href":"https:\/\/www.aguarda.es\/en\/wp-json\/wp\/v2\/types\/post"}],"author":[{"embeddable":true,"href":"https:\/\/www.aguarda.es\/en\/wp-json\/wp\/v2\/users\/2"}],"replies":[{"embeddable":true,"href":"https:\/\/www.aguarda.es\/en\/wp-json\/wp\/v2\/comments?post=33849"}],"version-history":[{"count":1,"href":"https:\/\/www.aguarda.es\/en\/wp-json\/wp\/v2\/posts\/33849\/revisions"}],"predecessor-version":[{"id":33852,"href":"https:\/\/www.aguarda.es\/en\/wp-json\/wp\/v2\/posts\/33849\/revisions\/33852"}],"wp:featuredmedia":[{"embeddable":true,"href":"https:\/\/www.aguarda.es\/en\/wp-json\/wp\/v2\/media\/33850"}],"wp:attachment":[{"href":"https:\/\/www.aguarda.es\/en\/wp-json\/wp\/v2\/media?parent=33849"}],"wp:term":[{"taxonomy":"category","embeddable":true,"href":"https:\/\/www.aguarda.es\/en\/wp-json\/wp\/v2\/categories?post=33849"},{"taxonomy":"post_tag","embeddable":true,"href":"https:\/\/www.aguarda.es\/en\/wp-json\/wp\/v2\/tags?post=33849"}],"curies":[{"name":"wp","href":"https:\/\/api.w.org\/{rel}","templated":true}]}}