{"id":34039,"date":"2025-12-22T09:46:31","date_gmt":"2025-12-22T09:46:31","guid":{"rendered":"https:\/\/www.aguarda.es\/?p=34039"},"modified":"2025-12-22T09:46:31","modified_gmt":"2025-12-22T09:46:31","slug":"un-obradoiro-infantil-de-nadal-ensina-aos-pequenos-a-facer-os-seus-propios-postres","status":"publish","type":"post","link":"https:\/\/www.aguarda.es\/en\/un-obradoiro-infantil-de-nadal-ensina-aos-pequenos-a-facer-os-seus-propios-postres\/","title":{"rendered":"Un obradoiro infantil de Nadal ensina aos pequenos a facer os seus propios postres"},"content":{"rendered":"<p class=\"western\" align=\"left\"><span style=\"font-family: Arial, sans-serif; color: #000000;\"><span lang=\"gl-ES\">Este s\u00e1bado os pequenos da casa poder\u00e1n desfrutar dun obradoiro de coci\u00f1a de Nadal. Os participantes elaborar\u00e1n unhas tartaletas de galleta, iogur e froita e tam\u00e9n unhas galletas de xenxibre. <\/span><\/span><\/p>\n<p class=\"western\" lang=\"gl-ES\" align=\"left\"><span style=\"font-family: Arial, sans-serif;\"><span style=\"color: #000000;\">Deste xeito, amasar\u00e1n, enfornar\u00e1n e decorar\u00e1n as s\u00faas propias elaboraci\u00f3ns que despois poder\u00e1n desfrutar con toda a familia na casa. O obradoiro est\u00e1 orientado a crianzas de 4 a 10 anos e poden inscribirse en<\/span> <a href=\"mailto:cultura@aguarda.es\">cultura@aguarda.es<\/a>.<\/span><\/p>\n<p class=\"western\" lang=\"gl-ES\" align=\"left\"><span style=\"font-family: Arial, sans-serif; color: #000000;\">O obradoiro ser\u00e1 o s\u00e1bado 27 de decembro \u00e1s 12h na carpa da praza Avelino Vicente.<\/span><\/p>\n","protected":false},"excerpt":{"rendered":"<p>Este s\u00e1bado os pequenos da casa poder\u00e1n desfrutar dun obradoiro de coci\u00f1a de Nadal. Os participantes elaborar\u00e1n unhas tartaletas de galleta, iogur e froita e tam\u00e9n unhas galletas de xenxibre. Deste xeito, amasar\u00e1n, enfornar\u00e1n e decorar\u00e1n as s\u00faas propias elaboraci\u00f3ns &hellip; <\/p>\n","protected":false},"author":2,"featured_media":34040,"comment_status":"closed","ping_status":"closed","sticky":false,"template":"","format":"standard","meta":[],"categories":[34,363],"tags":[],"yoast_head":"<!-- This site is optimized with the Yoast SEO plugin v21.1 - https:\/\/yoast.com\/wordpress\/plugins\/seo\/ -->\n<title>Un obradoiro infantil de Nadal ensina aos pequenos a facer os seus propios postres - Concello da Guarda<\/title>\n<meta name=\"description\" content=\"Este s\u00e1bado os pequenos da casa poder\u00e1n desfrutar dun obradoiro de coci\u00f1a de Nadal. Os participantes elaborar\u00e1n unhas tartaletas de galleta,\" \/>\n<meta name=\"robots\" content=\"index, follow, max-snippet:-1, max-image-preview:large, max-video-preview:-1\" \/>\n<link rel=\"canonical\" href=\"https:\/\/www.aguarda.es\/en\/un-obradoiro-infantil-de-nadal-ensina-aos-pequenos-a-facer-os-seus-propios-postres\/\" \/>\n<meta property=\"og:locale\" content=\"en_US\" \/>\n<meta property=\"og:type\" content=\"article\" \/>\n<meta property=\"og:title\" content=\"Un obradoiro infantil de Nadal ensina aos pequenos a facer os seus propios postres - Concello da Guarda\" \/>\n<meta property=\"og:description\" content=\"Este s\u00e1bado os pequenos da casa poder\u00e1n desfrutar dun obradoiro de coci\u00f1a de Nadal. Os participantes elaborar\u00e1n unhas tartaletas de galleta,\" \/>\n<meta property=\"og:url\" content=\"https:\/\/www.aguarda.es\/en\/un-obradoiro-infantil-de-nadal-ensina-aos-pequenos-a-facer-os-seus-propios-postres\/\" \/>\n<meta property=\"og:site_name\" content=\"Concello da Guarda\" \/>\n<meta property=\"article:publisher\" content=\"https:\/\/www.facebook.com\/ConcellodaGuarda\" \/>\n<meta property=\"article:published_time\" content=\"2025-12-22T09:46:31+00:00\" \/>\n<meta property=\"og:image\" content=\"https:\/\/www.aguarda.es\/wp-content\/uploads\/2025\/12\/coicna-cartel.jpg?_t=1766396792\" \/>\n\t<meta property=\"og:image:width\" content=\"1080\" \/>\n\t<meta property=\"og:image:height\" content=\"1080\" \/>\n\t<meta property=\"og:image:type\" content=\"image\/jpeg\" \/>\n<meta name=\"author\" content=\"prensa\" \/>\n<meta name=\"twitter:card\" content=\"summary_large_image\" \/>\n<meta name=\"twitter:creator\" content=\"@AGuarda_es\" \/>\n<meta name=\"twitter:site\" content=\"@AGuarda_es\" \/>\n<meta name=\"twitter:label1\" content=\"Written by\" \/>\n\t<meta name=\"twitter:data1\" content=\"prensa\" \/>\n\t<meta name=\"twitter:label2\" content=\"Est. reading time\" \/>\n\t<meta name=\"twitter:data2\" content=\"1 minute\" \/>\n<script type=\"application\/ld+json\" class=\"yoast-schema-graph\">{\"@context\":\"https:\/\/schema.org\",\"@graph\":[{\"@type\":\"WebPage\",\"@id\":\"https:\/\/www.aguarda.es\/en\/un-obradoiro-infantil-de-nadal-ensina-aos-pequenos-a-facer-os-seus-propios-postres\/\",\"url\":\"https:\/\/www.aguarda.es\/en\/un-obradoiro-infantil-de-nadal-ensina-aos-pequenos-a-facer-os-seus-propios-postres\/\",\"name\":\"Un obradoiro infantil de Nadal ensina aos pequenos a facer os seus propios postres - Concello da Guarda\",\"isPartOf\":{\"@id\":\"https:\/\/www.aguarda.es\/en\/#website\"},\"datePublished\":\"2025-12-22T09:46:31+00:00\",\"dateModified\":\"2025-12-22T09:46:31+00:00\",\"author\":{\"@id\":\"https:\/\/www.aguarda.es\/en\/#\/schema\/person\/c463ca3006858ffb349d11179d044f21\"},\"description\":\"Este s\u00e1bado os pequenos da casa poder\u00e1n desfrutar dun obradoiro de coci\u00f1a de Nadal. Os participantes elaborar\u00e1n unhas tartaletas de galleta,\",\"breadcrumb\":{\"@id\":\"https:\/\/www.aguarda.es\/en\/un-obradoiro-infantil-de-nadal-ensina-aos-pequenos-a-facer-os-seus-propios-postres\/#breadcrumb\"},\"inLanguage\":\"en-US\",\"potentialAction\":[{\"@type\":\"ReadAction\",\"target\":[\"https:\/\/www.aguarda.es\/en\/un-obradoiro-infantil-de-nadal-ensina-aos-pequenos-a-facer-os-seus-propios-postres\/\"]}]},{\"@type\":\"BreadcrumbList\",\"@id\":\"https:\/\/www.aguarda.es\/en\/un-obradoiro-infantil-de-nadal-ensina-aos-pequenos-a-facer-os-seus-propios-postres\/#breadcrumb\",\"itemListElement\":[{\"@type\":\"ListItem\",\"position\":1,\"name\":\"Portada\",\"item\":\"https:\/\/www.aguarda.es\/en\/\"},{\"@type\":\"ListItem\",\"position\":2,\"name\":\"Un obradoiro infantil de Nadal ensina aos pequenos a facer os seus propios postres\"}]},{\"@type\":\"WebSite\",\"@id\":\"https:\/\/www.aguarda.es\/en\/#website\",\"url\":\"https:\/\/www.aguarda.es\/en\/\",\"name\":\"Concello da Guarda\",\"description\":\"P\u00e1xina web do concello da Guarda\",\"potentialAction\":[{\"@type\":\"SearchAction\",\"target\":{\"@type\":\"EntryPoint\",\"urlTemplate\":\"https:\/\/www.aguarda.es\/en\/?s={search_term_string}\"},\"query-input\":\"required name=search_term_string\"}],\"inLanguage\":\"en-US\"},{\"@type\":\"Person\",\"@id\":\"https:\/\/www.aguarda.es\/en\/#\/schema\/person\/c463ca3006858ffb349d11179d044f21\",\"name\":\"prensa\",\"image\":{\"@type\":\"ImageObject\",\"inLanguage\":\"en-US\",\"@id\":\"https:\/\/www.aguarda.es\/en\/#\/schema\/person\/image\/\",\"url\":\"https:\/\/secure.gravatar.com\/avatar\/5f90ef536b0f98306edf5c7a1135ffa1?s=96&d=mm&r=g\",\"contentUrl\":\"https:\/\/secure.gravatar.com\/avatar\/5f90ef536b0f98306edf5c7a1135ffa1?s=96&d=mm&r=g\",\"caption\":\"prensa\"},\"url\":\"https:\/\/www.aguarda.es\/en\/author\/prensa\/\"}]}<\/script>\n<!-- \/ Yoast SEO plugin. -->","yoast_head_json":{"title":"Un obradoiro infantil de Nadal ensina aos pequenos a facer os seus propios postres - Concello da Guarda","description":"Este s\u00e1bado os pequenos da casa poder\u00e1n desfrutar dun obradoiro de coci\u00f1a de Nadal. Os participantes elaborar\u00e1n unhas tartaletas de galleta,","robots":{"index":"index","follow":"follow","max-snippet":"max-snippet:-1","max-image-preview":"max-image-preview:large","max-video-preview":"max-video-preview:-1"},"canonical":"https:\/\/www.aguarda.es\/en\/un-obradoiro-infantil-de-nadal-ensina-aos-pequenos-a-facer-os-seus-propios-postres\/","og_locale":"en_US","og_type":"article","og_title":"Un obradoiro infantil de Nadal ensina aos pequenos a facer os seus propios postres - Concello da Guarda","og_description":"Este s\u00e1bado os pequenos da casa poder\u00e1n desfrutar dun obradoiro de coci\u00f1a de Nadal. Os participantes elaborar\u00e1n unhas tartaletas de galleta,","og_url":"https:\/\/www.aguarda.es\/en\/un-obradoiro-infantil-de-nadal-ensina-aos-pequenos-a-facer-os-seus-propios-postres\/","og_site_name":"Concello da Guarda","article_publisher":"https:\/\/www.facebook.com\/ConcellodaGuarda","article_published_time":"2025-12-22T09:46:31+00:00","og_image":[{"width":1080,"height":1080,"url":"https:\/\/www.aguarda.es\/wp-content\/uploads\/2025\/12\/coicna-cartel.jpg?_t=1766396792","type":"image\/jpeg"}],"author":"prensa","twitter_card":"summary_large_image","twitter_creator":"@AGuarda_es","twitter_site":"@AGuarda_es","twitter_misc":{"Written by":"prensa","Est. reading time":"1 minute"},"schema":{"@context":"https:\/\/schema.org","@graph":[{"@type":"WebPage","@id":"https:\/\/www.aguarda.es\/en\/un-obradoiro-infantil-de-nadal-ensina-aos-pequenos-a-facer-os-seus-propios-postres\/","url":"https:\/\/www.aguarda.es\/en\/un-obradoiro-infantil-de-nadal-ensina-aos-pequenos-a-facer-os-seus-propios-postres\/","name":"Un obradoiro infantil de Nadal ensina aos pequenos a facer os seus propios postres - Concello da Guarda","isPartOf":{"@id":"https:\/\/www.aguarda.es\/en\/#website"},"datePublished":"2025-12-22T09:46:31+00:00","dateModified":"2025-12-22T09:46:31+00:00","author":{"@id":"https:\/\/www.aguarda.es\/en\/#\/schema\/person\/c463ca3006858ffb349d11179d044f21"},"description":"Este s\u00e1bado os pequenos da casa poder\u00e1n desfrutar dun obradoiro de coci\u00f1a de Nadal. Os participantes elaborar\u00e1n unhas tartaletas de galleta,","breadcrumb":{"@id":"https:\/\/www.aguarda.es\/en\/un-obradoiro-infantil-de-nadal-ensina-aos-pequenos-a-facer-os-seus-propios-postres\/#breadcrumb"},"inLanguage":"en-US","potentialAction":[{"@type":"ReadAction","target":["https:\/\/www.aguarda.es\/en\/un-obradoiro-infantil-de-nadal-ensina-aos-pequenos-a-facer-os-seus-propios-postres\/"]}]},{"@type":"BreadcrumbList","@id":"https:\/\/www.aguarda.es\/en\/un-obradoiro-infantil-de-nadal-ensina-aos-pequenos-a-facer-os-seus-propios-postres\/#breadcrumb","itemListElement":[{"@type":"ListItem","position":1,"name":"Portada","item":"https:\/\/www.aguarda.es\/en\/"},{"@type":"ListItem","position":2,"name":"Un obradoiro infantil de Nadal ensina aos pequenos a facer os seus propios postres"}]},{"@type":"WebSite","@id":"https:\/\/www.aguarda.es\/en\/#website","url":"https:\/\/www.aguarda.es\/en\/","name":"Concello da Guarda","description":"P\u00e1xina web do concello da Guarda","potentialAction":[{"@type":"SearchAction","target":{"@type":"EntryPoint","urlTemplate":"https:\/\/www.aguarda.es\/en\/?s={search_term_string}"},"query-input":"required name=search_term_string"}],"inLanguage":"en-US"},{"@type":"Person","@id":"https:\/\/www.aguarda.es\/en\/#\/schema\/person\/c463ca3006858ffb349d11179d044f21","name":"prensa","image":{"@type":"ImageObject","inLanguage":"en-US","@id":"https:\/\/www.aguarda.es\/en\/#\/schema\/person\/image\/","url":"https:\/\/secure.gravatar.com\/avatar\/5f90ef536b0f98306edf5c7a1135ffa1?s=96&d=mm&r=g","contentUrl":"https:\/\/secure.gravatar.com\/avatar\/5f90ef536b0f98306edf5c7a1135ffa1?s=96&d=mm&r=g","caption":"prensa"},"url":"https:\/\/www.aguarda.es\/en\/author\/prensa\/"}]}},"_links":{"self":[{"href":"https:\/\/www.aguarda.es\/en\/wp-json\/wp\/v2\/posts\/34039"}],"collection":[{"href":"https:\/\/www.aguarda.es\/en\/wp-json\/wp\/v2\/posts"}],"about":[{"href":"https:\/\/www.aguarda.es\/en\/wp-json\/wp\/v2\/types\/post"}],"author":[{"embeddable":true,"href":"https:\/\/www.aguarda.es\/en\/wp-json\/wp\/v2\/users\/2"}],"replies":[{"embeddable":true,"href":"https:\/\/www.aguarda.es\/en\/wp-json\/wp\/v2\/comments?post=34039"}],"version-history":[{"count":1,"href":"https:\/\/www.aguarda.es\/en\/wp-json\/wp\/v2\/posts\/34039\/revisions"}],"predecessor-version":[{"id":34042,"href":"https:\/\/www.aguarda.es\/en\/wp-json\/wp\/v2\/posts\/34039\/revisions\/34042"}],"wp:featuredmedia":[{"embeddable":true,"href":"https:\/\/www.aguarda.es\/en\/wp-json\/wp\/v2\/media\/34040"}],"wp:attachment":[{"href":"https:\/\/www.aguarda.es\/en\/wp-json\/wp\/v2\/media?parent=34039"}],"wp:term":[{"taxonomy":"category","embeddable":true,"href":"https:\/\/www.aguarda.es\/en\/wp-json\/wp\/v2\/categories?post=34039"},{"taxonomy":"post_tag","embeddable":true,"href":"https:\/\/www.aguarda.es\/en\/wp-json\/wp\/v2\/tags?post=34039"}],"curies":[{"name":"wp","href":"https:\/\/api.w.org\/{rel}","templated":true}]}}