{"id":34047,"date":"2025-12-23T12:55:31","date_gmt":"2025-12-23T12:55:31","guid":{"rendered":"https:\/\/www.aguarda.es\/?p=34047"},"modified":"2025-12-23T12:55:31","modified_gmt":"2025-12-23T12:55:31","slug":"historias-para-escagarrinarse-recorda-vellas-historias-o-venres-na-guarda","status":"publish","type":"post","link":"https:\/\/www.aguarda.es\/en\/historias-para-escagarrinarse-recorda-vellas-historias-o-venres-na-guarda\/","title":{"rendered":"\u201cHistorias para escagarri\u00f1arse\u201d recorda vellas historias o venres na Guarda"},"content":{"rendered":"<p class=\"western\" align=\"left\"><span style=\"font-family: Arial, sans-serif; color: #000000;\"><span lang=\"gl-ES\">Contin\u00faa a programaci\u00f3n especial infantil deste Nadal. Este venres 26 de decembro, chega o espect\u00e1culo \u201cHistorias para escagarri\u00f1arse\u201d, onde tres feirantes percorren o mundo co seu carromato contando vellas historias da cultura popular que remover\u00e1n pesadelos nos incautos o\u00edntes.<\/p>\n<p>O Teatro Ghazafelhos repasar\u00e1 historias como as de A Cabra Montesina, As Lavandeiras, a Santa Compa\u00f1a&#8230; co seu caracter\u00edstico humor. A participaci\u00f3n do p\u00fablico ser\u00e1 imprescindible para poder representar estas historias, sendo un espect\u00e1culo c\u00f3mico de r\u00faa para todos os p\u00fablicos.<\/p>\n<p>Todos poderemos desfrutar delas este venres 26 de decembro a partir das 17:30h na praza Avelino Vicente.<\/span><\/span><\/p>\n","protected":false},"excerpt":{"rendered":"<p>Contin\u00faa a programaci\u00f3n especial infantil deste Nadal. Este venres 26 de decembro, chega o espect\u00e1culo \u201cHistorias para escagarri\u00f1arse\u201d, onde tres feirantes percorren o mundo co seu carromato contando vellas historias da cultura popular que remover\u00e1n pesadelos nos incautos o\u00edntes. O &hellip; <\/p>\n","protected":false},"author":2,"featured_media":34048,"comment_status":"closed","ping_status":"closed","sticky":false,"template":"","format":"standard","meta":[],"categories":[34,363],"tags":[],"yoast_head":"<!-- This site is optimized with the Yoast SEO plugin v21.1 - https:\/\/yoast.com\/wordpress\/plugins\/seo\/ -->\n<title>\u201cHistorias para escagarri\u00f1arse\u201d recorda vellas historias o venres na Guarda - Concello da Guarda<\/title>\n<meta name=\"description\" content=\"Contin\u00faa a programaci\u00f3n especial infantil deste Nadal. Este venres 26 de decembro, chega o espect\u00e1culo \u201cHistorias para escagarri\u00f1arse\u201d, onde\" \/>\n<meta name=\"robots\" content=\"index, follow, max-snippet:-1, max-image-preview:large, max-video-preview:-1\" \/>\n<link rel=\"canonical\" href=\"https:\/\/www.aguarda.es\/en\/historias-para-escagarrinarse-recorda-vellas-historias-o-venres-na-guarda\/\" \/>\n<meta property=\"og:locale\" content=\"en_US\" \/>\n<meta property=\"og:type\" content=\"article\" \/>\n<meta property=\"og:title\" content=\"\u201cHistorias para escagarri\u00f1arse\u201d recorda vellas historias o venres na Guarda - Concello da Guarda\" \/>\n<meta property=\"og:description\" content=\"Contin\u00faa a programaci\u00f3n especial infantil deste Nadal. Este venres 26 de decembro, chega o espect\u00e1culo \u201cHistorias para escagarri\u00f1arse\u201d, onde\" \/>\n<meta property=\"og:url\" content=\"https:\/\/www.aguarda.es\/en\/historias-para-escagarrinarse-recorda-vellas-historias-o-venres-na-guarda\/\" \/>\n<meta property=\"og:site_name\" content=\"Concello da Guarda\" \/>\n<meta property=\"article:publisher\" content=\"https:\/\/www.facebook.com\/ConcellodaGuarda\" \/>\n<meta property=\"article:published_time\" content=\"2025-12-23T12:55:31+00:00\" \/>\n<meta property=\"og:image\" content=\"https:\/\/www.aguarda.es\/wp-content\/uploads\/2025\/12\/teatro-historias.jpg?_t=1766494532\" \/>\n\t<meta property=\"og:image:width\" content=\"1080\" \/>\n\t<meta property=\"og:image:height\" content=\"1350\" \/>\n\t<meta property=\"og:image:type\" content=\"image\/jpeg\" \/>\n<meta name=\"author\" content=\"prensa\" \/>\n<meta name=\"twitter:card\" content=\"summary_large_image\" \/>\n<meta name=\"twitter:creator\" content=\"@AGuarda_es\" \/>\n<meta name=\"twitter:site\" content=\"@AGuarda_es\" \/>\n<meta name=\"twitter:label1\" content=\"Written by\" \/>\n\t<meta name=\"twitter:data1\" content=\"prensa\" \/>\n\t<meta name=\"twitter:label2\" content=\"Est. reading time\" \/>\n\t<meta name=\"twitter:data2\" content=\"1 minute\" \/>\n<script type=\"application\/ld+json\" class=\"yoast-schema-graph\">{\"@context\":\"https:\/\/schema.org\",\"@graph\":[{\"@type\":\"WebPage\",\"@id\":\"https:\/\/www.aguarda.es\/en\/historias-para-escagarrinarse-recorda-vellas-historias-o-venres-na-guarda\/\",\"url\":\"https:\/\/www.aguarda.es\/en\/historias-para-escagarrinarse-recorda-vellas-historias-o-venres-na-guarda\/\",\"name\":\"\u201cHistorias para escagarri\u00f1arse\u201d recorda vellas historias o venres na Guarda - Concello da Guarda\",\"isPartOf\":{\"@id\":\"https:\/\/www.aguarda.es\/en\/#website\"},\"datePublished\":\"2025-12-23T12:55:31+00:00\",\"dateModified\":\"2025-12-23T12:55:31+00:00\",\"author\":{\"@id\":\"https:\/\/www.aguarda.es\/en\/#\/schema\/person\/c463ca3006858ffb349d11179d044f21\"},\"description\":\"Contin\u00faa a programaci\u00f3n especial infantil deste Nadal. Este venres 26 de decembro, chega o espect\u00e1culo \u201cHistorias para escagarri\u00f1arse\u201d, onde\",\"breadcrumb\":{\"@id\":\"https:\/\/www.aguarda.es\/en\/historias-para-escagarrinarse-recorda-vellas-historias-o-venres-na-guarda\/#breadcrumb\"},\"inLanguage\":\"en-US\",\"potentialAction\":[{\"@type\":\"ReadAction\",\"target\":[\"https:\/\/www.aguarda.es\/en\/historias-para-escagarrinarse-recorda-vellas-historias-o-venres-na-guarda\/\"]}]},{\"@type\":\"BreadcrumbList\",\"@id\":\"https:\/\/www.aguarda.es\/en\/historias-para-escagarrinarse-recorda-vellas-historias-o-venres-na-guarda\/#breadcrumb\",\"itemListElement\":[{\"@type\":\"ListItem\",\"position\":1,\"name\":\"Portada\",\"item\":\"https:\/\/www.aguarda.es\/en\/\"},{\"@type\":\"ListItem\",\"position\":2,\"name\":\"\u201cHistorias para escagarri\u00f1arse\u201d recorda vellas historias o venres na Guarda\"}]},{\"@type\":\"WebSite\",\"@id\":\"https:\/\/www.aguarda.es\/en\/#website\",\"url\":\"https:\/\/www.aguarda.es\/en\/\",\"name\":\"Concello da Guarda\",\"description\":\"P\u00e1xina web do concello da Guarda\",\"potentialAction\":[{\"@type\":\"SearchAction\",\"target\":{\"@type\":\"EntryPoint\",\"urlTemplate\":\"https:\/\/www.aguarda.es\/en\/?s={search_term_string}\"},\"query-input\":\"required name=search_term_string\"}],\"inLanguage\":\"en-US\"},{\"@type\":\"Person\",\"@id\":\"https:\/\/www.aguarda.es\/en\/#\/schema\/person\/c463ca3006858ffb349d11179d044f21\",\"name\":\"prensa\",\"image\":{\"@type\":\"ImageObject\",\"inLanguage\":\"en-US\",\"@id\":\"https:\/\/www.aguarda.es\/en\/#\/schema\/person\/image\/\",\"url\":\"https:\/\/secure.gravatar.com\/avatar\/5f90ef536b0f98306edf5c7a1135ffa1?s=96&d=mm&r=g\",\"contentUrl\":\"https:\/\/secure.gravatar.com\/avatar\/5f90ef536b0f98306edf5c7a1135ffa1?s=96&d=mm&r=g\",\"caption\":\"prensa\"},\"url\":\"https:\/\/www.aguarda.es\/en\/author\/prensa\/\"}]}<\/script>\n<!-- \/ Yoast SEO plugin. -->","yoast_head_json":{"title":"\u201cHistorias para escagarri\u00f1arse\u201d recorda vellas historias o venres na Guarda - Concello da Guarda","description":"Contin\u00faa a programaci\u00f3n especial infantil deste Nadal. Este venres 26 de decembro, chega o espect\u00e1culo \u201cHistorias para escagarri\u00f1arse\u201d, onde","robots":{"index":"index","follow":"follow","max-snippet":"max-snippet:-1","max-image-preview":"max-image-preview:large","max-video-preview":"max-video-preview:-1"},"canonical":"https:\/\/www.aguarda.es\/en\/historias-para-escagarrinarse-recorda-vellas-historias-o-venres-na-guarda\/","og_locale":"en_US","og_type":"article","og_title":"\u201cHistorias para escagarri\u00f1arse\u201d recorda vellas historias o venres na Guarda - Concello da Guarda","og_description":"Contin\u00faa a programaci\u00f3n especial infantil deste Nadal. Este venres 26 de decembro, chega o espect\u00e1culo \u201cHistorias para escagarri\u00f1arse\u201d, onde","og_url":"https:\/\/www.aguarda.es\/en\/historias-para-escagarrinarse-recorda-vellas-historias-o-venres-na-guarda\/","og_site_name":"Concello da Guarda","article_publisher":"https:\/\/www.facebook.com\/ConcellodaGuarda","article_published_time":"2025-12-23T12:55:31+00:00","og_image":[{"width":1080,"height":1350,"url":"https:\/\/www.aguarda.es\/wp-content\/uploads\/2025\/12\/teatro-historias.jpg?_t=1766494532","type":"image\/jpeg"}],"author":"prensa","twitter_card":"summary_large_image","twitter_creator":"@AGuarda_es","twitter_site":"@AGuarda_es","twitter_misc":{"Written by":"prensa","Est. reading time":"1 minute"},"schema":{"@context":"https:\/\/schema.org","@graph":[{"@type":"WebPage","@id":"https:\/\/www.aguarda.es\/en\/historias-para-escagarrinarse-recorda-vellas-historias-o-venres-na-guarda\/","url":"https:\/\/www.aguarda.es\/en\/historias-para-escagarrinarse-recorda-vellas-historias-o-venres-na-guarda\/","name":"\u201cHistorias para escagarri\u00f1arse\u201d recorda vellas historias o venres na Guarda - Concello da Guarda","isPartOf":{"@id":"https:\/\/www.aguarda.es\/en\/#website"},"datePublished":"2025-12-23T12:55:31+00:00","dateModified":"2025-12-23T12:55:31+00:00","author":{"@id":"https:\/\/www.aguarda.es\/en\/#\/schema\/person\/c463ca3006858ffb349d11179d044f21"},"description":"Contin\u00faa a programaci\u00f3n especial infantil deste Nadal. Este venres 26 de decembro, chega o espect\u00e1culo \u201cHistorias para escagarri\u00f1arse\u201d, onde","breadcrumb":{"@id":"https:\/\/www.aguarda.es\/en\/historias-para-escagarrinarse-recorda-vellas-historias-o-venres-na-guarda\/#breadcrumb"},"inLanguage":"en-US","potentialAction":[{"@type":"ReadAction","target":["https:\/\/www.aguarda.es\/en\/historias-para-escagarrinarse-recorda-vellas-historias-o-venres-na-guarda\/"]}]},{"@type":"BreadcrumbList","@id":"https:\/\/www.aguarda.es\/en\/historias-para-escagarrinarse-recorda-vellas-historias-o-venres-na-guarda\/#breadcrumb","itemListElement":[{"@type":"ListItem","position":1,"name":"Portada","item":"https:\/\/www.aguarda.es\/en\/"},{"@type":"ListItem","position":2,"name":"\u201cHistorias para escagarri\u00f1arse\u201d recorda vellas historias o venres na Guarda"}]},{"@type":"WebSite","@id":"https:\/\/www.aguarda.es\/en\/#website","url":"https:\/\/www.aguarda.es\/en\/","name":"Concello da Guarda","description":"P\u00e1xina web do concello da Guarda","potentialAction":[{"@type":"SearchAction","target":{"@type":"EntryPoint","urlTemplate":"https:\/\/www.aguarda.es\/en\/?s={search_term_string}"},"query-input":"required name=search_term_string"}],"inLanguage":"en-US"},{"@type":"Person","@id":"https:\/\/www.aguarda.es\/en\/#\/schema\/person\/c463ca3006858ffb349d11179d044f21","name":"prensa","image":{"@type":"ImageObject","inLanguage":"en-US","@id":"https:\/\/www.aguarda.es\/en\/#\/schema\/person\/image\/","url":"https:\/\/secure.gravatar.com\/avatar\/5f90ef536b0f98306edf5c7a1135ffa1?s=96&d=mm&r=g","contentUrl":"https:\/\/secure.gravatar.com\/avatar\/5f90ef536b0f98306edf5c7a1135ffa1?s=96&d=mm&r=g","caption":"prensa"},"url":"https:\/\/www.aguarda.es\/en\/author\/prensa\/"}]}},"_links":{"self":[{"href":"https:\/\/www.aguarda.es\/en\/wp-json\/wp\/v2\/posts\/34047"}],"collection":[{"href":"https:\/\/www.aguarda.es\/en\/wp-json\/wp\/v2\/posts"}],"about":[{"href":"https:\/\/www.aguarda.es\/en\/wp-json\/wp\/v2\/types\/post"}],"author":[{"embeddable":true,"href":"https:\/\/www.aguarda.es\/en\/wp-json\/wp\/v2\/users\/2"}],"replies":[{"embeddable":true,"href":"https:\/\/www.aguarda.es\/en\/wp-json\/wp\/v2\/comments?post=34047"}],"version-history":[{"count":1,"href":"https:\/\/www.aguarda.es\/en\/wp-json\/wp\/v2\/posts\/34047\/revisions"}],"predecessor-version":[{"id":34050,"href":"https:\/\/www.aguarda.es\/en\/wp-json\/wp\/v2\/posts\/34047\/revisions\/34050"}],"wp:featuredmedia":[{"embeddable":true,"href":"https:\/\/www.aguarda.es\/en\/wp-json\/wp\/v2\/media\/34048"}],"wp:attachment":[{"href":"https:\/\/www.aguarda.es\/en\/wp-json\/wp\/v2\/media?parent=34047"}],"wp:term":[{"taxonomy":"category","embeddable":true,"href":"https:\/\/www.aguarda.es\/en\/wp-json\/wp\/v2\/categories?post=34047"},{"taxonomy":"post_tag","embeddable":true,"href":"https:\/\/www.aguarda.es\/en\/wp-json\/wp\/v2\/tags?post=34047"}],"curies":[{"name":"wp","href":"https:\/\/api.w.org\/{rel}","templated":true}]}}