{"id":34087,"date":"2026-01-07T11:26:11","date_gmt":"2026-01-07T11:26:11","guid":{"rendered":"https:\/\/www.aguarda.es\/?p=34087"},"modified":"2026-01-07T11:26:11","modified_gmt":"2026-01-07T11:26:11","slug":"a-guarda-prepara-a-sua-primeira-saida-cultural-para-a-obra-memorias-dun-neno-labrego","status":"publish","type":"post","link":"https:\/\/www.aguarda.es\/en\/a-guarda-prepara-a-sua-primeira-saida-cultural-para-a-obra-memorias-dun-neno-labrego\/","title":{"rendered":"A Guarda prepara a s\u00faa primeira sa\u00edda cultural para a obra \u201cMemorias dun neno labrego\u201d"},"content":{"rendered":"<p class=\"western\" align=\"left\"><span style=\"font-size: small; color: #000000;\"><span style=\"font-family: Arial, sans-serif;\"><span style=\"font-size: medium;\"><span lang=\"gl-ES\">O pr\u00f3ximo venres 16 de xaneiro ser\u00e1 a primeira sa\u00edda do bus do teatro desde A Guarda. A obra a ver ser\u00e1 \u201cMemorias dun neno labrego\u201d.<\/span><\/span><\/span><\/span><\/p>\n<p class=\"western\" align=\"left\"><span style=\"color: #000000;\"><span style=\"font-size: small;\"><span style=\"font-family: Arial, sans-serif;\"><span style=\"font-size: medium;\"><span lang=\"gl-ES\">Tr\u00e1tase dunha nova coproduci\u00f3n do Centro Dram\u00e1tico Galego e Contraproduci\u00f3ns. \u00c9 unha nova versi\u00f3n teatral do famoso libro de Xos\u00e9 Neiras Vila <\/span><\/span><\/span><\/span><span style=\"font-size: small;\"><span style=\"font-family: Arial, sans-serif;\"><span style=\"font-size: medium;\"><span lang=\"gl-ES\">no X aniversario do seu pasamento. <\/span><\/span><\/span><\/span><\/span><\/p>\n<p class=\"western\" align=\"left\"><span style=\"font-size: small; color: #000000;\"><span style=\"font-family: Arial, sans-serif;\"><span style=\"font-size: medium;\"><span lang=\"gl-ES\">Balbino \u00e9 un neno de aldea, fillo de labregos pobres, que medra nun mundo de silencios, traballo e obediencia. Este espect\u00e1culo, segue a s\u00faa voz sincera e sensible a trav\u00e9s dunha serie de lembranzas que van desde a tenrura da infancia ata a cr\u00faa conciencia das desigualdades, dando vida aos episodios m\u00e1is representativos da novela de Neira Vilas.<\/span><\/span><\/span><\/span><\/p>\n<p class=\"western\" align=\"left\"><span style=\"font-size: small; color: #000000;\"><span style=\"font-family: Arial, sans-serif;\"><span style=\"font-size: medium;\"><span lang=\"gl-ES\">A funci\u00f3n comezar\u00e1 \u00e1s 18:00h no Sal\u00f3n Teatro de Santiago de Compostela. Para chegar, o bus sair\u00e1 desde o Centro Cultural da Guarda \u00e1s 15:00h e volver\u00e1 a partir das 20:15h. <\/span><\/span><\/span><\/span><\/p>\n<p class=\"western\" align=\"left\"><span style=\"font-size: small;\"><span style=\"color: #000000;\"><span style=\"font-family: Arial, sans-serif;\"><span style=\"font-size: medium;\"><span lang=\"gl-ES\"><span style=\"color: #000000;\">A actividade ten un custo de 5\u20ac e a inscrici\u00f3n xa est\u00e1 aberta na ligaz\u00f3n<\/span>: <a href=\"https:\/\/docs.google.com\/forms\/d\/e\/1FAIpQLSezBo3_I5--YJtJGwaUSUOJojDSMNx8gTcZgvGWuqH8iWfwsw\/viewform\">https:\/\/docs.google.com\/forms\/d\/e\/1FAIpQLSezBo3_I5&#8211;YJtJGwaUSUOJojDSMNx8gTcZgvGWuqH8iWfwsw\/viewform<\/a> <\/span><\/span><\/span><\/span><\/span><\/p>\n","protected":false},"excerpt":{"rendered":"<p>O pr\u00f3ximo venres 16 de xaneiro ser\u00e1 a primeira sa\u00edda do bus do teatro desde A Guarda. A obra a ver ser\u00e1 \u201cMemorias dun neno labrego\u201d. Tr\u00e1tase dunha nova coproduci\u00f3n do Centro Dram\u00e1tico Galego e Contraproduci\u00f3ns. \u00c9 unha nova versi\u00f3n &hellip; <\/p>\n","protected":false},"author":2,"featured_media":34088,"comment_status":"closed","ping_status":"closed","sticky":false,"template":"","format":"standard","meta":[],"categories":[34,363],"tags":[],"yoast_head":"<!-- This site is optimized with the Yoast SEO plugin v21.1 - https:\/\/yoast.com\/wordpress\/plugins\/seo\/ -->\n<title>A Guarda prepara a s\u00faa primeira sa\u00edda cultural para a obra \u201cMemorias dun neno labrego\u201d - Concello da Guarda<\/title>\n<meta name=\"description\" content=\"O pr\u00f3ximo venres 16 de xaneiro ser\u00e1 a primeira sa\u00edda do bus do teatro desde A Guarda. A obra a ver ser\u00e1 \u201cMemorias dun neno labrego\u201d.\" \/>\n<meta name=\"robots\" content=\"index, follow, max-snippet:-1, max-image-preview:large, max-video-preview:-1\" \/>\n<link rel=\"canonical\" href=\"https:\/\/www.aguarda.es\/en\/a-guarda-prepara-a-sua-primeira-saida-cultural-para-a-obra-memorias-dun-neno-labrego\/\" \/>\n<meta property=\"og:locale\" content=\"en_US\" \/>\n<meta property=\"og:type\" content=\"article\" \/>\n<meta property=\"og:title\" content=\"A Guarda prepara a s\u00faa primeira sa\u00edda cultural para a obra \u201cMemorias dun neno labrego\u201d - Concello da Guarda\" \/>\n<meta property=\"og:description\" content=\"O pr\u00f3ximo venres 16 de xaneiro ser\u00e1 a primeira sa\u00edda do bus do teatro desde A Guarda. A obra a ver ser\u00e1 \u201cMemorias dun neno labrego\u201d.\" \/>\n<meta property=\"og:url\" content=\"https:\/\/www.aguarda.es\/en\/a-guarda-prepara-a-sua-primeira-saida-cultural-para-a-obra-memorias-dun-neno-labrego\/\" \/>\n<meta property=\"og:site_name\" content=\"Concello da Guarda\" \/>\n<meta property=\"article:publisher\" content=\"https:\/\/www.facebook.com\/ConcellodaGuarda\" \/>\n<meta property=\"article:published_time\" content=\"2026-01-07T11:26:11+00:00\" \/>\n<meta property=\"og:image\" content=\"https:\/\/www.aguarda.es\/wp-content\/uploads\/2026\/01\/A-GUARDA-bus-teatro.jpg?_t=1767785172\" \/>\n\t<meta property=\"og:image:width\" content=\"1123\" \/>\n\t<meta property=\"og:image:height\" content=\"1588\" \/>\n\t<meta property=\"og:image:type\" content=\"image\/jpeg\" \/>\n<meta name=\"author\" content=\"prensa\" \/>\n<meta name=\"twitter:card\" content=\"summary_large_image\" \/>\n<meta name=\"twitter:creator\" content=\"@AGuarda_es\" \/>\n<meta name=\"twitter:site\" content=\"@AGuarda_es\" \/>\n<meta name=\"twitter:label1\" content=\"Written by\" \/>\n\t<meta name=\"twitter:data1\" content=\"prensa\" \/>\n\t<meta name=\"twitter:label2\" content=\"Est. reading time\" \/>\n\t<meta name=\"twitter:data2\" content=\"1 minute\" \/>\n<script type=\"application\/ld+json\" class=\"yoast-schema-graph\">{\"@context\":\"https:\/\/schema.org\",\"@graph\":[{\"@type\":\"WebPage\",\"@id\":\"https:\/\/www.aguarda.es\/en\/a-guarda-prepara-a-sua-primeira-saida-cultural-para-a-obra-memorias-dun-neno-labrego\/\",\"url\":\"https:\/\/www.aguarda.es\/en\/a-guarda-prepara-a-sua-primeira-saida-cultural-para-a-obra-memorias-dun-neno-labrego\/\",\"name\":\"A Guarda prepara a s\u00faa primeira sa\u00edda cultural para a obra \u201cMemorias dun neno labrego\u201d - Concello da Guarda\",\"isPartOf\":{\"@id\":\"https:\/\/www.aguarda.es\/en\/#website\"},\"datePublished\":\"2026-01-07T11:26:11+00:00\",\"dateModified\":\"2026-01-07T11:26:11+00:00\",\"author\":{\"@id\":\"https:\/\/www.aguarda.es\/en\/#\/schema\/person\/c463ca3006858ffb349d11179d044f21\"},\"description\":\"O pr\u00f3ximo venres 16 de xaneiro ser\u00e1 a primeira sa\u00edda do bus do teatro desde A Guarda. A obra a ver ser\u00e1 \u201cMemorias dun neno labrego\u201d.\",\"breadcrumb\":{\"@id\":\"https:\/\/www.aguarda.es\/en\/a-guarda-prepara-a-sua-primeira-saida-cultural-para-a-obra-memorias-dun-neno-labrego\/#breadcrumb\"},\"inLanguage\":\"en-US\",\"potentialAction\":[{\"@type\":\"ReadAction\",\"target\":[\"https:\/\/www.aguarda.es\/en\/a-guarda-prepara-a-sua-primeira-saida-cultural-para-a-obra-memorias-dun-neno-labrego\/\"]}]},{\"@type\":\"BreadcrumbList\",\"@id\":\"https:\/\/www.aguarda.es\/en\/a-guarda-prepara-a-sua-primeira-saida-cultural-para-a-obra-memorias-dun-neno-labrego\/#breadcrumb\",\"itemListElement\":[{\"@type\":\"ListItem\",\"position\":1,\"name\":\"Portada\",\"item\":\"https:\/\/www.aguarda.es\/en\/\"},{\"@type\":\"ListItem\",\"position\":2,\"name\":\"A Guarda prepara a s\u00faa primeira sa\u00edda cultural para a obra \u201cMemorias dun neno labrego\u201d\"}]},{\"@type\":\"WebSite\",\"@id\":\"https:\/\/www.aguarda.es\/en\/#website\",\"url\":\"https:\/\/www.aguarda.es\/en\/\",\"name\":\"Concello da Guarda\",\"description\":\"P\u00e1xina web do concello da Guarda\",\"potentialAction\":[{\"@type\":\"SearchAction\",\"target\":{\"@type\":\"EntryPoint\",\"urlTemplate\":\"https:\/\/www.aguarda.es\/en\/?s={search_term_string}\"},\"query-input\":\"required name=search_term_string\"}],\"inLanguage\":\"en-US\"},{\"@type\":\"Person\",\"@id\":\"https:\/\/www.aguarda.es\/en\/#\/schema\/person\/c463ca3006858ffb349d11179d044f21\",\"name\":\"prensa\",\"image\":{\"@type\":\"ImageObject\",\"inLanguage\":\"en-US\",\"@id\":\"https:\/\/www.aguarda.es\/en\/#\/schema\/person\/image\/\",\"url\":\"https:\/\/secure.gravatar.com\/avatar\/5f90ef536b0f98306edf5c7a1135ffa1?s=96&d=mm&r=g\",\"contentUrl\":\"https:\/\/secure.gravatar.com\/avatar\/5f90ef536b0f98306edf5c7a1135ffa1?s=96&d=mm&r=g\",\"caption\":\"prensa\"},\"url\":\"https:\/\/www.aguarda.es\/en\/author\/prensa\/\"}]}<\/script>\n<!-- \/ Yoast SEO plugin. -->","yoast_head_json":{"title":"A Guarda prepara a s\u00faa primeira sa\u00edda cultural para a obra \u201cMemorias dun neno labrego\u201d - Concello da Guarda","description":"O pr\u00f3ximo venres 16 de xaneiro ser\u00e1 a primeira sa\u00edda do bus do teatro desde A Guarda. A obra a ver ser\u00e1 \u201cMemorias dun neno labrego\u201d.","robots":{"index":"index","follow":"follow","max-snippet":"max-snippet:-1","max-image-preview":"max-image-preview:large","max-video-preview":"max-video-preview:-1"},"canonical":"https:\/\/www.aguarda.es\/en\/a-guarda-prepara-a-sua-primeira-saida-cultural-para-a-obra-memorias-dun-neno-labrego\/","og_locale":"en_US","og_type":"article","og_title":"A Guarda prepara a s\u00faa primeira sa\u00edda cultural para a obra \u201cMemorias dun neno labrego\u201d - Concello da Guarda","og_description":"O pr\u00f3ximo venres 16 de xaneiro ser\u00e1 a primeira sa\u00edda do bus do teatro desde A Guarda. A obra a ver ser\u00e1 \u201cMemorias dun neno labrego\u201d.","og_url":"https:\/\/www.aguarda.es\/en\/a-guarda-prepara-a-sua-primeira-saida-cultural-para-a-obra-memorias-dun-neno-labrego\/","og_site_name":"Concello da Guarda","article_publisher":"https:\/\/www.facebook.com\/ConcellodaGuarda","article_published_time":"2026-01-07T11:26:11+00:00","og_image":[{"width":1123,"height":1588,"url":"https:\/\/www.aguarda.es\/wp-content\/uploads\/2026\/01\/A-GUARDA-bus-teatro.jpg?_t=1767785172","type":"image\/jpeg"}],"author":"prensa","twitter_card":"summary_large_image","twitter_creator":"@AGuarda_es","twitter_site":"@AGuarda_es","twitter_misc":{"Written by":"prensa","Est. reading time":"1 minute"},"schema":{"@context":"https:\/\/schema.org","@graph":[{"@type":"WebPage","@id":"https:\/\/www.aguarda.es\/en\/a-guarda-prepara-a-sua-primeira-saida-cultural-para-a-obra-memorias-dun-neno-labrego\/","url":"https:\/\/www.aguarda.es\/en\/a-guarda-prepara-a-sua-primeira-saida-cultural-para-a-obra-memorias-dun-neno-labrego\/","name":"A Guarda prepara a s\u00faa primeira sa\u00edda cultural para a obra \u201cMemorias dun neno labrego\u201d - Concello da Guarda","isPartOf":{"@id":"https:\/\/www.aguarda.es\/en\/#website"},"datePublished":"2026-01-07T11:26:11+00:00","dateModified":"2026-01-07T11:26:11+00:00","author":{"@id":"https:\/\/www.aguarda.es\/en\/#\/schema\/person\/c463ca3006858ffb349d11179d044f21"},"description":"O pr\u00f3ximo venres 16 de xaneiro ser\u00e1 a primeira sa\u00edda do bus do teatro desde A Guarda. A obra a ver ser\u00e1 \u201cMemorias dun neno labrego\u201d.","breadcrumb":{"@id":"https:\/\/www.aguarda.es\/en\/a-guarda-prepara-a-sua-primeira-saida-cultural-para-a-obra-memorias-dun-neno-labrego\/#breadcrumb"},"inLanguage":"en-US","potentialAction":[{"@type":"ReadAction","target":["https:\/\/www.aguarda.es\/en\/a-guarda-prepara-a-sua-primeira-saida-cultural-para-a-obra-memorias-dun-neno-labrego\/"]}]},{"@type":"BreadcrumbList","@id":"https:\/\/www.aguarda.es\/en\/a-guarda-prepara-a-sua-primeira-saida-cultural-para-a-obra-memorias-dun-neno-labrego\/#breadcrumb","itemListElement":[{"@type":"ListItem","position":1,"name":"Portada","item":"https:\/\/www.aguarda.es\/en\/"},{"@type":"ListItem","position":2,"name":"A Guarda prepara a s\u00faa primeira sa\u00edda cultural para a obra \u201cMemorias dun neno labrego\u201d"}]},{"@type":"WebSite","@id":"https:\/\/www.aguarda.es\/en\/#website","url":"https:\/\/www.aguarda.es\/en\/","name":"Concello da Guarda","description":"P\u00e1xina web do concello da Guarda","potentialAction":[{"@type":"SearchAction","target":{"@type":"EntryPoint","urlTemplate":"https:\/\/www.aguarda.es\/en\/?s={search_term_string}"},"query-input":"required name=search_term_string"}],"inLanguage":"en-US"},{"@type":"Person","@id":"https:\/\/www.aguarda.es\/en\/#\/schema\/person\/c463ca3006858ffb349d11179d044f21","name":"prensa","image":{"@type":"ImageObject","inLanguage":"en-US","@id":"https:\/\/www.aguarda.es\/en\/#\/schema\/person\/image\/","url":"https:\/\/secure.gravatar.com\/avatar\/5f90ef536b0f98306edf5c7a1135ffa1?s=96&d=mm&r=g","contentUrl":"https:\/\/secure.gravatar.com\/avatar\/5f90ef536b0f98306edf5c7a1135ffa1?s=96&d=mm&r=g","caption":"prensa"},"url":"https:\/\/www.aguarda.es\/en\/author\/prensa\/"}]}},"_links":{"self":[{"href":"https:\/\/www.aguarda.es\/en\/wp-json\/wp\/v2\/posts\/34087"}],"collection":[{"href":"https:\/\/www.aguarda.es\/en\/wp-json\/wp\/v2\/posts"}],"about":[{"href":"https:\/\/www.aguarda.es\/en\/wp-json\/wp\/v2\/types\/post"}],"author":[{"embeddable":true,"href":"https:\/\/www.aguarda.es\/en\/wp-json\/wp\/v2\/users\/2"}],"replies":[{"embeddable":true,"href":"https:\/\/www.aguarda.es\/en\/wp-json\/wp\/v2\/comments?post=34087"}],"version-history":[{"count":1,"href":"https:\/\/www.aguarda.es\/en\/wp-json\/wp\/v2\/posts\/34087\/revisions"}],"predecessor-version":[{"id":34090,"href":"https:\/\/www.aguarda.es\/en\/wp-json\/wp\/v2\/posts\/34087\/revisions\/34090"}],"wp:featuredmedia":[{"embeddable":true,"href":"https:\/\/www.aguarda.es\/en\/wp-json\/wp\/v2\/media\/34088"}],"wp:attachment":[{"href":"https:\/\/www.aguarda.es\/en\/wp-json\/wp\/v2\/media?parent=34087"}],"wp:term":[{"taxonomy":"category","embeddable":true,"href":"https:\/\/www.aguarda.es\/en\/wp-json\/wp\/v2\/categories?post=34087"},{"taxonomy":"post_tag","embeddable":true,"href":"https:\/\/www.aguarda.es\/en\/wp-json\/wp\/v2\/tags?post=34087"}],"curies":[{"name":"wp","href":"https:\/\/api.w.org\/{rel}","templated":true}]}}