{"id":34091,"date":"2026-01-08T09:00:10","date_gmt":"2026-01-08T09:00:10","guid":{"rendered":"https:\/\/www.aguarda.es\/?p=34091"},"modified":"2026-01-08T09:25:30","modified_gmt":"2026-01-08T09:25:30","slug":"o-concello-continua-promovendo-a-compostaxe-con-charlas-informativas","status":"publish","type":"post","link":"https:\/\/www.aguarda.es\/en\/o-concello-continua-promovendo-a-compostaxe-con-charlas-informativas\/","title":{"rendered":"O Concello contin\u00faa promovendo a compostaxe con charlas informativas"},"content":{"rendered":"<p class=\"western\" align=\"left\"><span style=\"color: #000000;\"><span style=\"font-family: Arial, sans-serif;\"><span lang=\"gl-ES\">O Concello da Guarda contin\u00faa co seu obxectivo de mellorar o aproveitamento dos recursos e a separaci\u00f3n e xesti\u00f3n de residuos. Por iso, este <strong>xoves <\/strong><\/span><\/span><strong><span style=\"font-family: Arial, sans-serif;\"><span lang=\"gl-ES\">15 de xanei<\/span><\/span><\/strong><span style=\"font-family: Arial, sans-serif;\"><span lang=\"gl-ES\"><strong>ro<\/strong>, <strong>\u00e1s 1<\/strong><\/span><\/span><strong><span style=\"font-family: Arial, sans-serif;\"><span lang=\"gl-ES\">9:0<\/span><\/span><\/strong><span style=\"font-family: Arial, sans-serif;\"><span lang=\"gl-ES\"><strong>0h<\/strong> haber\u00e1 unha charla sobre a compostaxe <\/span><\/span><span style=\"font-family: Arial, sans-serif;\"><span lang=\"gl-ES\">na <strong><span style=\"color: #000000;\">Casa <\/span><\/strong><\/span><\/span><strong><span style=\"font-family: Arial, sans-serif;\"><span lang=\"gl-ES\">da <\/span><\/span><span style=\"font-family: Arial, sans-serif;\"><span lang=\"gl-ES\">Entidade Local Menor<\/span><\/span><span style=\"font-family: Arial, sans-serif;\"><span lang=\"gl-ES\">\u00a0de Camposancos.<\/span><\/span><\/strong><\/span><\/p>\n<p class=\"western\" lang=\"gl-ES\" align=\"left\"><span style=\"font-family: Arial, sans-serif; color: #000000;\">A charla axudar\u00e1 aos veci\u00f1os e veci\u00f1as que solicitaron un composteiro a co\u00f1ecer mellor a s\u00faa funci\u00f3n e uso, mais tam\u00e9n est\u00e1 aberta a toda persoa que te\u00f1a un composteiro ou queira saber m\u00e1is sobre a compostaxe e reciclaxe en xeral.<\/span><\/p>\n<p class=\"western\" lang=\"gl-ES\" align=\"left\"><span style=\"font-family: Arial, sans-serif; color: #000000;\">O obxectivo \u00e9 reciclar a materia org\u00e1nica para obter un abono de alta calidade que os participantes poden aproveitar nas s\u00faas hortas ou xard\u00edns, ao tempo que reducen os custos asociados. Deste xeito ap\u00f3stase pola econom\u00eda circular ao tempo que contrib\u00fae a reducir a produci\u00f3n de residuos e lixo e a minorar as emisi\u00f3ns de CO2 \u00e1 atmosfera.<\/span><\/p>\n<p class=\"western\" lang=\"gl-ES\" align=\"left\"><span style=\"font-family: Arial, sans-serif; color: #000000;\">Mentres tanto, o Concello da Guarda segue a repartir <strong>composteiros<\/strong> de xeito gratu\u00edto entre os veci\u00f1os e veci\u00f1as. As persoas interesadas en obter un composteiro, poden solicitalo a trav\u00e9s de <strong>medioambiente@aguarda.es ou no 986 61 00 00.<\/strong><\/span><\/p>\n","protected":false},"excerpt":{"rendered":"<p>O Concello da Guarda contin\u00faa co seu obxectivo de mellorar o aproveitamento dos recursos e a separaci\u00f3n e xesti\u00f3n de residuos. Por iso, este xoves 15 de xaneiro, \u00e1s 19:00h haber\u00e1 unha charla sobre a compostaxe na Casa da Entidade &hellip; <\/p>\n","protected":false},"author":2,"featured_media":34097,"comment_status":"closed","ping_status":"closed","sticky":false,"template":"","format":"standard","meta":[],"categories":[40,363],"tags":[],"yoast_head":"<!-- This site is optimized with the Yoast SEO plugin v21.1 - https:\/\/yoast.com\/wordpress\/plugins\/seo\/ -->\n<title>O Concello contin\u00faa promovendo a compostaxe con charlas informativas - Concello da Guarda<\/title>\n<meta name=\"description\" content=\"O Concello da Guarda contin\u00faa co seu obxectivo de mellorar o aproveitamento dos recursos e a separaci\u00f3n e xesti\u00f3n de residuos. Por iso, este\" \/>\n<meta name=\"robots\" content=\"index, follow, max-snippet:-1, max-image-preview:large, max-video-preview:-1\" \/>\n<link rel=\"canonical\" href=\"https:\/\/www.aguarda.es\/en\/o-concello-continua-promovendo-a-compostaxe-con-charlas-informativas\/\" \/>\n<meta property=\"og:locale\" content=\"en_US\" \/>\n<meta property=\"og:type\" content=\"article\" \/>\n<meta property=\"og:title\" content=\"O Concello contin\u00faa promovendo a compostaxe con charlas informativas - Concello da Guarda\" \/>\n<meta property=\"og:description\" content=\"O Concello da Guarda contin\u00faa co seu obxectivo de mellorar o aproveitamento dos recursos e a separaci\u00f3n e xesti\u00f3n de residuos. Por iso, este\" \/>\n<meta property=\"og:url\" content=\"https:\/\/www.aguarda.es\/en\/o-concello-continua-promovendo-a-compostaxe-con-charlas-informativas\/\" \/>\n<meta property=\"og:site_name\" content=\"Concello da Guarda\" \/>\n<meta property=\"article:publisher\" content=\"https:\/\/www.facebook.com\/ConcellodaGuarda\" \/>\n<meta property=\"article:published_time\" content=\"2026-01-08T09:00:10+00:00\" \/>\n<meta property=\"article:modified_time\" content=\"2026-01-08T09:25:30+00:00\" \/>\n<meta property=\"og:image\" content=\"https:\/\/www.aguarda.es\/wp-content\/uploads\/2026\/01\/cartel-A3-compostaxe-1.jpg?_t=1767864330\" \/>\n\t<meta property=\"og:image:width\" content=\"1587\" \/>\n\t<meta property=\"og:image:height\" content=\"2245\" \/>\n\t<meta property=\"og:image:type\" content=\"image\/jpeg\" \/>\n<meta name=\"author\" content=\"prensa\" \/>\n<meta name=\"twitter:card\" content=\"summary_large_image\" \/>\n<meta name=\"twitter:creator\" content=\"@AGuarda_es\" \/>\n<meta name=\"twitter:site\" content=\"@AGuarda_es\" \/>\n<meta name=\"twitter:label1\" content=\"Written by\" \/>\n\t<meta name=\"twitter:data1\" content=\"prensa\" \/>\n\t<meta name=\"twitter:label2\" content=\"Est. reading time\" \/>\n\t<meta name=\"twitter:data2\" content=\"1 minute\" \/>\n<script type=\"application\/ld+json\" class=\"yoast-schema-graph\">{\"@context\":\"https:\/\/schema.org\",\"@graph\":[{\"@type\":\"WebPage\",\"@id\":\"https:\/\/www.aguarda.es\/en\/o-concello-continua-promovendo-a-compostaxe-con-charlas-informativas\/\",\"url\":\"https:\/\/www.aguarda.es\/en\/o-concello-continua-promovendo-a-compostaxe-con-charlas-informativas\/\",\"name\":\"O Concello contin\u00faa promovendo a compostaxe con charlas informativas - Concello da Guarda\",\"isPartOf\":{\"@id\":\"https:\/\/www.aguarda.es\/en\/#website\"},\"datePublished\":\"2026-01-08T09:00:10+00:00\",\"dateModified\":\"2026-01-08T09:25:30+00:00\",\"author\":{\"@id\":\"https:\/\/www.aguarda.es\/en\/#\/schema\/person\/c463ca3006858ffb349d11179d044f21\"},\"description\":\"O Concello da Guarda contin\u00faa co seu obxectivo de mellorar o aproveitamento dos recursos e a separaci\u00f3n e xesti\u00f3n de residuos. Por iso, este\",\"breadcrumb\":{\"@id\":\"https:\/\/www.aguarda.es\/en\/o-concello-continua-promovendo-a-compostaxe-con-charlas-informativas\/#breadcrumb\"},\"inLanguage\":\"en-US\",\"potentialAction\":[{\"@type\":\"ReadAction\",\"target\":[\"https:\/\/www.aguarda.es\/en\/o-concello-continua-promovendo-a-compostaxe-con-charlas-informativas\/\"]}]},{\"@type\":\"BreadcrumbList\",\"@id\":\"https:\/\/www.aguarda.es\/en\/o-concello-continua-promovendo-a-compostaxe-con-charlas-informativas\/#breadcrumb\",\"itemListElement\":[{\"@type\":\"ListItem\",\"position\":1,\"name\":\"Portada\",\"item\":\"https:\/\/www.aguarda.es\/en\/\"},{\"@type\":\"ListItem\",\"position\":2,\"name\":\"O Concello contin\u00faa promovendo a compostaxe con charlas informativas\"}]},{\"@type\":\"WebSite\",\"@id\":\"https:\/\/www.aguarda.es\/en\/#website\",\"url\":\"https:\/\/www.aguarda.es\/en\/\",\"name\":\"Concello da Guarda\",\"description\":\"P\u00e1xina web do concello da Guarda\",\"potentialAction\":[{\"@type\":\"SearchAction\",\"target\":{\"@type\":\"EntryPoint\",\"urlTemplate\":\"https:\/\/www.aguarda.es\/en\/?s={search_term_string}\"},\"query-input\":\"required name=search_term_string\"}],\"inLanguage\":\"en-US\"},{\"@type\":\"Person\",\"@id\":\"https:\/\/www.aguarda.es\/en\/#\/schema\/person\/c463ca3006858ffb349d11179d044f21\",\"name\":\"prensa\",\"image\":{\"@type\":\"ImageObject\",\"inLanguage\":\"en-US\",\"@id\":\"https:\/\/www.aguarda.es\/en\/#\/schema\/person\/image\/\",\"url\":\"https:\/\/secure.gravatar.com\/avatar\/5f90ef536b0f98306edf5c7a1135ffa1?s=96&d=mm&r=g\",\"contentUrl\":\"https:\/\/secure.gravatar.com\/avatar\/5f90ef536b0f98306edf5c7a1135ffa1?s=96&d=mm&r=g\",\"caption\":\"prensa\"},\"url\":\"https:\/\/www.aguarda.es\/en\/author\/prensa\/\"}]}<\/script>\n<!-- \/ Yoast SEO plugin. -->","yoast_head_json":{"title":"O Concello contin\u00faa promovendo a compostaxe con charlas informativas - Concello da Guarda","description":"O Concello da Guarda contin\u00faa co seu obxectivo de mellorar o aproveitamento dos recursos e a separaci\u00f3n e xesti\u00f3n de residuos. Por iso, este","robots":{"index":"index","follow":"follow","max-snippet":"max-snippet:-1","max-image-preview":"max-image-preview:large","max-video-preview":"max-video-preview:-1"},"canonical":"https:\/\/www.aguarda.es\/en\/o-concello-continua-promovendo-a-compostaxe-con-charlas-informativas\/","og_locale":"en_US","og_type":"article","og_title":"O Concello contin\u00faa promovendo a compostaxe con charlas informativas - Concello da Guarda","og_description":"O Concello da Guarda contin\u00faa co seu obxectivo de mellorar o aproveitamento dos recursos e a separaci\u00f3n e xesti\u00f3n de residuos. Por iso, este","og_url":"https:\/\/www.aguarda.es\/en\/o-concello-continua-promovendo-a-compostaxe-con-charlas-informativas\/","og_site_name":"Concello da Guarda","article_publisher":"https:\/\/www.facebook.com\/ConcellodaGuarda","article_published_time":"2026-01-08T09:00:10+00:00","article_modified_time":"2026-01-08T09:25:30+00:00","og_image":[{"width":1587,"height":2245,"url":"https:\/\/www.aguarda.es\/wp-content\/uploads\/2026\/01\/cartel-A3-compostaxe-1.jpg?_t=1767864330","type":"image\/jpeg"}],"author":"prensa","twitter_card":"summary_large_image","twitter_creator":"@AGuarda_es","twitter_site":"@AGuarda_es","twitter_misc":{"Written by":"prensa","Est. reading time":"1 minute"},"schema":{"@context":"https:\/\/schema.org","@graph":[{"@type":"WebPage","@id":"https:\/\/www.aguarda.es\/en\/o-concello-continua-promovendo-a-compostaxe-con-charlas-informativas\/","url":"https:\/\/www.aguarda.es\/en\/o-concello-continua-promovendo-a-compostaxe-con-charlas-informativas\/","name":"O Concello contin\u00faa promovendo a compostaxe con charlas informativas - Concello da Guarda","isPartOf":{"@id":"https:\/\/www.aguarda.es\/en\/#website"},"datePublished":"2026-01-08T09:00:10+00:00","dateModified":"2026-01-08T09:25:30+00:00","author":{"@id":"https:\/\/www.aguarda.es\/en\/#\/schema\/person\/c463ca3006858ffb349d11179d044f21"},"description":"O Concello da Guarda contin\u00faa co seu obxectivo de mellorar o aproveitamento dos recursos e a separaci\u00f3n e xesti\u00f3n de residuos. Por iso, este","breadcrumb":{"@id":"https:\/\/www.aguarda.es\/en\/o-concello-continua-promovendo-a-compostaxe-con-charlas-informativas\/#breadcrumb"},"inLanguage":"en-US","potentialAction":[{"@type":"ReadAction","target":["https:\/\/www.aguarda.es\/en\/o-concello-continua-promovendo-a-compostaxe-con-charlas-informativas\/"]}]},{"@type":"BreadcrumbList","@id":"https:\/\/www.aguarda.es\/en\/o-concello-continua-promovendo-a-compostaxe-con-charlas-informativas\/#breadcrumb","itemListElement":[{"@type":"ListItem","position":1,"name":"Portada","item":"https:\/\/www.aguarda.es\/en\/"},{"@type":"ListItem","position":2,"name":"O Concello contin\u00faa promovendo a compostaxe con charlas informativas"}]},{"@type":"WebSite","@id":"https:\/\/www.aguarda.es\/en\/#website","url":"https:\/\/www.aguarda.es\/en\/","name":"Concello da Guarda","description":"P\u00e1xina web do concello da Guarda","potentialAction":[{"@type":"SearchAction","target":{"@type":"EntryPoint","urlTemplate":"https:\/\/www.aguarda.es\/en\/?s={search_term_string}"},"query-input":"required name=search_term_string"}],"inLanguage":"en-US"},{"@type":"Person","@id":"https:\/\/www.aguarda.es\/en\/#\/schema\/person\/c463ca3006858ffb349d11179d044f21","name":"prensa","image":{"@type":"ImageObject","inLanguage":"en-US","@id":"https:\/\/www.aguarda.es\/en\/#\/schema\/person\/image\/","url":"https:\/\/secure.gravatar.com\/avatar\/5f90ef536b0f98306edf5c7a1135ffa1?s=96&d=mm&r=g","contentUrl":"https:\/\/secure.gravatar.com\/avatar\/5f90ef536b0f98306edf5c7a1135ffa1?s=96&d=mm&r=g","caption":"prensa"},"url":"https:\/\/www.aguarda.es\/en\/author\/prensa\/"}]}},"_links":{"self":[{"href":"https:\/\/www.aguarda.es\/en\/wp-json\/wp\/v2\/posts\/34091"}],"collection":[{"href":"https:\/\/www.aguarda.es\/en\/wp-json\/wp\/v2\/posts"}],"about":[{"href":"https:\/\/www.aguarda.es\/en\/wp-json\/wp\/v2\/types\/post"}],"author":[{"embeddable":true,"href":"https:\/\/www.aguarda.es\/en\/wp-json\/wp\/v2\/users\/2"}],"replies":[{"embeddable":true,"href":"https:\/\/www.aguarda.es\/en\/wp-json\/wp\/v2\/comments?post=34091"}],"version-history":[{"count":3,"href":"https:\/\/www.aguarda.es\/en\/wp-json\/wp\/v2\/posts\/34091\/revisions"}],"predecessor-version":[{"id":34096,"href":"https:\/\/www.aguarda.es\/en\/wp-json\/wp\/v2\/posts\/34091\/revisions\/34096"}],"wp:featuredmedia":[{"embeddable":true,"href":"https:\/\/www.aguarda.es\/en\/wp-json\/wp\/v2\/media\/34097"}],"wp:attachment":[{"href":"https:\/\/www.aguarda.es\/en\/wp-json\/wp\/v2\/media?parent=34091"}],"wp:term":[{"taxonomy":"category","embeddable":true,"href":"https:\/\/www.aguarda.es\/en\/wp-json\/wp\/v2\/categories?post=34091"},{"taxonomy":"post_tag","embeddable":true,"href":"https:\/\/www.aguarda.es\/en\/wp-json\/wp\/v2\/tags?post=34091"}],"curies":[{"name":"wp","href":"https:\/\/api.w.org\/{rel}","templated":true}]}}