{"id":34152,"date":"2026-01-21T09:57:14","date_gmt":"2026-01-21T09:57:14","guid":{"rendered":"https:\/\/www.aguarda.es\/?p=34152"},"modified":"2026-01-21T10:14:13","modified_gmt":"2026-01-21T10:14:13","slug":"a-nova-biblioteca-municipal-da-guarda-continua-a-sua-posta-a-punto","status":"publish","type":"post","link":"https:\/\/www.aguarda.es\/en\/a-nova-biblioteca-municipal-da-guarda-continua-a-sua-posta-a-punto\/","title":{"rendered":"A nova biblioteca municipal da Guarda contin\u00faa a s\u00faa posta a punto"},"content":{"rendered":"<p class=\"western\" align=\"left\"><span style=\"color: #000000;\"><span style=\"font-family: Arial, sans-serif;\"><span lang=\"gl-ES\">Contin\u00faan os traballos na antiga Casa do Concello para transformala na nova biblioteca e sala de estudos. A partir deste ver\u00e1n A Guarda poder\u00e1 desfrutar dunha biblioteca e sala de estudos modernas e adaptadas \u00e1s necesidades actuais.<\/span><\/span><\/span><\/p>\n<p class=\"western\" align=\"left\"><span style=\"color: #000000;\"><span style=\"font-family: Arial, sans-serif;\"><span lang=\"gl-ES\">O alcalde da Guarda, Roberto Carrero, afirma que &#8220;as obras son unha remodelaci\u00f3n completa do espazo para converterse na biblioteca e sala de estudos que os guardeses e guardesas necesitan&#8221;.<\/span><\/span><\/span><\/p>\n<p class=\"western\" align=\"left\"><span style=\"color: #000000;\"><span style=\"font-family: Arial, sans-serif;\"><span lang=\"gl-ES\">As instalaci\u00f3ns da biblioteca incluir\u00e1n unha zona de consulta, unha zona infantil, unha zona de lectura e postos de inform\u00e1tica. Ademais, abrirase a nova sala de estudos, que estar\u00e1 separada da biblioteca para dar maior independencia e maior flexibilidade horaria.<\/span><\/span><\/span><\/p>\n<p class=\"western\" align=\"left\"><span style=\"font-family: Arial, sans-serif; color: #000000;\"><span lang=\"gl-ES\">Esta sala de estudos contar\u00e1 con postos con conexi\u00f3n el\u00e9ctrica para que os estudantes poidan usar os seus ordenadores e aparellos electr\u00f3nicos. Para a adquisici\u00f3n do equipamento e mobiliario da nova biblioteca e sala de estudos, o Concello conta con 61.000\u20ac.<\/span><\/span><\/p>\n<p class=\"western\" align=\"left\"><span style=\"font-family: Arial, sans-serif; color: #000000;\"><span lang=\"gl-ES\">A reforma tam\u00e9n se leva ao exterior con novas vent\u00e1s, balc\u00f3ns e tellado, co obxectivo de mellorar a eficiencia enerx\u00e9tica. A inversi\u00f3n na reforma das cubertas rozou os 100.000\u20ac.<\/span><\/span><\/p>\n<p class=\"western\" align=\"left\"><span style=\"font-family: Arial, sans-serif; color: #000000;\"><span lang=\"gl-ES\">A reforma no interior da primeira planta conta cun orzamento de 157.376\u20ac, coa subvenci\u00f3n do Plan +Provincia. <\/span><\/span><\/p>\n","protected":false},"excerpt":{"rendered":"<p>Contin\u00faan os traballos na antiga Casa do Concello para transformala na nova biblioteca e sala de estudos. A partir deste ver\u00e1n A Guarda poder\u00e1 desfrutar dunha biblioteca e sala de estudos modernas e adaptadas \u00e1s necesidades actuais. O alcalde da &hellip; <\/p>\n","protected":false},"author":2,"featured_media":34153,"comment_status":"closed","ping_status":"closed","sticky":false,"template":"","format":"standard","meta":[],"categories":[47,363],"tags":[],"yoast_head":"<!-- This site is optimized with the Yoast SEO plugin v21.1 - https:\/\/yoast.com\/wordpress\/plugins\/seo\/ -->\n<title>A nova biblioteca municipal da Guarda contin\u00faa a s\u00faa posta a punto - Concello da Guarda<\/title>\n<meta name=\"description\" content=\"Contin\u00faan os traballos na antiga Casa do Concello para transformala na nova biblioteca e sala de estudos. A partir deste ver\u00e1n A Guarda\" \/>\n<meta name=\"robots\" content=\"index, follow, max-snippet:-1, max-image-preview:large, max-video-preview:-1\" \/>\n<link rel=\"canonical\" href=\"https:\/\/www.aguarda.es\/en\/a-nova-biblioteca-municipal-da-guarda-continua-a-sua-posta-a-punto\/\" \/>\n<meta property=\"og:locale\" content=\"en_US\" \/>\n<meta property=\"og:type\" content=\"article\" \/>\n<meta property=\"og:title\" content=\"A nova biblioteca municipal da Guarda contin\u00faa a s\u00faa posta a punto - Concello da Guarda\" \/>\n<meta property=\"og:description\" content=\"Contin\u00faan os traballos na antiga Casa do Concello para transformala na nova biblioteca e sala de estudos. A partir deste ver\u00e1n A Guarda\" \/>\n<meta property=\"og:url\" content=\"https:\/\/www.aguarda.es\/en\/a-nova-biblioteca-municipal-da-guarda-continua-a-sua-posta-a-punto\/\" \/>\n<meta property=\"og:site_name\" content=\"Concello da Guarda\" \/>\n<meta property=\"article:publisher\" content=\"https:\/\/www.facebook.com\/ConcellodaGuarda\" \/>\n<meta property=\"article:published_time\" content=\"2026-01-21T09:57:14+00:00\" \/>\n<meta property=\"article:modified_time\" content=\"2026-01-21T10:14:13+00:00\" \/>\n<meta property=\"og:image\" content=\"https:\/\/www.aguarda.es\/wp-content\/uploads\/2026\/01\/WhatsApp-Image-2026-01-21-at-10.51.06.jpeg?_t=1768990454\" \/>\n\t<meta property=\"og:image:width\" content=\"2040\" \/>\n\t<meta property=\"og:image:height\" content=\"1148\" \/>\n\t<meta property=\"og:image:type\" content=\"image\/jpeg\" \/>\n<meta name=\"author\" content=\"prensa\" \/>\n<meta name=\"twitter:card\" content=\"summary_large_image\" \/>\n<meta name=\"twitter:creator\" content=\"@AGuarda_es\" \/>\n<meta name=\"twitter:site\" content=\"@AGuarda_es\" \/>\n<meta name=\"twitter:label1\" content=\"Written by\" \/>\n\t<meta name=\"twitter:data1\" content=\"prensa\" \/>\n\t<meta name=\"twitter:label2\" content=\"Est. reading time\" \/>\n\t<meta name=\"twitter:data2\" content=\"2 minutes\" \/>\n<script type=\"application\/ld+json\" class=\"yoast-schema-graph\">{\"@context\":\"https:\/\/schema.org\",\"@graph\":[{\"@type\":\"WebPage\",\"@id\":\"https:\/\/www.aguarda.es\/en\/a-nova-biblioteca-municipal-da-guarda-continua-a-sua-posta-a-punto\/\",\"url\":\"https:\/\/www.aguarda.es\/en\/a-nova-biblioteca-municipal-da-guarda-continua-a-sua-posta-a-punto\/\",\"name\":\"A nova biblioteca municipal da Guarda contin\u00faa a s\u00faa posta a punto - Concello da Guarda\",\"isPartOf\":{\"@id\":\"https:\/\/www.aguarda.es\/en\/#website\"},\"datePublished\":\"2026-01-21T09:57:14+00:00\",\"dateModified\":\"2026-01-21T10:14:13+00:00\",\"author\":{\"@id\":\"https:\/\/www.aguarda.es\/en\/#\/schema\/person\/c463ca3006858ffb349d11179d044f21\"},\"description\":\"Contin\u00faan os traballos na antiga Casa do Concello para transformala na nova biblioteca e sala de estudos. A partir deste ver\u00e1n A Guarda\",\"breadcrumb\":{\"@id\":\"https:\/\/www.aguarda.es\/en\/a-nova-biblioteca-municipal-da-guarda-continua-a-sua-posta-a-punto\/#breadcrumb\"},\"inLanguage\":\"en-US\",\"potentialAction\":[{\"@type\":\"ReadAction\",\"target\":[\"https:\/\/www.aguarda.es\/en\/a-nova-biblioteca-municipal-da-guarda-continua-a-sua-posta-a-punto\/\"]}]},{\"@type\":\"BreadcrumbList\",\"@id\":\"https:\/\/www.aguarda.es\/en\/a-nova-biblioteca-municipal-da-guarda-continua-a-sua-posta-a-punto\/#breadcrumb\",\"itemListElement\":[{\"@type\":\"ListItem\",\"position\":1,\"name\":\"Portada\",\"item\":\"https:\/\/www.aguarda.es\/en\/\"},{\"@type\":\"ListItem\",\"position\":2,\"name\":\"A nova biblioteca municipal da Guarda contin\u00faa a s\u00faa posta a punto\"}]},{\"@type\":\"WebSite\",\"@id\":\"https:\/\/www.aguarda.es\/en\/#website\",\"url\":\"https:\/\/www.aguarda.es\/en\/\",\"name\":\"Concello da Guarda\",\"description\":\"P\u00e1xina web do concello da Guarda\",\"potentialAction\":[{\"@type\":\"SearchAction\",\"target\":{\"@type\":\"EntryPoint\",\"urlTemplate\":\"https:\/\/www.aguarda.es\/en\/?s={search_term_string}\"},\"query-input\":\"required name=search_term_string\"}],\"inLanguage\":\"en-US\"},{\"@type\":\"Person\",\"@id\":\"https:\/\/www.aguarda.es\/en\/#\/schema\/person\/c463ca3006858ffb349d11179d044f21\",\"name\":\"prensa\",\"image\":{\"@type\":\"ImageObject\",\"inLanguage\":\"en-US\",\"@id\":\"https:\/\/www.aguarda.es\/en\/#\/schema\/person\/image\/\",\"url\":\"https:\/\/secure.gravatar.com\/avatar\/5f90ef536b0f98306edf5c7a1135ffa1?s=96&d=mm&r=g\",\"contentUrl\":\"https:\/\/secure.gravatar.com\/avatar\/5f90ef536b0f98306edf5c7a1135ffa1?s=96&d=mm&r=g\",\"caption\":\"prensa\"},\"url\":\"https:\/\/www.aguarda.es\/en\/author\/prensa\/\"}]}<\/script>\n<!-- \/ Yoast SEO plugin. -->","yoast_head_json":{"title":"A nova biblioteca municipal da Guarda contin\u00faa a s\u00faa posta a punto - Concello da Guarda","description":"Contin\u00faan os traballos na antiga Casa do Concello para transformala na nova biblioteca e sala de estudos. A partir deste ver\u00e1n A Guarda","robots":{"index":"index","follow":"follow","max-snippet":"max-snippet:-1","max-image-preview":"max-image-preview:large","max-video-preview":"max-video-preview:-1"},"canonical":"https:\/\/www.aguarda.es\/en\/a-nova-biblioteca-municipal-da-guarda-continua-a-sua-posta-a-punto\/","og_locale":"en_US","og_type":"article","og_title":"A nova biblioteca municipal da Guarda contin\u00faa a s\u00faa posta a punto - Concello da Guarda","og_description":"Contin\u00faan os traballos na antiga Casa do Concello para transformala na nova biblioteca e sala de estudos. A partir deste ver\u00e1n A Guarda","og_url":"https:\/\/www.aguarda.es\/en\/a-nova-biblioteca-municipal-da-guarda-continua-a-sua-posta-a-punto\/","og_site_name":"Concello da Guarda","article_publisher":"https:\/\/www.facebook.com\/ConcellodaGuarda","article_published_time":"2026-01-21T09:57:14+00:00","article_modified_time":"2026-01-21T10:14:13+00:00","og_image":[{"width":2040,"height":1148,"url":"https:\/\/www.aguarda.es\/wp-content\/uploads\/2026\/01\/WhatsApp-Image-2026-01-21-at-10.51.06.jpeg?_t=1768990454","type":"image\/jpeg"}],"author":"prensa","twitter_card":"summary_large_image","twitter_creator":"@AGuarda_es","twitter_site":"@AGuarda_es","twitter_misc":{"Written by":"prensa","Est. reading time":"2 minutes"},"schema":{"@context":"https:\/\/schema.org","@graph":[{"@type":"WebPage","@id":"https:\/\/www.aguarda.es\/en\/a-nova-biblioteca-municipal-da-guarda-continua-a-sua-posta-a-punto\/","url":"https:\/\/www.aguarda.es\/en\/a-nova-biblioteca-municipal-da-guarda-continua-a-sua-posta-a-punto\/","name":"A nova biblioteca municipal da Guarda contin\u00faa a s\u00faa posta a punto - Concello da Guarda","isPartOf":{"@id":"https:\/\/www.aguarda.es\/en\/#website"},"datePublished":"2026-01-21T09:57:14+00:00","dateModified":"2026-01-21T10:14:13+00:00","author":{"@id":"https:\/\/www.aguarda.es\/en\/#\/schema\/person\/c463ca3006858ffb349d11179d044f21"},"description":"Contin\u00faan os traballos na antiga Casa do Concello para transformala na nova biblioteca e sala de estudos. A partir deste ver\u00e1n A Guarda","breadcrumb":{"@id":"https:\/\/www.aguarda.es\/en\/a-nova-biblioteca-municipal-da-guarda-continua-a-sua-posta-a-punto\/#breadcrumb"},"inLanguage":"en-US","potentialAction":[{"@type":"ReadAction","target":["https:\/\/www.aguarda.es\/en\/a-nova-biblioteca-municipal-da-guarda-continua-a-sua-posta-a-punto\/"]}]},{"@type":"BreadcrumbList","@id":"https:\/\/www.aguarda.es\/en\/a-nova-biblioteca-municipal-da-guarda-continua-a-sua-posta-a-punto\/#breadcrumb","itemListElement":[{"@type":"ListItem","position":1,"name":"Portada","item":"https:\/\/www.aguarda.es\/en\/"},{"@type":"ListItem","position":2,"name":"A nova biblioteca municipal da Guarda contin\u00faa a s\u00faa posta a punto"}]},{"@type":"WebSite","@id":"https:\/\/www.aguarda.es\/en\/#website","url":"https:\/\/www.aguarda.es\/en\/","name":"Concello da Guarda","description":"P\u00e1xina web do concello da Guarda","potentialAction":[{"@type":"SearchAction","target":{"@type":"EntryPoint","urlTemplate":"https:\/\/www.aguarda.es\/en\/?s={search_term_string}"},"query-input":"required name=search_term_string"}],"inLanguage":"en-US"},{"@type":"Person","@id":"https:\/\/www.aguarda.es\/en\/#\/schema\/person\/c463ca3006858ffb349d11179d044f21","name":"prensa","image":{"@type":"ImageObject","inLanguage":"en-US","@id":"https:\/\/www.aguarda.es\/en\/#\/schema\/person\/image\/","url":"https:\/\/secure.gravatar.com\/avatar\/5f90ef536b0f98306edf5c7a1135ffa1?s=96&d=mm&r=g","contentUrl":"https:\/\/secure.gravatar.com\/avatar\/5f90ef536b0f98306edf5c7a1135ffa1?s=96&d=mm&r=g","caption":"prensa"},"url":"https:\/\/www.aguarda.es\/en\/author\/prensa\/"}]}},"_links":{"self":[{"href":"https:\/\/www.aguarda.es\/en\/wp-json\/wp\/v2\/posts\/34152"}],"collection":[{"href":"https:\/\/www.aguarda.es\/en\/wp-json\/wp\/v2\/posts"}],"about":[{"href":"https:\/\/www.aguarda.es\/en\/wp-json\/wp\/v2\/types\/post"}],"author":[{"embeddable":true,"href":"https:\/\/www.aguarda.es\/en\/wp-json\/wp\/v2\/users\/2"}],"replies":[{"embeddable":true,"href":"https:\/\/www.aguarda.es\/en\/wp-json\/wp\/v2\/comments?post=34152"}],"version-history":[{"count":3,"href":"https:\/\/www.aguarda.es\/en\/wp-json\/wp\/v2\/posts\/34152\/revisions"}],"predecessor-version":[{"id":34157,"href":"https:\/\/www.aguarda.es\/en\/wp-json\/wp\/v2\/posts\/34152\/revisions\/34157"}],"wp:featuredmedia":[{"embeddable":true,"href":"https:\/\/www.aguarda.es\/en\/wp-json\/wp\/v2\/media\/34153"}],"wp:attachment":[{"href":"https:\/\/www.aguarda.es\/en\/wp-json\/wp\/v2\/media?parent=34152"}],"wp:term":[{"taxonomy":"category","embeddable":true,"href":"https:\/\/www.aguarda.es\/en\/wp-json\/wp\/v2\/categories?post=34152"},{"taxonomy":"post_tag","embeddable":true,"href":"https:\/\/www.aguarda.es\/en\/wp-json\/wp\/v2\/tags?post=34152"}],"curies":[{"name":"wp","href":"https:\/\/api.w.org\/{rel}","templated":true}]}}