{"id":34173,"date":"2026-01-23T09:42:10","date_gmt":"2026-01-23T09:42:10","guid":{"rendered":"https:\/\/www.aguarda.es\/?p=34173"},"modified":"2026-01-23T09:51:04","modified_gmt":"2026-01-23T09:51:04","slug":"a-obra-infantil-ninja-aposta-concienciar-sobre-o-acoso-escolar-a-traves-do-teatro","status":"publish","type":"post","link":"https:\/\/www.aguarda.es\/en\/a-obra-infantil-ninja-aposta-concienciar-sobre-o-acoso-escolar-a-traves-do-teatro\/","title":{"rendered":"A obra infantil \u201cNinja\u201d aposta concienciar sobre o acoso escolar a trav\u00e9s do teatro"},"content":{"rendered":"<p class=\"western\" align=\"left\"><span style=\"font-family: Arial, sans-serif; color: #000000;\"><span lang=\"gl-ES\">O Centro Cultural abre as portas ao primeiro espect\u00e1culo infantil do 2026. Ser\u00e1 a obra <strong>\u201cNinja\u201d da compa\u00f1\u00eda de teatro Gazafelhos.<\/strong><\/span><\/span><\/p>\n<p class=\"western\" align=\"left\"><span style=\"font-family: Arial, sans-serif; color: #000000;\"><span lang=\"gl-ES\">Ninja aborda o acoso escolar a trav\u00e9s dunha historia chea de humor e reflexi\u00f3ns sobre o respecto, o apoio mutuo e a diversidade. \u00c1 s\u00faa protagonista, enc\u00e1ntalle a cultura oriental. O seu so\u00f1o \u00e9 ser unha ninja e para conseguilo adestra todos os d\u00edas para pasar inadvertida. <\/span><\/span><\/p>\n<p class=\"western\" align=\"left\"><span style=\"font-family: Arial, sans-serif; color: #000000;\"><span lang=\"gl-ES\">Nese proceso, descobre que no seu colexio hai moitas nenas e nenos que queren ser invis\u00edbeis para deixar de sufrir acoso. Coa axuda do seu veci\u00f1o, o se\u00f1or Edelmiro, conseguir\u00e1n dar visibilidade ao que est\u00e1 a acontecer e empezar as\u00ed a mudar as tornas.<\/span><\/span><\/p>\n<p class=\"western\" align=\"justify\"><span style=\"color: #000000;\"><span style=\"font-family: Arial, sans-serif;\">Tr\u00e1tase dunha obra l\u00fadica e pedad\u00f3xica que reflexiona sobre a tolerancia, o respecto e as diversidades, mostrando o m\u00e1is importante para resolver un problema: visualizalo.<\/span><span style=\"font-family: Arial, sans-serif;\"><span lang=\"es-ES\"> A obra est\u00e1 recomendada <\/span><\/span><span style=\"font-family: Arial, sans-serif;\"><span lang=\"gl-ES\">a partir dos 5 anos.<\/span><\/span><\/span><\/p>\n<p class=\"western\" align=\"justify\"><span style=\"font-family: Arial, sans-serif; color: #000000;\">O espect\u00e1culo ser\u00e1 o pr\u00f3ximo <strong>s\u00e1bado 31 de xaneiro \u00e1s 18:00<\/strong> horas no Centro Cultural cunha entrada de balde e libre ata completar o aforo. <\/span><\/p>\n<p class=\"western\" align=\"justify\"><span style=\"font-family: Arial, sans-serif; color: #000000;\">Est\u00e1 organizado polo Concello da Guarda coa colaboraci\u00f3n da Deputaci\u00f3n de Pontevedra a trav\u00e9s do programa cultural +Esc\u00e9nicas.<\/span><\/p>\n<p align=\"justify\"><img decoding=\"async\" loading=\"lazy\" class=\"aligncenter wp-image-34176\" src=\"https:\/\/www.aguarda.es\/wp-content\/uploads\/2026\/01\/tn_Ninja4.jpg\" alt=\"\" width=\"311\" height=\"207\" srcset=\"https:\/\/www.aguarda.es\/wp-content\/uploads\/2026\/01\/tn_Ninja4.jpg 750w, https:\/\/www.aguarda.es\/wp-content\/uploads\/2026\/01\/tn_Ninja4-300x200.jpg 300w\" sizes=\"(max-width: 311px) 100vw, 311px\" \/><\/p>\n","protected":false},"excerpt":{"rendered":"<p>O Centro Cultural abre as portas ao primeiro espect\u00e1culo infantil do 2026. Ser\u00e1 a obra \u201cNinja\u201d da compa\u00f1\u00eda de teatro Gazafelhos. Ninja aborda o acoso escolar a trav\u00e9s dunha historia chea de humor e reflexi\u00f3ns sobre o respecto, o apoio &hellip; <\/p>\n","protected":false},"author":2,"featured_media":34174,"comment_status":"closed","ping_status":"closed","sticky":false,"template":"","format":"standard","meta":[],"categories":[34,363],"tags":[],"yoast_head":"<!-- This site is optimized with the Yoast SEO plugin v21.1 - https:\/\/yoast.com\/wordpress\/plugins\/seo\/ -->\n<title>A obra infantil \u201cNinja\u201d aposta concienciar sobre o acoso escolar a trav\u00e9s do teatro - Concello da Guarda<\/title>\n<meta name=\"description\" content=\"O Centro Cultural abre as portas ao primeiro espect\u00e1culo infantil do 2026. Ser\u00e1 a obra \u201cNinja\u201d da compa\u00f1\u00eda de teatro Gazafelhos.\" \/>\n<meta name=\"robots\" content=\"index, follow, max-snippet:-1, max-image-preview:large, max-video-preview:-1\" \/>\n<link rel=\"canonical\" href=\"https:\/\/www.aguarda.es\/en\/a-obra-infantil-ninja-aposta-concienciar-sobre-o-acoso-escolar-a-traves-do-teatro\/\" \/>\n<meta property=\"og:locale\" content=\"en_US\" \/>\n<meta property=\"og:type\" content=\"article\" \/>\n<meta property=\"og:title\" content=\"A obra infantil \u201cNinja\u201d aposta concienciar sobre o acoso escolar a trav\u00e9s do teatro - Concello da Guarda\" \/>\n<meta property=\"og:description\" content=\"O Centro Cultural abre as portas ao primeiro espect\u00e1culo infantil do 2026. Ser\u00e1 a obra \u201cNinja\u201d da compa\u00f1\u00eda de teatro Gazafelhos.\" \/>\n<meta property=\"og:url\" content=\"https:\/\/www.aguarda.es\/en\/a-obra-infantil-ninja-aposta-concienciar-sobre-o-acoso-escolar-a-traves-do-teatro\/\" \/>\n<meta property=\"og:site_name\" content=\"Concello da Guarda\" \/>\n<meta property=\"article:publisher\" content=\"https:\/\/www.facebook.com\/ConcellodaGuarda\" \/>\n<meta property=\"article:published_time\" content=\"2026-01-23T09:42:10+00:00\" \/>\n<meta property=\"article:modified_time\" content=\"2026-01-23T09:51:04+00:00\" \/>\n<meta property=\"og:image\" content=\"https:\/\/www.aguarda.es\/wp-content\/uploads\/2026\/01\/tn_escenicas-xaneiro-A-Guarda_2-1.jpg?_t=1769161865\" \/>\n\t<meta property=\"og:image:width\" content=\"400\" \/>\n\t<meta property=\"og:image:height\" content=\"500\" \/>\n\t<meta property=\"og:image:type\" content=\"image\/jpeg\" \/>\n<meta name=\"author\" content=\"prensa\" \/>\n<meta name=\"twitter:card\" content=\"summary_large_image\" \/>\n<meta name=\"twitter:creator\" content=\"@AGuarda_es\" \/>\n<meta name=\"twitter:site\" content=\"@AGuarda_es\" \/>\n<meta name=\"twitter:label1\" content=\"Written by\" \/>\n\t<meta name=\"twitter:data1\" content=\"prensa\" \/>\n\t<meta name=\"twitter:label2\" content=\"Est. reading time\" \/>\n\t<meta name=\"twitter:data2\" content=\"2 minutes\" \/>\n<script type=\"application\/ld+json\" class=\"yoast-schema-graph\">{\"@context\":\"https:\/\/schema.org\",\"@graph\":[{\"@type\":\"WebPage\",\"@id\":\"https:\/\/www.aguarda.es\/en\/a-obra-infantil-ninja-aposta-concienciar-sobre-o-acoso-escolar-a-traves-do-teatro\/\",\"url\":\"https:\/\/www.aguarda.es\/en\/a-obra-infantil-ninja-aposta-concienciar-sobre-o-acoso-escolar-a-traves-do-teatro\/\",\"name\":\"A obra infantil \u201cNinja\u201d aposta concienciar sobre o acoso escolar a trav\u00e9s do teatro - Concello da Guarda\",\"isPartOf\":{\"@id\":\"https:\/\/www.aguarda.es\/en\/#website\"},\"datePublished\":\"2026-01-23T09:42:10+00:00\",\"dateModified\":\"2026-01-23T09:51:04+00:00\",\"author\":{\"@id\":\"https:\/\/www.aguarda.es\/en\/#\/schema\/person\/c463ca3006858ffb349d11179d044f21\"},\"description\":\"O Centro Cultural abre as portas ao primeiro espect\u00e1culo infantil do 2026. Ser\u00e1 a obra \u201cNinja\u201d da compa\u00f1\u00eda de teatro Gazafelhos.\",\"breadcrumb\":{\"@id\":\"https:\/\/www.aguarda.es\/en\/a-obra-infantil-ninja-aposta-concienciar-sobre-o-acoso-escolar-a-traves-do-teatro\/#breadcrumb\"},\"inLanguage\":\"en-US\",\"potentialAction\":[{\"@type\":\"ReadAction\",\"target\":[\"https:\/\/www.aguarda.es\/en\/a-obra-infantil-ninja-aposta-concienciar-sobre-o-acoso-escolar-a-traves-do-teatro\/\"]}]},{\"@type\":\"BreadcrumbList\",\"@id\":\"https:\/\/www.aguarda.es\/en\/a-obra-infantil-ninja-aposta-concienciar-sobre-o-acoso-escolar-a-traves-do-teatro\/#breadcrumb\",\"itemListElement\":[{\"@type\":\"ListItem\",\"position\":1,\"name\":\"Portada\",\"item\":\"https:\/\/www.aguarda.es\/en\/\"},{\"@type\":\"ListItem\",\"position\":2,\"name\":\"A obra infantil \u201cNinja\u201d aposta concienciar sobre o acoso escolar a trav\u00e9s do teatro\"}]},{\"@type\":\"WebSite\",\"@id\":\"https:\/\/www.aguarda.es\/en\/#website\",\"url\":\"https:\/\/www.aguarda.es\/en\/\",\"name\":\"Concello da Guarda\",\"description\":\"P\u00e1xina web do concello da Guarda\",\"potentialAction\":[{\"@type\":\"SearchAction\",\"target\":{\"@type\":\"EntryPoint\",\"urlTemplate\":\"https:\/\/www.aguarda.es\/en\/?s={search_term_string}\"},\"query-input\":\"required name=search_term_string\"}],\"inLanguage\":\"en-US\"},{\"@type\":\"Person\",\"@id\":\"https:\/\/www.aguarda.es\/en\/#\/schema\/person\/c463ca3006858ffb349d11179d044f21\",\"name\":\"prensa\",\"image\":{\"@type\":\"ImageObject\",\"inLanguage\":\"en-US\",\"@id\":\"https:\/\/www.aguarda.es\/en\/#\/schema\/person\/image\/\",\"url\":\"https:\/\/secure.gravatar.com\/avatar\/5f90ef536b0f98306edf5c7a1135ffa1?s=96&d=mm&r=g\",\"contentUrl\":\"https:\/\/secure.gravatar.com\/avatar\/5f90ef536b0f98306edf5c7a1135ffa1?s=96&d=mm&r=g\",\"caption\":\"prensa\"},\"url\":\"https:\/\/www.aguarda.es\/en\/author\/prensa\/\"}]}<\/script>\n<!-- \/ Yoast SEO plugin. -->","yoast_head_json":{"title":"A obra infantil \u201cNinja\u201d aposta concienciar sobre o acoso escolar a trav\u00e9s do teatro - Concello da Guarda","description":"O Centro Cultural abre as portas ao primeiro espect\u00e1culo infantil do 2026. Ser\u00e1 a obra \u201cNinja\u201d da compa\u00f1\u00eda de teatro Gazafelhos.","robots":{"index":"index","follow":"follow","max-snippet":"max-snippet:-1","max-image-preview":"max-image-preview:large","max-video-preview":"max-video-preview:-1"},"canonical":"https:\/\/www.aguarda.es\/en\/a-obra-infantil-ninja-aposta-concienciar-sobre-o-acoso-escolar-a-traves-do-teatro\/","og_locale":"en_US","og_type":"article","og_title":"A obra infantil \u201cNinja\u201d aposta concienciar sobre o acoso escolar a trav\u00e9s do teatro - Concello da Guarda","og_description":"O Centro Cultural abre as portas ao primeiro espect\u00e1culo infantil do 2026. Ser\u00e1 a obra \u201cNinja\u201d da compa\u00f1\u00eda de teatro Gazafelhos.","og_url":"https:\/\/www.aguarda.es\/en\/a-obra-infantil-ninja-aposta-concienciar-sobre-o-acoso-escolar-a-traves-do-teatro\/","og_site_name":"Concello da Guarda","article_publisher":"https:\/\/www.facebook.com\/ConcellodaGuarda","article_published_time":"2026-01-23T09:42:10+00:00","article_modified_time":"2026-01-23T09:51:04+00:00","og_image":[{"width":400,"height":500,"url":"https:\/\/www.aguarda.es\/wp-content\/uploads\/2026\/01\/tn_escenicas-xaneiro-A-Guarda_2-1.jpg?_t=1769161865","type":"image\/jpeg"}],"author":"prensa","twitter_card":"summary_large_image","twitter_creator":"@AGuarda_es","twitter_site":"@AGuarda_es","twitter_misc":{"Written by":"prensa","Est. reading time":"2 minutes"},"schema":{"@context":"https:\/\/schema.org","@graph":[{"@type":"WebPage","@id":"https:\/\/www.aguarda.es\/en\/a-obra-infantil-ninja-aposta-concienciar-sobre-o-acoso-escolar-a-traves-do-teatro\/","url":"https:\/\/www.aguarda.es\/en\/a-obra-infantil-ninja-aposta-concienciar-sobre-o-acoso-escolar-a-traves-do-teatro\/","name":"A obra infantil \u201cNinja\u201d aposta concienciar sobre o acoso escolar a trav\u00e9s do teatro - Concello da Guarda","isPartOf":{"@id":"https:\/\/www.aguarda.es\/en\/#website"},"datePublished":"2026-01-23T09:42:10+00:00","dateModified":"2026-01-23T09:51:04+00:00","author":{"@id":"https:\/\/www.aguarda.es\/en\/#\/schema\/person\/c463ca3006858ffb349d11179d044f21"},"description":"O Centro Cultural abre as portas ao primeiro espect\u00e1culo infantil do 2026. Ser\u00e1 a obra \u201cNinja\u201d da compa\u00f1\u00eda de teatro Gazafelhos.","breadcrumb":{"@id":"https:\/\/www.aguarda.es\/en\/a-obra-infantil-ninja-aposta-concienciar-sobre-o-acoso-escolar-a-traves-do-teatro\/#breadcrumb"},"inLanguage":"en-US","potentialAction":[{"@type":"ReadAction","target":["https:\/\/www.aguarda.es\/en\/a-obra-infantil-ninja-aposta-concienciar-sobre-o-acoso-escolar-a-traves-do-teatro\/"]}]},{"@type":"BreadcrumbList","@id":"https:\/\/www.aguarda.es\/en\/a-obra-infantil-ninja-aposta-concienciar-sobre-o-acoso-escolar-a-traves-do-teatro\/#breadcrumb","itemListElement":[{"@type":"ListItem","position":1,"name":"Portada","item":"https:\/\/www.aguarda.es\/en\/"},{"@type":"ListItem","position":2,"name":"A obra infantil \u201cNinja\u201d aposta concienciar sobre o acoso escolar a trav\u00e9s do teatro"}]},{"@type":"WebSite","@id":"https:\/\/www.aguarda.es\/en\/#website","url":"https:\/\/www.aguarda.es\/en\/","name":"Concello da Guarda","description":"P\u00e1xina web do concello da Guarda","potentialAction":[{"@type":"SearchAction","target":{"@type":"EntryPoint","urlTemplate":"https:\/\/www.aguarda.es\/en\/?s={search_term_string}"},"query-input":"required name=search_term_string"}],"inLanguage":"en-US"},{"@type":"Person","@id":"https:\/\/www.aguarda.es\/en\/#\/schema\/person\/c463ca3006858ffb349d11179d044f21","name":"prensa","image":{"@type":"ImageObject","inLanguage":"en-US","@id":"https:\/\/www.aguarda.es\/en\/#\/schema\/person\/image\/","url":"https:\/\/secure.gravatar.com\/avatar\/5f90ef536b0f98306edf5c7a1135ffa1?s=96&d=mm&r=g","contentUrl":"https:\/\/secure.gravatar.com\/avatar\/5f90ef536b0f98306edf5c7a1135ffa1?s=96&d=mm&r=g","caption":"prensa"},"url":"https:\/\/www.aguarda.es\/en\/author\/prensa\/"}]}},"_links":{"self":[{"href":"https:\/\/www.aguarda.es\/en\/wp-json\/wp\/v2\/posts\/34173"}],"collection":[{"href":"https:\/\/www.aguarda.es\/en\/wp-json\/wp\/v2\/posts"}],"about":[{"href":"https:\/\/www.aguarda.es\/en\/wp-json\/wp\/v2\/types\/post"}],"author":[{"embeddable":true,"href":"https:\/\/www.aguarda.es\/en\/wp-json\/wp\/v2\/users\/2"}],"replies":[{"embeddable":true,"href":"https:\/\/www.aguarda.es\/en\/wp-json\/wp\/v2\/comments?post=34173"}],"version-history":[{"count":3,"href":"https:\/\/www.aguarda.es\/en\/wp-json\/wp\/v2\/posts\/34173\/revisions"}],"predecessor-version":[{"id":34180,"href":"https:\/\/www.aguarda.es\/en\/wp-json\/wp\/v2\/posts\/34173\/revisions\/34180"}],"wp:featuredmedia":[{"embeddable":true,"href":"https:\/\/www.aguarda.es\/en\/wp-json\/wp\/v2\/media\/34174"}],"wp:attachment":[{"href":"https:\/\/www.aguarda.es\/en\/wp-json\/wp\/v2\/media?parent=34173"}],"wp:term":[{"taxonomy":"category","embeddable":true,"href":"https:\/\/www.aguarda.es\/en\/wp-json\/wp\/v2\/categories?post=34173"},{"taxonomy":"post_tag","embeddable":true,"href":"https:\/\/www.aguarda.es\/en\/wp-json\/wp\/v2\/tags?post=34173"}],"curies":[{"name":"wp","href":"https:\/\/api.w.org\/{rel}","templated":true}]}}