{"id":34402,"date":"2026-02-23T09:36:17","date_gmt":"2026-02-23T09:36:17","guid":{"rendered":"https:\/\/www.aguarda.es\/?p=34402"},"modified":"2026-02-23T09:36:17","modified_gmt":"2026-02-23T09:36:17","slug":"roberto-carrero-decide-coorganizar-desde-o-concello-da-guarda-as-festas-do-monte-2026","status":"publish","type":"post","link":"https:\/\/www.aguarda.es\/en\/roberto-carrero-decide-coorganizar-desde-o-concello-da-guarda-as-festas-do-monte-2026\/","title":{"rendered":"Roberto Carrero decide coorganizar desde o Concello da Guarda as Festas do Monte 2026"},"content":{"rendered":"<p class=\"western\" align=\"left\"><span style=\"color: #000000;\"><span style=\"font-family: Arial, sans-serif;\"><span lang=\"gl-ES\">Por decisi\u00f3n do alcalde Roberto Carrero, o Concello da Guarda asumir\u00e1 a partir deste 2026 a coorganizaci\u00f3n das tradicionais Festas do Monte Santa Tegra, festa de interese tur\u00edstico galego, e <\/span><\/span><span style=\"font-family: Arial, sans-serif;\"><span lang=\"gl-ES\">a nosa <\/span><\/span><span style=\"font-family: Arial, sans-serif;\"><span lang=\"gl-ES\">celebraci\u00f3n m\u00e1is emblem\u00e1tica.<\/span><\/span><\/span><\/p>\n<p class=\"western\" lang=\"gl-ES\" align=\"left\"><span style=\"font-family: Arial, sans-serif; color: #000000;\">Esta nova etapa desenvolverase coorganizada coa asociaci\u00f3n guardesa Almirante do Mar Oceana. O presidente das Festas do Monte 2026 ser\u00e1 Jos\u00e9 \u00c1ngel G\u00e1ndara Rodr\u00edguez, actual presidente da asociaci\u00f3n, reforzando as\u00ed a implicaci\u00f3n directa da cidadan\u00eda e do tecido asociativo na direcci\u00f3n e coordinaci\u00f3n dos festexos.<\/span><\/p>\n<p class=\"western\" lang=\"gl-ES\" align=\"left\"><span style=\"font-family: Arial, sans-serif; color: #000000;\">A decisi\u00f3n da coorganizacion municipal responde o compromiso firme da alcald\u00eda de reforzar unhas festas que forman parte esencial da identidade guardesa. Segundo Roberto Carrero: &#8220;O obxectivo da coorganizacion municipal \u00e9 dar un novo impulso \u00e1s Festas do Monte conservando a s\u00faa esencia tradicional e ampliar a s\u00faa proxecci\u00f3n cultural e tur\u00edstica con festexos que conecten directamente coa historia e o car\u00e1cter festivo e l\u00fadico da festa guardesa por antonomasia&#8221;. Carrero pon como exemplo o renovado programa festivo do Entroido da Guarda que, segundo di, &#8220;d\u00eda a d\u00eda vaise situando na comarca como un referente despois dun abandono total durante anos&#8221;. <\/span><\/p>\n<p class=\"western\" lang=\"gl-ES\" align=\"left\"><span style=\"font-family: Arial, sans-serif; color: #000000;\">Pola s\u00faa banda, Jos\u00e9 \u00c1ngel G\u00e1ndara expresa o seu compromiso e o reto que sup\u00f3n ser o presidente das Festas do Monte 2026: &#8220;Imos traballar constantemente. Xa estamos a organizar un programa que combinar\u00e1 as verbenas tradicionais con actividades de todo tipo e trataremos de recuperar tradici\u00f3ns perdidas. Haber\u00e1 sorpresas que espero sexan do agrado de todos e todas&#8221; G\u00e1ndara fai un chamamento a toda a cidadan\u00eda guardesa a colaborar coa Festa do Monte 2026: &#8220;Espero estar \u00e1 altura e non defraudar. Pido colaboraci\u00f3n e paciencia, moita paciencia \u00e1 cidadan\u00eda para ir avanzando aos poucos. A asociaci\u00f3n Almirante da Mar Oceana, os seus membros e voluntarios trataremos de ofrecer unhas festas inesquecibles. Iremos anunciando co concello a medida en que se vaia concretando o programa, actos etc.&#8221;<\/span><\/p>\n<p class=\"western\" lang=\"gl-ES\" align=\"left\"><span style=\"color: #000000;\"><span style=\"font-family: Arial, sans-serif;\">Os departamentos de turismo e cultura do concello da Guarda, a trav\u00e9s das s\u00faas conceller\u00edas, ter\u00e1n tam\u00e9n un papel fundamental no desenvolvemento das festas tal como ve\u00f1en desenvolvendo nas celebraci\u00f3ns organizadas polo Concello da Guarda (Festa La<\/span><span style=\"font-family: Arial, sans-serif;\">n<\/span><span style=\"font-family: Arial, sans-serif;\">gosta, Entroid<\/span><span style=\"font-family: Arial, sans-serif;\">o, Nadal<\/span><span style=\"font-family: Arial, sans-serif;\">).<\/span><\/span><\/p>\n","protected":false},"excerpt":{"rendered":"<p>Por decisi\u00f3n do alcalde Roberto Carrero, o Concello da Guarda asumir\u00e1 a partir deste 2026 a coorganizaci\u00f3n das tradicionais Festas do Monte Santa Tegra, festa de interese tur\u00edstico galego, e a nosa celebraci\u00f3n m\u00e1is emblem\u00e1tica. Esta nova etapa desenvolverase coorganizada &hellip; <\/p>\n","protected":false},"author":2,"featured_media":34403,"comment_status":"closed","ping_status":"closed","sticky":false,"template":"","format":"standard","meta":[],"categories":[34,56,33,363],"tags":[],"yoast_head":"<!-- This site is optimized with the Yoast SEO plugin v21.1 - https:\/\/yoast.com\/wordpress\/plugins\/seo\/ -->\n<title>Roberto Carrero decide coorganizar desde o Concello da Guarda as Festas do Monte 2026 - Concello da Guarda<\/title>\n<meta name=\"description\" content=\"Por decisi\u00f3n do alcalde Roberto Carrero, o Concello da Guarda asumir\u00e1 a partir deste 2026 a coorganizaci\u00f3n das tradicionais Festas do Monte\" \/>\n<meta name=\"robots\" content=\"index, follow, max-snippet:-1, max-image-preview:large, max-video-preview:-1\" \/>\n<link rel=\"canonical\" href=\"https:\/\/www.aguarda.es\/en\/roberto-carrero-decide-coorganizar-desde-o-concello-da-guarda-as-festas-do-monte-2026\/\" \/>\n<meta property=\"og:locale\" content=\"en_US\" \/>\n<meta property=\"og:type\" content=\"article\" \/>\n<meta property=\"og:title\" content=\"Roberto Carrero decide coorganizar desde o Concello da Guarda as Festas do Monte 2026 - Concello da Guarda\" \/>\n<meta property=\"og:description\" content=\"Por decisi\u00f3n do alcalde Roberto Carrero, o Concello da Guarda asumir\u00e1 a partir deste 2026 a coorganizaci\u00f3n das tradicionais Festas do Monte\" \/>\n<meta property=\"og:url\" content=\"https:\/\/www.aguarda.es\/en\/roberto-carrero-decide-coorganizar-desde-o-concello-da-guarda-as-festas-do-monte-2026\/\" \/>\n<meta property=\"og:site_name\" content=\"Concello da Guarda\" \/>\n<meta property=\"article:publisher\" content=\"https:\/\/www.facebook.com\/ConcellodaGuarda\" \/>\n<meta property=\"article:published_time\" content=\"2026-02-23T09:36:17+00:00\" \/>\n<meta property=\"og:image\" content=\"https:\/\/www.aguarda.es\/wp-content\/uploads\/2026\/02\/WhatsApp-Image-2026-02-23-at-10.34.07.jpeg?_t=1771839378\" \/>\n\t<meta property=\"og:image:width\" content=\"2048\" \/>\n\t<meta property=\"og:image:height\" content=\"1536\" \/>\n\t<meta property=\"og:image:type\" content=\"image\/jpeg\" \/>\n<meta name=\"author\" content=\"prensa\" \/>\n<meta name=\"twitter:card\" content=\"summary_large_image\" \/>\n<meta name=\"twitter:creator\" content=\"@AGuarda_es\" \/>\n<meta name=\"twitter:site\" content=\"@AGuarda_es\" \/>\n<meta name=\"twitter:label1\" content=\"Written by\" \/>\n\t<meta name=\"twitter:data1\" content=\"prensa\" \/>\n\t<meta name=\"twitter:label2\" content=\"Est. reading time\" \/>\n\t<meta name=\"twitter:data2\" content=\"2 minutes\" \/>\n<script type=\"application\/ld+json\" class=\"yoast-schema-graph\">{\"@context\":\"https:\/\/schema.org\",\"@graph\":[{\"@type\":\"WebPage\",\"@id\":\"https:\/\/www.aguarda.es\/en\/roberto-carrero-decide-coorganizar-desde-o-concello-da-guarda-as-festas-do-monte-2026\/\",\"url\":\"https:\/\/www.aguarda.es\/en\/roberto-carrero-decide-coorganizar-desde-o-concello-da-guarda-as-festas-do-monte-2026\/\",\"name\":\"Roberto Carrero decide coorganizar desde o Concello da Guarda as Festas do Monte 2026 - Concello da Guarda\",\"isPartOf\":{\"@id\":\"https:\/\/www.aguarda.es\/en\/#website\"},\"datePublished\":\"2026-02-23T09:36:17+00:00\",\"dateModified\":\"2026-02-23T09:36:17+00:00\",\"author\":{\"@id\":\"https:\/\/www.aguarda.es\/en\/#\/schema\/person\/c463ca3006858ffb349d11179d044f21\"},\"description\":\"Por decisi\u00f3n do alcalde Roberto Carrero, o Concello da Guarda asumir\u00e1 a partir deste 2026 a coorganizaci\u00f3n das tradicionais Festas do Monte\",\"breadcrumb\":{\"@id\":\"https:\/\/www.aguarda.es\/en\/roberto-carrero-decide-coorganizar-desde-o-concello-da-guarda-as-festas-do-monte-2026\/#breadcrumb\"},\"inLanguage\":\"en-US\",\"potentialAction\":[{\"@type\":\"ReadAction\",\"target\":[\"https:\/\/www.aguarda.es\/en\/roberto-carrero-decide-coorganizar-desde-o-concello-da-guarda-as-festas-do-monte-2026\/\"]}]},{\"@type\":\"BreadcrumbList\",\"@id\":\"https:\/\/www.aguarda.es\/en\/roberto-carrero-decide-coorganizar-desde-o-concello-da-guarda-as-festas-do-monte-2026\/#breadcrumb\",\"itemListElement\":[{\"@type\":\"ListItem\",\"position\":1,\"name\":\"Portada\",\"item\":\"https:\/\/www.aguarda.es\/en\/\"},{\"@type\":\"ListItem\",\"position\":2,\"name\":\"Roberto Carrero decide coorganizar desde o Concello da Guarda as Festas do Monte 2026\"}]},{\"@type\":\"WebSite\",\"@id\":\"https:\/\/www.aguarda.es\/en\/#website\",\"url\":\"https:\/\/www.aguarda.es\/en\/\",\"name\":\"Concello da Guarda\",\"description\":\"P\u00e1xina web do concello da Guarda\",\"potentialAction\":[{\"@type\":\"SearchAction\",\"target\":{\"@type\":\"EntryPoint\",\"urlTemplate\":\"https:\/\/www.aguarda.es\/en\/?s={search_term_string}\"},\"query-input\":\"required name=search_term_string\"}],\"inLanguage\":\"en-US\"},{\"@type\":\"Person\",\"@id\":\"https:\/\/www.aguarda.es\/en\/#\/schema\/person\/c463ca3006858ffb349d11179d044f21\",\"name\":\"prensa\",\"image\":{\"@type\":\"ImageObject\",\"inLanguage\":\"en-US\",\"@id\":\"https:\/\/www.aguarda.es\/en\/#\/schema\/person\/image\/\",\"url\":\"https:\/\/secure.gravatar.com\/avatar\/5f90ef536b0f98306edf5c7a1135ffa1?s=96&d=mm&r=g\",\"contentUrl\":\"https:\/\/secure.gravatar.com\/avatar\/5f90ef536b0f98306edf5c7a1135ffa1?s=96&d=mm&r=g\",\"caption\":\"prensa\"},\"url\":\"https:\/\/www.aguarda.es\/en\/author\/prensa\/\"}]}<\/script>\n<!-- \/ Yoast SEO plugin. -->","yoast_head_json":{"title":"Roberto Carrero decide coorganizar desde o Concello da Guarda as Festas do Monte 2026 - Concello da Guarda","description":"Por decisi\u00f3n do alcalde Roberto Carrero, o Concello da Guarda asumir\u00e1 a partir deste 2026 a coorganizaci\u00f3n das tradicionais Festas do Monte","robots":{"index":"index","follow":"follow","max-snippet":"max-snippet:-1","max-image-preview":"max-image-preview:large","max-video-preview":"max-video-preview:-1"},"canonical":"https:\/\/www.aguarda.es\/en\/roberto-carrero-decide-coorganizar-desde-o-concello-da-guarda-as-festas-do-monte-2026\/","og_locale":"en_US","og_type":"article","og_title":"Roberto Carrero decide coorganizar desde o Concello da Guarda as Festas do Monte 2026 - Concello da Guarda","og_description":"Por decisi\u00f3n do alcalde Roberto Carrero, o Concello da Guarda asumir\u00e1 a partir deste 2026 a coorganizaci\u00f3n das tradicionais Festas do Monte","og_url":"https:\/\/www.aguarda.es\/en\/roberto-carrero-decide-coorganizar-desde-o-concello-da-guarda-as-festas-do-monte-2026\/","og_site_name":"Concello da Guarda","article_publisher":"https:\/\/www.facebook.com\/ConcellodaGuarda","article_published_time":"2026-02-23T09:36:17+00:00","og_image":[{"width":2048,"height":1536,"url":"https:\/\/www.aguarda.es\/wp-content\/uploads\/2026\/02\/WhatsApp-Image-2026-02-23-at-10.34.07.jpeg?_t=1771839378","type":"image\/jpeg"}],"author":"prensa","twitter_card":"summary_large_image","twitter_creator":"@AGuarda_es","twitter_site":"@AGuarda_es","twitter_misc":{"Written by":"prensa","Est. reading time":"2 minutes"},"schema":{"@context":"https:\/\/schema.org","@graph":[{"@type":"WebPage","@id":"https:\/\/www.aguarda.es\/en\/roberto-carrero-decide-coorganizar-desde-o-concello-da-guarda-as-festas-do-monte-2026\/","url":"https:\/\/www.aguarda.es\/en\/roberto-carrero-decide-coorganizar-desde-o-concello-da-guarda-as-festas-do-monte-2026\/","name":"Roberto Carrero decide coorganizar desde o Concello da Guarda as Festas do Monte 2026 - Concello da Guarda","isPartOf":{"@id":"https:\/\/www.aguarda.es\/en\/#website"},"datePublished":"2026-02-23T09:36:17+00:00","dateModified":"2026-02-23T09:36:17+00:00","author":{"@id":"https:\/\/www.aguarda.es\/en\/#\/schema\/person\/c463ca3006858ffb349d11179d044f21"},"description":"Por decisi\u00f3n do alcalde Roberto Carrero, o Concello da Guarda asumir\u00e1 a partir deste 2026 a coorganizaci\u00f3n das tradicionais Festas do Monte","breadcrumb":{"@id":"https:\/\/www.aguarda.es\/en\/roberto-carrero-decide-coorganizar-desde-o-concello-da-guarda-as-festas-do-monte-2026\/#breadcrumb"},"inLanguage":"en-US","potentialAction":[{"@type":"ReadAction","target":["https:\/\/www.aguarda.es\/en\/roberto-carrero-decide-coorganizar-desde-o-concello-da-guarda-as-festas-do-monte-2026\/"]}]},{"@type":"BreadcrumbList","@id":"https:\/\/www.aguarda.es\/en\/roberto-carrero-decide-coorganizar-desde-o-concello-da-guarda-as-festas-do-monte-2026\/#breadcrumb","itemListElement":[{"@type":"ListItem","position":1,"name":"Portada","item":"https:\/\/www.aguarda.es\/en\/"},{"@type":"ListItem","position":2,"name":"Roberto Carrero decide coorganizar desde o Concello da Guarda as Festas do Monte 2026"}]},{"@type":"WebSite","@id":"https:\/\/www.aguarda.es\/en\/#website","url":"https:\/\/www.aguarda.es\/en\/","name":"Concello da Guarda","description":"P\u00e1xina web do concello da Guarda","potentialAction":[{"@type":"SearchAction","target":{"@type":"EntryPoint","urlTemplate":"https:\/\/www.aguarda.es\/en\/?s={search_term_string}"},"query-input":"required name=search_term_string"}],"inLanguage":"en-US"},{"@type":"Person","@id":"https:\/\/www.aguarda.es\/en\/#\/schema\/person\/c463ca3006858ffb349d11179d044f21","name":"prensa","image":{"@type":"ImageObject","inLanguage":"en-US","@id":"https:\/\/www.aguarda.es\/en\/#\/schema\/person\/image\/","url":"https:\/\/secure.gravatar.com\/avatar\/5f90ef536b0f98306edf5c7a1135ffa1?s=96&d=mm&r=g","contentUrl":"https:\/\/secure.gravatar.com\/avatar\/5f90ef536b0f98306edf5c7a1135ffa1?s=96&d=mm&r=g","caption":"prensa"},"url":"https:\/\/www.aguarda.es\/en\/author\/prensa\/"}]}},"_links":{"self":[{"href":"https:\/\/www.aguarda.es\/en\/wp-json\/wp\/v2\/posts\/34402"}],"collection":[{"href":"https:\/\/www.aguarda.es\/en\/wp-json\/wp\/v2\/posts"}],"about":[{"href":"https:\/\/www.aguarda.es\/en\/wp-json\/wp\/v2\/types\/post"}],"author":[{"embeddable":true,"href":"https:\/\/www.aguarda.es\/en\/wp-json\/wp\/v2\/users\/2"}],"replies":[{"embeddable":true,"href":"https:\/\/www.aguarda.es\/en\/wp-json\/wp\/v2\/comments?post=34402"}],"version-history":[{"count":1,"href":"https:\/\/www.aguarda.es\/en\/wp-json\/wp\/v2\/posts\/34402\/revisions"}],"predecessor-version":[{"id":34405,"href":"https:\/\/www.aguarda.es\/en\/wp-json\/wp\/v2\/posts\/34402\/revisions\/34405"}],"wp:featuredmedia":[{"embeddable":true,"href":"https:\/\/www.aguarda.es\/en\/wp-json\/wp\/v2\/media\/34403"}],"wp:attachment":[{"href":"https:\/\/www.aguarda.es\/en\/wp-json\/wp\/v2\/media?parent=34402"}],"wp:term":[{"taxonomy":"category","embeddable":true,"href":"https:\/\/www.aguarda.es\/en\/wp-json\/wp\/v2\/categories?post=34402"},{"taxonomy":"post_tag","embeddable":true,"href":"https:\/\/www.aguarda.es\/en\/wp-json\/wp\/v2\/tags?post=34402"}],"curies":[{"name":"wp","href":"https:\/\/api.w.org\/{rel}","templated":true}]}}