{"id":34480,"date":"2026-03-04T09:14:40","date_gmt":"2026-03-04T09:14:40","guid":{"rendered":"https:\/\/www.aguarda.es\/?p=34480"},"modified":"2026-03-04T09:14:40","modified_gmt":"2026-03-04T09:14:40","slug":"o-conciliaguarda-semana-santa-abrira-o-venres-6-o-prazo-de-solicitudes","status":"publish","type":"post","link":"https:\/\/www.aguarda.es\/en\/o-conciliaguarda-semana-santa-abrira-o-venres-6-o-prazo-de-solicitudes\/","title":{"rendered":"O Conciliaguarda Semana Santa abrir\u00e1 o venres 6 o prazo de solicitudes"},"content":{"rendered":"<p class=\"western\" align=\"left\"><span style=\"color: #000000;\"><span style=\"font-family: Arial, sans-serif;\"><span lang=\"gl-ES\">O Concello da Guarda <\/span><\/span><span style=\"font-family: Arial, sans-serif;\"><span lang=\"gl-ES\">segue apostando pola conciliaci\u00f3n familiar cun campamento <\/span><\/span><span style=\"font-family: Arial, sans-serif;\"><span lang=\"gl-ES\">para as vacaci\u00f3ns <\/span><\/span><span style=\"font-family: Arial, sans-serif;\"><span lang=\"gl-ES\">escolares <\/span><\/span><span style=\"font-family: Arial, sans-serif;\"><span lang=\"gl-ES\">de Semana <\/span><\/span><span style=\"font-family: Arial, sans-serif;\"><span lang=\"gl-ES\">S<\/span><\/span><span style=\"font-family: Arial, sans-serif;\"><span lang=\"gl-ES\">anta.<\/span><\/span><\/span><\/p>\n<p class=\"western\" lang=\"gl-ES\" align=\"left\"><span style=\"font-family: Arial, sans-serif; color: #000000;\">Este campamento estar\u00e1 cheo de actividades l\u00fadicas para as crianzas do municipio. \u00c9 de car\u00e1cter gratu\u00edto e ten como obxectivo principal facilitar a conciliaci\u00f3n da vida persoal e laboral no per\u00edodo non lectivo.<\/span><\/p>\n<p class=\"western\" lang=\"gl-ES\" align=\"left\"><span style=\"font-family: Arial, sans-serif; color: #000000;\">O campamento desenvolverase os <strong>d\u00edas 30 e 31 de marzo e 1 e 6 de abril, en horario de 9 a 14 horas<\/strong>. No caso de necesidade das familias, poder\u00e1 ampliarse a horario de<strong> 8:30 a 14:30<\/strong>, indic\u00e1ndoo na solicitude.<\/span><\/p>\n<p class=\"western\" lang=\"gl-ES\" align=\"left\"><span style=\"font-family: Arial, sans-serif; color: #000000;\">Poder\u00e1n participar <strong>30 crianzas<\/strong> empadroadas na Guarda entre os <strong>3 (escolarizadas en 4\u00aa E.I.) e os 10 anos<\/strong>. De quedar prazas sen cubrir, poder\u00e1n participar crianzas doutros concellos; pero de exceder o l\u00edmite de prazas, realizarase un sorteo p\u00fablico o d\u00eda 23 de marzo \u00e1s 9h no Concello da Guarda.<\/span><\/p>\n<p class=\"western\" lang=\"gl-ES\" align=\"left\"><span style=\"font-family: Arial, sans-serif; color: #000000;\">As solicitudes poden realizarse presencialmente no rexistro do Concello (1\u00ba andar) ou na sede electr\u00f3nica, do<strong> 6 ao 18 de marzo<\/strong> (ambas datas inclu\u00eddas). Para a presentaci\u00f3n electr\u00f3nica haber\u00e1 que cubrir unha instancia xeral e achegar cuberta a ficha de inscrici\u00f3n dispo\u00f1ible na web: <a href=\"https:\/\/www.aguarda.es\/wp-content\/uploads\/2026\/03\/FICHA-INSCRICION-SEMANA-SANTA.docx\">FICHA INSCRICI\u00d3N SEMANA SANTA<\/a><\/span><\/p>\n<p class=\"western\" lang=\"gl-ES\" align=\"left\"><span style=\"font-family: Arial, sans-serif; color: #000000;\">A listaxe de persoas admitidas ser\u00e1 publicado na web do Concello e aparecer\u00e1 codificado co n\u00famero de rexistro da solicitude, polo que resulta importante conservar o comprobante da presentaci\u00f3n da mesma. <\/span><\/p>\n<p class=\"western\" lang=\"gl-ES\" align=\"left\"><span style=\"font-family: Arial, sans-serif; color: #000000;\">Esta actividade est\u00e1 financiada con cargo aos cr\u00e9ditos da Conseller\u00eda de Pol\u00edtica Social e Igualdade e polo Ministerio de Igualdade. M\u00e1is informaci\u00f3n en informacion@aguarda.es e na OMIX do Concello da Guarda.<\/span><\/p>\n<p lang=\"gl-ES\" align=\"left\"><a href=\"https:\/\/www.aguarda.es\/wp-content\/uploads\/2026\/03\/DECRETO-2026-0322-RESOLUCION-ALCALDIA-BASES-CAMPAMENTO-SEMANA-SANTA-2026.pdf\" target=\"\" rel=\"noopener\">DECRETO 2026 0322 [RESOLUCI\u00d3N ALCALD\u00cdA BASES CAMPAMENTO SEMANA SANTA 2026]<\/a><\/p>\n","protected":false},"excerpt":{"rendered":"<p>O Concello da Guarda segue apostando pola conciliaci\u00f3n familiar cun campamento para as vacaci\u00f3ns escolares de Semana Santa. Este campamento estar\u00e1 cheo de actividades l\u00fadicas para as crianzas do municipio. \u00c9 de car\u00e1cter gratu\u00edto e ten como obxectivo principal facilitar &hellip; <\/p>\n","protected":false},"author":2,"featured_media":34485,"comment_status":"closed","ping_status":"closed","sticky":false,"template":"","format":"standard","meta":[],"categories":[48,363],"tags":[],"yoast_head":"<!-- This site is optimized with the Yoast SEO plugin v21.1 - https:\/\/yoast.com\/wordpress\/plugins\/seo\/ -->\n<title>O Conciliaguarda Semana Santa abrir\u00e1 o venres 6 o prazo de solicitudes - Concello da Guarda<\/title>\n<meta name=\"description\" content=\"O Concello da Guarda segue apostando pola conciliaci\u00f3n familiar cun campamento para as vacaci\u00f3ns escolares de Semana Santa. Este campamento\" \/>\n<meta name=\"robots\" content=\"index, follow, max-snippet:-1, max-image-preview:large, max-video-preview:-1\" \/>\n<link rel=\"canonical\" href=\"https:\/\/www.aguarda.es\/en\/o-conciliaguarda-semana-santa-abrira-o-venres-6-o-prazo-de-solicitudes\/\" \/>\n<meta property=\"og:locale\" content=\"en_US\" \/>\n<meta property=\"og:type\" content=\"article\" \/>\n<meta property=\"og:title\" content=\"O Conciliaguarda Semana Santa abrir\u00e1 o venres 6 o prazo de solicitudes - Concello da Guarda\" \/>\n<meta property=\"og:description\" content=\"O Concello da Guarda segue apostando pola conciliaci\u00f3n familiar cun campamento para as vacaci\u00f3ns escolares de Semana Santa. Este campamento\" \/>\n<meta property=\"og:url\" content=\"https:\/\/www.aguarda.es\/en\/o-conciliaguarda-semana-santa-abrira-o-venres-6-o-prazo-de-solicitudes\/\" \/>\n<meta property=\"og:site_name\" content=\"Concello da Guarda\" \/>\n<meta property=\"article:publisher\" content=\"https:\/\/www.facebook.com\/ConcellodaGuarda\" \/>\n<meta property=\"article:published_time\" content=\"2026-03-04T09:14:40+00:00\" \/>\n<meta property=\"og:image\" content=\"https:\/\/www.aguarda.es\/wp-content\/uploads\/2026\/03\/tn_cartaz-campa-semana-santa-.png?_t=1772615680\" \/>\n\t<meta property=\"og:image:width\" content=\"500\" \/>\n\t<meta property=\"og:image:height\" content=\"500\" \/>\n\t<meta property=\"og:image:type\" content=\"image\/png\" \/>\n<meta name=\"author\" content=\"prensa\" \/>\n<meta name=\"twitter:card\" content=\"summary_large_image\" \/>\n<meta name=\"twitter:creator\" content=\"@AGuarda_es\" \/>\n<meta name=\"twitter:site\" content=\"@AGuarda_es\" \/>\n<meta name=\"twitter:label1\" content=\"Written by\" \/>\n\t<meta name=\"twitter:data1\" content=\"prensa\" \/>\n\t<meta name=\"twitter:label2\" content=\"Est. reading time\" \/>\n\t<meta name=\"twitter:data2\" content=\"2 minutes\" \/>\n<script type=\"application\/ld+json\" class=\"yoast-schema-graph\">{\"@context\":\"https:\/\/schema.org\",\"@graph\":[{\"@type\":\"WebPage\",\"@id\":\"https:\/\/www.aguarda.es\/en\/o-conciliaguarda-semana-santa-abrira-o-venres-6-o-prazo-de-solicitudes\/\",\"url\":\"https:\/\/www.aguarda.es\/en\/o-conciliaguarda-semana-santa-abrira-o-venres-6-o-prazo-de-solicitudes\/\",\"name\":\"O Conciliaguarda Semana Santa abrir\u00e1 o venres 6 o prazo de solicitudes - Concello da Guarda\",\"isPartOf\":{\"@id\":\"https:\/\/www.aguarda.es\/en\/#website\"},\"datePublished\":\"2026-03-04T09:14:40+00:00\",\"dateModified\":\"2026-03-04T09:14:40+00:00\",\"author\":{\"@id\":\"https:\/\/www.aguarda.es\/en\/#\/schema\/person\/c463ca3006858ffb349d11179d044f21\"},\"description\":\"O Concello da Guarda segue apostando pola conciliaci\u00f3n familiar cun campamento para as vacaci\u00f3ns escolares de Semana Santa. Este campamento\",\"breadcrumb\":{\"@id\":\"https:\/\/www.aguarda.es\/en\/o-conciliaguarda-semana-santa-abrira-o-venres-6-o-prazo-de-solicitudes\/#breadcrumb\"},\"inLanguage\":\"en-US\",\"potentialAction\":[{\"@type\":\"ReadAction\",\"target\":[\"https:\/\/www.aguarda.es\/en\/o-conciliaguarda-semana-santa-abrira-o-venres-6-o-prazo-de-solicitudes\/\"]}]},{\"@type\":\"BreadcrumbList\",\"@id\":\"https:\/\/www.aguarda.es\/en\/o-conciliaguarda-semana-santa-abrira-o-venres-6-o-prazo-de-solicitudes\/#breadcrumb\",\"itemListElement\":[{\"@type\":\"ListItem\",\"position\":1,\"name\":\"Portada\",\"item\":\"https:\/\/www.aguarda.es\/en\/\"},{\"@type\":\"ListItem\",\"position\":2,\"name\":\"O Conciliaguarda Semana Santa abrir\u00e1 o venres 6 o prazo de solicitudes\"}]},{\"@type\":\"WebSite\",\"@id\":\"https:\/\/www.aguarda.es\/en\/#website\",\"url\":\"https:\/\/www.aguarda.es\/en\/\",\"name\":\"Concello da Guarda\",\"description\":\"P\u00e1xina web do concello da Guarda\",\"potentialAction\":[{\"@type\":\"SearchAction\",\"target\":{\"@type\":\"EntryPoint\",\"urlTemplate\":\"https:\/\/www.aguarda.es\/en\/?s={search_term_string}\"},\"query-input\":\"required name=search_term_string\"}],\"inLanguage\":\"en-US\"},{\"@type\":\"Person\",\"@id\":\"https:\/\/www.aguarda.es\/en\/#\/schema\/person\/c463ca3006858ffb349d11179d044f21\",\"name\":\"prensa\",\"image\":{\"@type\":\"ImageObject\",\"inLanguage\":\"en-US\",\"@id\":\"https:\/\/www.aguarda.es\/en\/#\/schema\/person\/image\/\",\"url\":\"https:\/\/secure.gravatar.com\/avatar\/5f90ef536b0f98306edf5c7a1135ffa1?s=96&d=mm&r=g\",\"contentUrl\":\"https:\/\/secure.gravatar.com\/avatar\/5f90ef536b0f98306edf5c7a1135ffa1?s=96&d=mm&r=g\",\"caption\":\"prensa\"},\"url\":\"https:\/\/www.aguarda.es\/en\/author\/prensa\/\"}]}<\/script>\n<!-- \/ Yoast SEO plugin. -->","yoast_head_json":{"title":"O Conciliaguarda Semana Santa abrir\u00e1 o venres 6 o prazo de solicitudes - Concello da Guarda","description":"O Concello da Guarda segue apostando pola conciliaci\u00f3n familiar cun campamento para as vacaci\u00f3ns escolares de Semana Santa. Este campamento","robots":{"index":"index","follow":"follow","max-snippet":"max-snippet:-1","max-image-preview":"max-image-preview:large","max-video-preview":"max-video-preview:-1"},"canonical":"https:\/\/www.aguarda.es\/en\/o-conciliaguarda-semana-santa-abrira-o-venres-6-o-prazo-de-solicitudes\/","og_locale":"en_US","og_type":"article","og_title":"O Conciliaguarda Semana Santa abrir\u00e1 o venres 6 o prazo de solicitudes - Concello da Guarda","og_description":"O Concello da Guarda segue apostando pola conciliaci\u00f3n familiar cun campamento para as vacaci\u00f3ns escolares de Semana Santa. Este campamento","og_url":"https:\/\/www.aguarda.es\/en\/o-conciliaguarda-semana-santa-abrira-o-venres-6-o-prazo-de-solicitudes\/","og_site_name":"Concello da Guarda","article_publisher":"https:\/\/www.facebook.com\/ConcellodaGuarda","article_published_time":"2026-03-04T09:14:40+00:00","og_image":[{"width":500,"height":500,"url":"https:\/\/www.aguarda.es\/wp-content\/uploads\/2026\/03\/tn_cartaz-campa-semana-santa-.png?_t=1772615680","type":"image\/png"}],"author":"prensa","twitter_card":"summary_large_image","twitter_creator":"@AGuarda_es","twitter_site":"@AGuarda_es","twitter_misc":{"Written by":"prensa","Est. reading time":"2 minutes"},"schema":{"@context":"https:\/\/schema.org","@graph":[{"@type":"WebPage","@id":"https:\/\/www.aguarda.es\/en\/o-conciliaguarda-semana-santa-abrira-o-venres-6-o-prazo-de-solicitudes\/","url":"https:\/\/www.aguarda.es\/en\/o-conciliaguarda-semana-santa-abrira-o-venres-6-o-prazo-de-solicitudes\/","name":"O Conciliaguarda Semana Santa abrir\u00e1 o venres 6 o prazo de solicitudes - Concello da Guarda","isPartOf":{"@id":"https:\/\/www.aguarda.es\/en\/#website"},"datePublished":"2026-03-04T09:14:40+00:00","dateModified":"2026-03-04T09:14:40+00:00","author":{"@id":"https:\/\/www.aguarda.es\/en\/#\/schema\/person\/c463ca3006858ffb349d11179d044f21"},"description":"O Concello da Guarda segue apostando pola conciliaci\u00f3n familiar cun campamento para as vacaci\u00f3ns escolares de Semana Santa. Este campamento","breadcrumb":{"@id":"https:\/\/www.aguarda.es\/en\/o-conciliaguarda-semana-santa-abrira-o-venres-6-o-prazo-de-solicitudes\/#breadcrumb"},"inLanguage":"en-US","potentialAction":[{"@type":"ReadAction","target":["https:\/\/www.aguarda.es\/en\/o-conciliaguarda-semana-santa-abrira-o-venres-6-o-prazo-de-solicitudes\/"]}]},{"@type":"BreadcrumbList","@id":"https:\/\/www.aguarda.es\/en\/o-conciliaguarda-semana-santa-abrira-o-venres-6-o-prazo-de-solicitudes\/#breadcrumb","itemListElement":[{"@type":"ListItem","position":1,"name":"Portada","item":"https:\/\/www.aguarda.es\/en\/"},{"@type":"ListItem","position":2,"name":"O Conciliaguarda Semana Santa abrir\u00e1 o venres 6 o prazo de solicitudes"}]},{"@type":"WebSite","@id":"https:\/\/www.aguarda.es\/en\/#website","url":"https:\/\/www.aguarda.es\/en\/","name":"Concello da Guarda","description":"P\u00e1xina web do concello da Guarda","potentialAction":[{"@type":"SearchAction","target":{"@type":"EntryPoint","urlTemplate":"https:\/\/www.aguarda.es\/en\/?s={search_term_string}"},"query-input":"required name=search_term_string"}],"inLanguage":"en-US"},{"@type":"Person","@id":"https:\/\/www.aguarda.es\/en\/#\/schema\/person\/c463ca3006858ffb349d11179d044f21","name":"prensa","image":{"@type":"ImageObject","inLanguage":"en-US","@id":"https:\/\/www.aguarda.es\/en\/#\/schema\/person\/image\/","url":"https:\/\/secure.gravatar.com\/avatar\/5f90ef536b0f98306edf5c7a1135ffa1?s=96&d=mm&r=g","contentUrl":"https:\/\/secure.gravatar.com\/avatar\/5f90ef536b0f98306edf5c7a1135ffa1?s=96&d=mm&r=g","caption":"prensa"},"url":"https:\/\/www.aguarda.es\/en\/author\/prensa\/"}]}},"_links":{"self":[{"href":"https:\/\/www.aguarda.es\/en\/wp-json\/wp\/v2\/posts\/34480"}],"collection":[{"href":"https:\/\/www.aguarda.es\/en\/wp-json\/wp\/v2\/posts"}],"about":[{"href":"https:\/\/www.aguarda.es\/en\/wp-json\/wp\/v2\/types\/post"}],"author":[{"embeddable":true,"href":"https:\/\/www.aguarda.es\/en\/wp-json\/wp\/v2\/users\/2"}],"replies":[{"embeddable":true,"href":"https:\/\/www.aguarda.es\/en\/wp-json\/wp\/v2\/comments?post=34480"}],"version-history":[{"count":1,"href":"https:\/\/www.aguarda.es\/en\/wp-json\/wp\/v2\/posts\/34480\/revisions"}],"predecessor-version":[{"id":34487,"href":"https:\/\/www.aguarda.es\/en\/wp-json\/wp\/v2\/posts\/34480\/revisions\/34487"}],"wp:featuredmedia":[{"embeddable":true,"href":"https:\/\/www.aguarda.es\/en\/wp-json\/wp\/v2\/media\/34485"}],"wp:attachment":[{"href":"https:\/\/www.aguarda.es\/en\/wp-json\/wp\/v2\/media?parent=34480"}],"wp:term":[{"taxonomy":"category","embeddable":true,"href":"https:\/\/www.aguarda.es\/en\/wp-json\/wp\/v2\/categories?post=34480"},{"taxonomy":"post_tag","embeddable":true,"href":"https:\/\/www.aguarda.es\/en\/wp-json\/wp\/v2\/tags?post=34480"}],"curies":[{"name":"wp","href":"https:\/\/api.w.org\/{rel}","templated":true}]}}