{"id":34488,"date":"2026-03-04T11:44:33","date_gmt":"2026-03-04T11:44:33","guid":{"rendered":"https:\/\/www.aguarda.es\/?p=34488"},"modified":"2026-03-04T11:44:33","modified_gmt":"2026-03-04T11:44:33","slug":"o-alcalde-da-guarda-visita-terraverde-vinoteca-tras-a-sua-reapertura-coa-nova-xerencia","status":"publish","type":"post","link":"https:\/\/www.aguarda.es\/en\/o-alcalde-da-guarda-visita-terraverde-vinoteca-tras-a-sua-reapertura-coa-nova-xerencia\/","title":{"rendered":"O alcalde da Guarda visita \u2018Terraverde Vinoteca\u2019 tras a s\u00faa reapertura coa nova xerencia"},"content":{"rendered":"<p class=\"western\" align=\"left\"><span style=\"color: #000000;\"><span style=\"font-family: Arial, sans-serif;\"><span lang=\"gl-ES\">O<span style=\"color: #000000;\"> alcalde da Guarda, Roberto Carrero, contin\u00faa coa campa\u00f1a de promoci\u00f3n dos novos establecementos da Guarda mediante visitas e difusi\u00f3n das s\u00faas actividades, dando o seu apoio aos emprendedores.<\/span><\/span><\/span><\/span><\/p>\n<p class=\"western\" lang=\"gl-ES\" align=\"left\"><span style=\"font-family: Arial, sans-serif; color: #000000;\">No d\u00eda de onte, o alcalde visitou Terraverde Vinoteca, coa s\u00faa nova xerencia que aposta pola calidade e o produto de orixe, apoiando a Denominaci\u00f3n de Orixe R\u00edas Baixas.<\/span><\/p>\n<p class=\"western\" lang=\"gl-ES\" align=\"left\"><span style=\"font-family: Arial, sans-serif; color: #000000;\">Desde Terraverde Vinoteca cren que \u201crespaldar R\u00edas Baixas \u00e9 defender o traballos dos nosos viticultores, a excelencia dos nosos vi\u00f1os e a identidade da nosa terra\u201d.<\/span><\/p>\n<p class=\"western\" lang=\"gl-ES\" align=\"left\"><span style=\"font-family: Arial, sans-serif; color: #000000;\">O alcalde afirmou que \u201co impulso destas iniciativas non s\u00f3 promoven o comercio local, sen\u00f3n que tam\u00e9n po\u00f1en en valor as nosas denominaci\u00f3ns de orixe, fortalecendo a econom\u00eda e a cultura vitivin\u00edcola da rexi\u00f3n\u201d.<\/span><\/p>\n<p class=\"western\" align=\"left\"><span style=\"color: #000000;\"><span style=\"font-family: Arial, sans-serif;\"><span lang=\"gl-ES\">Moita sorte a <\/span><\/span><span style=\"font-family: Arial, sans-serif;\"><span lang=\"gl-ES\">Terraverde Vinoteca<\/span><\/span><span style=\"font-family: Arial, sans-serif;\"><span lang=\"gl-ES\"> nesta nova etapa!<\/span><\/span><\/span><\/p>\n","protected":false},"excerpt":{"rendered":"<p>O alcalde da Guarda, Roberto Carrero, contin\u00faa coa campa\u00f1a de promoci\u00f3n dos novos establecementos da Guarda mediante visitas e difusi\u00f3n das s\u00faas actividades, dando o seu apoio aos emprendedores. No d\u00eda de onte, o alcalde visitou Terraverde Vinoteca, coa s\u00faa &hellip; <\/p>\n","protected":false},"author":2,"featured_media":34489,"comment_status":"closed","ping_status":"closed","sticky":false,"template":"","format":"standard","meta":[],"categories":[36,363],"tags":[],"yoast_head":"<!-- This site is optimized with the Yoast SEO plugin v21.1 - https:\/\/yoast.com\/wordpress\/plugins\/seo\/ -->\n<title>O alcalde da Guarda visita \u2018Terraverde Vinoteca\u2019 tras a s\u00faa reapertura coa nova xerencia - Concello da Guarda<\/title>\n<meta name=\"description\" content=\"O alcalde da Guarda, Roberto Carrero, contin\u00faa coa campa\u00f1a de promoci\u00f3n dos novos establecementos da Guarda mediante visitas e difusi\u00f3n das\" \/>\n<meta name=\"robots\" content=\"index, follow, max-snippet:-1, max-image-preview:large, max-video-preview:-1\" \/>\n<link rel=\"canonical\" href=\"https:\/\/www.aguarda.es\/en\/o-alcalde-da-guarda-visita-terraverde-vinoteca-tras-a-sua-reapertura-coa-nova-xerencia\/\" \/>\n<meta property=\"og:locale\" content=\"en_US\" \/>\n<meta property=\"og:type\" content=\"article\" \/>\n<meta property=\"og:title\" content=\"O alcalde da Guarda visita \u2018Terraverde Vinoteca\u2019 tras a s\u00faa reapertura coa nova xerencia - Concello da Guarda\" \/>\n<meta property=\"og:description\" content=\"O alcalde da Guarda, Roberto Carrero, contin\u00faa coa campa\u00f1a de promoci\u00f3n dos novos establecementos da Guarda mediante visitas e difusi\u00f3n das\" \/>\n<meta property=\"og:url\" content=\"https:\/\/www.aguarda.es\/en\/o-alcalde-da-guarda-visita-terraverde-vinoteca-tras-a-sua-reapertura-coa-nova-xerencia\/\" \/>\n<meta property=\"og:site_name\" content=\"Concello da Guarda\" \/>\n<meta property=\"article:publisher\" content=\"https:\/\/www.facebook.com\/ConcellodaGuarda\" \/>\n<meta property=\"article:published_time\" content=\"2026-03-04T11:44:33+00:00\" \/>\n<meta property=\"og:image\" content=\"https:\/\/www.aguarda.es\/wp-content\/uploads\/2026\/03\/vinoteca-terraverde-visita.jpeg?_t=1772624674\" \/>\n\t<meta property=\"og:image:width\" content=\"2040\" \/>\n\t<meta property=\"og:image:height\" content=\"1148\" \/>\n\t<meta property=\"og:image:type\" content=\"image\/jpeg\" \/>\n<meta name=\"author\" content=\"prensa\" \/>\n<meta name=\"twitter:card\" content=\"summary_large_image\" \/>\n<meta name=\"twitter:creator\" content=\"@AGuarda_es\" \/>\n<meta name=\"twitter:site\" content=\"@AGuarda_es\" \/>\n<meta name=\"twitter:label1\" content=\"Written by\" \/>\n\t<meta name=\"twitter:data1\" content=\"prensa\" \/>\n\t<meta name=\"twitter:label2\" content=\"Est. reading time\" \/>\n\t<meta name=\"twitter:data2\" content=\"1 minute\" \/>\n<script type=\"application\/ld+json\" class=\"yoast-schema-graph\">{\"@context\":\"https:\/\/schema.org\",\"@graph\":[{\"@type\":\"WebPage\",\"@id\":\"https:\/\/www.aguarda.es\/en\/o-alcalde-da-guarda-visita-terraverde-vinoteca-tras-a-sua-reapertura-coa-nova-xerencia\/\",\"url\":\"https:\/\/www.aguarda.es\/en\/o-alcalde-da-guarda-visita-terraverde-vinoteca-tras-a-sua-reapertura-coa-nova-xerencia\/\",\"name\":\"O alcalde da Guarda visita \u2018Terraverde Vinoteca\u2019 tras a s\u00faa reapertura coa nova xerencia - Concello da Guarda\",\"isPartOf\":{\"@id\":\"https:\/\/www.aguarda.es\/en\/#website\"},\"datePublished\":\"2026-03-04T11:44:33+00:00\",\"dateModified\":\"2026-03-04T11:44:33+00:00\",\"author\":{\"@id\":\"https:\/\/www.aguarda.es\/en\/#\/schema\/person\/c463ca3006858ffb349d11179d044f21\"},\"description\":\"O alcalde da Guarda, Roberto Carrero, contin\u00faa coa campa\u00f1a de promoci\u00f3n dos novos establecementos da Guarda mediante visitas e difusi\u00f3n das\",\"breadcrumb\":{\"@id\":\"https:\/\/www.aguarda.es\/en\/o-alcalde-da-guarda-visita-terraverde-vinoteca-tras-a-sua-reapertura-coa-nova-xerencia\/#breadcrumb\"},\"inLanguage\":\"en-US\",\"potentialAction\":[{\"@type\":\"ReadAction\",\"target\":[\"https:\/\/www.aguarda.es\/en\/o-alcalde-da-guarda-visita-terraverde-vinoteca-tras-a-sua-reapertura-coa-nova-xerencia\/\"]}]},{\"@type\":\"BreadcrumbList\",\"@id\":\"https:\/\/www.aguarda.es\/en\/o-alcalde-da-guarda-visita-terraverde-vinoteca-tras-a-sua-reapertura-coa-nova-xerencia\/#breadcrumb\",\"itemListElement\":[{\"@type\":\"ListItem\",\"position\":1,\"name\":\"Portada\",\"item\":\"https:\/\/www.aguarda.es\/en\/\"},{\"@type\":\"ListItem\",\"position\":2,\"name\":\"O alcalde da Guarda visita \u2018Terraverde Vinoteca\u2019 tras a s\u00faa reapertura coa nova xerencia\"}]},{\"@type\":\"WebSite\",\"@id\":\"https:\/\/www.aguarda.es\/en\/#website\",\"url\":\"https:\/\/www.aguarda.es\/en\/\",\"name\":\"Concello da Guarda\",\"description\":\"P\u00e1xina web do concello da Guarda\",\"potentialAction\":[{\"@type\":\"SearchAction\",\"target\":{\"@type\":\"EntryPoint\",\"urlTemplate\":\"https:\/\/www.aguarda.es\/en\/?s={search_term_string}\"},\"query-input\":\"required name=search_term_string\"}],\"inLanguage\":\"en-US\"},{\"@type\":\"Person\",\"@id\":\"https:\/\/www.aguarda.es\/en\/#\/schema\/person\/c463ca3006858ffb349d11179d044f21\",\"name\":\"prensa\",\"image\":{\"@type\":\"ImageObject\",\"inLanguage\":\"en-US\",\"@id\":\"https:\/\/www.aguarda.es\/en\/#\/schema\/person\/image\/\",\"url\":\"https:\/\/secure.gravatar.com\/avatar\/5f90ef536b0f98306edf5c7a1135ffa1?s=96&d=mm&r=g\",\"contentUrl\":\"https:\/\/secure.gravatar.com\/avatar\/5f90ef536b0f98306edf5c7a1135ffa1?s=96&d=mm&r=g\",\"caption\":\"prensa\"},\"url\":\"https:\/\/www.aguarda.es\/en\/author\/prensa\/\"}]}<\/script>\n<!-- \/ Yoast SEO plugin. -->","yoast_head_json":{"title":"O alcalde da Guarda visita \u2018Terraverde Vinoteca\u2019 tras a s\u00faa reapertura coa nova xerencia - Concello da Guarda","description":"O alcalde da Guarda, Roberto Carrero, contin\u00faa coa campa\u00f1a de promoci\u00f3n dos novos establecementos da Guarda mediante visitas e difusi\u00f3n das","robots":{"index":"index","follow":"follow","max-snippet":"max-snippet:-1","max-image-preview":"max-image-preview:large","max-video-preview":"max-video-preview:-1"},"canonical":"https:\/\/www.aguarda.es\/en\/o-alcalde-da-guarda-visita-terraverde-vinoteca-tras-a-sua-reapertura-coa-nova-xerencia\/","og_locale":"en_US","og_type":"article","og_title":"O alcalde da Guarda visita \u2018Terraverde Vinoteca\u2019 tras a s\u00faa reapertura coa nova xerencia - Concello da Guarda","og_description":"O alcalde da Guarda, Roberto Carrero, contin\u00faa coa campa\u00f1a de promoci\u00f3n dos novos establecementos da Guarda mediante visitas e difusi\u00f3n das","og_url":"https:\/\/www.aguarda.es\/en\/o-alcalde-da-guarda-visita-terraverde-vinoteca-tras-a-sua-reapertura-coa-nova-xerencia\/","og_site_name":"Concello da Guarda","article_publisher":"https:\/\/www.facebook.com\/ConcellodaGuarda","article_published_time":"2026-03-04T11:44:33+00:00","og_image":[{"width":2040,"height":1148,"url":"https:\/\/www.aguarda.es\/wp-content\/uploads\/2026\/03\/vinoteca-terraverde-visita.jpeg?_t=1772624674","type":"image\/jpeg"}],"author":"prensa","twitter_card":"summary_large_image","twitter_creator":"@AGuarda_es","twitter_site":"@AGuarda_es","twitter_misc":{"Written by":"prensa","Est. reading time":"1 minute"},"schema":{"@context":"https:\/\/schema.org","@graph":[{"@type":"WebPage","@id":"https:\/\/www.aguarda.es\/en\/o-alcalde-da-guarda-visita-terraverde-vinoteca-tras-a-sua-reapertura-coa-nova-xerencia\/","url":"https:\/\/www.aguarda.es\/en\/o-alcalde-da-guarda-visita-terraverde-vinoteca-tras-a-sua-reapertura-coa-nova-xerencia\/","name":"O alcalde da Guarda visita \u2018Terraverde Vinoteca\u2019 tras a s\u00faa reapertura coa nova xerencia - Concello da Guarda","isPartOf":{"@id":"https:\/\/www.aguarda.es\/en\/#website"},"datePublished":"2026-03-04T11:44:33+00:00","dateModified":"2026-03-04T11:44:33+00:00","author":{"@id":"https:\/\/www.aguarda.es\/en\/#\/schema\/person\/c463ca3006858ffb349d11179d044f21"},"description":"O alcalde da Guarda, Roberto Carrero, contin\u00faa coa campa\u00f1a de promoci\u00f3n dos novos establecementos da Guarda mediante visitas e difusi\u00f3n das","breadcrumb":{"@id":"https:\/\/www.aguarda.es\/en\/o-alcalde-da-guarda-visita-terraverde-vinoteca-tras-a-sua-reapertura-coa-nova-xerencia\/#breadcrumb"},"inLanguage":"en-US","potentialAction":[{"@type":"ReadAction","target":["https:\/\/www.aguarda.es\/en\/o-alcalde-da-guarda-visita-terraverde-vinoteca-tras-a-sua-reapertura-coa-nova-xerencia\/"]}]},{"@type":"BreadcrumbList","@id":"https:\/\/www.aguarda.es\/en\/o-alcalde-da-guarda-visita-terraverde-vinoteca-tras-a-sua-reapertura-coa-nova-xerencia\/#breadcrumb","itemListElement":[{"@type":"ListItem","position":1,"name":"Portada","item":"https:\/\/www.aguarda.es\/en\/"},{"@type":"ListItem","position":2,"name":"O alcalde da Guarda visita \u2018Terraverde Vinoteca\u2019 tras a s\u00faa reapertura coa nova xerencia"}]},{"@type":"WebSite","@id":"https:\/\/www.aguarda.es\/en\/#website","url":"https:\/\/www.aguarda.es\/en\/","name":"Concello da Guarda","description":"P\u00e1xina web do concello da Guarda","potentialAction":[{"@type":"SearchAction","target":{"@type":"EntryPoint","urlTemplate":"https:\/\/www.aguarda.es\/en\/?s={search_term_string}"},"query-input":"required name=search_term_string"}],"inLanguage":"en-US"},{"@type":"Person","@id":"https:\/\/www.aguarda.es\/en\/#\/schema\/person\/c463ca3006858ffb349d11179d044f21","name":"prensa","image":{"@type":"ImageObject","inLanguage":"en-US","@id":"https:\/\/www.aguarda.es\/en\/#\/schema\/person\/image\/","url":"https:\/\/secure.gravatar.com\/avatar\/5f90ef536b0f98306edf5c7a1135ffa1?s=96&d=mm&r=g","contentUrl":"https:\/\/secure.gravatar.com\/avatar\/5f90ef536b0f98306edf5c7a1135ffa1?s=96&d=mm&r=g","caption":"prensa"},"url":"https:\/\/www.aguarda.es\/en\/author\/prensa\/"}]}},"_links":{"self":[{"href":"https:\/\/www.aguarda.es\/en\/wp-json\/wp\/v2\/posts\/34488"}],"collection":[{"href":"https:\/\/www.aguarda.es\/en\/wp-json\/wp\/v2\/posts"}],"about":[{"href":"https:\/\/www.aguarda.es\/en\/wp-json\/wp\/v2\/types\/post"}],"author":[{"embeddable":true,"href":"https:\/\/www.aguarda.es\/en\/wp-json\/wp\/v2\/users\/2"}],"replies":[{"embeddable":true,"href":"https:\/\/www.aguarda.es\/en\/wp-json\/wp\/v2\/comments?post=34488"}],"version-history":[{"count":1,"href":"https:\/\/www.aguarda.es\/en\/wp-json\/wp\/v2\/posts\/34488\/revisions"}],"predecessor-version":[{"id":34491,"href":"https:\/\/www.aguarda.es\/en\/wp-json\/wp\/v2\/posts\/34488\/revisions\/34491"}],"wp:featuredmedia":[{"embeddable":true,"href":"https:\/\/www.aguarda.es\/en\/wp-json\/wp\/v2\/media\/34489"}],"wp:attachment":[{"href":"https:\/\/www.aguarda.es\/en\/wp-json\/wp\/v2\/media?parent=34488"}],"wp:term":[{"taxonomy":"category","embeddable":true,"href":"https:\/\/www.aguarda.es\/en\/wp-json\/wp\/v2\/categories?post=34488"},{"taxonomy":"post_tag","embeddable":true,"href":"https:\/\/www.aguarda.es\/en\/wp-json\/wp\/v2\/tags?post=34488"}],"curies":[{"name":"wp","href":"https:\/\/api.w.org\/{rel}","templated":true}]}}