{"id":34506,"date":"2026-03-05T10:44:56","date_gmt":"2026-03-05T10:44:56","guid":{"rendered":"https:\/\/www.aguarda.es\/?p=34506"},"modified":"2026-03-05T12:45:48","modified_gmt":"2026-03-05T12:45:48","slug":"a-biblioteca-publica-municipal-da-guarda-organiza-un-novo-contacontos-para-o-sabado-14","status":"publish","type":"post","link":"https:\/\/www.aguarda.es\/en\/a-biblioteca-publica-municipal-da-guarda-organiza-un-novo-contacontos-para-o-sabado-14\/","title":{"rendered":"A Biblioteca P\u00fablica Municipal da Guarda organiza un novo contacontos para o s\u00e1bado 14"},"content":{"rendered":"<p class=\"western\" align=\"left\"><span style=\"color: #000000;\"><span style=\"font-family: Arial, sans-serif;\"><span lang=\"gl-ES\">A Biblioteca P\u00fablica Municipal da Guarda organiza un novo contacontos para o pr\u00f3ximo s\u00e1bado 14 de marzo \u00e1s 12:00h.<\/span><\/span><\/span><\/p>\n<p class=\"western\" lang=\"gl-ES\" align=\"left\"><span style=\"font-family: Arial, sans-serif; color: #000000;\">A fada de EucREativa chega \u00e1 biblioteca da Guarda en busca de historias escondidas, personaxes sorprendentes e aventuras por descubrir. Entre estantes cheos de tesouros, aprendemos que cada libro \u00e9 unha porta segreda e cada p\u00e1xina un novo territorio por explorar.<\/span><\/p>\n<p class=\"western\" lang=\"gl-ES\" align=\"left\"><span style=\"color: #000000;\"><span style=\"font-family: Arial, sans-serif;\">Esta exploradora do saber non a det\u00e9n a choiva e ten como br\u00faxula a curiosidade e os libros como mapa. <\/span><span style=\"font-family: Arial, sans-serif;\">Escoitamos, observamos, preguntamos e so\u00f1amos &#8230; porque en esta expedici\u00f3n non fac\u00eda falta mochila, s\u00f3 ganas de imaxinar! <\/span><\/span><\/p>\n<p class=\"western\" lang=\"gl-ES\" align=\"left\"><span style=\"font-family: Arial, sans-serif; color: #000000;\">Agard\u00e1mosvos na biblioteca.<\/span><\/p>\n","protected":false},"excerpt":{"rendered":"<p>A Biblioteca P\u00fablica Municipal da Guarda organiza un novo contacontos para o pr\u00f3ximo s\u00e1bado 14 de marzo \u00e1s 12:00h. A fada de EucREativa chega \u00e1 biblioteca da Guarda en busca de historias escondidas, personaxes sorprendentes e aventuras por descubrir. Entre &hellip; <\/p>\n","protected":false},"author":2,"featured_media":34507,"comment_status":"closed","ping_status":"closed","sticky":false,"template":"","format":"standard","meta":[],"categories":[34,363],"tags":[],"yoast_head":"<!-- This site is optimized with the Yoast SEO plugin v21.1 - https:\/\/yoast.com\/wordpress\/plugins\/seo\/ -->\n<title>A Biblioteca P\u00fablica Municipal da Guarda organiza un novo contacontos para o s\u00e1bado 14 - Concello da Guarda<\/title>\n<meta name=\"description\" content=\"A Biblioteca P\u00fablica Municipal da Guarda organiza un novo obradoiro para o pr\u00f3ximo s\u00e1bado 14 de marzo \u00e1s 12:00h.A fada de EucREativa chega\" \/>\n<meta name=\"robots\" content=\"index, follow, max-snippet:-1, max-image-preview:large, max-video-preview:-1\" \/>\n<link rel=\"canonical\" href=\"https:\/\/www.aguarda.es\/en\/a-biblioteca-publica-municipal-da-guarda-organiza-un-novo-contacontos-para-o-sabado-14\/\" \/>\n<meta property=\"og:locale\" content=\"en_US\" \/>\n<meta property=\"og:type\" content=\"article\" \/>\n<meta property=\"og:title\" content=\"A Biblioteca P\u00fablica Municipal da Guarda organiza un novo contacontos para o s\u00e1bado 14 - Concello da Guarda\" \/>\n<meta property=\"og:description\" content=\"A Biblioteca P\u00fablica Municipal da Guarda organiza un novo obradoiro para o pr\u00f3ximo s\u00e1bado 14 de marzo \u00e1s 12:00h.A fada de EucREativa chega\" \/>\n<meta property=\"og:url\" content=\"https:\/\/www.aguarda.es\/en\/a-biblioteca-publica-municipal-da-guarda-organiza-un-novo-contacontos-para-o-sabado-14\/\" \/>\n<meta property=\"og:site_name\" content=\"Concello da Guarda\" \/>\n<meta property=\"article:publisher\" content=\"https:\/\/www.facebook.com\/ConcellodaGuarda\" \/>\n<meta property=\"article:published_time\" content=\"2026-03-05T10:44:56+00:00\" \/>\n<meta property=\"article:modified_time\" content=\"2026-03-05T12:45:48+00:00\" \/>\n<meta property=\"og:image\" content=\"https:\/\/www.aguarda.es\/wp-content\/uploads\/2026\/03\/Cartel-1.jpg?_t=1772714748\" \/>\n\t<meta property=\"og:image:width\" content=\"1021\" \/>\n\t<meta property=\"og:image:height\" content=\"1600\" \/>\n\t<meta property=\"og:image:type\" content=\"image\/jpeg\" \/>\n<meta name=\"author\" content=\"prensa\" \/>\n<meta name=\"twitter:card\" content=\"summary_large_image\" \/>\n<meta name=\"twitter:creator\" content=\"@AGuarda_es\" \/>\n<meta name=\"twitter:site\" content=\"@AGuarda_es\" \/>\n<meta name=\"twitter:label1\" content=\"Written by\" \/>\n\t<meta name=\"twitter:data1\" content=\"prensa\" \/>\n\t<meta name=\"twitter:label2\" content=\"Est. reading time\" \/>\n\t<meta name=\"twitter:data2\" content=\"1 minute\" \/>\n<script type=\"application\/ld+json\" class=\"yoast-schema-graph\">{\"@context\":\"https:\/\/schema.org\",\"@graph\":[{\"@type\":\"WebPage\",\"@id\":\"https:\/\/www.aguarda.es\/en\/a-biblioteca-publica-municipal-da-guarda-organiza-un-novo-contacontos-para-o-sabado-14\/\",\"url\":\"https:\/\/www.aguarda.es\/en\/a-biblioteca-publica-municipal-da-guarda-organiza-un-novo-contacontos-para-o-sabado-14\/\",\"name\":\"A Biblioteca P\u00fablica Municipal da Guarda organiza un novo contacontos para o s\u00e1bado 14 - Concello da Guarda\",\"isPartOf\":{\"@id\":\"https:\/\/www.aguarda.es\/en\/#website\"},\"datePublished\":\"2026-03-05T10:44:56+00:00\",\"dateModified\":\"2026-03-05T12:45:48+00:00\",\"author\":{\"@id\":\"https:\/\/www.aguarda.es\/en\/#\/schema\/person\/c463ca3006858ffb349d11179d044f21\"},\"description\":\"A Biblioteca P\u00fablica Municipal da Guarda organiza un novo obradoiro para o pr\u00f3ximo s\u00e1bado 14 de marzo \u00e1s 12:00h.A fada de EucREativa chega\",\"breadcrumb\":{\"@id\":\"https:\/\/www.aguarda.es\/en\/a-biblioteca-publica-municipal-da-guarda-organiza-un-novo-contacontos-para-o-sabado-14\/#breadcrumb\"},\"inLanguage\":\"en-US\",\"potentialAction\":[{\"@type\":\"ReadAction\",\"target\":[\"https:\/\/www.aguarda.es\/en\/a-biblioteca-publica-municipal-da-guarda-organiza-un-novo-contacontos-para-o-sabado-14\/\"]}]},{\"@type\":\"BreadcrumbList\",\"@id\":\"https:\/\/www.aguarda.es\/en\/a-biblioteca-publica-municipal-da-guarda-organiza-un-novo-contacontos-para-o-sabado-14\/#breadcrumb\",\"itemListElement\":[{\"@type\":\"ListItem\",\"position\":1,\"name\":\"Portada\",\"item\":\"https:\/\/www.aguarda.es\/en\/\"},{\"@type\":\"ListItem\",\"position\":2,\"name\":\"A Biblioteca P\u00fablica Municipal da Guarda organiza un novo contacontos para o s\u00e1bado 14\"}]},{\"@type\":\"WebSite\",\"@id\":\"https:\/\/www.aguarda.es\/en\/#website\",\"url\":\"https:\/\/www.aguarda.es\/en\/\",\"name\":\"Concello da Guarda\",\"description\":\"P\u00e1xina web do concello da Guarda\",\"potentialAction\":[{\"@type\":\"SearchAction\",\"target\":{\"@type\":\"EntryPoint\",\"urlTemplate\":\"https:\/\/www.aguarda.es\/en\/?s={search_term_string}\"},\"query-input\":\"required name=search_term_string\"}],\"inLanguage\":\"en-US\"},{\"@type\":\"Person\",\"@id\":\"https:\/\/www.aguarda.es\/en\/#\/schema\/person\/c463ca3006858ffb349d11179d044f21\",\"name\":\"prensa\",\"image\":{\"@type\":\"ImageObject\",\"inLanguage\":\"en-US\",\"@id\":\"https:\/\/www.aguarda.es\/en\/#\/schema\/person\/image\/\",\"url\":\"https:\/\/secure.gravatar.com\/avatar\/5f90ef536b0f98306edf5c7a1135ffa1?s=96&d=mm&r=g\",\"contentUrl\":\"https:\/\/secure.gravatar.com\/avatar\/5f90ef536b0f98306edf5c7a1135ffa1?s=96&d=mm&r=g\",\"caption\":\"prensa\"},\"url\":\"https:\/\/www.aguarda.es\/en\/author\/prensa\/\"}]}<\/script>\n<!-- \/ Yoast SEO plugin. -->","yoast_head_json":{"title":"A Biblioteca P\u00fablica Municipal da Guarda organiza un novo contacontos para o s\u00e1bado 14 - Concello da Guarda","description":"A Biblioteca P\u00fablica Municipal da Guarda organiza un novo obradoiro para o pr\u00f3ximo s\u00e1bado 14 de marzo \u00e1s 12:00h.A fada de EucREativa chega","robots":{"index":"index","follow":"follow","max-snippet":"max-snippet:-1","max-image-preview":"max-image-preview:large","max-video-preview":"max-video-preview:-1"},"canonical":"https:\/\/www.aguarda.es\/en\/a-biblioteca-publica-municipal-da-guarda-organiza-un-novo-contacontos-para-o-sabado-14\/","og_locale":"en_US","og_type":"article","og_title":"A Biblioteca P\u00fablica Municipal da Guarda organiza un novo contacontos para o s\u00e1bado 14 - Concello da Guarda","og_description":"A Biblioteca P\u00fablica Municipal da Guarda organiza un novo obradoiro para o pr\u00f3ximo s\u00e1bado 14 de marzo \u00e1s 12:00h.A fada de EucREativa chega","og_url":"https:\/\/www.aguarda.es\/en\/a-biblioteca-publica-municipal-da-guarda-organiza-un-novo-contacontos-para-o-sabado-14\/","og_site_name":"Concello da Guarda","article_publisher":"https:\/\/www.facebook.com\/ConcellodaGuarda","article_published_time":"2026-03-05T10:44:56+00:00","article_modified_time":"2026-03-05T12:45:48+00:00","og_image":[{"width":1021,"height":1600,"url":"https:\/\/www.aguarda.es\/wp-content\/uploads\/2026\/03\/Cartel-1.jpg?_t=1772714748","type":"image\/jpeg"}],"author":"prensa","twitter_card":"summary_large_image","twitter_creator":"@AGuarda_es","twitter_site":"@AGuarda_es","twitter_misc":{"Written by":"prensa","Est. reading time":"1 minute"},"schema":{"@context":"https:\/\/schema.org","@graph":[{"@type":"WebPage","@id":"https:\/\/www.aguarda.es\/en\/a-biblioteca-publica-municipal-da-guarda-organiza-un-novo-contacontos-para-o-sabado-14\/","url":"https:\/\/www.aguarda.es\/en\/a-biblioteca-publica-municipal-da-guarda-organiza-un-novo-contacontos-para-o-sabado-14\/","name":"A Biblioteca P\u00fablica Municipal da Guarda organiza un novo contacontos para o s\u00e1bado 14 - Concello da Guarda","isPartOf":{"@id":"https:\/\/www.aguarda.es\/en\/#website"},"datePublished":"2026-03-05T10:44:56+00:00","dateModified":"2026-03-05T12:45:48+00:00","author":{"@id":"https:\/\/www.aguarda.es\/en\/#\/schema\/person\/c463ca3006858ffb349d11179d044f21"},"description":"A Biblioteca P\u00fablica Municipal da Guarda organiza un novo obradoiro para o pr\u00f3ximo s\u00e1bado 14 de marzo \u00e1s 12:00h.A fada de EucREativa chega","breadcrumb":{"@id":"https:\/\/www.aguarda.es\/en\/a-biblioteca-publica-municipal-da-guarda-organiza-un-novo-contacontos-para-o-sabado-14\/#breadcrumb"},"inLanguage":"en-US","potentialAction":[{"@type":"ReadAction","target":["https:\/\/www.aguarda.es\/en\/a-biblioteca-publica-municipal-da-guarda-organiza-un-novo-contacontos-para-o-sabado-14\/"]}]},{"@type":"BreadcrumbList","@id":"https:\/\/www.aguarda.es\/en\/a-biblioteca-publica-municipal-da-guarda-organiza-un-novo-contacontos-para-o-sabado-14\/#breadcrumb","itemListElement":[{"@type":"ListItem","position":1,"name":"Portada","item":"https:\/\/www.aguarda.es\/en\/"},{"@type":"ListItem","position":2,"name":"A Biblioteca P\u00fablica Municipal da Guarda organiza un novo contacontos para o s\u00e1bado 14"}]},{"@type":"WebSite","@id":"https:\/\/www.aguarda.es\/en\/#website","url":"https:\/\/www.aguarda.es\/en\/","name":"Concello da Guarda","description":"P\u00e1xina web do concello da Guarda","potentialAction":[{"@type":"SearchAction","target":{"@type":"EntryPoint","urlTemplate":"https:\/\/www.aguarda.es\/en\/?s={search_term_string}"},"query-input":"required name=search_term_string"}],"inLanguage":"en-US"},{"@type":"Person","@id":"https:\/\/www.aguarda.es\/en\/#\/schema\/person\/c463ca3006858ffb349d11179d044f21","name":"prensa","image":{"@type":"ImageObject","inLanguage":"en-US","@id":"https:\/\/www.aguarda.es\/en\/#\/schema\/person\/image\/","url":"https:\/\/secure.gravatar.com\/avatar\/5f90ef536b0f98306edf5c7a1135ffa1?s=96&d=mm&r=g","contentUrl":"https:\/\/secure.gravatar.com\/avatar\/5f90ef536b0f98306edf5c7a1135ffa1?s=96&d=mm&r=g","caption":"prensa"},"url":"https:\/\/www.aguarda.es\/en\/author\/prensa\/"}]}},"_links":{"self":[{"href":"https:\/\/www.aguarda.es\/en\/wp-json\/wp\/v2\/posts\/34506"}],"collection":[{"href":"https:\/\/www.aguarda.es\/en\/wp-json\/wp\/v2\/posts"}],"about":[{"href":"https:\/\/www.aguarda.es\/en\/wp-json\/wp\/v2\/types\/post"}],"author":[{"embeddable":true,"href":"https:\/\/www.aguarda.es\/en\/wp-json\/wp\/v2\/users\/2"}],"replies":[{"embeddable":true,"href":"https:\/\/www.aguarda.es\/en\/wp-json\/wp\/v2\/comments?post=34506"}],"version-history":[{"count":3,"href":"https:\/\/www.aguarda.es\/en\/wp-json\/wp\/v2\/posts\/34506\/revisions"}],"predecessor-version":[{"id":34511,"href":"https:\/\/www.aguarda.es\/en\/wp-json\/wp\/v2\/posts\/34506\/revisions\/34511"}],"wp:featuredmedia":[{"embeddable":true,"href":"https:\/\/www.aguarda.es\/en\/wp-json\/wp\/v2\/media\/34507"}],"wp:attachment":[{"href":"https:\/\/www.aguarda.es\/en\/wp-json\/wp\/v2\/media?parent=34506"}],"wp:term":[{"taxonomy":"category","embeddable":true,"href":"https:\/\/www.aguarda.es\/en\/wp-json\/wp\/v2\/categories?post=34506"},{"taxonomy":"post_tag","embeddable":true,"href":"https:\/\/www.aguarda.es\/en\/wp-json\/wp\/v2\/tags?post=34506"}],"curies":[{"name":"wp","href":"https:\/\/api.w.org\/{rel}","templated":true}]}}