{"id":34544,"date":"2026-03-10T09:07:26","date_gmt":"2026-03-10T09:07:26","guid":{"rendered":"https:\/\/www.aguarda.es\/?p=34544"},"modified":"2026-03-10T09:08:00","modified_gmt":"2026-03-10T09:08:00","slug":"a-guarda-volvera-contar-con-representacion-no-desfile-de-san-patricio-de-madrid","status":"publish","type":"post","link":"https:\/\/www.aguarda.es\/en\/a-guarda-volvera-contar-con-representacion-no-desfile-de-san-patricio-de-madrid\/","title":{"rendered":"A Guarda volver\u00e1 contar con representaci\u00f3n no Desfile de San Patricio de Madrid"},"content":{"rendered":"<p class=\"western\" align=\"left\"><span style=\"color: #000000;\"><span style=\"font-family: Arial, sans-serif;\"><span lang=\"gl-ES\">A Guarda contar\u00e1 con representaci\u00f3n no gran Desfile de San Patricio de Madrid 202<\/span><\/span><span style=\"font-family: Arial, sans-serif;\"><span lang=\"gl-ES\">6<\/span><\/span><span style=\"font-family: Arial, sans-serif;\"><span lang=\"gl-ES\">. O Grupo de Gaitas da 3\u00aa idade da Guarda participar\u00e1 <\/span><\/span><span style=\"font-family: Arial, sans-serif;\"><span lang=\"gl-ES\">por segundo ano consecutivo no desfile q<\/span><\/span><span style=\"font-family: Arial, sans-serif;\"><span lang=\"gl-ES\">ue percorre a Gran V\u00eda madrile\u00f1a; <\/span><\/span><span style=\"font-family: Arial, sans-serif;\"><span lang=\"gl-ES\">esta vez, ir\u00e1n acompa\u00f1ados coa Treboada Arroutada.<\/span><\/span><\/span><\/p>\n<p class=\"western\" align=\"left\"><span style=\"color: #000000;\"><span style=\"font-family: Arial, sans-serif;\"><span lang=\"gl-ES\">Un total de <\/span><\/span><span style=\"font-family: Arial, sans-serif;\"><span lang=\"gl-ES\">47<\/span><\/span><span style=\"font-family: Arial, sans-serif;\"><span lang=\"gl-ES\"> membros d<\/span><\/span><span style=\"font-family: Arial, sans-serif;\"><span lang=\"gl-ES\">o Grupo da 3\u00aa idade<\/span><\/span><span style=\"font-family: Arial, sans-serif;\"><span lang=\"gl-ES\"> desprazaranse a Madrid a pr\u00f3xima fin de semana. <\/span><\/span><span style=\"font-family: Arial, sans-serif;\"><span lang=\"gl-ES\">Para Eduardo Rodr\u00edguez, director do grupo da 3\u00aa idade, o desfile do ano pasado foi \u201cun acto moi importante para desfrutar da m\u00fasica tradicional\u201d, <\/span><\/span><span style=\"font-family: Arial, sans-serif;\"><span lang=\"gl-ES\">e <\/span><\/span><span style=\"font-family: Arial, sans-serif;\"><span lang=\"gl-ES\">este ano, \u201caumentamos o n\u00famero de xente, <\/span><\/span><span style=\"font-family: Arial, sans-serif;\"><span lang=\"gl-ES\">cu<\/span><\/span><span style=\"font-family: Arial, sans-serif;\"><span lang=\"gl-ES\">ns dez membros m\u00e1is para esta viaxe\u201d.<\/span><\/span><\/span><\/p>\n<p class=\"western\" lang=\"gl-ES\" align=\"left\"><span style=\"font-family: Arial, sans-serif; color: #000000;\">A secretaria do Club da 3\u00aa idade, \u00c1ngela Mart\u00ednez, cree que \u00e9 un orgullo para os socios, e para A Guarda ser reco\u00f1ecida como tal e cos seus grupos de gaitas\u201d. Ademais, lembrou que \u201co apoio e colaboraci\u00f3n do alcalde \u00e9 moi importante porque se non, non se poder\u00eda ir\u201d.<\/span><\/p>\n<p class=\"western\" lang=\"gl-ES\" align=\"left\"><span style=\"font-family: Arial, sans-serif; color: #000000;\">O alcalde acudiu a un dos \u00faltimos ensaios do grupo antes da s\u00faa marcha este venres para mostrar o seu \u201capoio a unha iniciativa que d\u00e1 gran visibilidade \u00e1 nosa vila, ademais dun orgullo de que representen e compartan a nosa cultura\u201d.<\/span><\/p>\n<p class=\"western\" align=\"left\"><span style=\"color: #000000;\"><span style=\"font-family: Arial, sans-serif;\"><span lang=\"gl-ES\">O ensaio realizouse en conxunto coa Treboada Arroutada que viaxar\u00e1 con 17 membros <\/span><\/span><span style=\"font-family: Arial, sans-serif;\"><span lang=\"gl-ES\">ao desfile. O presidente da Asociaci\u00f3n Arroutada, \u00d3scar Barrosa, confesa que \u201cfoi un orgullo recibir a invitaci\u00f3n do grupo da 3\u00aa idade para ir ao desfile e as\u00ed poder darlle visibilidade a unha tradici\u00f3n arraigada no Baixo Mi\u00f1o como as treboadas\u201d.<\/span><\/span><\/span><\/p>\n<p class=\"western\" align=\"left\"><span style=\"color: #000000;\"><span style=\"font-family: Arial, sans-serif;\"><span lang=\"gl-ES\">O desfile dar\u00e1 comezo \u00e1s 17:00h o pr\u00f3ximo s\u00e1bado 1<\/span><\/span><span style=\"font-family: Arial, sans-serif;\"><span lang=\"gl-ES\">4<\/span><\/span><span style=\"font-family: Arial, sans-serif;\"><span lang=\"gl-ES\"> de marzo na Gran V\u00eda de Madrid, e ser\u00e1 multitudinario con <\/span><\/span><span style=\"font-family: Arial, sans-serif;\"><span lang=\"gl-ES\">m\u00e1is de<\/span><\/span><span style=\"font-family: Arial, sans-serif;\"><span lang=\"gl-ES\"> 40 bandas <\/span><\/span><span style=\"font-family: Arial, sans-serif;\"><span lang=\"gl-ES\">participantes<\/span><\/span><span style=\"font-family: Arial, sans-serif;\"><span lang=\"gl-ES\">.<\/span><\/span><\/span><\/p>\n","protected":false},"excerpt":{"rendered":"<p>A Guarda contar\u00e1 con representaci\u00f3n no gran Desfile de San Patricio de Madrid 2026. O Grupo de Gaitas da 3\u00aa idade da Guarda participar\u00e1 por segundo ano consecutivo no desfile que percorre a Gran V\u00eda madrile\u00f1a; esta vez, ir\u00e1n acompa\u00f1ados &hellip; <\/p>\n","protected":false},"author":2,"featured_media":34545,"comment_status":"closed","ping_status":"closed","sticky":false,"template":"","format":"standard","meta":[],"categories":[34,363],"tags":[],"yoast_head":"<!-- This site is optimized with the Yoast SEO plugin v21.1 - https:\/\/yoast.com\/wordpress\/plugins\/seo\/ -->\n<title>A Guarda volver\u00e1 contar con representaci\u00f3n no Desfile de San Patricio de Madrid - Concello da Guarda<\/title>\n<meta name=\"description\" content=\"A Guarda contar\u00e1 con representaci\u00f3n no gran Desfile de San Patricio de Madrid 2026. O Grupo de Gaitas da 3\u00aa idade da Guarda participar\u00e1 por\" \/>\n<meta name=\"robots\" content=\"index, follow, max-snippet:-1, max-image-preview:large, max-video-preview:-1\" \/>\n<link rel=\"canonical\" href=\"https:\/\/www.aguarda.es\/en\/a-guarda-volvera-contar-con-representacion-no-desfile-de-san-patricio-de-madrid\/\" \/>\n<meta property=\"og:locale\" content=\"en_US\" \/>\n<meta property=\"og:type\" content=\"article\" \/>\n<meta property=\"og:title\" content=\"A Guarda volver\u00e1 contar con representaci\u00f3n no Desfile de San Patricio de Madrid - Concello da Guarda\" \/>\n<meta property=\"og:description\" content=\"A Guarda contar\u00e1 con representaci\u00f3n no gran Desfile de San Patricio de Madrid 2026. O Grupo de Gaitas da 3\u00aa idade da Guarda participar\u00e1 por\" \/>\n<meta property=\"og:url\" content=\"https:\/\/www.aguarda.es\/en\/a-guarda-volvera-contar-con-representacion-no-desfile-de-san-patricio-de-madrid\/\" \/>\n<meta property=\"og:site_name\" content=\"Concello da Guarda\" \/>\n<meta property=\"article:publisher\" content=\"https:\/\/www.facebook.com\/ConcellodaGuarda\" \/>\n<meta property=\"article:published_time\" content=\"2026-03-10T09:07:26+00:00\" \/>\n<meta property=\"article:modified_time\" content=\"2026-03-10T09:08:00+00:00\" \/>\n<meta property=\"og:image\" content=\"https:\/\/www.aguarda.es\/wp-content\/uploads\/2026\/03\/ensaio-desfile-San-Patricio.jpeg?_t=1773133680\" \/>\n\t<meta property=\"og:image:width\" content=\"2000\" \/>\n\t<meta property=\"og:image:height\" content=\"1500\" \/>\n\t<meta property=\"og:image:type\" content=\"image\/jpeg\" \/>\n<meta name=\"author\" content=\"prensa\" \/>\n<meta name=\"twitter:card\" content=\"summary_large_image\" \/>\n<meta name=\"twitter:creator\" content=\"@AGuarda_es\" \/>\n<meta name=\"twitter:site\" content=\"@AGuarda_es\" \/>\n<meta name=\"twitter:label1\" content=\"Written by\" \/>\n\t<meta name=\"twitter:data1\" content=\"prensa\" \/>\n\t<meta name=\"twitter:label2\" content=\"Est. reading time\" \/>\n\t<meta name=\"twitter:data2\" content=\"2 minutes\" \/>\n<script type=\"application\/ld+json\" class=\"yoast-schema-graph\">{\"@context\":\"https:\/\/schema.org\",\"@graph\":[{\"@type\":\"WebPage\",\"@id\":\"https:\/\/www.aguarda.es\/en\/a-guarda-volvera-contar-con-representacion-no-desfile-de-san-patricio-de-madrid\/\",\"url\":\"https:\/\/www.aguarda.es\/en\/a-guarda-volvera-contar-con-representacion-no-desfile-de-san-patricio-de-madrid\/\",\"name\":\"A Guarda volver\u00e1 contar con representaci\u00f3n no Desfile de San Patricio de Madrid - Concello da Guarda\",\"isPartOf\":{\"@id\":\"https:\/\/www.aguarda.es\/en\/#website\"},\"datePublished\":\"2026-03-10T09:07:26+00:00\",\"dateModified\":\"2026-03-10T09:08:00+00:00\",\"author\":{\"@id\":\"https:\/\/www.aguarda.es\/en\/#\/schema\/person\/c463ca3006858ffb349d11179d044f21\"},\"description\":\"A Guarda contar\u00e1 con representaci\u00f3n no gran Desfile de San Patricio de Madrid 2026. O Grupo de Gaitas da 3\u00aa idade da Guarda participar\u00e1 por\",\"breadcrumb\":{\"@id\":\"https:\/\/www.aguarda.es\/en\/a-guarda-volvera-contar-con-representacion-no-desfile-de-san-patricio-de-madrid\/#breadcrumb\"},\"inLanguage\":\"en-US\",\"potentialAction\":[{\"@type\":\"ReadAction\",\"target\":[\"https:\/\/www.aguarda.es\/en\/a-guarda-volvera-contar-con-representacion-no-desfile-de-san-patricio-de-madrid\/\"]}]},{\"@type\":\"BreadcrumbList\",\"@id\":\"https:\/\/www.aguarda.es\/en\/a-guarda-volvera-contar-con-representacion-no-desfile-de-san-patricio-de-madrid\/#breadcrumb\",\"itemListElement\":[{\"@type\":\"ListItem\",\"position\":1,\"name\":\"Portada\",\"item\":\"https:\/\/www.aguarda.es\/en\/\"},{\"@type\":\"ListItem\",\"position\":2,\"name\":\"A Guarda volver\u00e1 contar con representaci\u00f3n no Desfile de San Patricio de Madrid\"}]},{\"@type\":\"WebSite\",\"@id\":\"https:\/\/www.aguarda.es\/en\/#website\",\"url\":\"https:\/\/www.aguarda.es\/en\/\",\"name\":\"Concello da Guarda\",\"description\":\"P\u00e1xina web do concello da Guarda\",\"potentialAction\":[{\"@type\":\"SearchAction\",\"target\":{\"@type\":\"EntryPoint\",\"urlTemplate\":\"https:\/\/www.aguarda.es\/en\/?s={search_term_string}\"},\"query-input\":\"required name=search_term_string\"}],\"inLanguage\":\"en-US\"},{\"@type\":\"Person\",\"@id\":\"https:\/\/www.aguarda.es\/en\/#\/schema\/person\/c463ca3006858ffb349d11179d044f21\",\"name\":\"prensa\",\"image\":{\"@type\":\"ImageObject\",\"inLanguage\":\"en-US\",\"@id\":\"https:\/\/www.aguarda.es\/en\/#\/schema\/person\/image\/\",\"url\":\"https:\/\/secure.gravatar.com\/avatar\/5f90ef536b0f98306edf5c7a1135ffa1?s=96&d=mm&r=g\",\"contentUrl\":\"https:\/\/secure.gravatar.com\/avatar\/5f90ef536b0f98306edf5c7a1135ffa1?s=96&d=mm&r=g\",\"caption\":\"prensa\"},\"url\":\"https:\/\/www.aguarda.es\/en\/author\/prensa\/\"}]}<\/script>\n<!-- \/ Yoast SEO plugin. -->","yoast_head_json":{"title":"A Guarda volver\u00e1 contar con representaci\u00f3n no Desfile de San Patricio de Madrid - Concello da Guarda","description":"A Guarda contar\u00e1 con representaci\u00f3n no gran Desfile de San Patricio de Madrid 2026. O Grupo de Gaitas da 3\u00aa idade da Guarda participar\u00e1 por","robots":{"index":"index","follow":"follow","max-snippet":"max-snippet:-1","max-image-preview":"max-image-preview:large","max-video-preview":"max-video-preview:-1"},"canonical":"https:\/\/www.aguarda.es\/en\/a-guarda-volvera-contar-con-representacion-no-desfile-de-san-patricio-de-madrid\/","og_locale":"en_US","og_type":"article","og_title":"A Guarda volver\u00e1 contar con representaci\u00f3n no Desfile de San Patricio de Madrid - Concello da Guarda","og_description":"A Guarda contar\u00e1 con representaci\u00f3n no gran Desfile de San Patricio de Madrid 2026. O Grupo de Gaitas da 3\u00aa idade da Guarda participar\u00e1 por","og_url":"https:\/\/www.aguarda.es\/en\/a-guarda-volvera-contar-con-representacion-no-desfile-de-san-patricio-de-madrid\/","og_site_name":"Concello da Guarda","article_publisher":"https:\/\/www.facebook.com\/ConcellodaGuarda","article_published_time":"2026-03-10T09:07:26+00:00","article_modified_time":"2026-03-10T09:08:00+00:00","og_image":[{"width":2000,"height":1500,"url":"https:\/\/www.aguarda.es\/wp-content\/uploads\/2026\/03\/ensaio-desfile-San-Patricio.jpeg?_t=1773133680","type":"image\/jpeg"}],"author":"prensa","twitter_card":"summary_large_image","twitter_creator":"@AGuarda_es","twitter_site":"@AGuarda_es","twitter_misc":{"Written by":"prensa","Est. reading time":"2 minutes"},"schema":{"@context":"https:\/\/schema.org","@graph":[{"@type":"WebPage","@id":"https:\/\/www.aguarda.es\/en\/a-guarda-volvera-contar-con-representacion-no-desfile-de-san-patricio-de-madrid\/","url":"https:\/\/www.aguarda.es\/en\/a-guarda-volvera-contar-con-representacion-no-desfile-de-san-patricio-de-madrid\/","name":"A Guarda volver\u00e1 contar con representaci\u00f3n no Desfile de San Patricio de Madrid - Concello da Guarda","isPartOf":{"@id":"https:\/\/www.aguarda.es\/en\/#website"},"datePublished":"2026-03-10T09:07:26+00:00","dateModified":"2026-03-10T09:08:00+00:00","author":{"@id":"https:\/\/www.aguarda.es\/en\/#\/schema\/person\/c463ca3006858ffb349d11179d044f21"},"description":"A Guarda contar\u00e1 con representaci\u00f3n no gran Desfile de San Patricio de Madrid 2026. O Grupo de Gaitas da 3\u00aa idade da Guarda participar\u00e1 por","breadcrumb":{"@id":"https:\/\/www.aguarda.es\/en\/a-guarda-volvera-contar-con-representacion-no-desfile-de-san-patricio-de-madrid\/#breadcrumb"},"inLanguage":"en-US","potentialAction":[{"@type":"ReadAction","target":["https:\/\/www.aguarda.es\/en\/a-guarda-volvera-contar-con-representacion-no-desfile-de-san-patricio-de-madrid\/"]}]},{"@type":"BreadcrumbList","@id":"https:\/\/www.aguarda.es\/en\/a-guarda-volvera-contar-con-representacion-no-desfile-de-san-patricio-de-madrid\/#breadcrumb","itemListElement":[{"@type":"ListItem","position":1,"name":"Portada","item":"https:\/\/www.aguarda.es\/en\/"},{"@type":"ListItem","position":2,"name":"A Guarda volver\u00e1 contar con representaci\u00f3n no Desfile de San Patricio de Madrid"}]},{"@type":"WebSite","@id":"https:\/\/www.aguarda.es\/en\/#website","url":"https:\/\/www.aguarda.es\/en\/","name":"Concello da Guarda","description":"P\u00e1xina web do concello da Guarda","potentialAction":[{"@type":"SearchAction","target":{"@type":"EntryPoint","urlTemplate":"https:\/\/www.aguarda.es\/en\/?s={search_term_string}"},"query-input":"required name=search_term_string"}],"inLanguage":"en-US"},{"@type":"Person","@id":"https:\/\/www.aguarda.es\/en\/#\/schema\/person\/c463ca3006858ffb349d11179d044f21","name":"prensa","image":{"@type":"ImageObject","inLanguage":"en-US","@id":"https:\/\/www.aguarda.es\/en\/#\/schema\/person\/image\/","url":"https:\/\/secure.gravatar.com\/avatar\/5f90ef536b0f98306edf5c7a1135ffa1?s=96&d=mm&r=g","contentUrl":"https:\/\/secure.gravatar.com\/avatar\/5f90ef536b0f98306edf5c7a1135ffa1?s=96&d=mm&r=g","caption":"prensa"},"url":"https:\/\/www.aguarda.es\/en\/author\/prensa\/"}]}},"_links":{"self":[{"href":"https:\/\/www.aguarda.es\/en\/wp-json\/wp\/v2\/posts\/34544"}],"collection":[{"href":"https:\/\/www.aguarda.es\/en\/wp-json\/wp\/v2\/posts"}],"about":[{"href":"https:\/\/www.aguarda.es\/en\/wp-json\/wp\/v2\/types\/post"}],"author":[{"embeddable":true,"href":"https:\/\/www.aguarda.es\/en\/wp-json\/wp\/v2\/users\/2"}],"replies":[{"embeddable":true,"href":"https:\/\/www.aguarda.es\/en\/wp-json\/wp\/v2\/comments?post=34544"}],"version-history":[{"count":1,"href":"https:\/\/www.aguarda.es\/en\/wp-json\/wp\/v2\/posts\/34544\/revisions"}],"predecessor-version":[{"id":34547,"href":"https:\/\/www.aguarda.es\/en\/wp-json\/wp\/v2\/posts\/34544\/revisions\/34547"}],"wp:featuredmedia":[{"embeddable":true,"href":"https:\/\/www.aguarda.es\/en\/wp-json\/wp\/v2\/media\/34545"}],"wp:attachment":[{"href":"https:\/\/www.aguarda.es\/en\/wp-json\/wp\/v2\/media?parent=34544"}],"wp:term":[{"taxonomy":"category","embeddable":true,"href":"https:\/\/www.aguarda.es\/en\/wp-json\/wp\/v2\/categories?post=34544"},{"taxonomy":"post_tag","embeddable":true,"href":"https:\/\/www.aguarda.es\/en\/wp-json\/wp\/v2\/tags?post=34544"}],"curies":[{"name":"wp","href":"https:\/\/api.w.org\/{rel}","templated":true}]}}