{"id":34552,"date":"2026-03-11T10:08:10","date_gmt":"2026-03-11T10:08:10","guid":{"rendered":"https:\/\/www.aguarda.es\/?p=34552"},"modified":"2026-03-11T10:08:10","modified_gmt":"2026-03-11T10:08:10","slug":"a-omix-da-guarda-presenta-a-sua-axenda-para-esta-primavera-veran-chea-de-actividades","status":"publish","type":"post","link":"https:\/\/www.aguarda.es\/en\/a-omix-da-guarda-presenta-a-sua-axenda-para-esta-primavera-veran-chea-de-actividades\/","title":{"rendered":"A OMIX da Guarda presenta a s\u00faa axenda para esta primavera\/ver\u00e1n chea de actividades"},"content":{"rendered":"<p class=\"western\" align=\"left\"><span style=\"color: #000000;\"><span style=\"font-family: Arial, sans-serif;\"><span lang=\"gl-ES\">A OMIX do Concello da Guarda presenta para esta primavera-ver\u00e1n unha axenda repleta de actividades. <\/span><\/span><\/span><\/p>\n<p class=\"western\" align=\"left\"><span style=\"color: #000000;\"><span style=\"font-family: Arial, sans-serif;\"><span lang=\"gl-ES\">E<\/span><\/span><span style=\"font-family: Arial, sans-serif;\"><span lang=\"gl-ES\">n abril arranca a programaci\u00f3n de TARDEO, uns obradoiros que se organizan en colaboraci\u00f3ns coas asociaci\u00f3ns da Guarda. <\/span><\/span><span style=\"font-family: Arial, sans-serif;\"><span lang=\"gl-ES\">Estes<\/span><\/span><span style=\"font-family: Arial, sans-serif;\"><span lang=\"gl-ES\"> x\u00fanta<\/span><\/span><span style=\"font-family: Arial, sans-serif;\"><span lang=\"gl-ES\">n<\/span><\/span><span style=\"font-family: Arial, sans-serif;\"><span lang=\"gl-ES\">se cos obradoiros organizados pola OMIX para ter un abril e maio con actividades gratu\u00edtas todas as semanas.<\/span><\/span><\/span><\/p>\n<p><img decoding=\"async\" loading=\"lazy\" class=\"wp-image-34553 alignright\" src=\"https:\/\/www.aguarda.es\/wp-content\/uploads\/2026\/03\/tn_GUA23_AgendaOMIX-26_DIGITAL-02.jpg\" alt=\"\" width=\"354\" height=\"443\" srcset=\"https:\/\/www.aguarda.es\/wp-content\/uploads\/2026\/03\/tn_GUA23_AgendaOMIX-26_DIGITAL-02.jpg 400w, https:\/\/www.aguarda.es\/wp-content\/uploads\/2026\/03\/tn_GUA23_AgendaOMIX-26_DIGITAL-02-240x300.jpg 240w\" sizes=\"(max-width: 354px) 100vw, 354px\" \/><\/p>\n<p class=\"western\" lang=\"gl-ES\" align=\"left\"><span style=\"font-family: Arial, sans-serif; color: #000000;\">Os guardeses e guardesas poder\u00e1n elaborar pezas de barro, de ganchillo, un ramo seco, boli\u00f1as de sementes, unha c\u00fapula de flores secas&#8230;e tam\u00e9n haber\u00e1 obradoiros de cianotipia, unha clase de zumba e tam\u00e9n un obradoiro de percusi\u00f3n.<\/span><\/p>\n<p class=\"western\" align=\"left\"><span style=\"color: #000000;\"><span style=\"font-family: Arial, sans-serif;\"><span lang=\"gl-ES\">Toda esta oferta de obradoiros busca dar diferentes opci\u00f3ns de ocio na Guarda, con actividades relacionadas co traballo manual, a m\u00fasica e a natureza; e coa posibilidade de descubrir novo \u201chobbies\u201d.<\/span><\/span><\/span><\/p>\n<p class=\"western\" align=\"left\"><span style=\"color: #000000;\"><span style=\"font-family: Arial, sans-serif;\"><span lang=\"gl-ES\">A OMIX tam\u00e9n desenvolve actividades para a infancia. Nas \u00e9pocas de vacaci\u00f3ns escolares poranse en marcha campamentos para a conciliaci\u00f3n familiar, tanto en Semana Santa como no ver\u00e1n. Antes do remate do curso, <\/span><\/span><span style=\"font-family: Arial, sans-serif;\"><span lang=\"gl-ES\">todo <\/span><\/span><span style=\"font-family: Arial, sans-serif;\"><span lang=\"gl-ES\">o alumnado <\/span><\/span><span style=\"font-family: Arial, sans-serif;\"><span lang=\"gl-ES\">de infantil e primaria <\/span><\/span><span style=\"font-family: Arial, sans-serif;\"><span lang=\"gl-ES\">desfrutar\u00e1 dunha nova edici\u00f3n da Festa Miudi\u00f1a.<\/span><\/span><\/span><\/p>\n<p class=\"western\" align=\"left\"><span style=\"color: #000000;\"><span style=\"font-family: Arial, sans-serif;\"><span lang=\"gl-ES\">Ademais, durante o ano estanse desenvolvendo actividades como o obradoiro de teatro en colaboraci\u00f3n con FOCO; o programa Eu Saudablemente,\u00a0<\/span><\/span><\/span><span style=\"color: #000000;\"><span style=\"font-family: Arial, sans-serif;\"><span lang=\"gl-ES\">e a posta en marcha da Rede Xove.<\/span><\/span><\/span><\/p>\n<p class=\"western\" lang=\"gl-ES\" align=\"left\"><span style=\"font-family: Arial, sans-serif; color: #000000;\">A apertura de inscrici\u00f3ns e m\u00e1is informaci\u00f3n das actividades irase avisando a trav\u00e9s da web e redes do Concello. Ademais, hai dispo\u00f1ibles axendas f\u00edsicas na OMIX da Guarda para ter a man todas as datas das pr\u00f3ximas actividades.<\/span><\/p>\n","protected":false},"excerpt":{"rendered":"<p>A OMIX do Concello da Guarda presenta para esta primavera-ver\u00e1n unha axenda repleta de actividades. En abril arranca a programaci\u00f3n de TARDEO, uns obradoiros que se organizan en colaboraci\u00f3ns coas asociaci\u00f3ns da Guarda. Estes x\u00fantanse cos obradoiros organizados pola OMIX &hellip; <\/p>\n","protected":false},"author":2,"featured_media":34555,"comment_status":"closed","ping_status":"closed","sticky":false,"template":"","format":"standard","meta":[],"categories":[48,363],"tags":[],"yoast_head":"<!-- This site is optimized with the Yoast SEO plugin v21.1 - https:\/\/yoast.com\/wordpress\/plugins\/seo\/ -->\n<title>A OMIX da Guarda presenta a s\u00faa axenda para esta primavera\/ver\u00e1n chea de actividades - Concello da Guarda<\/title>\n<meta name=\"description\" content=\"A OMIX do Concello da Guarda presenta para esta primavera-ver\u00e1n unha axenda repleta de actividades.En abril arranca a programaci\u00f3n de TARDEO,\" \/>\n<meta name=\"robots\" content=\"index, follow, max-snippet:-1, max-image-preview:large, max-video-preview:-1\" \/>\n<link rel=\"canonical\" href=\"https:\/\/www.aguarda.es\/en\/a-omix-da-guarda-presenta-a-sua-axenda-para-esta-primavera-veran-chea-de-actividades\/\" \/>\n<meta property=\"og:locale\" content=\"en_US\" \/>\n<meta property=\"og:type\" content=\"article\" \/>\n<meta property=\"og:title\" content=\"A OMIX da Guarda presenta a s\u00faa axenda para esta primavera\/ver\u00e1n chea de actividades - Concello da Guarda\" \/>\n<meta property=\"og:description\" content=\"A OMIX do Concello da Guarda presenta para esta primavera-ver\u00e1n unha axenda repleta de actividades.En abril arranca a programaci\u00f3n de TARDEO,\" \/>\n<meta property=\"og:url\" content=\"https:\/\/www.aguarda.es\/en\/a-omix-da-guarda-presenta-a-sua-axenda-para-esta-primavera-veran-chea-de-actividades\/\" \/>\n<meta property=\"og:site_name\" content=\"Concello da Guarda\" \/>\n<meta property=\"article:publisher\" content=\"https:\/\/www.facebook.com\/ConcellodaGuarda\" \/>\n<meta property=\"article:published_time\" content=\"2026-03-11T10:08:10+00:00\" \/>\n<meta property=\"og:image\" content=\"https:\/\/www.aguarda.es\/wp-content\/uploads\/2026\/03\/tn_GUA23_AgendaOMIX-26_DIGITAL-01.jpg?_t=1773223691\" \/>\n\t<meta property=\"og:image:width\" content=\"400\" \/>\n\t<meta property=\"og:image:height\" content=\"500\" \/>\n\t<meta property=\"og:image:type\" content=\"image\/jpeg\" \/>\n<meta name=\"author\" content=\"prensa\" \/>\n<meta name=\"twitter:card\" content=\"summary_large_image\" \/>\n<meta name=\"twitter:creator\" content=\"@AGuarda_es\" \/>\n<meta name=\"twitter:site\" content=\"@AGuarda_es\" \/>\n<meta name=\"twitter:label1\" content=\"Written by\" \/>\n\t<meta name=\"twitter:data1\" content=\"prensa\" \/>\n\t<meta name=\"twitter:label2\" content=\"Est. reading time\" \/>\n\t<meta name=\"twitter:data2\" content=\"2 minutes\" \/>\n<script type=\"application\/ld+json\" class=\"yoast-schema-graph\">{\"@context\":\"https:\/\/schema.org\",\"@graph\":[{\"@type\":\"WebPage\",\"@id\":\"https:\/\/www.aguarda.es\/en\/a-omix-da-guarda-presenta-a-sua-axenda-para-esta-primavera-veran-chea-de-actividades\/\",\"url\":\"https:\/\/www.aguarda.es\/en\/a-omix-da-guarda-presenta-a-sua-axenda-para-esta-primavera-veran-chea-de-actividades\/\",\"name\":\"A OMIX da Guarda presenta a s\u00faa axenda para esta primavera\/ver\u00e1n chea de actividades - Concello da Guarda\",\"isPartOf\":{\"@id\":\"https:\/\/www.aguarda.es\/en\/#website\"},\"datePublished\":\"2026-03-11T10:08:10+00:00\",\"dateModified\":\"2026-03-11T10:08:10+00:00\",\"author\":{\"@id\":\"https:\/\/www.aguarda.es\/en\/#\/schema\/person\/c463ca3006858ffb349d11179d044f21\"},\"description\":\"A OMIX do Concello da Guarda presenta para esta primavera-ver\u00e1n unha axenda repleta de actividades.En abril arranca a programaci\u00f3n de TARDEO,\",\"breadcrumb\":{\"@id\":\"https:\/\/www.aguarda.es\/en\/a-omix-da-guarda-presenta-a-sua-axenda-para-esta-primavera-veran-chea-de-actividades\/#breadcrumb\"},\"inLanguage\":\"en-US\",\"potentialAction\":[{\"@type\":\"ReadAction\",\"target\":[\"https:\/\/www.aguarda.es\/en\/a-omix-da-guarda-presenta-a-sua-axenda-para-esta-primavera-veran-chea-de-actividades\/\"]}]},{\"@type\":\"BreadcrumbList\",\"@id\":\"https:\/\/www.aguarda.es\/en\/a-omix-da-guarda-presenta-a-sua-axenda-para-esta-primavera-veran-chea-de-actividades\/#breadcrumb\",\"itemListElement\":[{\"@type\":\"ListItem\",\"position\":1,\"name\":\"Portada\",\"item\":\"https:\/\/www.aguarda.es\/en\/\"},{\"@type\":\"ListItem\",\"position\":2,\"name\":\"A OMIX da Guarda presenta a s\u00faa axenda para esta primavera\/ver\u00e1n chea de actividades\"}]},{\"@type\":\"WebSite\",\"@id\":\"https:\/\/www.aguarda.es\/en\/#website\",\"url\":\"https:\/\/www.aguarda.es\/en\/\",\"name\":\"Concello da Guarda\",\"description\":\"P\u00e1xina web do concello da Guarda\",\"potentialAction\":[{\"@type\":\"SearchAction\",\"target\":{\"@type\":\"EntryPoint\",\"urlTemplate\":\"https:\/\/www.aguarda.es\/en\/?s={search_term_string}\"},\"query-input\":\"required name=search_term_string\"}],\"inLanguage\":\"en-US\"},{\"@type\":\"Person\",\"@id\":\"https:\/\/www.aguarda.es\/en\/#\/schema\/person\/c463ca3006858ffb349d11179d044f21\",\"name\":\"prensa\",\"image\":{\"@type\":\"ImageObject\",\"inLanguage\":\"en-US\",\"@id\":\"https:\/\/www.aguarda.es\/en\/#\/schema\/person\/image\/\",\"url\":\"https:\/\/secure.gravatar.com\/avatar\/5f90ef536b0f98306edf5c7a1135ffa1?s=96&d=mm&r=g\",\"contentUrl\":\"https:\/\/secure.gravatar.com\/avatar\/5f90ef536b0f98306edf5c7a1135ffa1?s=96&d=mm&r=g\",\"caption\":\"prensa\"},\"url\":\"https:\/\/www.aguarda.es\/en\/author\/prensa\/\"}]}<\/script>\n<!-- \/ Yoast SEO plugin. -->","yoast_head_json":{"title":"A OMIX da Guarda presenta a s\u00faa axenda para esta primavera\/ver\u00e1n chea de actividades - Concello da Guarda","description":"A OMIX do Concello da Guarda presenta para esta primavera-ver\u00e1n unha axenda repleta de actividades.En abril arranca a programaci\u00f3n de TARDEO,","robots":{"index":"index","follow":"follow","max-snippet":"max-snippet:-1","max-image-preview":"max-image-preview:large","max-video-preview":"max-video-preview:-1"},"canonical":"https:\/\/www.aguarda.es\/en\/a-omix-da-guarda-presenta-a-sua-axenda-para-esta-primavera-veran-chea-de-actividades\/","og_locale":"en_US","og_type":"article","og_title":"A OMIX da Guarda presenta a s\u00faa axenda para esta primavera\/ver\u00e1n chea de actividades - Concello da Guarda","og_description":"A OMIX do Concello da Guarda presenta para esta primavera-ver\u00e1n unha axenda repleta de actividades.En abril arranca a programaci\u00f3n de TARDEO,","og_url":"https:\/\/www.aguarda.es\/en\/a-omix-da-guarda-presenta-a-sua-axenda-para-esta-primavera-veran-chea-de-actividades\/","og_site_name":"Concello da Guarda","article_publisher":"https:\/\/www.facebook.com\/ConcellodaGuarda","article_published_time":"2026-03-11T10:08:10+00:00","og_image":[{"width":400,"height":500,"url":"https:\/\/www.aguarda.es\/wp-content\/uploads\/2026\/03\/tn_GUA23_AgendaOMIX-26_DIGITAL-01.jpg?_t=1773223691","type":"image\/jpeg"}],"author":"prensa","twitter_card":"summary_large_image","twitter_creator":"@AGuarda_es","twitter_site":"@AGuarda_es","twitter_misc":{"Written by":"prensa","Est. reading time":"2 minutes"},"schema":{"@context":"https:\/\/schema.org","@graph":[{"@type":"WebPage","@id":"https:\/\/www.aguarda.es\/en\/a-omix-da-guarda-presenta-a-sua-axenda-para-esta-primavera-veran-chea-de-actividades\/","url":"https:\/\/www.aguarda.es\/en\/a-omix-da-guarda-presenta-a-sua-axenda-para-esta-primavera-veran-chea-de-actividades\/","name":"A OMIX da Guarda presenta a s\u00faa axenda para esta primavera\/ver\u00e1n chea de actividades - Concello da Guarda","isPartOf":{"@id":"https:\/\/www.aguarda.es\/en\/#website"},"datePublished":"2026-03-11T10:08:10+00:00","dateModified":"2026-03-11T10:08:10+00:00","author":{"@id":"https:\/\/www.aguarda.es\/en\/#\/schema\/person\/c463ca3006858ffb349d11179d044f21"},"description":"A OMIX do Concello da Guarda presenta para esta primavera-ver\u00e1n unha axenda repleta de actividades.En abril arranca a programaci\u00f3n de TARDEO,","breadcrumb":{"@id":"https:\/\/www.aguarda.es\/en\/a-omix-da-guarda-presenta-a-sua-axenda-para-esta-primavera-veran-chea-de-actividades\/#breadcrumb"},"inLanguage":"en-US","potentialAction":[{"@type":"ReadAction","target":["https:\/\/www.aguarda.es\/en\/a-omix-da-guarda-presenta-a-sua-axenda-para-esta-primavera-veran-chea-de-actividades\/"]}]},{"@type":"BreadcrumbList","@id":"https:\/\/www.aguarda.es\/en\/a-omix-da-guarda-presenta-a-sua-axenda-para-esta-primavera-veran-chea-de-actividades\/#breadcrumb","itemListElement":[{"@type":"ListItem","position":1,"name":"Portada","item":"https:\/\/www.aguarda.es\/en\/"},{"@type":"ListItem","position":2,"name":"A OMIX da Guarda presenta a s\u00faa axenda para esta primavera\/ver\u00e1n chea de actividades"}]},{"@type":"WebSite","@id":"https:\/\/www.aguarda.es\/en\/#website","url":"https:\/\/www.aguarda.es\/en\/","name":"Concello da Guarda","description":"P\u00e1xina web do concello da Guarda","potentialAction":[{"@type":"SearchAction","target":{"@type":"EntryPoint","urlTemplate":"https:\/\/www.aguarda.es\/en\/?s={search_term_string}"},"query-input":"required name=search_term_string"}],"inLanguage":"en-US"},{"@type":"Person","@id":"https:\/\/www.aguarda.es\/en\/#\/schema\/person\/c463ca3006858ffb349d11179d044f21","name":"prensa","image":{"@type":"ImageObject","inLanguage":"en-US","@id":"https:\/\/www.aguarda.es\/en\/#\/schema\/person\/image\/","url":"https:\/\/secure.gravatar.com\/avatar\/5f90ef536b0f98306edf5c7a1135ffa1?s=96&d=mm&r=g","contentUrl":"https:\/\/secure.gravatar.com\/avatar\/5f90ef536b0f98306edf5c7a1135ffa1?s=96&d=mm&r=g","caption":"prensa"},"url":"https:\/\/www.aguarda.es\/en\/author\/prensa\/"}]}},"_links":{"self":[{"href":"https:\/\/www.aguarda.es\/en\/wp-json\/wp\/v2\/posts\/34552"}],"collection":[{"href":"https:\/\/www.aguarda.es\/en\/wp-json\/wp\/v2\/posts"}],"about":[{"href":"https:\/\/www.aguarda.es\/en\/wp-json\/wp\/v2\/types\/post"}],"author":[{"embeddable":true,"href":"https:\/\/www.aguarda.es\/en\/wp-json\/wp\/v2\/users\/2"}],"replies":[{"embeddable":true,"href":"https:\/\/www.aguarda.es\/en\/wp-json\/wp\/v2\/comments?post=34552"}],"version-history":[{"count":1,"href":"https:\/\/www.aguarda.es\/en\/wp-json\/wp\/v2\/posts\/34552\/revisions"}],"predecessor-version":[{"id":34557,"href":"https:\/\/www.aguarda.es\/en\/wp-json\/wp\/v2\/posts\/34552\/revisions\/34557"}],"wp:featuredmedia":[{"embeddable":true,"href":"https:\/\/www.aguarda.es\/en\/wp-json\/wp\/v2\/media\/34555"}],"wp:attachment":[{"href":"https:\/\/www.aguarda.es\/en\/wp-json\/wp\/v2\/media?parent=34552"}],"wp:term":[{"taxonomy":"category","embeddable":true,"href":"https:\/\/www.aguarda.es\/en\/wp-json\/wp\/v2\/categories?post=34552"},{"taxonomy":"post_tag","embeddable":true,"href":"https:\/\/www.aguarda.es\/en\/wp-json\/wp\/v2\/tags?post=34552"}],"curies":[{"name":"wp","href":"https:\/\/api.w.org\/{rel}","templated":true}]}}