{"id":34558,"date":"2026-03-11T11:16:01","date_gmt":"2026-03-11T11:16:01","guid":{"rendered":"https:\/\/www.aguarda.es\/?p=34558"},"modified":"2026-03-11T11:16:01","modified_gmt":"2026-03-11T11:16:01","slug":"os-responsables-do-clinic-do-celta-visitan-o-campo-da-sangrina-para-ultimar-detalles","status":"publish","type":"post","link":"https:\/\/www.aguarda.es\/en\/os-responsables-do-clinic-do-celta-visitan-o-campo-da-sangrina-para-ultimar-detalles\/","title":{"rendered":"Os responsables do Clinic do Celta visitan o campo da Sangri\u00f1a para ultimar detalles"},"content":{"rendered":"<p class=\"western\" align=\"left\"><span style=\"color: #000000;\"><span style=\"font-family: Arial, sans-serif;\"><span lang=\"gl-ES\">Es<\/span><\/span><span style=\"font-family: Arial, sans-serif;\"><span lang=\"gl-ES\">ta ma\u00f1\u00e1, responsables do Clinic do Celta visitaron o campo da Sangri\u00f1a para ultimar detalles para esta Semana Santa.<\/span><\/span><\/span><\/p>\n<p class=\"western\" align=\"left\"><span style=\"color: #000000;\"><span style=\"font-family: Arial, sans-serif;\"><span lang=\"gl-ES\">Coa colaboraci\u00f3n do Concello da Guarda e do Sporting Guard\u00e9s, esta actividade <\/span><\/span><span style=\"font-family: Arial, sans-serif;\"><span style=\"font-size: medium;\"><span lang=\"gl-ES\">permite \u00e1 rapazada seguir fortalecendo as habilidades futbol\u00edsticas, sen esquecer os valores do deporte. Esta <\/span><\/span><\/span><span style=\"font-family: Arial, sans-serif;\"><span style=\"font-size: medium;\"><span lang=\"gl-ES\">nova<\/span><\/span><\/span><span style=\"font-family: Arial, sans-serif;\"><span style=\"font-size: medium;\"><span lang=\"gl-ES\"> edici\u00f3n permite aos nenos adestrar, por uns d\u00edas, como os seus xogadores favoritos. <\/span><\/span><\/span><\/span><\/p>\n<p class=\"western\" lang=\"gl-ES\" align=\"left\"><span style=\"font-family: Arial, sans-serif; color: #000000;\"><span style=\"font-size: medium;\">Esta ma\u00f1\u00e1, Manuel G\u00f3mez, responsable da organizaci\u00f3n do Clinic, e Fernando Iturbe, responsable de proxecto deportivos do Celta360 (1\u00ba e 3\u00ba pola esquerda) agasallaron a V\u00edctor Lomba e Marcos Trigo, presidente e coordinador do Sporting Guard\u00e9s respectivamente, coa camiseta oficial da tempada do RC Celta.<\/span><\/span><\/p>\n<p class=\"western\" lang=\"gl-ES\" align=\"left\"><span style=\"font-family: Arial, sans-serif; color: #000000;\"><span style=\"font-size: medium;\">Despois, Manuel G\u00f3mez explicoulle ao alcalde da Guarda, Roberto Carrero, e aos concelleiros Celso Fari\u00f1as e Susana \u00c1lvarez, como se estiveron desenvolvendo os anteriores Clinics que xa se realizaron na Sangri\u00f1a e como traballan cos xogadores.<\/span><\/span><\/p>\n<p class=\"western\" align=\"left\"><span style=\"color: #000000;\"><span style=\"font-family: Arial, sans-serif;\"><span style=\"font-size: medium;\"><span lang=\"gl-ES\">O Clinic realizarase do luns 30 de marzo ao m\u00e9rcores 1 de abril en horario de 9:30 a 14:00h. Ao remate os participantes recibir\u00e1n como agasallo a bolsa celtista: gymsac, camiseta conmemorativa, pulseira e postal do xogador do RC Celta; ademais, farase unha entrega de diplomas e un sorteo de agasallos.<\/span><\/span><\/span><\/span><\/p>\n<p class=\"western\" align=\"left\"><span style=\"color: #000000;\"><span style=\"font-family: Arial, sans-serif;\"><span style=\"font-size: medium;\"><span lang=\"gl-ES\"><span style=\"color: #000000;\">A inscrici\u00f3n xa est\u00e1 aberta para os xogadores desde a categor\u00eda prebenxam\u00edn ata os infant\u00eds e na p\u00e1xina web do Celta<\/span>: <\/span><\/span><\/span><\/span><span style=\"color: #000080;\"><u><a href=\"https:\/\/rccelta.es\/fundacion\/formacion\/clinics\/\"><span style=\"color: #000000;\"><span style=\"font-family: Arial, sans-serif;\"><span style=\"font-size: medium;\"><span lang=\"gl-ES\">https:\/\/rccelta.es\/fundacion\/formacion\/clinics\/<\/span><\/span><\/span><\/span><\/a><\/u><\/span><span style=\"color: #000000;\"><span style=\"font-family: Arial, sans-serif;\"><span style=\"font-size: medium;\"><span lang=\"gl-ES\">. <span style=\"color: #000000;\">O prezo \u00e9 de 89\u20ac, pero os xogadores do Sporting Guard\u00e9s e aqueles que conten co Carn\u00e9 Celtista contar\u00e1n cun desconto do 10%, <\/span><\/span><\/span><\/span><span style=\"font-family: Arial, sans-serif;\"><span style=\"font-size: medium;\"><span lang=\"gl-ES\">tendo un prezo de 80\u20ac.<\/span><\/span><\/span><\/span><\/p>\n","protected":false},"excerpt":{"rendered":"<p>Esta ma\u00f1\u00e1, responsables do Clinic do Celta visitaron o campo da Sangri\u00f1a para ultimar detalles para esta Semana Santa. Coa colaboraci\u00f3n do Concello da Guarda e do Sporting Guard\u00e9s, esta actividade permite \u00e1 rapazada seguir fortalecendo as habilidades futbol\u00edsticas, sen &hellip; <\/p>\n","protected":false},"author":2,"featured_media":34559,"comment_status":"closed","ping_status":"closed","sticky":false,"template":"","format":"standard","meta":[],"categories":[35,363],"tags":[],"yoast_head":"<!-- This site is optimized with the Yoast SEO plugin v21.1 - https:\/\/yoast.com\/wordpress\/plugins\/seo\/ -->\n<title>Os responsables do Clinic do Celta visitan o campo da Sangri\u00f1a para ultimar detalles - Concello da Guarda<\/title>\n<meta name=\"description\" content=\"Esta ma\u00f1\u00e1, responsables do Clinic do Celta visitaron o campo da Sangri\u00f1a para ultimar detalles para esta Semana Santa.Coa colaboraci\u00f3n do\" \/>\n<meta name=\"robots\" content=\"index, follow, max-snippet:-1, max-image-preview:large, max-video-preview:-1\" \/>\n<link rel=\"canonical\" href=\"https:\/\/www.aguarda.es\/en\/os-responsables-do-clinic-do-celta-visitan-o-campo-da-sangrina-para-ultimar-detalles\/\" \/>\n<meta property=\"og:locale\" content=\"en_US\" \/>\n<meta property=\"og:type\" content=\"article\" \/>\n<meta property=\"og:title\" content=\"Os responsables do Clinic do Celta visitan o campo da Sangri\u00f1a para ultimar detalles - Concello da Guarda\" \/>\n<meta property=\"og:description\" content=\"Esta ma\u00f1\u00e1, responsables do Clinic do Celta visitaron o campo da Sangri\u00f1a para ultimar detalles para esta Semana Santa.Coa colaboraci\u00f3n do\" \/>\n<meta property=\"og:url\" content=\"https:\/\/www.aguarda.es\/en\/os-responsables-do-clinic-do-celta-visitan-o-campo-da-sangrina-para-ultimar-detalles\/\" \/>\n<meta property=\"og:site_name\" content=\"Concello da Guarda\" \/>\n<meta property=\"article:publisher\" content=\"https:\/\/www.facebook.com\/ConcellodaGuarda\" \/>\n<meta property=\"article:published_time\" content=\"2026-03-11T11:16:01+00:00\" \/>\n<meta property=\"og:image\" content=\"https:\/\/www.aguarda.es\/wp-content\/uploads\/2026\/03\/WhatsApp-Image-2026-03-11-at-12.01.58.jpeg?_t=1773227761\" \/>\n\t<meta property=\"og:image:width\" content=\"2040\" \/>\n\t<meta property=\"og:image:height\" content=\"1148\" \/>\n\t<meta property=\"og:image:type\" content=\"image\/jpeg\" \/>\n<meta name=\"author\" content=\"prensa\" \/>\n<meta name=\"twitter:card\" content=\"summary_large_image\" \/>\n<meta name=\"twitter:creator\" content=\"@AGuarda_es\" \/>\n<meta name=\"twitter:site\" content=\"@AGuarda_es\" \/>\n<meta name=\"twitter:label1\" content=\"Written by\" \/>\n\t<meta name=\"twitter:data1\" content=\"prensa\" \/>\n\t<meta name=\"twitter:label2\" content=\"Est. reading time\" \/>\n\t<meta name=\"twitter:data2\" content=\"2 minutes\" \/>\n<script type=\"application\/ld+json\" class=\"yoast-schema-graph\">{\"@context\":\"https:\/\/schema.org\",\"@graph\":[{\"@type\":\"WebPage\",\"@id\":\"https:\/\/www.aguarda.es\/en\/os-responsables-do-clinic-do-celta-visitan-o-campo-da-sangrina-para-ultimar-detalles\/\",\"url\":\"https:\/\/www.aguarda.es\/en\/os-responsables-do-clinic-do-celta-visitan-o-campo-da-sangrina-para-ultimar-detalles\/\",\"name\":\"Os responsables do Clinic do Celta visitan o campo da Sangri\u00f1a para ultimar detalles - Concello da Guarda\",\"isPartOf\":{\"@id\":\"https:\/\/www.aguarda.es\/en\/#website\"},\"datePublished\":\"2026-03-11T11:16:01+00:00\",\"dateModified\":\"2026-03-11T11:16:01+00:00\",\"author\":{\"@id\":\"https:\/\/www.aguarda.es\/en\/#\/schema\/person\/c463ca3006858ffb349d11179d044f21\"},\"description\":\"Esta ma\u00f1\u00e1, responsables do Clinic do Celta visitaron o campo da Sangri\u00f1a para ultimar detalles para esta Semana Santa.Coa colaboraci\u00f3n do\",\"breadcrumb\":{\"@id\":\"https:\/\/www.aguarda.es\/en\/os-responsables-do-clinic-do-celta-visitan-o-campo-da-sangrina-para-ultimar-detalles\/#breadcrumb\"},\"inLanguage\":\"en-US\",\"potentialAction\":[{\"@type\":\"ReadAction\",\"target\":[\"https:\/\/www.aguarda.es\/en\/os-responsables-do-clinic-do-celta-visitan-o-campo-da-sangrina-para-ultimar-detalles\/\"]}]},{\"@type\":\"BreadcrumbList\",\"@id\":\"https:\/\/www.aguarda.es\/en\/os-responsables-do-clinic-do-celta-visitan-o-campo-da-sangrina-para-ultimar-detalles\/#breadcrumb\",\"itemListElement\":[{\"@type\":\"ListItem\",\"position\":1,\"name\":\"Portada\",\"item\":\"https:\/\/www.aguarda.es\/en\/\"},{\"@type\":\"ListItem\",\"position\":2,\"name\":\"Os responsables do Clinic do Celta visitan o campo da Sangri\u00f1a para ultimar detalles\"}]},{\"@type\":\"WebSite\",\"@id\":\"https:\/\/www.aguarda.es\/en\/#website\",\"url\":\"https:\/\/www.aguarda.es\/en\/\",\"name\":\"Concello da Guarda\",\"description\":\"P\u00e1xina web do concello da Guarda\",\"potentialAction\":[{\"@type\":\"SearchAction\",\"target\":{\"@type\":\"EntryPoint\",\"urlTemplate\":\"https:\/\/www.aguarda.es\/en\/?s={search_term_string}\"},\"query-input\":\"required name=search_term_string\"}],\"inLanguage\":\"en-US\"},{\"@type\":\"Person\",\"@id\":\"https:\/\/www.aguarda.es\/en\/#\/schema\/person\/c463ca3006858ffb349d11179d044f21\",\"name\":\"prensa\",\"image\":{\"@type\":\"ImageObject\",\"inLanguage\":\"en-US\",\"@id\":\"https:\/\/www.aguarda.es\/en\/#\/schema\/person\/image\/\",\"url\":\"https:\/\/secure.gravatar.com\/avatar\/5f90ef536b0f98306edf5c7a1135ffa1?s=96&d=mm&r=g\",\"contentUrl\":\"https:\/\/secure.gravatar.com\/avatar\/5f90ef536b0f98306edf5c7a1135ffa1?s=96&d=mm&r=g\",\"caption\":\"prensa\"},\"url\":\"https:\/\/www.aguarda.es\/en\/author\/prensa\/\"}]}<\/script>\n<!-- \/ Yoast SEO plugin. -->","yoast_head_json":{"title":"Os responsables do Clinic do Celta visitan o campo da Sangri\u00f1a para ultimar detalles - Concello da Guarda","description":"Esta ma\u00f1\u00e1, responsables do Clinic do Celta visitaron o campo da Sangri\u00f1a para ultimar detalles para esta Semana Santa.Coa colaboraci\u00f3n do","robots":{"index":"index","follow":"follow","max-snippet":"max-snippet:-1","max-image-preview":"max-image-preview:large","max-video-preview":"max-video-preview:-1"},"canonical":"https:\/\/www.aguarda.es\/en\/os-responsables-do-clinic-do-celta-visitan-o-campo-da-sangrina-para-ultimar-detalles\/","og_locale":"en_US","og_type":"article","og_title":"Os responsables do Clinic do Celta visitan o campo da Sangri\u00f1a para ultimar detalles - Concello da Guarda","og_description":"Esta ma\u00f1\u00e1, responsables do Clinic do Celta visitaron o campo da Sangri\u00f1a para ultimar detalles para esta Semana Santa.Coa colaboraci\u00f3n do","og_url":"https:\/\/www.aguarda.es\/en\/os-responsables-do-clinic-do-celta-visitan-o-campo-da-sangrina-para-ultimar-detalles\/","og_site_name":"Concello da Guarda","article_publisher":"https:\/\/www.facebook.com\/ConcellodaGuarda","article_published_time":"2026-03-11T11:16:01+00:00","og_image":[{"width":2040,"height":1148,"url":"https:\/\/www.aguarda.es\/wp-content\/uploads\/2026\/03\/WhatsApp-Image-2026-03-11-at-12.01.58.jpeg?_t=1773227761","type":"image\/jpeg"}],"author":"prensa","twitter_card":"summary_large_image","twitter_creator":"@AGuarda_es","twitter_site":"@AGuarda_es","twitter_misc":{"Written by":"prensa","Est. reading time":"2 minutes"},"schema":{"@context":"https:\/\/schema.org","@graph":[{"@type":"WebPage","@id":"https:\/\/www.aguarda.es\/en\/os-responsables-do-clinic-do-celta-visitan-o-campo-da-sangrina-para-ultimar-detalles\/","url":"https:\/\/www.aguarda.es\/en\/os-responsables-do-clinic-do-celta-visitan-o-campo-da-sangrina-para-ultimar-detalles\/","name":"Os responsables do Clinic do Celta visitan o campo da Sangri\u00f1a para ultimar detalles - Concello da Guarda","isPartOf":{"@id":"https:\/\/www.aguarda.es\/en\/#website"},"datePublished":"2026-03-11T11:16:01+00:00","dateModified":"2026-03-11T11:16:01+00:00","author":{"@id":"https:\/\/www.aguarda.es\/en\/#\/schema\/person\/c463ca3006858ffb349d11179d044f21"},"description":"Esta ma\u00f1\u00e1, responsables do Clinic do Celta visitaron o campo da Sangri\u00f1a para ultimar detalles para esta Semana Santa.Coa colaboraci\u00f3n do","breadcrumb":{"@id":"https:\/\/www.aguarda.es\/en\/os-responsables-do-clinic-do-celta-visitan-o-campo-da-sangrina-para-ultimar-detalles\/#breadcrumb"},"inLanguage":"en-US","potentialAction":[{"@type":"ReadAction","target":["https:\/\/www.aguarda.es\/en\/os-responsables-do-clinic-do-celta-visitan-o-campo-da-sangrina-para-ultimar-detalles\/"]}]},{"@type":"BreadcrumbList","@id":"https:\/\/www.aguarda.es\/en\/os-responsables-do-clinic-do-celta-visitan-o-campo-da-sangrina-para-ultimar-detalles\/#breadcrumb","itemListElement":[{"@type":"ListItem","position":1,"name":"Portada","item":"https:\/\/www.aguarda.es\/en\/"},{"@type":"ListItem","position":2,"name":"Os responsables do Clinic do Celta visitan o campo da Sangri\u00f1a para ultimar detalles"}]},{"@type":"WebSite","@id":"https:\/\/www.aguarda.es\/en\/#website","url":"https:\/\/www.aguarda.es\/en\/","name":"Concello da Guarda","description":"P\u00e1xina web do concello da Guarda","potentialAction":[{"@type":"SearchAction","target":{"@type":"EntryPoint","urlTemplate":"https:\/\/www.aguarda.es\/en\/?s={search_term_string}"},"query-input":"required name=search_term_string"}],"inLanguage":"en-US"},{"@type":"Person","@id":"https:\/\/www.aguarda.es\/en\/#\/schema\/person\/c463ca3006858ffb349d11179d044f21","name":"prensa","image":{"@type":"ImageObject","inLanguage":"en-US","@id":"https:\/\/www.aguarda.es\/en\/#\/schema\/person\/image\/","url":"https:\/\/secure.gravatar.com\/avatar\/5f90ef536b0f98306edf5c7a1135ffa1?s=96&d=mm&r=g","contentUrl":"https:\/\/secure.gravatar.com\/avatar\/5f90ef536b0f98306edf5c7a1135ffa1?s=96&d=mm&r=g","caption":"prensa"},"url":"https:\/\/www.aguarda.es\/en\/author\/prensa\/"}]}},"_links":{"self":[{"href":"https:\/\/www.aguarda.es\/en\/wp-json\/wp\/v2\/posts\/34558"}],"collection":[{"href":"https:\/\/www.aguarda.es\/en\/wp-json\/wp\/v2\/posts"}],"about":[{"href":"https:\/\/www.aguarda.es\/en\/wp-json\/wp\/v2\/types\/post"}],"author":[{"embeddable":true,"href":"https:\/\/www.aguarda.es\/en\/wp-json\/wp\/v2\/users\/2"}],"replies":[{"embeddable":true,"href":"https:\/\/www.aguarda.es\/en\/wp-json\/wp\/v2\/comments?post=34558"}],"version-history":[{"count":1,"href":"https:\/\/www.aguarda.es\/en\/wp-json\/wp\/v2\/posts\/34558\/revisions"}],"predecessor-version":[{"id":34561,"href":"https:\/\/www.aguarda.es\/en\/wp-json\/wp\/v2\/posts\/34558\/revisions\/34561"}],"wp:featuredmedia":[{"embeddable":true,"href":"https:\/\/www.aguarda.es\/en\/wp-json\/wp\/v2\/media\/34559"}],"wp:attachment":[{"href":"https:\/\/www.aguarda.es\/en\/wp-json\/wp\/v2\/media?parent=34558"}],"wp:term":[{"taxonomy":"category","embeddable":true,"href":"https:\/\/www.aguarda.es\/en\/wp-json\/wp\/v2\/categories?post=34558"},{"taxonomy":"post_tag","embeddable":true,"href":"https:\/\/www.aguarda.es\/en\/wp-json\/wp\/v2\/tags?post=34558"}],"curies":[{"name":"wp","href":"https:\/\/api.w.org\/{rel}","templated":true}]}}