{"id":34570,"date":"2026-03-13T15:13:02","date_gmt":"2026-03-13T15:13:02","guid":{"rendered":"https:\/\/www.aguarda.es\/?p=34570"},"modified":"2026-03-13T15:13:02","modified_gmt":"2026-03-13T15:13:02","slug":"as-andainas-organizadas-polo-concello-da-guarda-permiten-conecer-a-paisaxe-e-historia-galegas","status":"publish","type":"post","link":"https:\/\/www.aguarda.es\/en\/as-andainas-organizadas-polo-concello-da-guarda-permiten-conecer-a-paisaxe-e-historia-galegas\/","title":{"rendered":"As andainas organizadas polo Concello da Guarda permiten co\u00f1ecer a paisaxe e historia galegas"},"content":{"rendered":"<p class=\"western\" align=\"left\"><span style=\"font-family: Arial, sans-serif;\"><span lang=\"gl-ES\">O Concello da Guarda lanza a actividade das andainas deste 2026. Como \u00e9 habitual repartiranse entre a primavera e o outono, dando a oportunidade de co\u00f1ecer as paisaxes e elementos patrimoniais destacados de Galicia.<\/span><\/span><\/p>\n<p class=\"western\" align=\"left\"><span style=\"font-family: Arial, sans-serif;\"><span lang=\"gl-ES\">Esta actividade conta con autob\u00fas e gu\u00edas interpretativos, polo que o prezo ascende aos 20 ou 22\u20ac, segundo a andaina. As distancias de cada unha rondan dos 10 aos 18 km e con certa dificultade polo desnivel.<\/span><\/span><\/p>\n<p class=\"western\" align=\"left\"><span style=\"font-family: Arial, sans-serif;\"><span lang=\"gl-ES\">O calendario de andainas in\u00edciase o 25 de abril cunha ruta que combina o entorno natural protexido e un variado patrimonio entre as aldeas de Cabenca e Cavadosa no concello de Cercedo-Cotobade. En maio sairemos da provincia de Pontevedra, xa que a ruta para o 9 de maio ser\u00e1 o roteiro polas f\u00e1bricas de papel de Lousame (A Coru\u00f1a) que destaca polo protagonismo do bosque e da auga dos r\u00edos e fervenzas.<\/span><\/span><\/p>\n<p class=\"western\" align=\"left\"><span style=\"font-family: Arial, sans-serif;\"><span lang=\"gl-ES\">Antes do remate do ver\u00e1n, o 12 de setembro ret\u00f3mase a actividade percorrendo o sendeiro do r\u00edo Uma en Ponteareas, onde resaltan os mu\u00ed\u00f1os de auga, os bosques de ribeira e a medieval Ponte do Cabal\u00f3n. Por\u00e1 fin a esta actividade a ruta polo r\u00edo Gorgua en Padrenda, para o 17 de outubro, o que permitir\u00e1 co\u00f1ecer a paisaxe outonal do sur da provincia de Ourense.<\/span><\/span><\/p>\n<p class=\"western\" align=\"left\"><span style=\"font-family: Arial, sans-serif;\"><span lang=\"gl-ES\">As prazas son limitadas e o prazo de inscrici\u00f3n abrirase do luns 16 ao venres 27 de marzo. O luns 30 informarase \u00e1s persoas interesadas da lista de admitidos.<\/span><\/span><\/p>\n<p class=\"western\" align=\"left\"><span style=\"font-family: Arial, sans-serif;\"><span lang=\"gl-ES\">M\u00e1is informaci\u00f3n e inscrici\u00f3n na 3\u00aa planta da Casa dos Alonso, a trav\u00e9s do correo electr\u00f3nico <\/span><\/span><span style=\"color: #000080;\"><span lang=\"zxx\"><u><a href=\"mailto:turismo@aguarda.es\"><span style=\"font-family: Arial, sans-serif;\"><span lang=\"gl-ES\">turismo@aguarda.es<\/span><\/span><\/a><\/u><\/span><\/span><span style=\"font-family: Arial, sans-serif;\"><span lang=\"gl-ES\"> ou no tel\u00e9fono 986 61 45 46, a\u00ednda que se prioriza a inscrici\u00f3n presencial.<\/span><\/span><\/p>\n","protected":false},"excerpt":{"rendered":"<p>O Concello da Guarda lanza a actividade das andainas deste 2026. Como \u00e9 habitual repartiranse entre a primavera e o outono, dando a oportunidade de co\u00f1ecer as paisaxes e elementos patrimoniais destacados de Galicia. Esta actividade conta con autob\u00fas e &hellip; <\/p>\n","protected":false},"author":2,"featured_media":34571,"comment_status":"closed","ping_status":"closed","sticky":false,"template":"","format":"standard","meta":[],"categories":[35,56,363],"tags":[],"yoast_head":"<!-- This site is optimized with the Yoast SEO plugin v21.1 - https:\/\/yoast.com\/wordpress\/plugins\/seo\/ -->\n<title>As andainas organizadas polo Concello da Guarda permiten co\u00f1ecer a paisaxe e historia galegas - Concello da Guarda<\/title>\n<meta name=\"description\" content=\"O Concello da Guarda lanza a actividade das andainas deste 2026. Como \u00e9 habitual repartiranse entre a primavera e o outono, dando a\" \/>\n<meta name=\"robots\" content=\"index, follow, max-snippet:-1, max-image-preview:large, max-video-preview:-1\" \/>\n<link rel=\"canonical\" href=\"https:\/\/www.aguarda.es\/en\/as-andainas-organizadas-polo-concello-da-guarda-permiten-conecer-a-paisaxe-e-historia-galegas\/\" \/>\n<meta property=\"og:locale\" content=\"en_US\" \/>\n<meta property=\"og:type\" content=\"article\" \/>\n<meta property=\"og:title\" content=\"As andainas organizadas polo Concello da Guarda permiten co\u00f1ecer a paisaxe e historia galegas - Concello da Guarda\" \/>\n<meta property=\"og:description\" content=\"O Concello da Guarda lanza a actividade das andainas deste 2026. Como \u00e9 habitual repartiranse entre a primavera e o outono, dando a\" \/>\n<meta property=\"og:url\" content=\"https:\/\/www.aguarda.es\/en\/as-andainas-organizadas-polo-concello-da-guarda-permiten-conecer-a-paisaxe-e-historia-galegas\/\" \/>\n<meta property=\"og:site_name\" content=\"Concello da Guarda\" \/>\n<meta property=\"article:publisher\" content=\"https:\/\/www.facebook.com\/ConcellodaGuarda\" \/>\n<meta property=\"article:published_time\" content=\"2026-03-13T15:13:02+00:00\" \/>\n<meta property=\"og:image\" content=\"https:\/\/www.aguarda.es\/wp-content\/uploads\/2026\/03\/tn_cartel-Andainas-A-Guarda-2026-RRSS.png?_t=1773414783\" \/>\n\t<meta property=\"og:image:width\" content=\"500\" \/>\n\t<meta property=\"og:image:height\" content=\"500\" \/>\n\t<meta property=\"og:image:type\" content=\"image\/png\" \/>\n<meta name=\"author\" content=\"prensa\" \/>\n<meta name=\"twitter:card\" content=\"summary_large_image\" \/>\n<meta name=\"twitter:creator\" content=\"@AGuarda_es\" \/>\n<meta name=\"twitter:site\" content=\"@AGuarda_es\" \/>\n<meta name=\"twitter:label1\" content=\"Written by\" \/>\n\t<meta name=\"twitter:data1\" content=\"prensa\" \/>\n\t<meta name=\"twitter:label2\" content=\"Est. reading time\" \/>\n\t<meta name=\"twitter:data2\" content=\"2 minutes\" \/>\n<script type=\"application\/ld+json\" class=\"yoast-schema-graph\">{\"@context\":\"https:\/\/schema.org\",\"@graph\":[{\"@type\":\"WebPage\",\"@id\":\"https:\/\/www.aguarda.es\/en\/as-andainas-organizadas-polo-concello-da-guarda-permiten-conecer-a-paisaxe-e-historia-galegas\/\",\"url\":\"https:\/\/www.aguarda.es\/en\/as-andainas-organizadas-polo-concello-da-guarda-permiten-conecer-a-paisaxe-e-historia-galegas\/\",\"name\":\"As andainas organizadas polo Concello da Guarda permiten co\u00f1ecer a paisaxe e historia galegas - Concello da Guarda\",\"isPartOf\":{\"@id\":\"https:\/\/www.aguarda.es\/en\/#website\"},\"datePublished\":\"2026-03-13T15:13:02+00:00\",\"dateModified\":\"2026-03-13T15:13:02+00:00\",\"author\":{\"@id\":\"https:\/\/www.aguarda.es\/en\/#\/schema\/person\/c463ca3006858ffb349d11179d044f21\"},\"description\":\"O Concello da Guarda lanza a actividade das andainas deste 2026. Como \u00e9 habitual repartiranse entre a primavera e o outono, dando a\",\"breadcrumb\":{\"@id\":\"https:\/\/www.aguarda.es\/en\/as-andainas-organizadas-polo-concello-da-guarda-permiten-conecer-a-paisaxe-e-historia-galegas\/#breadcrumb\"},\"inLanguage\":\"en-US\",\"potentialAction\":[{\"@type\":\"ReadAction\",\"target\":[\"https:\/\/www.aguarda.es\/en\/as-andainas-organizadas-polo-concello-da-guarda-permiten-conecer-a-paisaxe-e-historia-galegas\/\"]}]},{\"@type\":\"BreadcrumbList\",\"@id\":\"https:\/\/www.aguarda.es\/en\/as-andainas-organizadas-polo-concello-da-guarda-permiten-conecer-a-paisaxe-e-historia-galegas\/#breadcrumb\",\"itemListElement\":[{\"@type\":\"ListItem\",\"position\":1,\"name\":\"Portada\",\"item\":\"https:\/\/www.aguarda.es\/en\/\"},{\"@type\":\"ListItem\",\"position\":2,\"name\":\"As andainas organizadas polo Concello da Guarda permiten co\u00f1ecer a paisaxe e historia galegas\"}]},{\"@type\":\"WebSite\",\"@id\":\"https:\/\/www.aguarda.es\/en\/#website\",\"url\":\"https:\/\/www.aguarda.es\/en\/\",\"name\":\"Concello da Guarda\",\"description\":\"P\u00e1xina web do concello da Guarda\",\"potentialAction\":[{\"@type\":\"SearchAction\",\"target\":{\"@type\":\"EntryPoint\",\"urlTemplate\":\"https:\/\/www.aguarda.es\/en\/?s={search_term_string}\"},\"query-input\":\"required name=search_term_string\"}],\"inLanguage\":\"en-US\"},{\"@type\":\"Person\",\"@id\":\"https:\/\/www.aguarda.es\/en\/#\/schema\/person\/c463ca3006858ffb349d11179d044f21\",\"name\":\"prensa\",\"image\":{\"@type\":\"ImageObject\",\"inLanguage\":\"en-US\",\"@id\":\"https:\/\/www.aguarda.es\/en\/#\/schema\/person\/image\/\",\"url\":\"https:\/\/secure.gravatar.com\/avatar\/5f90ef536b0f98306edf5c7a1135ffa1?s=96&d=mm&r=g\",\"contentUrl\":\"https:\/\/secure.gravatar.com\/avatar\/5f90ef536b0f98306edf5c7a1135ffa1?s=96&d=mm&r=g\",\"caption\":\"prensa\"},\"url\":\"https:\/\/www.aguarda.es\/en\/author\/prensa\/\"}]}<\/script>\n<!-- \/ Yoast SEO plugin. -->","yoast_head_json":{"title":"As andainas organizadas polo Concello da Guarda permiten co\u00f1ecer a paisaxe e historia galegas - Concello da Guarda","description":"O Concello da Guarda lanza a actividade das andainas deste 2026. Como \u00e9 habitual repartiranse entre a primavera e o outono, dando a","robots":{"index":"index","follow":"follow","max-snippet":"max-snippet:-1","max-image-preview":"max-image-preview:large","max-video-preview":"max-video-preview:-1"},"canonical":"https:\/\/www.aguarda.es\/en\/as-andainas-organizadas-polo-concello-da-guarda-permiten-conecer-a-paisaxe-e-historia-galegas\/","og_locale":"en_US","og_type":"article","og_title":"As andainas organizadas polo Concello da Guarda permiten co\u00f1ecer a paisaxe e historia galegas - Concello da Guarda","og_description":"O Concello da Guarda lanza a actividade das andainas deste 2026. Como \u00e9 habitual repartiranse entre a primavera e o outono, dando a","og_url":"https:\/\/www.aguarda.es\/en\/as-andainas-organizadas-polo-concello-da-guarda-permiten-conecer-a-paisaxe-e-historia-galegas\/","og_site_name":"Concello da Guarda","article_publisher":"https:\/\/www.facebook.com\/ConcellodaGuarda","article_published_time":"2026-03-13T15:13:02+00:00","og_image":[{"width":500,"height":500,"url":"https:\/\/www.aguarda.es\/wp-content\/uploads\/2026\/03\/tn_cartel-Andainas-A-Guarda-2026-RRSS.png?_t=1773414783","type":"image\/png"}],"author":"prensa","twitter_card":"summary_large_image","twitter_creator":"@AGuarda_es","twitter_site":"@AGuarda_es","twitter_misc":{"Written by":"prensa","Est. reading time":"2 minutes"},"schema":{"@context":"https:\/\/schema.org","@graph":[{"@type":"WebPage","@id":"https:\/\/www.aguarda.es\/en\/as-andainas-organizadas-polo-concello-da-guarda-permiten-conecer-a-paisaxe-e-historia-galegas\/","url":"https:\/\/www.aguarda.es\/en\/as-andainas-organizadas-polo-concello-da-guarda-permiten-conecer-a-paisaxe-e-historia-galegas\/","name":"As andainas organizadas polo Concello da Guarda permiten co\u00f1ecer a paisaxe e historia galegas - Concello da Guarda","isPartOf":{"@id":"https:\/\/www.aguarda.es\/en\/#website"},"datePublished":"2026-03-13T15:13:02+00:00","dateModified":"2026-03-13T15:13:02+00:00","author":{"@id":"https:\/\/www.aguarda.es\/en\/#\/schema\/person\/c463ca3006858ffb349d11179d044f21"},"description":"O Concello da Guarda lanza a actividade das andainas deste 2026. Como \u00e9 habitual repartiranse entre a primavera e o outono, dando a","breadcrumb":{"@id":"https:\/\/www.aguarda.es\/en\/as-andainas-organizadas-polo-concello-da-guarda-permiten-conecer-a-paisaxe-e-historia-galegas\/#breadcrumb"},"inLanguage":"en-US","potentialAction":[{"@type":"ReadAction","target":["https:\/\/www.aguarda.es\/en\/as-andainas-organizadas-polo-concello-da-guarda-permiten-conecer-a-paisaxe-e-historia-galegas\/"]}]},{"@type":"BreadcrumbList","@id":"https:\/\/www.aguarda.es\/en\/as-andainas-organizadas-polo-concello-da-guarda-permiten-conecer-a-paisaxe-e-historia-galegas\/#breadcrumb","itemListElement":[{"@type":"ListItem","position":1,"name":"Portada","item":"https:\/\/www.aguarda.es\/en\/"},{"@type":"ListItem","position":2,"name":"As andainas organizadas polo Concello da Guarda permiten co\u00f1ecer a paisaxe e historia galegas"}]},{"@type":"WebSite","@id":"https:\/\/www.aguarda.es\/en\/#website","url":"https:\/\/www.aguarda.es\/en\/","name":"Concello da Guarda","description":"P\u00e1xina web do concello da Guarda","potentialAction":[{"@type":"SearchAction","target":{"@type":"EntryPoint","urlTemplate":"https:\/\/www.aguarda.es\/en\/?s={search_term_string}"},"query-input":"required name=search_term_string"}],"inLanguage":"en-US"},{"@type":"Person","@id":"https:\/\/www.aguarda.es\/en\/#\/schema\/person\/c463ca3006858ffb349d11179d044f21","name":"prensa","image":{"@type":"ImageObject","inLanguage":"en-US","@id":"https:\/\/www.aguarda.es\/en\/#\/schema\/person\/image\/","url":"https:\/\/secure.gravatar.com\/avatar\/5f90ef536b0f98306edf5c7a1135ffa1?s=96&d=mm&r=g","contentUrl":"https:\/\/secure.gravatar.com\/avatar\/5f90ef536b0f98306edf5c7a1135ffa1?s=96&d=mm&r=g","caption":"prensa"},"url":"https:\/\/www.aguarda.es\/en\/author\/prensa\/"}]}},"_links":{"self":[{"href":"https:\/\/www.aguarda.es\/en\/wp-json\/wp\/v2\/posts\/34570"}],"collection":[{"href":"https:\/\/www.aguarda.es\/en\/wp-json\/wp\/v2\/posts"}],"about":[{"href":"https:\/\/www.aguarda.es\/en\/wp-json\/wp\/v2\/types\/post"}],"author":[{"embeddable":true,"href":"https:\/\/www.aguarda.es\/en\/wp-json\/wp\/v2\/users\/2"}],"replies":[{"embeddable":true,"href":"https:\/\/www.aguarda.es\/en\/wp-json\/wp\/v2\/comments?post=34570"}],"version-history":[{"count":1,"href":"https:\/\/www.aguarda.es\/en\/wp-json\/wp\/v2\/posts\/34570\/revisions"}],"predecessor-version":[{"id":34573,"href":"https:\/\/www.aguarda.es\/en\/wp-json\/wp\/v2\/posts\/34570\/revisions\/34573"}],"wp:featuredmedia":[{"embeddable":true,"href":"https:\/\/www.aguarda.es\/en\/wp-json\/wp\/v2\/media\/34571"}],"wp:attachment":[{"href":"https:\/\/www.aguarda.es\/en\/wp-json\/wp\/v2\/media?parent=34570"}],"wp:term":[{"taxonomy":"category","embeddable":true,"href":"https:\/\/www.aguarda.es\/en\/wp-json\/wp\/v2\/categories?post=34570"},{"taxonomy":"post_tag","embeddable":true,"href":"https:\/\/www.aguarda.es\/en\/wp-json\/wp\/v2\/tags?post=34570"}],"curies":[{"name":"wp","href":"https:\/\/api.w.org\/{rel}","templated":true}]}}