{"id":34839,"date":"2026-04-29T07:25:31","date_gmt":"2026-04-29T07:25:31","guid":{"rendered":"https:\/\/www.aguarda.es\/?p=34839"},"modified":"2026-04-29T07:25:31","modified_gmt":"2026-04-29T07:25:31","slug":"a-fundacion-cibervoluntarios-trae-a-guarda-dous-novos-cursos-dixitais","status":"publish","type":"post","link":"https:\/\/www.aguarda.es\/en\/a-fundacion-cibervoluntarios-trae-a-guarda-dous-novos-cursos-dixitais\/","title":{"rendered":"A Fundaci\u00f3n Cibervoluntarios trae \u00e1 Guarda dous novos cursos dixitais"},"content":{"rendered":"<p><span style=\"color: #000000;\">A Fundaci\u00f3n Cibervoluntarios regresa \u00e1 Guarda para ofrecer de xeito gratu\u00edto novas formaci\u00f3ns dixitais.<\/span><\/p>\n<p><span style=\"color: #000000;\">O primeiro deles est\u00e1 aberto a toda a cidadan\u00eda e centrarase no internet seguro para os menores. O curso pretende dar a co\u00f1ecer como protexer os menores e guialos co uso segueo de internet e as redes sociais.<\/span><\/p>\n<p><span style=\"color: #000000;\">As persoas participantes aprender\u00e1n sobre a seguridade, privacidade e protecci\u00f3n de datos, as\u00ed como usar e configurar controis parentais. Ser\u00e1 o 1, 3, 8 e 10 de xu\u00f1o de 10:00 a 13:00h.<\/span><\/p>\n<p><span style=\"color: #000000;\">O outro dos cursos, est\u00e1 dirixido a persoas maiores de 60 anos. Trat\u00e1se dun curso onde explotar a s\u00faa cretividade con axuda da intelixencia artificial.<\/span><\/p>\n<p><span style=\"color: #000000;\">Aprender\u00e1n a crear imaxes e v\u00eddeos, e a mellorar as s\u00faas fotograf\u00edas de xeito sinxelo. Dar\u00e1n forma as s\u00faas ideas usando aplicaci\u00f3ns actuais, sen necesidade de co\u00f1ecementos t\u00e9cnicos. Ser\u00e1 os d\u00edas 2, 4, 9 e 11 de xu\u00f1o de 10:00h a 13:00h.<\/span><\/p>\n<p><span style=\"color: #000000;\">As inscrici\u00f3ns xa est\u00e1n abertas ata o 12 de maio en<\/span> informacion@aguarda.es.<\/p>\n","protected":false},"excerpt":{"rendered":"<p>A Fundaci\u00f3n Cibervoluntarios regresa \u00e1 Guarda para ofrecer de xeito gratu\u00edto novas formaci\u00f3ns dixitais. O primeiro deles est\u00e1 aberto a toda a cidadan\u00eda e centrarase no internet seguro para os menores. O curso pretende dar a co\u00f1ecer como protexer os &hellip; <\/p>\n","protected":false},"author":2,"featured_media":34840,"comment_status":"closed","ping_status":"closed","sticky":false,"template":"","format":"standard","meta":[],"categories":[48,363],"tags":[],"yoast_head":"<!-- This site is optimized with the Yoast SEO plugin v21.1 - https:\/\/yoast.com\/wordpress\/plugins\/seo\/ -->\n<title>A Fundaci\u00f3n Cibervoluntarios trae \u00e1 Guarda dous novos cursos dixitais - Concello da Guarda<\/title>\n<meta name=\"description\" content=\"A Fundaci\u00f3n Cibervoluntarios regresa \u00e1 Guarda para ofrecer de xeito gratu\u00edto novas formaci\u00f3ns dixitais.O primeiro deles est\u00e1 aberto a toda a\" \/>\n<meta name=\"robots\" content=\"index, follow, max-snippet:-1, max-image-preview:large, max-video-preview:-1\" \/>\n<link rel=\"canonical\" href=\"https:\/\/www.aguarda.es\/en\/a-fundacion-cibervoluntarios-trae-a-guarda-dous-novos-cursos-dixitais\/\" \/>\n<meta property=\"og:locale\" content=\"en_US\" \/>\n<meta property=\"og:type\" content=\"article\" \/>\n<meta property=\"og:title\" content=\"A Fundaci\u00f3n Cibervoluntarios trae \u00e1 Guarda dous novos cursos dixitais - Concello da Guarda\" \/>\n<meta property=\"og:description\" content=\"A Fundaci\u00f3n Cibervoluntarios regresa \u00e1 Guarda para ofrecer de xeito gratu\u00edto novas formaci\u00f3ns dixitais.O primeiro deles est\u00e1 aberto a toda a\" \/>\n<meta property=\"og:url\" content=\"https:\/\/www.aguarda.es\/en\/a-fundacion-cibervoluntarios-trae-a-guarda-dous-novos-cursos-dixitais\/\" \/>\n<meta property=\"og:site_name\" content=\"Concello da Guarda\" \/>\n<meta property=\"article:publisher\" content=\"https:\/\/www.facebook.com\/ConcellodaGuarda\" \/>\n<meta property=\"article:published_time\" content=\"2026-04-29T07:25:31+00:00\" \/>\n<meta property=\"og:image\" content=\"https:\/\/www.aguarda.es\/wp-content\/uploads\/2026\/04\/CIBERVOLUNTARIOS.jpg?_t=1777447532\" \/>\n\t<meta property=\"og:image:width\" content=\"1080\" \/>\n\t<meta property=\"og:image:height\" content=\"1350\" \/>\n\t<meta property=\"og:image:type\" content=\"image\/jpeg\" \/>\n<meta name=\"author\" content=\"prensa\" \/>\n<meta name=\"twitter:card\" content=\"summary_large_image\" \/>\n<meta name=\"twitter:creator\" content=\"@AGuarda_es\" \/>\n<meta name=\"twitter:site\" content=\"@AGuarda_es\" \/>\n<meta name=\"twitter:label1\" content=\"Written by\" \/>\n\t<meta name=\"twitter:data1\" content=\"prensa\" \/>\n\t<meta name=\"twitter:label2\" content=\"Est. reading time\" \/>\n\t<meta name=\"twitter:data2\" content=\"1 minute\" \/>\n<script type=\"application\/ld+json\" class=\"yoast-schema-graph\">{\"@context\":\"https:\/\/schema.org\",\"@graph\":[{\"@type\":\"WebPage\",\"@id\":\"https:\/\/www.aguarda.es\/en\/a-fundacion-cibervoluntarios-trae-a-guarda-dous-novos-cursos-dixitais\/\",\"url\":\"https:\/\/www.aguarda.es\/en\/a-fundacion-cibervoluntarios-trae-a-guarda-dous-novos-cursos-dixitais\/\",\"name\":\"A Fundaci\u00f3n Cibervoluntarios trae \u00e1 Guarda dous novos cursos dixitais - Concello da Guarda\",\"isPartOf\":{\"@id\":\"https:\/\/www.aguarda.es\/en\/#website\"},\"datePublished\":\"2026-04-29T07:25:31+00:00\",\"dateModified\":\"2026-04-29T07:25:31+00:00\",\"author\":{\"@id\":\"https:\/\/www.aguarda.es\/en\/#\/schema\/person\/c463ca3006858ffb349d11179d044f21\"},\"description\":\"A Fundaci\u00f3n Cibervoluntarios regresa \u00e1 Guarda para ofrecer de xeito gratu\u00edto novas formaci\u00f3ns dixitais.O primeiro deles est\u00e1 aberto a toda a\",\"breadcrumb\":{\"@id\":\"https:\/\/www.aguarda.es\/en\/a-fundacion-cibervoluntarios-trae-a-guarda-dous-novos-cursos-dixitais\/#breadcrumb\"},\"inLanguage\":\"en-US\",\"potentialAction\":[{\"@type\":\"ReadAction\",\"target\":[\"https:\/\/www.aguarda.es\/en\/a-fundacion-cibervoluntarios-trae-a-guarda-dous-novos-cursos-dixitais\/\"]}]},{\"@type\":\"BreadcrumbList\",\"@id\":\"https:\/\/www.aguarda.es\/en\/a-fundacion-cibervoluntarios-trae-a-guarda-dous-novos-cursos-dixitais\/#breadcrumb\",\"itemListElement\":[{\"@type\":\"ListItem\",\"position\":1,\"name\":\"Portada\",\"item\":\"https:\/\/www.aguarda.es\/en\/\"},{\"@type\":\"ListItem\",\"position\":2,\"name\":\"A Fundaci\u00f3n Cibervoluntarios trae \u00e1 Guarda dous novos cursos dixitais\"}]},{\"@type\":\"WebSite\",\"@id\":\"https:\/\/www.aguarda.es\/en\/#website\",\"url\":\"https:\/\/www.aguarda.es\/en\/\",\"name\":\"Concello da Guarda\",\"description\":\"P\u00e1xina web do concello da Guarda\",\"potentialAction\":[{\"@type\":\"SearchAction\",\"target\":{\"@type\":\"EntryPoint\",\"urlTemplate\":\"https:\/\/www.aguarda.es\/en\/?s={search_term_string}\"},\"query-input\":\"required name=search_term_string\"}],\"inLanguage\":\"en-US\"},{\"@type\":\"Person\",\"@id\":\"https:\/\/www.aguarda.es\/en\/#\/schema\/person\/c463ca3006858ffb349d11179d044f21\",\"name\":\"prensa\",\"image\":{\"@type\":\"ImageObject\",\"inLanguage\":\"en-US\",\"@id\":\"https:\/\/www.aguarda.es\/en\/#\/schema\/person\/image\/\",\"url\":\"https:\/\/secure.gravatar.com\/avatar\/5f90ef536b0f98306edf5c7a1135ffa1?s=96&d=mm&r=g\",\"contentUrl\":\"https:\/\/secure.gravatar.com\/avatar\/5f90ef536b0f98306edf5c7a1135ffa1?s=96&d=mm&r=g\",\"caption\":\"prensa\"},\"url\":\"https:\/\/www.aguarda.es\/en\/author\/prensa\/\"}]}<\/script>\n<!-- \/ Yoast SEO plugin. -->","yoast_head_json":{"title":"A Fundaci\u00f3n Cibervoluntarios trae \u00e1 Guarda dous novos cursos dixitais - Concello da Guarda","description":"A Fundaci\u00f3n Cibervoluntarios regresa \u00e1 Guarda para ofrecer de xeito gratu\u00edto novas formaci\u00f3ns dixitais.O primeiro deles est\u00e1 aberto a toda a","robots":{"index":"index","follow":"follow","max-snippet":"max-snippet:-1","max-image-preview":"max-image-preview:large","max-video-preview":"max-video-preview:-1"},"canonical":"https:\/\/www.aguarda.es\/en\/a-fundacion-cibervoluntarios-trae-a-guarda-dous-novos-cursos-dixitais\/","og_locale":"en_US","og_type":"article","og_title":"A Fundaci\u00f3n Cibervoluntarios trae \u00e1 Guarda dous novos cursos dixitais - Concello da Guarda","og_description":"A Fundaci\u00f3n Cibervoluntarios regresa \u00e1 Guarda para ofrecer de xeito gratu\u00edto novas formaci\u00f3ns dixitais.O primeiro deles est\u00e1 aberto a toda a","og_url":"https:\/\/www.aguarda.es\/en\/a-fundacion-cibervoluntarios-trae-a-guarda-dous-novos-cursos-dixitais\/","og_site_name":"Concello da Guarda","article_publisher":"https:\/\/www.facebook.com\/ConcellodaGuarda","article_published_time":"2026-04-29T07:25:31+00:00","og_image":[{"width":1080,"height":1350,"url":"https:\/\/www.aguarda.es\/wp-content\/uploads\/2026\/04\/CIBERVOLUNTARIOS.jpg?_t=1777447532","type":"image\/jpeg"}],"author":"prensa","twitter_card":"summary_large_image","twitter_creator":"@AGuarda_es","twitter_site":"@AGuarda_es","twitter_misc":{"Written by":"prensa","Est. reading time":"1 minute"},"schema":{"@context":"https:\/\/schema.org","@graph":[{"@type":"WebPage","@id":"https:\/\/www.aguarda.es\/en\/a-fundacion-cibervoluntarios-trae-a-guarda-dous-novos-cursos-dixitais\/","url":"https:\/\/www.aguarda.es\/en\/a-fundacion-cibervoluntarios-trae-a-guarda-dous-novos-cursos-dixitais\/","name":"A Fundaci\u00f3n Cibervoluntarios trae \u00e1 Guarda dous novos cursos dixitais - Concello da Guarda","isPartOf":{"@id":"https:\/\/www.aguarda.es\/en\/#website"},"datePublished":"2026-04-29T07:25:31+00:00","dateModified":"2026-04-29T07:25:31+00:00","author":{"@id":"https:\/\/www.aguarda.es\/en\/#\/schema\/person\/c463ca3006858ffb349d11179d044f21"},"description":"A Fundaci\u00f3n Cibervoluntarios regresa \u00e1 Guarda para ofrecer de xeito gratu\u00edto novas formaci\u00f3ns dixitais.O primeiro deles est\u00e1 aberto a toda a","breadcrumb":{"@id":"https:\/\/www.aguarda.es\/en\/a-fundacion-cibervoluntarios-trae-a-guarda-dous-novos-cursos-dixitais\/#breadcrumb"},"inLanguage":"en-US","potentialAction":[{"@type":"ReadAction","target":["https:\/\/www.aguarda.es\/en\/a-fundacion-cibervoluntarios-trae-a-guarda-dous-novos-cursos-dixitais\/"]}]},{"@type":"BreadcrumbList","@id":"https:\/\/www.aguarda.es\/en\/a-fundacion-cibervoluntarios-trae-a-guarda-dous-novos-cursos-dixitais\/#breadcrumb","itemListElement":[{"@type":"ListItem","position":1,"name":"Portada","item":"https:\/\/www.aguarda.es\/en\/"},{"@type":"ListItem","position":2,"name":"A Fundaci\u00f3n Cibervoluntarios trae \u00e1 Guarda dous novos cursos dixitais"}]},{"@type":"WebSite","@id":"https:\/\/www.aguarda.es\/en\/#website","url":"https:\/\/www.aguarda.es\/en\/","name":"Concello da Guarda","description":"P\u00e1xina web do concello da Guarda","potentialAction":[{"@type":"SearchAction","target":{"@type":"EntryPoint","urlTemplate":"https:\/\/www.aguarda.es\/en\/?s={search_term_string}"},"query-input":"required name=search_term_string"}],"inLanguage":"en-US"},{"@type":"Person","@id":"https:\/\/www.aguarda.es\/en\/#\/schema\/person\/c463ca3006858ffb349d11179d044f21","name":"prensa","image":{"@type":"ImageObject","inLanguage":"en-US","@id":"https:\/\/www.aguarda.es\/en\/#\/schema\/person\/image\/","url":"https:\/\/secure.gravatar.com\/avatar\/5f90ef536b0f98306edf5c7a1135ffa1?s=96&d=mm&r=g","contentUrl":"https:\/\/secure.gravatar.com\/avatar\/5f90ef536b0f98306edf5c7a1135ffa1?s=96&d=mm&r=g","caption":"prensa"},"url":"https:\/\/www.aguarda.es\/en\/author\/prensa\/"}]}},"_links":{"self":[{"href":"https:\/\/www.aguarda.es\/en\/wp-json\/wp\/v2\/posts\/34839"}],"collection":[{"href":"https:\/\/www.aguarda.es\/en\/wp-json\/wp\/v2\/posts"}],"about":[{"href":"https:\/\/www.aguarda.es\/en\/wp-json\/wp\/v2\/types\/post"}],"author":[{"embeddable":true,"href":"https:\/\/www.aguarda.es\/en\/wp-json\/wp\/v2\/users\/2"}],"replies":[{"embeddable":true,"href":"https:\/\/www.aguarda.es\/en\/wp-json\/wp\/v2\/comments?post=34839"}],"version-history":[{"count":1,"href":"https:\/\/www.aguarda.es\/en\/wp-json\/wp\/v2\/posts\/34839\/revisions"}],"predecessor-version":[{"id":34842,"href":"https:\/\/www.aguarda.es\/en\/wp-json\/wp\/v2\/posts\/34839\/revisions\/34842"}],"wp:featuredmedia":[{"embeddable":true,"href":"https:\/\/www.aguarda.es\/en\/wp-json\/wp\/v2\/media\/34840"}],"wp:attachment":[{"href":"https:\/\/www.aguarda.es\/en\/wp-json\/wp\/v2\/media?parent=34839"}],"wp:term":[{"taxonomy":"category","embeddable":true,"href":"https:\/\/www.aguarda.es\/en\/wp-json\/wp\/v2\/categories?post=34839"},{"taxonomy":"post_tag","embeddable":true,"href":"https:\/\/www.aguarda.es\/en\/wp-json\/wp\/v2\/tags?post=34839"}],"curies":[{"name":"wp","href":"https:\/\/api.w.org\/{rel}","templated":true}]}}