{"id":35428,"date":"2026-09-01T08:14:36","date_gmt":"2026-09-01T08:14:36","guid":{"rendered":"https:\/\/www.aguarda.es\/?p=35428"},"modified":"2026-09-01T08:14:36","modified_gmt":"2026-09-01T08:14:36","slug":"a-guarda-presenta-o-ciclo-de-conferencias-e-exposicions-franco-e-o-desarrollismo-aspectos-de-politica-educativa","status":"publish","type":"post","link":"https:\/\/www.aguarda.es\/en\/a-guarda-presenta-o-ciclo-de-conferencias-e-exposicions-franco-e-o-desarrollismo-aspectos-de-politica-educativa\/","title":{"rendered":"A Guarda presenta o ciclo de conferencias e exposici\u00f3ns &#8220;Franco e o desarrollismo. Aspectos de pol\u00edtica educativa&#8221;"},"content":{"rendered":"<p>O mes de setembro arranca en A Guarda cunha proposta arredor da educaci\u00f3n, a cultura e a historia contempor\u00e1nea: o ciclo de conferencias e exposici\u00f3ns \u201cFranco e o desarrollismo. Aspectos de pol\u00edtica educativa\u201d.<\/p>\n<p>O programa, organizado polo grupo de investigaci\u00f3n \u201cEl giro copernicano en la pol\u00edtica de educaci\u00f3n y ciencia en el desarrollismo franquista: de la subsidiariedad a la intervenci\u00f3n estatal\u201d (PID2020-114249GB-I00), e coordinado por Xos\u00e9 Manuel Malheiro Guti\u00e9rrez, dar\u00e1 comezo o xoves 3 de setembro e prolongarase ata o 18 de setembro, con actividades na Casa dos Alonso e na Casa Cultural das Comunidades de Montes de Camposancos.<\/p>\n<p>A inauguraci\u00f3n ter\u00e1 lugar o 3 de setembro \u00e1s 19:00 horas na Casa dos Alonso, coa apertura do ciclo de conferencias e da exposici\u00f3n \u201cNas orixes. Arte, x\u00e9nero e matem\u00e1tica na Prehistoria\u201d, comisariada por Francisco A. Gonz\u00e1lez Redondo. A mostra poder\u00e1 visitarse ata o 18 de setembro e ter\u00e1 entrada libre.<\/p>\n<p>Posteriormente, \u00e1s 19:30 horas, ter\u00e1 lugar a conferencia \u201cDonde dije digo&#8230; La revoluci\u00f3n educativa de los a\u00f1os 60\u201d, a cargo de Antonio F. Canales Serrano, catedr\u00e1tico de Historia da Educaci\u00f3n na Facultade de Educaci\u00f3n da Universidade Complutense de Madrid.<\/p>\n<p>O venres 4 de setembro, \u00e1s 19:30 horas, a Casa dos Alonso acoller\u00e1 a conferencia \u201cEl Patronato para el Fomento de la Igualdad de Oportunidades. Una mirada a la pol\u00edtica de la educaci\u00f3n del franquismo\u201d, impartida por Jos\u00e9 Ignacio Cruz Orozco, profesor titular do Departamento de Educaci\u00f3n Comparada e Historia da Educaci\u00f3n da Universitat de Val\u00e8ncia.<\/p>\n<p>O ciclo continuar\u00e1 o 5 de setembro, tam\u00e9n na Casa dos Alonso, coa clausura das conferencias e a presentaci\u00f3n da exposici\u00f3n \u201cAs xeneraci\u00f3ns da Idade de Prata da cultura espa\u00f1ola\u201d.<\/p>\n<p>Neste marco ofrecerase a conferencia \u201cEn el 90 aniversario de la guerra civil. 1936-1976. Entre dos Edades de Plata\u201d, a cargo de Francisco A. Gonz\u00e1lez Redondo, profesor titular de Historia da Ciencia na Facultade de Educaci\u00f3n da Universidade Complutense de Madrid.<\/p>\n<p>A programaci\u00f3n expositiva compl\u00e9tase coa mostra \u201cAs xeneraci\u00f3ns da Idade de Prata da cultura espa\u00f1ola\u201d, que poder\u00e1 visitarse do 3 ao 18 de setembro na Casa Cultural da Comunidade de Montes de Camposancos.<\/p>\n<p>A exposici\u00f3n estar\u00e1 comisariada por Francisco A. Gonz\u00e1lez Redondo e Bego\u00f1a Regueiro Salgado (UCM). O horario de visita ser\u00e1 de luns a venres, de 9:00 a 14:00 e de 16:30 a 19:30 horas.<\/p>\n<p>Dende o Concello da Guarda queremos convidar \u00e1 veci\u00f1anza e \u00e1s persoas interesadas na historia, a educaci\u00f3n, a ciencia e a cultura a participar deste programa, que ofrece unha oportunidade para co\u00f1ecer, reflexionar e divulgar diferentes episodios e protagonistas da historia educativa e cultural contempor\u00e1nea.<\/p>\n","protected":false},"excerpt":{"rendered":"<p>O mes de setembro arranca en A Guarda cunha proposta arredor da educaci\u00f3n, a cultura e a historia contempor\u00e1nea: o ciclo de conferencias e exposici\u00f3ns \u201cFranco e o desarrollismo. Aspectos de pol\u00edtica educativa\u201d. O programa, organizado polo grupo de investigaci\u00f3n &hellip; <\/p>\n","protected":false},"author":2,"featured_media":35429,"comment_status":"closed","ping_status":"closed","sticky":false,"template":"","format":"standard","meta":{"inline_featured_image":false,"footnotes":""},"categories":[34],"tags":[],"class_list":["post-35428","post","type-post","status-publish","format-standard","has-post-thumbnail","hentry","category-cultura"],"yoast_head":"<!-- This site is optimized with the Yoast SEO plugin v28.3 - https:\/\/yoast.com\/product\/yoast-seo-wordpress\/ -->\n<title>A Guarda presenta o ciclo de conferencias e exposici\u00f3ns &quot;Franco e o desarrollismo. Aspectos de pol\u00edtica educativa&quot; - Concello da Guarda<\/title>\n<meta name=\"robots\" content=\"index, follow, max-snippet:-1, max-image-preview:large, max-video-preview:-1\" \/>\n<link rel=\"canonical\" href=\"https:\/\/www.aguarda.es\/en\/a-guarda-presenta-o-ciclo-de-conferencias-e-exposicions-franco-e-o-desarrollismo-aspectos-de-politica-educativa\/\" \/>\n<meta property=\"og:locale\" content=\"en_US\" \/>\n<meta property=\"og:type\" content=\"article\" \/>\n<meta property=\"og:title\" content=\"A Guarda presenta o ciclo de conferencias e exposici\u00f3ns &quot;Franco e o desarrollismo. Aspectos de pol\u00edtica educativa&quot; - Concello da Guarda\" \/>\n<meta property=\"og:description\" content=\"O mes de setembro arranca en A Guarda cunha proposta arredor da educaci\u00f3n, a cultura e a historia contempor\u00e1nea: o ciclo de conferencias e exposici\u00f3ns \u201cFranco e o desarrollismo. Aspectos de pol\u00edtica educativa\u201d. O programa, organizado polo grupo de investigaci\u00f3n &hellip;\" \/>\n<meta property=\"og:url\" content=\"https:\/\/www.aguarda.es\/en\/a-guarda-presenta-o-ciclo-de-conferencias-e-exposicions-franco-e-o-desarrollismo-aspectos-de-politica-educativa\/\" \/>\n<meta property=\"og:site_name\" content=\"Concello da Guarda\" \/>\n<meta property=\"article:publisher\" content=\"https:\/\/www.facebook.com\/ConcellodaGuarda\" \/>\n<meta property=\"article:published_time\" content=\"2026-09-01T08:14:36+00:00\" \/>\n<meta property=\"og:image\" content=\"https:\/\/www.aguarda.es\/wp-content\/uploads\/2026\/09\/CICLO-DE-CONFERENCIAS-E-EXPOSICIONS-FRANCO-E-O-DESARROLLISMO-724x1024.png\" \/>\n\t<meta property=\"og:image:width\" content=\"724\" \/>\n\t<meta property=\"og:image:height\" content=\"1024\" \/>\n\t<meta property=\"og:image:type\" content=\"image\/png\" \/>\n<meta name=\"author\" content=\"prensa\" \/>\n<meta name=\"twitter:card\" content=\"summary_large_image\" \/>\n<meta name=\"twitter:creator\" content=\"@AGuarda_es\" \/>\n<meta name=\"twitter:site\" content=\"@AGuarda_es\" \/>\n<meta name=\"twitter:label1\" content=\"Written by\" \/>\n\t<meta name=\"twitter:data1\" content=\"prensa\" \/>\n\t<meta name=\"twitter:label2\" content=\"Est. reading time\" \/>\n\t<meta name=\"twitter:data2\" content=\"3 minutes\" \/>\n<script type=\"application\/ld+json\" class=\"yoast-schema-graph\">{\"@context\":\"https:\\\/\\\/schema.org\",\"@graph\":[{\"@type\":\"Article\",\"@id\":\"https:\\\/\\\/www.aguarda.es\\\/en\\\/a-guarda-presenta-o-ciclo-de-conferencias-e-exposicions-franco-e-o-desarrollismo-aspectos-de-politica-educativa\\\/#article\",\"isPartOf\":{\"@id\":\"https:\\\/\\\/www.aguarda.es\\\/en\\\/a-guarda-presenta-o-ciclo-de-conferencias-e-exposicions-franco-e-o-desarrollismo-aspectos-de-politica-educativa\\\/\"},\"author\":{\"name\":\"prensa\",\"@id\":\"https:\\\/\\\/www.aguarda.es\\\/en\\\/#\\\/schema\\\/person\\\/c463ca3006858ffb349d11179d044f21\"},\"headline\":\"A Guarda presenta o ciclo de conferencias e exposici\u00f3ns &#8220;Franco e o desarrollismo. Aspectos de pol\u00edtica educativa&#8221;\",\"datePublished\":\"2026-09-01T08:14:36+00:00\",\"mainEntityOfPage\":{\"@id\":\"https:\\\/\\\/www.aguarda.es\\\/en\\\/a-guarda-presenta-o-ciclo-de-conferencias-e-exposicions-franco-e-o-desarrollismo-aspectos-de-politica-educativa\\\/\"},\"wordCount\":472,\"image\":{\"@id\":\"https:\\\/\\\/www.aguarda.es\\\/en\\\/a-guarda-presenta-o-ciclo-de-conferencias-e-exposicions-franco-e-o-desarrollismo-aspectos-de-politica-educativa\\\/#primaryimage\"},\"thumbnailUrl\":\"https:\\\/\\\/www.aguarda.es\\\/wp-content\\\/uploads\\\/2026\\\/09\\\/CICLO-DE-CONFERENCIAS-E-EXPOSICIONS-FRANCO-E-O-DESARROLLISMO.png\",\"articleSection\":[\"Cultura\"],\"inLanguage\":\"en-US\"},{\"@type\":\"WebPage\",\"@id\":\"https:\\\/\\\/www.aguarda.es\\\/en\\\/a-guarda-presenta-o-ciclo-de-conferencias-e-exposicions-franco-e-o-desarrollismo-aspectos-de-politica-educativa\\\/\",\"url\":\"https:\\\/\\\/www.aguarda.es\\\/en\\\/a-guarda-presenta-o-ciclo-de-conferencias-e-exposicions-franco-e-o-desarrollismo-aspectos-de-politica-educativa\\\/\",\"name\":\"A Guarda presenta o ciclo de conferencias e exposici\u00f3ns \\\"Franco e o desarrollismo. Aspectos de pol\u00edtica educativa\\\" - Concello da Guarda\",\"isPartOf\":{\"@id\":\"https:\\\/\\\/www.aguarda.es\\\/en\\\/#website\"},\"primaryImageOfPage\":{\"@id\":\"https:\\\/\\\/www.aguarda.es\\\/en\\\/a-guarda-presenta-o-ciclo-de-conferencias-e-exposicions-franco-e-o-desarrollismo-aspectos-de-politica-educativa\\\/#primaryimage\"},\"image\":{\"@id\":\"https:\\\/\\\/www.aguarda.es\\\/en\\\/a-guarda-presenta-o-ciclo-de-conferencias-e-exposicions-franco-e-o-desarrollismo-aspectos-de-politica-educativa\\\/#primaryimage\"},\"thumbnailUrl\":\"https:\\\/\\\/www.aguarda.es\\\/wp-content\\\/uploads\\\/2026\\\/09\\\/CICLO-DE-CONFERENCIAS-E-EXPOSICIONS-FRANCO-E-O-DESARROLLISMO.png\",\"datePublished\":\"2026-09-01T08:14:36+00:00\",\"author\":{\"@id\":\"https:\\\/\\\/www.aguarda.es\\\/en\\\/#\\\/schema\\\/person\\\/c463ca3006858ffb349d11179d044f21\"},\"breadcrumb\":{\"@id\":\"https:\\\/\\\/www.aguarda.es\\\/en\\\/a-guarda-presenta-o-ciclo-de-conferencias-e-exposicions-franco-e-o-desarrollismo-aspectos-de-politica-educativa\\\/#breadcrumb\"},\"inLanguage\":\"en-US\",\"potentialAction\":[{\"@type\":\"ReadAction\",\"target\":[\"https:\\\/\\\/www.aguarda.es\\\/en\\\/a-guarda-presenta-o-ciclo-de-conferencias-e-exposicions-franco-e-o-desarrollismo-aspectos-de-politica-educativa\\\/\"]}]},{\"@type\":\"ImageObject\",\"inLanguage\":\"en-US\",\"@id\":\"https:\\\/\\\/www.aguarda.es\\\/en\\\/a-guarda-presenta-o-ciclo-de-conferencias-e-exposicions-franco-e-o-desarrollismo-aspectos-de-politica-educativa\\\/#primaryimage\",\"url\":\"https:\\\/\\\/www.aguarda.es\\\/wp-content\\\/uploads\\\/2026\\\/09\\\/CICLO-DE-CONFERENCIAS-E-EXPOSICIONS-FRANCO-E-O-DESARROLLISMO.png\",\"contentUrl\":\"https:\\\/\\\/www.aguarda.es\\\/wp-content\\\/uploads\\\/2026\\\/09\\\/CICLO-DE-CONFERENCIAS-E-EXPOSICIONS-FRANCO-E-O-DESARROLLISMO.png\",\"width\":1414,\"height\":2000},{\"@type\":\"BreadcrumbList\",\"@id\":\"https:\\\/\\\/www.aguarda.es\\\/en\\\/a-guarda-presenta-o-ciclo-de-conferencias-e-exposicions-franco-e-o-desarrollismo-aspectos-de-politica-educativa\\\/#breadcrumb\",\"itemListElement\":[{\"@type\":\"ListItem\",\"position\":1,\"name\":\"Portada\",\"item\":\"https:\\\/\\\/www.aguarda.es\\\/en\\\/\"},{\"@type\":\"ListItem\",\"position\":2,\"name\":\"A Guarda presenta o ciclo de conferencias e exposici\u00f3ns &#8220;Franco e o desarrollismo. Aspectos de pol\u00edtica educativa&#8221;\"}]},{\"@type\":\"WebSite\",\"@id\":\"https:\\\/\\\/www.aguarda.es\\\/en\\\/#website\",\"url\":\"https:\\\/\\\/www.aguarda.es\\\/en\\\/\",\"name\":\"Concello da Guarda\",\"description\":\"P\u00e1xina web do concello da Guarda\",\"potentialAction\":[{\"@type\":\"SearchAction\",\"target\":{\"@type\":\"EntryPoint\",\"urlTemplate\":\"https:\\\/\\\/www.aguarda.es\\\/en\\\/?s={search_term_string}\"},\"query-input\":{\"@type\":\"PropertyValueSpecification\",\"valueRequired\":true,\"valueName\":\"search_term_string\"}}],\"inLanguage\":\"en-US\"},{\"@type\":\"Person\",\"@id\":\"https:\\\/\\\/www.aguarda.es\\\/en\\\/#\\\/schema\\\/person\\\/c463ca3006858ffb349d11179d044f21\",\"name\":\"prensa\",\"image\":{\"@type\":\"ImageObject\",\"inLanguage\":\"en-US\",\"@id\":\"https:\\\/\\\/secure.gravatar.com\\\/avatar\\\/387e117f874ba5d0a3439060b45d914395d77287b2e4890a49d1599fc3ef9189?s=96&d=mm&r=g\",\"url\":\"https:\\\/\\\/secure.gravatar.com\\\/avatar\\\/387e117f874ba5d0a3439060b45d914395d77287b2e4890a49d1599fc3ef9189?s=96&d=mm&r=g\",\"contentUrl\":\"https:\\\/\\\/secure.gravatar.com\\\/avatar\\\/387e117f874ba5d0a3439060b45d914395d77287b2e4890a49d1599fc3ef9189?s=96&d=mm&r=g\",\"caption\":\"prensa\"},\"url\":\"https:\\\/\\\/www.aguarda.es\\\/en\\\/author\\\/prensa\\\/\"}]}<\/script>\n<!-- \/ Yoast SEO plugin. -->","yoast_head_json":{"title":"A Guarda presenta o ciclo de conferencias e exposici\u00f3ns \"Franco e o desarrollismo. Aspectos de pol\u00edtica educativa\" - Concello da Guarda","robots":{"index":"index","follow":"follow","max-snippet":"max-snippet:-1","max-image-preview":"max-image-preview:large","max-video-preview":"max-video-preview:-1"},"canonical":"https:\/\/www.aguarda.es\/en\/a-guarda-presenta-o-ciclo-de-conferencias-e-exposicions-franco-e-o-desarrollismo-aspectos-de-politica-educativa\/","og_locale":"en_US","og_type":"article","og_title":"A Guarda presenta o ciclo de conferencias e exposici\u00f3ns \"Franco e o desarrollismo. Aspectos de pol\u00edtica educativa\" - Concello da Guarda","og_description":"O mes de setembro arranca en A Guarda cunha proposta arredor da educaci\u00f3n, a cultura e a historia contempor\u00e1nea: o ciclo de conferencias e exposici\u00f3ns \u201cFranco e o desarrollismo. Aspectos de pol\u00edtica educativa\u201d. O programa, organizado polo grupo de investigaci\u00f3n &hellip;","og_url":"https:\/\/www.aguarda.es\/en\/a-guarda-presenta-o-ciclo-de-conferencias-e-exposicions-franco-e-o-desarrollismo-aspectos-de-politica-educativa\/","og_site_name":"Concello da Guarda","article_publisher":"https:\/\/www.facebook.com\/ConcellodaGuarda","article_published_time":"2026-09-01T08:14:36+00:00","og_image":[{"width":724,"height":1024,"url":"https:\/\/www.aguarda.es\/wp-content\/uploads\/2026\/09\/CICLO-DE-CONFERENCIAS-E-EXPOSICIONS-FRANCO-E-O-DESARROLLISMO-724x1024.png","type":"image\/png"}],"author":"prensa","twitter_card":"summary_large_image","twitter_creator":"@AGuarda_es","twitter_site":"@AGuarda_es","twitter_misc":{"Written by":"prensa","Est. reading time":"3 minutes"},"schema":{"@context":"https:\/\/schema.org","@graph":[{"@type":"Article","@id":"https:\/\/www.aguarda.es\/en\/a-guarda-presenta-o-ciclo-de-conferencias-e-exposicions-franco-e-o-desarrollismo-aspectos-de-politica-educativa\/#article","isPartOf":{"@id":"https:\/\/www.aguarda.es\/en\/a-guarda-presenta-o-ciclo-de-conferencias-e-exposicions-franco-e-o-desarrollismo-aspectos-de-politica-educativa\/"},"author":{"name":"prensa","@id":"https:\/\/www.aguarda.es\/en\/#\/schema\/person\/c463ca3006858ffb349d11179d044f21"},"headline":"A Guarda presenta o ciclo de conferencias e exposici\u00f3ns &#8220;Franco e o desarrollismo. Aspectos de pol\u00edtica educativa&#8221;","datePublished":"2026-09-01T08:14:36+00:00","mainEntityOfPage":{"@id":"https:\/\/www.aguarda.es\/en\/a-guarda-presenta-o-ciclo-de-conferencias-e-exposicions-franco-e-o-desarrollismo-aspectos-de-politica-educativa\/"},"wordCount":472,"image":{"@id":"https:\/\/www.aguarda.es\/en\/a-guarda-presenta-o-ciclo-de-conferencias-e-exposicions-franco-e-o-desarrollismo-aspectos-de-politica-educativa\/#primaryimage"},"thumbnailUrl":"https:\/\/www.aguarda.es\/wp-content\/uploads\/2026\/09\/CICLO-DE-CONFERENCIAS-E-EXPOSICIONS-FRANCO-E-O-DESARROLLISMO.png","articleSection":["Cultura"],"inLanguage":"en-US"},{"@type":"WebPage","@id":"https:\/\/www.aguarda.es\/en\/a-guarda-presenta-o-ciclo-de-conferencias-e-exposicions-franco-e-o-desarrollismo-aspectos-de-politica-educativa\/","url":"https:\/\/www.aguarda.es\/en\/a-guarda-presenta-o-ciclo-de-conferencias-e-exposicions-franco-e-o-desarrollismo-aspectos-de-politica-educativa\/","name":"A Guarda presenta o ciclo de conferencias e exposici\u00f3ns \"Franco e o desarrollismo. Aspectos de pol\u00edtica educativa\" - Concello da Guarda","isPartOf":{"@id":"https:\/\/www.aguarda.es\/en\/#website"},"primaryImageOfPage":{"@id":"https:\/\/www.aguarda.es\/en\/a-guarda-presenta-o-ciclo-de-conferencias-e-exposicions-franco-e-o-desarrollismo-aspectos-de-politica-educativa\/#primaryimage"},"image":{"@id":"https:\/\/www.aguarda.es\/en\/a-guarda-presenta-o-ciclo-de-conferencias-e-exposicions-franco-e-o-desarrollismo-aspectos-de-politica-educativa\/#primaryimage"},"thumbnailUrl":"https:\/\/www.aguarda.es\/wp-content\/uploads\/2026\/09\/CICLO-DE-CONFERENCIAS-E-EXPOSICIONS-FRANCO-E-O-DESARROLLISMO.png","datePublished":"2026-09-01T08:14:36+00:00","author":{"@id":"https:\/\/www.aguarda.es\/en\/#\/schema\/person\/c463ca3006858ffb349d11179d044f21"},"breadcrumb":{"@id":"https:\/\/www.aguarda.es\/en\/a-guarda-presenta-o-ciclo-de-conferencias-e-exposicions-franco-e-o-desarrollismo-aspectos-de-politica-educativa\/#breadcrumb"},"inLanguage":"en-US","potentialAction":[{"@type":"ReadAction","target":["https:\/\/www.aguarda.es\/en\/a-guarda-presenta-o-ciclo-de-conferencias-e-exposicions-franco-e-o-desarrollismo-aspectos-de-politica-educativa\/"]}]},{"@type":"ImageObject","inLanguage":"en-US","@id":"https:\/\/www.aguarda.es\/en\/a-guarda-presenta-o-ciclo-de-conferencias-e-exposicions-franco-e-o-desarrollismo-aspectos-de-politica-educativa\/#primaryimage","url":"https:\/\/www.aguarda.es\/wp-content\/uploads\/2026\/09\/CICLO-DE-CONFERENCIAS-E-EXPOSICIONS-FRANCO-E-O-DESARROLLISMO.png","contentUrl":"https:\/\/www.aguarda.es\/wp-content\/uploads\/2026\/09\/CICLO-DE-CONFERENCIAS-E-EXPOSICIONS-FRANCO-E-O-DESARROLLISMO.png","width":1414,"height":2000},{"@type":"BreadcrumbList","@id":"https:\/\/www.aguarda.es\/en\/a-guarda-presenta-o-ciclo-de-conferencias-e-exposicions-franco-e-o-desarrollismo-aspectos-de-politica-educativa\/#breadcrumb","itemListElement":[{"@type":"ListItem","position":1,"name":"Portada","item":"https:\/\/www.aguarda.es\/en\/"},{"@type":"ListItem","position":2,"name":"A Guarda presenta o ciclo de conferencias e exposici\u00f3ns &#8220;Franco e o desarrollismo. Aspectos de pol\u00edtica educativa&#8221;"}]},{"@type":"WebSite","@id":"https:\/\/www.aguarda.es\/en\/#website","url":"https:\/\/www.aguarda.es\/en\/","name":"Concello da Guarda","description":"P\u00e1xina web do concello da Guarda","potentialAction":[{"@type":"SearchAction","target":{"@type":"EntryPoint","urlTemplate":"https:\/\/www.aguarda.es\/en\/?s={search_term_string}"},"query-input":{"@type":"PropertyValueSpecification","valueRequired":true,"valueName":"search_term_string"}}],"inLanguage":"en-US"},{"@type":"Person","@id":"https:\/\/www.aguarda.es\/en\/#\/schema\/person\/c463ca3006858ffb349d11179d044f21","name":"prensa","image":{"@type":"ImageObject","inLanguage":"en-US","@id":"https:\/\/secure.gravatar.com\/avatar\/387e117f874ba5d0a3439060b45d914395d77287b2e4890a49d1599fc3ef9189?s=96&d=mm&r=g","url":"https:\/\/secure.gravatar.com\/avatar\/387e117f874ba5d0a3439060b45d914395d77287b2e4890a49d1599fc3ef9189?s=96&d=mm&r=g","contentUrl":"https:\/\/secure.gravatar.com\/avatar\/387e117f874ba5d0a3439060b45d914395d77287b2e4890a49d1599fc3ef9189?s=96&d=mm&r=g","caption":"prensa"},"url":"https:\/\/www.aguarda.es\/en\/author\/prensa\/"}]}},"_links":{"self":[{"href":"https:\/\/www.aguarda.es\/en\/wp-json\/wp\/v2\/posts\/35428","targetHints":{"allow":["GET"]}}],"collection":[{"href":"https:\/\/www.aguarda.es\/en\/wp-json\/wp\/v2\/posts"}],"about":[{"href":"https:\/\/www.aguarda.es\/en\/wp-json\/wp\/v2\/types\/post"}],"author":[{"embeddable":true,"href":"https:\/\/www.aguarda.es\/en\/wp-json\/wp\/v2\/users\/2"}],"replies":[{"embeddable":true,"href":"https:\/\/www.aguarda.es\/en\/wp-json\/wp\/v2\/comments?post=35428"}],"version-history":[{"count":1,"href":"https:\/\/www.aguarda.es\/en\/wp-json\/wp\/v2\/posts\/35428\/revisions"}],"predecessor-version":[{"id":35430,"href":"https:\/\/www.aguarda.es\/en\/wp-json\/wp\/v2\/posts\/35428\/revisions\/35430"}],"wp:featuredmedia":[{"embeddable":true,"href":"https:\/\/www.aguarda.es\/en\/wp-json\/wp\/v2\/media\/35429"}],"wp:attachment":[{"href":"https:\/\/www.aguarda.es\/en\/wp-json\/wp\/v2\/media?parent=35428"}],"wp:term":[{"taxonomy":"category","embeddable":true,"href":"https:\/\/www.aguarda.es\/en\/wp-json\/wp\/v2\/categories?post=35428"},{"taxonomy":"post_tag","embeddable":true,"href":"https:\/\/www.aguarda.es\/en\/wp-json\/wp\/v2\/tags?post=35428"}],"curies":[{"name":"wp","href":"https:\/\/api.w.org\/{rel}","templated":true}]}}