{"id":35437,"date":"2026-09-04T10:52:08","date_gmt":"2026-09-04T10:52:08","guid":{"rendered":"https:\/\/www.aguarda.es\/?p=35437"},"modified":"2026-09-04T10:52:08","modified_gmt":"2026-09-04T10:52:08","slug":"a-biblioteca-publica-municipal-da-guarda-ampliara-e-actualizara-os-seus-fondos-bibliograficos","status":"publish","type":"post","link":"https:\/\/www.aguarda.es\/en\/a-biblioteca-publica-municipal-da-guarda-ampliara-e-actualizara-os-seus-fondos-bibliograficos\/","title":{"rendered":"A Biblioteca P\u00fablica Municipal da Guarda ampliar\u00e1 e actualizar\u00e1 os seus fondos bibliogr\u00e1ficos"},"content":{"rendered":"<p>A Biblioteca P\u00fablica Municipal da Guarda continuar\u00e1 avanzando na mellora e actualizaci\u00f3n dos seus fondos bibliogr\u00e1ficos grazas \u00e1 concesi\u00f3n de d\u00faas subvenci\u00f3ns da Conseller\u00eda de Cultura, Lingua e Xuventude da Xunta de Galicia, por un importe total de 3.151,54 euros.<\/p>\n<p>En concreto, a Biblioteca foi beneficiaria de 1.084,47 euros correspondentes ao Programa A, destinado \u00e1 adquisici\u00f3n de novidades editoriais. Esta li\u00f1a de axudas ten como finalidade facilitar que as bibliotecas p\u00fablicas e\/ou axencias de lectura poidan po\u00f1er \u00e1 disposici\u00f3n das s\u00faas persoas usuarias as novidades editoriais en galego no momento da s\u00faa entrada no mercado, mediante a adquisici\u00f3n de libros en formato f\u00edsico.<\/p>\n<p>A esta cont\u00eda s\u00famanse os 2.067,07 euros do Programa B, dirixido \u00e1 mellora das colecci\u00f3ns bibliogr\u00e1ficas das bibliotecas p\u00fablicas e\/ou axencias de lectura. Esta subvenci\u00f3n permitir\u00e1 actualizar e ampliar os fondos existentes, contribu\u00edndo a ofrecer unha colecci\u00f3n m\u00e1is completa, diversificada e actual e facilitando ao persoal t\u00e9cnico bibliotecario a mellora do servizo que se presta \u00e1 cidadan\u00eda.<\/p>\n<p>Os libros adquiridos ao abeiro destas subvenci\u00f3ns iranse incorporando progresivamente ao cat\u00e1logo da Biblioteca P\u00fablica Municipal da Guarda. Antes de ser postos \u00e1 disposici\u00f3n das persoas usuarias, os exemplares deber\u00e1n completar o correspondente proceso t\u00e9cnico de catalogaci\u00f3n, clasificaci\u00f3n e preparaci\u00f3n, polo que a s\u00faa incorporaci\u00f3n \u00e1 colecci\u00f3n ser\u00e1 gradual.<\/p>\n<p>Con esta nova adquisici\u00f3n de fondos, a Biblioteca P\u00fablica Municipal da Guarda contin\u00faa avanzando na actualizaci\u00f3n da s\u00faa colecci\u00f3n e no fomento da lectura, facilitando o acceso da veci\u00f1anza a novos t\u00edtulos e contribu\u00edndo \u00e1 promoci\u00f3n da lectura e da cultura galega.<\/p>\n","protected":false},"excerpt":{"rendered":"<p>A Biblioteca P\u00fablica Municipal da Guarda continuar\u00e1 avanzando na mellora e actualizaci\u00f3n dos seus fondos bibliogr\u00e1ficos grazas \u00e1 concesi\u00f3n de d\u00faas subvenci\u00f3ns da Conseller\u00eda de Cultura, Lingua e Xuventude da Xunta de Galicia, por un importe total de 3.151,54 euros. &hellip; <\/p>\n","protected":false},"author":2,"featured_media":35438,"comment_status":"closed","ping_status":"closed","sticky":false,"template":"","format":"standard","meta":{"inline_featured_image":false,"footnotes":""},"categories":[33],"tags":[],"class_list":["post-35437","post","type-post","status-publish","format-standard","has-post-thumbnail","hentry","category-novas-xerais"],"yoast_head":"<!-- This site is optimized with the Yoast SEO plugin v28.4 - https:\/\/yoast.com\/product\/yoast-seo-wordpress\/ -->\n<title>A Biblioteca P\u00fablica Municipal da Guarda ampliar\u00e1 e actualizar\u00e1 os seus fondos bibliogr\u00e1ficos - Concello da Guarda<\/title>\n<meta name=\"robots\" content=\"index, follow, max-snippet:-1, max-image-preview:large, max-video-preview:-1\" \/>\n<link rel=\"canonical\" href=\"https:\/\/www.aguarda.es\/en\/a-biblioteca-publica-municipal-da-guarda-ampliara-e-actualizara-os-seus-fondos-bibliograficos\/\" \/>\n<meta property=\"og:locale\" content=\"en_US\" \/>\n<meta property=\"og:type\" content=\"article\" \/>\n<meta property=\"og:title\" content=\"A Biblioteca P\u00fablica Municipal da Guarda ampliar\u00e1 e actualizar\u00e1 os seus fondos bibliogr\u00e1ficos - Concello da Guarda\" \/>\n<meta property=\"og:description\" content=\"A Biblioteca P\u00fablica Municipal da Guarda continuar\u00e1 avanzando na mellora e actualizaci\u00f3n dos seus fondos bibliogr\u00e1ficos grazas \u00e1 concesi\u00f3n de d\u00faas subvenci\u00f3ns da Conseller\u00eda de Cultura, Lingua e Xuventude da Xunta de Galicia, por un importe total de 3.151,54 euros. &hellip;\" \/>\n<meta property=\"og:url\" content=\"https:\/\/www.aguarda.es\/en\/a-biblioteca-publica-municipal-da-guarda-ampliara-e-actualizara-os-seus-fondos-bibliograficos\/\" \/>\n<meta property=\"og:site_name\" content=\"Concello da Guarda\" \/>\n<meta property=\"article:publisher\" content=\"https:\/\/www.facebook.com\/ConcellodaGuarda\" \/>\n<meta property=\"article:published_time\" content=\"2026-09-04T10:52:08+00:00\" \/>\n<meta property=\"og:image\" content=\"https:\/\/www.aguarda.es\/wp-content\/uploads\/2026\/09\/BIBLIOTECA-DA-GUARDA.jpg?_t=1788519128\" \/>\n\t<meta property=\"og:image:width\" content=\"2048\" \/>\n\t<meta property=\"og:image:height\" content=\"1414\" \/>\n\t<meta property=\"og:image:type\" content=\"image\/jpeg\" \/>\n<meta name=\"author\" content=\"prensa\" \/>\n<meta name=\"twitter:card\" content=\"summary_large_image\" \/>\n<meta name=\"twitter:creator\" content=\"@AGuarda_es\" \/>\n<meta name=\"twitter:site\" content=\"@AGuarda_es\" \/>\n<meta name=\"twitter:label1\" content=\"Written by\" \/>\n\t<meta name=\"twitter:data1\" content=\"prensa\" \/>\n\t<meta name=\"twitter:label2\" content=\"Est. reading time\" \/>\n\t<meta name=\"twitter:data2\" content=\"2 minutes\" \/>\n<script type=\"application\/ld+json\" class=\"yoast-schema-graph\">{\"@context\":\"https:\\\/\\\/schema.org\",\"@graph\":[{\"@type\":\"Article\",\"@id\":\"https:\\\/\\\/www.aguarda.es\\\/en\\\/a-biblioteca-publica-municipal-da-guarda-ampliara-e-actualizara-os-seus-fondos-bibliograficos\\\/#article\",\"isPartOf\":{\"@id\":\"https:\\\/\\\/www.aguarda.es\\\/en\\\/a-biblioteca-publica-municipal-da-guarda-ampliara-e-actualizara-os-seus-fondos-bibliograficos\\\/\"},\"author\":{\"name\":\"prensa\",\"@id\":\"https:\\\/\\\/www.aguarda.es\\\/en\\\/#\\\/schema\\\/person\\\/c463ca3006858ffb349d11179d044f21\"},\"headline\":\"A Biblioteca P\u00fablica Municipal da Guarda ampliar\u00e1 e actualizar\u00e1 os seus fondos bibliogr\u00e1ficos\",\"datePublished\":\"2026-09-04T10:52:08+00:00\",\"mainEntityOfPage\":{\"@id\":\"https:\\\/\\\/www.aguarda.es\\\/en\\\/a-biblioteca-publica-municipal-da-guarda-ampliara-e-actualizara-os-seus-fondos-bibliograficos\\\/\"},\"wordCount\":306,\"image\":{\"@id\":\"https:\\\/\\\/www.aguarda.es\\\/en\\\/a-biblioteca-publica-municipal-da-guarda-ampliara-e-actualizara-os-seus-fondos-bibliograficos\\\/#primaryimage\"},\"thumbnailUrl\":\"https:\\\/\\\/www.aguarda.es\\\/wp-content\\\/uploads\\\/2026\\\/09\\\/BIBLIOTECA-DA-GUARDA.jpg\",\"articleSection\":[\"Xerais\"],\"inLanguage\":\"en-US\"},{\"@type\":\"WebPage\",\"@id\":\"https:\\\/\\\/www.aguarda.es\\\/en\\\/a-biblioteca-publica-municipal-da-guarda-ampliara-e-actualizara-os-seus-fondos-bibliograficos\\\/\",\"url\":\"https:\\\/\\\/www.aguarda.es\\\/en\\\/a-biblioteca-publica-municipal-da-guarda-ampliara-e-actualizara-os-seus-fondos-bibliograficos\\\/\",\"name\":\"A Biblioteca P\u00fablica Municipal da Guarda ampliar\u00e1 e actualizar\u00e1 os seus fondos bibliogr\u00e1ficos - Concello da Guarda\",\"isPartOf\":{\"@id\":\"https:\\\/\\\/www.aguarda.es\\\/en\\\/#website\"},\"primaryImageOfPage\":{\"@id\":\"https:\\\/\\\/www.aguarda.es\\\/en\\\/a-biblioteca-publica-municipal-da-guarda-ampliara-e-actualizara-os-seus-fondos-bibliograficos\\\/#primaryimage\"},\"image\":{\"@id\":\"https:\\\/\\\/www.aguarda.es\\\/en\\\/a-biblioteca-publica-municipal-da-guarda-ampliara-e-actualizara-os-seus-fondos-bibliograficos\\\/#primaryimage\"},\"thumbnailUrl\":\"https:\\\/\\\/www.aguarda.es\\\/wp-content\\\/uploads\\\/2026\\\/09\\\/BIBLIOTECA-DA-GUARDA.jpg\",\"datePublished\":\"2026-09-04T10:52:08+00:00\",\"author\":{\"@id\":\"https:\\\/\\\/www.aguarda.es\\\/en\\\/#\\\/schema\\\/person\\\/c463ca3006858ffb349d11179d044f21\"},\"breadcrumb\":{\"@id\":\"https:\\\/\\\/www.aguarda.es\\\/en\\\/a-biblioteca-publica-municipal-da-guarda-ampliara-e-actualizara-os-seus-fondos-bibliograficos\\\/#breadcrumb\"},\"inLanguage\":\"en-US\",\"potentialAction\":[{\"@type\":\"ReadAction\",\"target\":[\"https:\\\/\\\/www.aguarda.es\\\/en\\\/a-biblioteca-publica-municipal-da-guarda-ampliara-e-actualizara-os-seus-fondos-bibliograficos\\\/\"]}]},{\"@type\":\"ImageObject\",\"inLanguage\":\"en-US\",\"@id\":\"https:\\\/\\\/www.aguarda.es\\\/en\\\/a-biblioteca-publica-municipal-da-guarda-ampliara-e-actualizara-os-seus-fondos-bibliograficos\\\/#primaryimage\",\"url\":\"https:\\\/\\\/www.aguarda.es\\\/wp-content\\\/uploads\\\/2026\\\/09\\\/BIBLIOTECA-DA-GUARDA.jpg\",\"contentUrl\":\"https:\\\/\\\/www.aguarda.es\\\/wp-content\\\/uploads\\\/2026\\\/09\\\/BIBLIOTECA-DA-GUARDA.jpg\",\"width\":2048,\"height\":1414},{\"@type\":\"BreadcrumbList\",\"@id\":\"https:\\\/\\\/www.aguarda.es\\\/en\\\/a-biblioteca-publica-municipal-da-guarda-ampliara-e-actualizara-os-seus-fondos-bibliograficos\\\/#breadcrumb\",\"itemListElement\":[{\"@type\":\"ListItem\",\"position\":1,\"name\":\"Portada\",\"item\":\"https:\\\/\\\/www.aguarda.es\\\/en\\\/\"},{\"@type\":\"ListItem\",\"position\":2,\"name\":\"A Biblioteca P\u00fablica Municipal da Guarda ampliar\u00e1 e actualizar\u00e1 os seus fondos bibliogr\u00e1ficos\"}]},{\"@type\":\"WebSite\",\"@id\":\"https:\\\/\\\/www.aguarda.es\\\/en\\\/#website\",\"url\":\"https:\\\/\\\/www.aguarda.es\\\/en\\\/\",\"name\":\"Concello da Guarda\",\"description\":\"P\u00e1xina web do concello da Guarda\",\"potentialAction\":[{\"@type\":\"SearchAction\",\"target\":{\"@type\":\"EntryPoint\",\"urlTemplate\":\"https:\\\/\\\/www.aguarda.es\\\/en\\\/?s={search_term_string}\"},\"query-input\":{\"@type\":\"PropertyValueSpecification\",\"valueRequired\":true,\"valueName\":\"search_term_string\"}}],\"inLanguage\":\"en-US\"},{\"@type\":\"Person\",\"@id\":\"https:\\\/\\\/www.aguarda.es\\\/en\\\/#\\\/schema\\\/person\\\/c463ca3006858ffb349d11179d044f21\",\"name\":\"prensa\",\"image\":{\"@type\":\"ImageObject\",\"inLanguage\":\"en-US\",\"@id\":\"https:\\\/\\\/secure.gravatar.com\\\/avatar\\\/387e117f874ba5d0a3439060b45d914395d77287b2e4890a49d1599fc3ef9189?s=96&d=mm&r=g\",\"url\":\"https:\\\/\\\/secure.gravatar.com\\\/avatar\\\/387e117f874ba5d0a3439060b45d914395d77287b2e4890a49d1599fc3ef9189?s=96&d=mm&r=g\",\"contentUrl\":\"https:\\\/\\\/secure.gravatar.com\\\/avatar\\\/387e117f874ba5d0a3439060b45d914395d77287b2e4890a49d1599fc3ef9189?s=96&d=mm&r=g\",\"caption\":\"prensa\"},\"url\":\"https:\\\/\\\/www.aguarda.es\\\/en\\\/author\\\/prensa\\\/\"}]}<\/script>\n<!-- \/ Yoast SEO plugin. -->","yoast_head_json":{"title":"A Biblioteca P\u00fablica Municipal da Guarda ampliar\u00e1 e actualizar\u00e1 os seus fondos bibliogr\u00e1ficos - Concello da Guarda","robots":{"index":"index","follow":"follow","max-snippet":"max-snippet:-1","max-image-preview":"max-image-preview:large","max-video-preview":"max-video-preview:-1"},"canonical":"https:\/\/www.aguarda.es\/en\/a-biblioteca-publica-municipal-da-guarda-ampliara-e-actualizara-os-seus-fondos-bibliograficos\/","og_locale":"en_US","og_type":"article","og_title":"A Biblioteca P\u00fablica Municipal da Guarda ampliar\u00e1 e actualizar\u00e1 os seus fondos bibliogr\u00e1ficos - Concello da Guarda","og_description":"A Biblioteca P\u00fablica Municipal da Guarda continuar\u00e1 avanzando na mellora e actualizaci\u00f3n dos seus fondos bibliogr\u00e1ficos grazas \u00e1 concesi\u00f3n de d\u00faas subvenci\u00f3ns da Conseller\u00eda de Cultura, Lingua e Xuventude da Xunta de Galicia, por un importe total de 3.151,54 euros. &hellip;","og_url":"https:\/\/www.aguarda.es\/en\/a-biblioteca-publica-municipal-da-guarda-ampliara-e-actualizara-os-seus-fondos-bibliograficos\/","og_site_name":"Concello da Guarda","article_publisher":"https:\/\/www.facebook.com\/ConcellodaGuarda","article_published_time":"2026-09-04T10:52:08+00:00","og_image":[{"width":2048,"height":1414,"url":"https:\/\/www.aguarda.es\/wp-content\/uploads\/2026\/09\/BIBLIOTECA-DA-GUARDA.jpg?_t=1788519128","type":"image\/jpeg"}],"author":"prensa","twitter_card":"summary_large_image","twitter_creator":"@AGuarda_es","twitter_site":"@AGuarda_es","twitter_misc":{"Written by":"prensa","Est. reading time":"2 minutes"},"schema":{"@context":"https:\/\/schema.org","@graph":[{"@type":"Article","@id":"https:\/\/www.aguarda.es\/en\/a-biblioteca-publica-municipal-da-guarda-ampliara-e-actualizara-os-seus-fondos-bibliograficos\/#article","isPartOf":{"@id":"https:\/\/www.aguarda.es\/en\/a-biblioteca-publica-municipal-da-guarda-ampliara-e-actualizara-os-seus-fondos-bibliograficos\/"},"author":{"name":"prensa","@id":"https:\/\/www.aguarda.es\/en\/#\/schema\/person\/c463ca3006858ffb349d11179d044f21"},"headline":"A Biblioteca P\u00fablica Municipal da Guarda ampliar\u00e1 e actualizar\u00e1 os seus fondos bibliogr\u00e1ficos","datePublished":"2026-09-04T10:52:08+00:00","mainEntityOfPage":{"@id":"https:\/\/www.aguarda.es\/en\/a-biblioteca-publica-municipal-da-guarda-ampliara-e-actualizara-os-seus-fondos-bibliograficos\/"},"wordCount":306,"image":{"@id":"https:\/\/www.aguarda.es\/en\/a-biblioteca-publica-municipal-da-guarda-ampliara-e-actualizara-os-seus-fondos-bibliograficos\/#primaryimage"},"thumbnailUrl":"https:\/\/www.aguarda.es\/wp-content\/uploads\/2026\/09\/BIBLIOTECA-DA-GUARDA.jpg","articleSection":["Xerais"],"inLanguage":"en-US"},{"@type":"WebPage","@id":"https:\/\/www.aguarda.es\/en\/a-biblioteca-publica-municipal-da-guarda-ampliara-e-actualizara-os-seus-fondos-bibliograficos\/","url":"https:\/\/www.aguarda.es\/en\/a-biblioteca-publica-municipal-da-guarda-ampliara-e-actualizara-os-seus-fondos-bibliograficos\/","name":"A Biblioteca P\u00fablica Municipal da Guarda ampliar\u00e1 e actualizar\u00e1 os seus fondos bibliogr\u00e1ficos - Concello da Guarda","isPartOf":{"@id":"https:\/\/www.aguarda.es\/en\/#website"},"primaryImageOfPage":{"@id":"https:\/\/www.aguarda.es\/en\/a-biblioteca-publica-municipal-da-guarda-ampliara-e-actualizara-os-seus-fondos-bibliograficos\/#primaryimage"},"image":{"@id":"https:\/\/www.aguarda.es\/en\/a-biblioteca-publica-municipal-da-guarda-ampliara-e-actualizara-os-seus-fondos-bibliograficos\/#primaryimage"},"thumbnailUrl":"https:\/\/www.aguarda.es\/wp-content\/uploads\/2026\/09\/BIBLIOTECA-DA-GUARDA.jpg","datePublished":"2026-09-04T10:52:08+00:00","author":{"@id":"https:\/\/www.aguarda.es\/en\/#\/schema\/person\/c463ca3006858ffb349d11179d044f21"},"breadcrumb":{"@id":"https:\/\/www.aguarda.es\/en\/a-biblioteca-publica-municipal-da-guarda-ampliara-e-actualizara-os-seus-fondos-bibliograficos\/#breadcrumb"},"inLanguage":"en-US","potentialAction":[{"@type":"ReadAction","target":["https:\/\/www.aguarda.es\/en\/a-biblioteca-publica-municipal-da-guarda-ampliara-e-actualizara-os-seus-fondos-bibliograficos\/"]}]},{"@type":"ImageObject","inLanguage":"en-US","@id":"https:\/\/www.aguarda.es\/en\/a-biblioteca-publica-municipal-da-guarda-ampliara-e-actualizara-os-seus-fondos-bibliograficos\/#primaryimage","url":"https:\/\/www.aguarda.es\/wp-content\/uploads\/2026\/09\/BIBLIOTECA-DA-GUARDA.jpg","contentUrl":"https:\/\/www.aguarda.es\/wp-content\/uploads\/2026\/09\/BIBLIOTECA-DA-GUARDA.jpg","width":2048,"height":1414},{"@type":"BreadcrumbList","@id":"https:\/\/www.aguarda.es\/en\/a-biblioteca-publica-municipal-da-guarda-ampliara-e-actualizara-os-seus-fondos-bibliograficos\/#breadcrumb","itemListElement":[{"@type":"ListItem","position":1,"name":"Portada","item":"https:\/\/www.aguarda.es\/en\/"},{"@type":"ListItem","position":2,"name":"A Biblioteca P\u00fablica Municipal da Guarda ampliar\u00e1 e actualizar\u00e1 os seus fondos bibliogr\u00e1ficos"}]},{"@type":"WebSite","@id":"https:\/\/www.aguarda.es\/en\/#website","url":"https:\/\/www.aguarda.es\/en\/","name":"Concello da Guarda","description":"P\u00e1xina web do concello da Guarda","potentialAction":[{"@type":"SearchAction","target":{"@type":"EntryPoint","urlTemplate":"https:\/\/www.aguarda.es\/en\/?s={search_term_string}"},"query-input":{"@type":"PropertyValueSpecification","valueRequired":true,"valueName":"search_term_string"}}],"inLanguage":"en-US"},{"@type":"Person","@id":"https:\/\/www.aguarda.es\/en\/#\/schema\/person\/c463ca3006858ffb349d11179d044f21","name":"prensa","image":{"@type":"ImageObject","inLanguage":"en-US","@id":"https:\/\/secure.gravatar.com\/avatar\/387e117f874ba5d0a3439060b45d914395d77287b2e4890a49d1599fc3ef9189?s=96&d=mm&r=g","url":"https:\/\/secure.gravatar.com\/avatar\/387e117f874ba5d0a3439060b45d914395d77287b2e4890a49d1599fc3ef9189?s=96&d=mm&r=g","contentUrl":"https:\/\/secure.gravatar.com\/avatar\/387e117f874ba5d0a3439060b45d914395d77287b2e4890a49d1599fc3ef9189?s=96&d=mm&r=g","caption":"prensa"},"url":"https:\/\/www.aguarda.es\/en\/author\/prensa\/"}]}},"_links":{"self":[{"href":"https:\/\/www.aguarda.es\/en\/wp-json\/wp\/v2\/posts\/35437","targetHints":{"allow":["GET"]}}],"collection":[{"href":"https:\/\/www.aguarda.es\/en\/wp-json\/wp\/v2\/posts"}],"about":[{"href":"https:\/\/www.aguarda.es\/en\/wp-json\/wp\/v2\/types\/post"}],"author":[{"embeddable":true,"href":"https:\/\/www.aguarda.es\/en\/wp-json\/wp\/v2\/users\/2"}],"replies":[{"embeddable":true,"href":"https:\/\/www.aguarda.es\/en\/wp-json\/wp\/v2\/comments?post=35437"}],"version-history":[{"count":1,"href":"https:\/\/www.aguarda.es\/en\/wp-json\/wp\/v2\/posts\/35437\/revisions"}],"predecessor-version":[{"id":35439,"href":"https:\/\/www.aguarda.es\/en\/wp-json\/wp\/v2\/posts\/35437\/revisions\/35439"}],"wp:featuredmedia":[{"embeddable":true,"href":"https:\/\/www.aguarda.es\/en\/wp-json\/wp\/v2\/media\/35438"}],"wp:attachment":[{"href":"https:\/\/www.aguarda.es\/en\/wp-json\/wp\/v2\/media?parent=35437"}],"wp:term":[{"taxonomy":"category","embeddable":true,"href":"https:\/\/www.aguarda.es\/en\/wp-json\/wp\/v2\/categories?post=35437"},{"taxonomy":"post_tag","embeddable":true,"href":"https:\/\/www.aguarda.es\/en\/wp-json\/wp\/v2\/tags?post=35437"}],"curies":[{"name":"wp","href":"https:\/\/api.w.org\/{rel}","templated":true}]}}