{"id":35443,"date":"2026-09-02T11:52:29","date_gmt":"2026-09-02T11:52:29","guid":{"rendered":"https:\/\/www.aguarda.es\/?p=35443"},"modified":"2026-09-04T11:54:10","modified_gmt":"2026-09-04T11:54:10","slug":"o-concello-da-guarda-e-a-asociacion-piueiro-habilitan-novas-datas-para-as-saidas-de-navegacion-no-volanteiro-piueiro","status":"publish","type":"post","link":"https:\/\/www.aguarda.es\/en\/o-concello-da-guarda-e-a-asociacion-piueiro-habilitan-novas-datas-para-as-saidas-de-navegacion-no-volanteiro-piueiro\/","title":{"rendered":"O Concello da Guarda e a Asociaci\u00f3n Piueiro habilitan novas datas para as sa\u00eddas de navegaci\u00f3n no Volanteiro Piueiro"},"content":{"rendered":"<p>O Concello da Guarda e a Asociaci\u00f3n Piueiro habilitaron novas datas para as sa\u00eddas gratu\u00edtas de navegaci\u00f3n a bordo do Volanteiro Piueiro, despois de que varias das xornadas inicialmente previstas tiveran que ser adiadas debido \u00e1s condici\u00f3ns meteorol\u00f3xicas adversas.<\/p>\n<p>As novas sa\u00eddas ter\u00e1n lugar os d\u00edas xoves 3 e s\u00e1bado 5 de setembro, dando as\u00ed continuidade a esta actividade que permite achegar \u00e1 veci\u00f1anza e \u00e1s persoas visitantes a tradici\u00f3n mari\u00f1eira da Guarda e co\u00f1ecer de primeira man esta embarcaci\u00f3n tradicional.<\/p>\n<p>As prazas son limitadas e a actividade \u00e9 totalmente gratu\u00edta, sendo necesaria a inscrici\u00f3n previa na Oficina de Turismo da Guarda, situada na Praza do Rel\u00f3. As inscrici\u00f3ns poden realizarse de martes a s\u00e1bado, de 10:00 a 14:00 e de 16:30 a 18:30 horas, e permanecer\u00e1n abertas ata completar as prazas dispo\u00f1ibles.<\/p>\n<p>Cada persoa poder\u00e1 inscribir ata un m\u00e1ximo de catro participantes, ag\u00e1s no caso de unidades familiares. Por motivos de organizaci\u00f3n e seguridade, establ\u00e9cese unha idade m\u00ednima de 10 anos para participar na actividade.<\/p>\n<p>O punto de encontro ser\u00e1 no Peirao do Porto, nas escaleiras do muelle alto, 15 minutos antes da hora prevista para cada sa\u00edda. Cada traves\u00eda ter\u00e1 unha duraci\u00f3n aproximada de 45 minutos.<\/p>\n","protected":false},"excerpt":{"rendered":"<p>O Concello da Guarda e a Asociaci\u00f3n Piueiro habilitaron novas datas para as sa\u00eddas gratu\u00edtas de navegaci\u00f3n a bordo do Volanteiro Piueiro, despois de que varias das xornadas inicialmente previstas tiveran que ser adiadas debido \u00e1s condici\u00f3ns meteorol\u00f3xicas adversas. As &hellip; <\/p>\n","protected":false},"author":2,"featured_media":35444,"comment_status":"closed","ping_status":"closed","sticky":false,"template":"","format":"standard","meta":{"inline_featured_image":false,"footnotes":""},"categories":[56],"tags":[],"class_list":["post-35443","post","type-post","status-publish","format-standard","has-post-thumbnail","hentry","category-turismo"],"yoast_head":"<!-- This site is optimized with the Yoast SEO plugin v28.4 - https:\/\/yoast.com\/product\/yoast-seo-wordpress\/ -->\n<title>O Concello da Guarda e a Asociaci\u00f3n Piueiro habilitan novas datas para as sa\u00eddas de navegaci\u00f3n no Volanteiro Piueiro - Concello da Guarda<\/title>\n<meta name=\"robots\" content=\"index, follow, max-snippet:-1, max-image-preview:large, max-video-preview:-1\" \/>\n<link rel=\"canonical\" href=\"https:\/\/www.aguarda.es\/en\/o-concello-da-guarda-e-a-asociacion-piueiro-habilitan-novas-datas-para-as-saidas-de-navegacion-no-volanteiro-piueiro\/\" \/>\n<meta property=\"og:locale\" content=\"en_US\" \/>\n<meta property=\"og:type\" content=\"article\" \/>\n<meta property=\"og:title\" content=\"O Concello da Guarda e a Asociaci\u00f3n Piueiro habilitan novas datas para as sa\u00eddas de navegaci\u00f3n no Volanteiro Piueiro - Concello da Guarda\" \/>\n<meta property=\"og:description\" content=\"O Concello da Guarda e a Asociaci\u00f3n Piueiro habilitaron novas datas para as sa\u00eddas gratu\u00edtas de navegaci\u00f3n a bordo do Volanteiro Piueiro, despois de que varias das xornadas inicialmente previstas tiveran que ser adiadas debido \u00e1s condici\u00f3ns meteorol\u00f3xicas adversas. As &hellip;\" \/>\n<meta property=\"og:url\" content=\"https:\/\/www.aguarda.es\/en\/o-concello-da-guarda-e-a-asociacion-piueiro-habilitan-novas-datas-para-as-saidas-de-navegacion-no-volanteiro-piueiro\/\" \/>\n<meta property=\"og:site_name\" content=\"Concello da Guarda\" \/>\n<meta property=\"article:publisher\" content=\"https:\/\/www.facebook.com\/ConcellodaGuarda\" \/>\n<meta property=\"article:published_time\" content=\"2026-09-02T11:52:29+00:00\" \/>\n<meta property=\"article:modified_time\" content=\"2026-09-04T11:54:10+00:00\" \/>\n<meta property=\"og:image\" content=\"https:\/\/www.aguarda.es\/wp-content\/uploads\/2026\/09\/790226601_911256048325984_2076617725164357333_n.jpg?_t=1788522850\" \/>\n\t<meta property=\"og:image:width\" content=\"1080\" \/>\n\t<meta property=\"og:image:height\" content=\"1350\" \/>\n\t<meta property=\"og:image:type\" content=\"image\/jpeg\" \/>\n<meta name=\"author\" content=\"prensa\" \/>\n<meta name=\"twitter:card\" content=\"summary_large_image\" \/>\n<meta name=\"twitter:creator\" content=\"@AGuarda_es\" \/>\n<meta name=\"twitter:site\" content=\"@AGuarda_es\" \/>\n<meta name=\"twitter:label1\" content=\"Written by\" \/>\n\t<meta name=\"twitter:data1\" content=\"prensa\" \/>\n\t<meta name=\"twitter:label2\" content=\"Est. reading time\" \/>\n\t<meta name=\"twitter:data2\" content=\"2 minutes\" \/>\n<script type=\"application\/ld+json\" class=\"yoast-schema-graph\">{\"@context\":\"https:\\\/\\\/schema.org\",\"@graph\":[{\"@type\":\"Article\",\"@id\":\"https:\\\/\\\/www.aguarda.es\\\/en\\\/o-concello-da-guarda-e-a-asociacion-piueiro-habilitan-novas-datas-para-as-saidas-de-navegacion-no-volanteiro-piueiro\\\/#article\",\"isPartOf\":{\"@id\":\"https:\\\/\\\/www.aguarda.es\\\/en\\\/o-concello-da-guarda-e-a-asociacion-piueiro-habilitan-novas-datas-para-as-saidas-de-navegacion-no-volanteiro-piueiro\\\/\"},\"author\":{\"name\":\"prensa\",\"@id\":\"https:\\\/\\\/www.aguarda.es\\\/en\\\/#\\\/schema\\\/person\\\/c463ca3006858ffb349d11179d044f21\"},\"headline\":\"O Concello da Guarda e a Asociaci\u00f3n Piueiro habilitan novas datas para as sa\u00eddas de navegaci\u00f3n no Volanteiro Piueiro\",\"datePublished\":\"2026-09-02T11:52:29+00:00\",\"dateModified\":\"2026-09-04T11:54:10+00:00\",\"mainEntityOfPage\":{\"@id\":\"https:\\\/\\\/www.aguarda.es\\\/en\\\/o-concello-da-guarda-e-a-asociacion-piueiro-habilitan-novas-datas-para-as-saidas-de-navegacion-no-volanteiro-piueiro\\\/\"},\"wordCount\":238,\"image\":{\"@id\":\"https:\\\/\\\/www.aguarda.es\\\/en\\\/o-concello-da-guarda-e-a-asociacion-piueiro-habilitan-novas-datas-para-as-saidas-de-navegacion-no-volanteiro-piueiro\\\/#primaryimage\"},\"thumbnailUrl\":\"https:\\\/\\\/www.aguarda.es\\\/wp-content\\\/uploads\\\/2026\\\/09\\\/790226601_911256048325984_2076617725164357333_n.jpg\",\"articleSection\":[\"Turismo\"],\"inLanguage\":\"en-US\"},{\"@type\":\"WebPage\",\"@id\":\"https:\\\/\\\/www.aguarda.es\\\/en\\\/o-concello-da-guarda-e-a-asociacion-piueiro-habilitan-novas-datas-para-as-saidas-de-navegacion-no-volanteiro-piueiro\\\/\",\"url\":\"https:\\\/\\\/www.aguarda.es\\\/en\\\/o-concello-da-guarda-e-a-asociacion-piueiro-habilitan-novas-datas-para-as-saidas-de-navegacion-no-volanteiro-piueiro\\\/\",\"name\":\"O Concello da Guarda e a Asociaci\u00f3n Piueiro habilitan novas datas para as sa\u00eddas de navegaci\u00f3n no Volanteiro Piueiro - Concello da Guarda\",\"isPartOf\":{\"@id\":\"https:\\\/\\\/www.aguarda.es\\\/en\\\/#website\"},\"primaryImageOfPage\":{\"@id\":\"https:\\\/\\\/www.aguarda.es\\\/en\\\/o-concello-da-guarda-e-a-asociacion-piueiro-habilitan-novas-datas-para-as-saidas-de-navegacion-no-volanteiro-piueiro\\\/#primaryimage\"},\"image\":{\"@id\":\"https:\\\/\\\/www.aguarda.es\\\/en\\\/o-concello-da-guarda-e-a-asociacion-piueiro-habilitan-novas-datas-para-as-saidas-de-navegacion-no-volanteiro-piueiro\\\/#primaryimage\"},\"thumbnailUrl\":\"https:\\\/\\\/www.aguarda.es\\\/wp-content\\\/uploads\\\/2026\\\/09\\\/790226601_911256048325984_2076617725164357333_n.jpg\",\"datePublished\":\"2026-09-02T11:52:29+00:00\",\"dateModified\":\"2026-09-04T11:54:10+00:00\",\"author\":{\"@id\":\"https:\\\/\\\/www.aguarda.es\\\/en\\\/#\\\/schema\\\/person\\\/c463ca3006858ffb349d11179d044f21\"},\"breadcrumb\":{\"@id\":\"https:\\\/\\\/www.aguarda.es\\\/en\\\/o-concello-da-guarda-e-a-asociacion-piueiro-habilitan-novas-datas-para-as-saidas-de-navegacion-no-volanteiro-piueiro\\\/#breadcrumb\"},\"inLanguage\":\"en-US\",\"potentialAction\":[{\"@type\":\"ReadAction\",\"target\":[\"https:\\\/\\\/www.aguarda.es\\\/en\\\/o-concello-da-guarda-e-a-asociacion-piueiro-habilitan-novas-datas-para-as-saidas-de-navegacion-no-volanteiro-piueiro\\\/\"]}]},{\"@type\":\"ImageObject\",\"inLanguage\":\"en-US\",\"@id\":\"https:\\\/\\\/www.aguarda.es\\\/en\\\/o-concello-da-guarda-e-a-asociacion-piueiro-habilitan-novas-datas-para-as-saidas-de-navegacion-no-volanteiro-piueiro\\\/#primaryimage\",\"url\":\"https:\\\/\\\/www.aguarda.es\\\/wp-content\\\/uploads\\\/2026\\\/09\\\/790226601_911256048325984_2076617725164357333_n.jpg\",\"contentUrl\":\"https:\\\/\\\/www.aguarda.es\\\/wp-content\\\/uploads\\\/2026\\\/09\\\/790226601_911256048325984_2076617725164357333_n.jpg\",\"width\":1080,\"height\":1350},{\"@type\":\"BreadcrumbList\",\"@id\":\"https:\\\/\\\/www.aguarda.es\\\/en\\\/o-concello-da-guarda-e-a-asociacion-piueiro-habilitan-novas-datas-para-as-saidas-de-navegacion-no-volanteiro-piueiro\\\/#breadcrumb\",\"itemListElement\":[{\"@type\":\"ListItem\",\"position\":1,\"name\":\"Portada\",\"item\":\"https:\\\/\\\/www.aguarda.es\\\/en\\\/\"},{\"@type\":\"ListItem\",\"position\":2,\"name\":\"O Concello da Guarda e a Asociaci\u00f3n Piueiro habilitan novas datas para as sa\u00eddas de navegaci\u00f3n no Volanteiro Piueiro\"}]},{\"@type\":\"WebSite\",\"@id\":\"https:\\\/\\\/www.aguarda.es\\\/en\\\/#website\",\"url\":\"https:\\\/\\\/www.aguarda.es\\\/en\\\/\",\"name\":\"Concello da Guarda\",\"description\":\"P\u00e1xina web do concello da Guarda\",\"potentialAction\":[{\"@type\":\"SearchAction\",\"target\":{\"@type\":\"EntryPoint\",\"urlTemplate\":\"https:\\\/\\\/www.aguarda.es\\\/en\\\/?s={search_term_string}\"},\"query-input\":{\"@type\":\"PropertyValueSpecification\",\"valueRequired\":true,\"valueName\":\"search_term_string\"}}],\"inLanguage\":\"en-US\"},{\"@type\":\"Person\",\"@id\":\"https:\\\/\\\/www.aguarda.es\\\/en\\\/#\\\/schema\\\/person\\\/c463ca3006858ffb349d11179d044f21\",\"name\":\"prensa\",\"image\":{\"@type\":\"ImageObject\",\"inLanguage\":\"en-US\",\"@id\":\"https:\\\/\\\/secure.gravatar.com\\\/avatar\\\/387e117f874ba5d0a3439060b45d914395d77287b2e4890a49d1599fc3ef9189?s=96&d=mm&r=g\",\"url\":\"https:\\\/\\\/secure.gravatar.com\\\/avatar\\\/387e117f874ba5d0a3439060b45d914395d77287b2e4890a49d1599fc3ef9189?s=96&d=mm&r=g\",\"contentUrl\":\"https:\\\/\\\/secure.gravatar.com\\\/avatar\\\/387e117f874ba5d0a3439060b45d914395d77287b2e4890a49d1599fc3ef9189?s=96&d=mm&r=g\",\"caption\":\"prensa\"},\"url\":\"https:\\\/\\\/www.aguarda.es\\\/en\\\/author\\\/prensa\\\/\"}]}<\/script>\n<!-- \/ Yoast SEO plugin. -->","yoast_head_json":{"title":"O Concello da Guarda e a Asociaci\u00f3n Piueiro habilitan novas datas para as sa\u00eddas de navegaci\u00f3n no Volanteiro Piueiro - Concello da Guarda","robots":{"index":"index","follow":"follow","max-snippet":"max-snippet:-1","max-image-preview":"max-image-preview:large","max-video-preview":"max-video-preview:-1"},"canonical":"https:\/\/www.aguarda.es\/en\/o-concello-da-guarda-e-a-asociacion-piueiro-habilitan-novas-datas-para-as-saidas-de-navegacion-no-volanteiro-piueiro\/","og_locale":"en_US","og_type":"article","og_title":"O Concello da Guarda e a Asociaci\u00f3n Piueiro habilitan novas datas para as sa\u00eddas de navegaci\u00f3n no Volanteiro Piueiro - Concello da Guarda","og_description":"O Concello da Guarda e a Asociaci\u00f3n Piueiro habilitaron novas datas para as sa\u00eddas gratu\u00edtas de navegaci\u00f3n a bordo do Volanteiro Piueiro, despois de que varias das xornadas inicialmente previstas tiveran que ser adiadas debido \u00e1s condici\u00f3ns meteorol\u00f3xicas adversas. As &hellip;","og_url":"https:\/\/www.aguarda.es\/en\/o-concello-da-guarda-e-a-asociacion-piueiro-habilitan-novas-datas-para-as-saidas-de-navegacion-no-volanteiro-piueiro\/","og_site_name":"Concello da Guarda","article_publisher":"https:\/\/www.facebook.com\/ConcellodaGuarda","article_published_time":"2026-09-02T11:52:29+00:00","article_modified_time":"2026-09-04T11:54:10+00:00","og_image":[{"width":1080,"height":1350,"url":"https:\/\/www.aguarda.es\/wp-content\/uploads\/2026\/09\/790226601_911256048325984_2076617725164357333_n.jpg?_t=1788522850","type":"image\/jpeg"}],"author":"prensa","twitter_card":"summary_large_image","twitter_creator":"@AGuarda_es","twitter_site":"@AGuarda_es","twitter_misc":{"Written by":"prensa","Est. reading time":"2 minutes"},"schema":{"@context":"https:\/\/schema.org","@graph":[{"@type":"Article","@id":"https:\/\/www.aguarda.es\/en\/o-concello-da-guarda-e-a-asociacion-piueiro-habilitan-novas-datas-para-as-saidas-de-navegacion-no-volanteiro-piueiro\/#article","isPartOf":{"@id":"https:\/\/www.aguarda.es\/en\/o-concello-da-guarda-e-a-asociacion-piueiro-habilitan-novas-datas-para-as-saidas-de-navegacion-no-volanteiro-piueiro\/"},"author":{"name":"prensa","@id":"https:\/\/www.aguarda.es\/en\/#\/schema\/person\/c463ca3006858ffb349d11179d044f21"},"headline":"O Concello da Guarda e a Asociaci\u00f3n Piueiro habilitan novas datas para as sa\u00eddas de navegaci\u00f3n no Volanteiro Piueiro","datePublished":"2026-09-02T11:52:29+00:00","dateModified":"2026-09-04T11:54:10+00:00","mainEntityOfPage":{"@id":"https:\/\/www.aguarda.es\/en\/o-concello-da-guarda-e-a-asociacion-piueiro-habilitan-novas-datas-para-as-saidas-de-navegacion-no-volanteiro-piueiro\/"},"wordCount":238,"image":{"@id":"https:\/\/www.aguarda.es\/en\/o-concello-da-guarda-e-a-asociacion-piueiro-habilitan-novas-datas-para-as-saidas-de-navegacion-no-volanteiro-piueiro\/#primaryimage"},"thumbnailUrl":"https:\/\/www.aguarda.es\/wp-content\/uploads\/2026\/09\/790226601_911256048325984_2076617725164357333_n.jpg","articleSection":["Turismo"],"inLanguage":"en-US"},{"@type":"WebPage","@id":"https:\/\/www.aguarda.es\/en\/o-concello-da-guarda-e-a-asociacion-piueiro-habilitan-novas-datas-para-as-saidas-de-navegacion-no-volanteiro-piueiro\/","url":"https:\/\/www.aguarda.es\/en\/o-concello-da-guarda-e-a-asociacion-piueiro-habilitan-novas-datas-para-as-saidas-de-navegacion-no-volanteiro-piueiro\/","name":"O Concello da Guarda e a Asociaci\u00f3n Piueiro habilitan novas datas para as sa\u00eddas de navegaci\u00f3n no Volanteiro Piueiro - Concello da Guarda","isPartOf":{"@id":"https:\/\/www.aguarda.es\/en\/#website"},"primaryImageOfPage":{"@id":"https:\/\/www.aguarda.es\/en\/o-concello-da-guarda-e-a-asociacion-piueiro-habilitan-novas-datas-para-as-saidas-de-navegacion-no-volanteiro-piueiro\/#primaryimage"},"image":{"@id":"https:\/\/www.aguarda.es\/en\/o-concello-da-guarda-e-a-asociacion-piueiro-habilitan-novas-datas-para-as-saidas-de-navegacion-no-volanteiro-piueiro\/#primaryimage"},"thumbnailUrl":"https:\/\/www.aguarda.es\/wp-content\/uploads\/2026\/09\/790226601_911256048325984_2076617725164357333_n.jpg","datePublished":"2026-09-02T11:52:29+00:00","dateModified":"2026-09-04T11:54:10+00:00","author":{"@id":"https:\/\/www.aguarda.es\/en\/#\/schema\/person\/c463ca3006858ffb349d11179d044f21"},"breadcrumb":{"@id":"https:\/\/www.aguarda.es\/en\/o-concello-da-guarda-e-a-asociacion-piueiro-habilitan-novas-datas-para-as-saidas-de-navegacion-no-volanteiro-piueiro\/#breadcrumb"},"inLanguage":"en-US","potentialAction":[{"@type":"ReadAction","target":["https:\/\/www.aguarda.es\/en\/o-concello-da-guarda-e-a-asociacion-piueiro-habilitan-novas-datas-para-as-saidas-de-navegacion-no-volanteiro-piueiro\/"]}]},{"@type":"ImageObject","inLanguage":"en-US","@id":"https:\/\/www.aguarda.es\/en\/o-concello-da-guarda-e-a-asociacion-piueiro-habilitan-novas-datas-para-as-saidas-de-navegacion-no-volanteiro-piueiro\/#primaryimage","url":"https:\/\/www.aguarda.es\/wp-content\/uploads\/2026\/09\/790226601_911256048325984_2076617725164357333_n.jpg","contentUrl":"https:\/\/www.aguarda.es\/wp-content\/uploads\/2026\/09\/790226601_911256048325984_2076617725164357333_n.jpg","width":1080,"height":1350},{"@type":"BreadcrumbList","@id":"https:\/\/www.aguarda.es\/en\/o-concello-da-guarda-e-a-asociacion-piueiro-habilitan-novas-datas-para-as-saidas-de-navegacion-no-volanteiro-piueiro\/#breadcrumb","itemListElement":[{"@type":"ListItem","position":1,"name":"Portada","item":"https:\/\/www.aguarda.es\/en\/"},{"@type":"ListItem","position":2,"name":"O Concello da Guarda e a Asociaci\u00f3n Piueiro habilitan novas datas para as sa\u00eddas de navegaci\u00f3n no Volanteiro Piueiro"}]},{"@type":"WebSite","@id":"https:\/\/www.aguarda.es\/en\/#website","url":"https:\/\/www.aguarda.es\/en\/","name":"Concello da Guarda","description":"P\u00e1xina web do concello da Guarda","potentialAction":[{"@type":"SearchAction","target":{"@type":"EntryPoint","urlTemplate":"https:\/\/www.aguarda.es\/en\/?s={search_term_string}"},"query-input":{"@type":"PropertyValueSpecification","valueRequired":true,"valueName":"search_term_string"}}],"inLanguage":"en-US"},{"@type":"Person","@id":"https:\/\/www.aguarda.es\/en\/#\/schema\/person\/c463ca3006858ffb349d11179d044f21","name":"prensa","image":{"@type":"ImageObject","inLanguage":"en-US","@id":"https:\/\/secure.gravatar.com\/avatar\/387e117f874ba5d0a3439060b45d914395d77287b2e4890a49d1599fc3ef9189?s=96&d=mm&r=g","url":"https:\/\/secure.gravatar.com\/avatar\/387e117f874ba5d0a3439060b45d914395d77287b2e4890a49d1599fc3ef9189?s=96&d=mm&r=g","contentUrl":"https:\/\/secure.gravatar.com\/avatar\/387e117f874ba5d0a3439060b45d914395d77287b2e4890a49d1599fc3ef9189?s=96&d=mm&r=g","caption":"prensa"},"url":"https:\/\/www.aguarda.es\/en\/author\/prensa\/"}]}},"_links":{"self":[{"href":"https:\/\/www.aguarda.es\/en\/wp-json\/wp\/v2\/posts\/35443","targetHints":{"allow":["GET"]}}],"collection":[{"href":"https:\/\/www.aguarda.es\/en\/wp-json\/wp\/v2\/posts"}],"about":[{"href":"https:\/\/www.aguarda.es\/en\/wp-json\/wp\/v2\/types\/post"}],"author":[{"embeddable":true,"href":"https:\/\/www.aguarda.es\/en\/wp-json\/wp\/v2\/users\/2"}],"replies":[{"embeddable":true,"href":"https:\/\/www.aguarda.es\/en\/wp-json\/wp\/v2\/comments?post=35443"}],"version-history":[{"count":1,"href":"https:\/\/www.aguarda.es\/en\/wp-json\/wp\/v2\/posts\/35443\/revisions"}],"predecessor-version":[{"id":35445,"href":"https:\/\/www.aguarda.es\/en\/wp-json\/wp\/v2\/posts\/35443\/revisions\/35445"}],"wp:featuredmedia":[{"embeddable":true,"href":"https:\/\/www.aguarda.es\/en\/wp-json\/wp\/v2\/media\/35444"}],"wp:attachment":[{"href":"https:\/\/www.aguarda.es\/en\/wp-json\/wp\/v2\/media?parent=35443"}],"wp:term":[{"taxonomy":"category","embeddable":true,"href":"https:\/\/www.aguarda.es\/en\/wp-json\/wp\/v2\/categories?post=35443"},{"taxonomy":"post_tag","embeddable":true,"href":"https:\/\/www.aguarda.es\/en\/wp-json\/wp\/v2\/tags?post=35443"}],"curies":[{"name":"wp","href":"https:\/\/api.w.org\/{rel}","templated":true}]}}